{"id":95058,"date":"2024-08-05T21:58:10","date_gmt":"2024-08-06T03:58:10","guid":{"rendered":"https:\/\/www.aliados17.com\/?p=95058"},"modified":"2024-08-05T21:58:10","modified_gmt":"2024-08-06T03:58:10","slug":"inicia-festival-del-chile-en-nogada-en-san-nicolas-de-los-ranchos-2","status":"publish","type":"post","link":"https:\/\/www.aliadospuebla.com\/?p=95058","title":{"rendered":"Inicia Festival del Chile en Nogada en San Nicol\u00e1s de los Ranchos"},"content":{"rendered":"<p style=\"font-weight: 400;\"><strong>CIUDAD DE PUEBLA, Pue.-<\/strong>\u00a0Con la participaci\u00f3n de 12 cocineras tradicionales, todos los fines de semana de agosto y el 1 de septiembre,<\/p>\n<p style=\"font-weight: 400;\">el municipio de San Nicol\u00e1s de los Ranchos celebrar\u00e1 el vig\u00e9simo tercer Festival del Chile en Nogada en el Z\u00f3calo, donde se ofrecer\u00e1 este<\/p>\n<p style=\"font-weight: 400;\">platillo desde 200 pesos, artesan\u00edas y licores elaborados con frutas de la regi\u00f3n, dieron a conocer el gobierno presente de Sergio Salom\u00f3n, a<\/p>\n<p style=\"font-weight: 400;\">trav\u00e9s de la Secretar\u00eda de Turismo, y la cocinera y fundadora de esta iniciativa, Liboria Solano Gonz\u00e1lez.<\/p>\n<p style=\"font-weight: 400;\">La tambi\u00e9n cronista dijo que este festival se realiza con recursos propios desde hace 23 a\u00f1os y complementan su oferta gastron\u00f3mica al<\/p>\n<p style=\"font-weight: 400;\">ofrecer otras comidas, postres y bebidas derivados de los frutos de la regi\u00f3n como son la manzana panochera, pera lechera, durazno criollo y<\/p>\n<p style=\"font-weight: 400;\">nuez de Castilla. Adem\u00e1s, resalt\u00f3, las y los visitantes, pueden observar los paisajes \u00fanicos del volc\u00e1n Popocat\u00e9petl y conocer a los artesanos<\/p>\n<p style=\"font-weight: 400;\">que tallan la piedra volc\u00e1nica para convertirla en art\u00edculos \u00fatiles como molcajetes y metates, entre otros.<\/p>\n<p style=\"font-weight: 400;\">En rueda de prensa y en representaci\u00f3n de la secretaria de Turismo, Marta Ornelas Guerrero, el director general de Promoci\u00f3n Tur\u00edstica,<\/p>\n<p style=\"font-weight: 400;\">Juan Ram\u00f3n \u00c1lvarez Cuspinera estim\u00f3 la visita de 10 mil personas durante los fines de semana antes mencionados y, dijo que, en esta<\/p>\n<p style=\"font-weight: 400;\">temporada, el Chile en Nogada es el principal activo de los productos tur\u00edsticos de la entidad.<\/p>\n<p style=\"font-weight: 400;\">Es preciso comentar que el saz\u00f3n de las cocineras tradicionales de este festival ya es reconocido a nivel local, nacional e internacional, por lo<\/p>\n<p style=\"font-weight: 400;\">que ha atra\u00eddo a visitantes de Estados Unidos, Alemania, Guatemala y Austria, para degustar su Chile en Nogada.<\/p>\n","protected":false},"excerpt":{"rendered":"<p>CIUDAD DE PUEBLA, Pue.-\u00a0Con la participaci\u00f3n de 12 cocineras tradicionales, todos los fines de semana de agosto y el 1 de septiembre, el municipio de San Nicol\u00e1s de los Ranchos celebrar\u00e1 el vig\u00e9simo tercer Festival del Chile en Nogada en el Z\u00f3calo, donde se ofrecer\u00e1 este platillo desde 200 pesos, artesan\u00edas y licores elaborados con frutas de la regi\u00f3n, dieron a conocer el gobierno presente de Sergio Salom\u00f3n, a trav\u00e9s de la Secretar\u00eda de Turismo, y la cocinera y fundadora de esta iniciativa, Liboria Solano Gonz\u00e1lez. La tambi\u00e9n cronista dijo que este festival se realiza con recursos propios desde hace 23 a\u00f1os y complementan su oferta gastron\u00f3mica al ofrecer otras comidas, postres y bebidas derivados de los frutos de la regi\u00f3n como son la manzana&hellip;<\/p>\n<p class=\"excerpt-more\"><a class=\"blog-excerpt button\" href=\"https:\/\/www.aliadospuebla.com\/?p=95058\">Leer m\u00e1s&#8230;<\/a><\/p>\n","protected":false},"author":2,"featured_media":95078,"comment_status":"open","ping_status":"open","sticky":false,"template":"","format":"standard","meta":{"_monsterinsights_skip_tracking":false,"footnotes":""},"categories":[62],"tags":[653,23118,11026,10636,5244,8056,765,4386,251,2403,13188,45,3880,13158,17715,13795,13718,19795,14620,13467,13635,19794,63,19283,14621,13749,27,13508],"class_list":["post-95058","post","type-post","status-publish","format-standard","has-post-thumbnail","hentry","category-capital","tag-buap","tag-campana-politica","tag-ciudad-de-puebla","tag-estado-de-puebla","tag-gobernador-de-puebla","tag-gobierno-de-puebla","tag-imss","tag-imss-puebla","tag-pan","tag-partidos-politicos","tag-politica-puebla","tag-pri","tag-psi","tag-puebla-ciudad","tag-puebla-estado","tag-puebla-gobierno","tag-puebla-politica","tag-puebla-senadores","tag-puebla-udlap","tag-puebla-universidad","tag-puebla-universidades","tag-senadores-puebla","tag-udlap","tag-udlap-cholula","tag-udlap-puebla","tag-universidad-de-puebla","tag-upaep","tag-upaep-puebla"],"yoast_head":"<!-- This site is optimized with the Yoast SEO plugin v28.4 - https:\/\/yoast.com\/product\/yoast-seo-wordpress\/ -->\n<title>Inicia Festival del Chile en Nogada en San Nicol\u00e1s de los Ranchos - AliadosPuebla<\/title>\n<meta name=\"robots\" content=\"index, follow, max-snippet:-1, max-image-preview:large, max-video-preview:-1\" \/>\n<link rel=\"canonical\" href=\"https:\/\/www.aliadospuebla.com\/?p=95058\" \/>\n<meta property=\"og:locale\" content=\"es_ES\" \/>\n<meta property=\"og:type\" content=\"article\" \/>\n<meta property=\"og:title\" content=\"Inicia Festival del Chile en Nogada en San Nicol\u00e1s de los Ranchos - AliadosPuebla\" \/>\n<meta property=\"og:description\" content=\"CIUDAD DE PUEBLA, Pue.-\u00a0Con la participaci\u00f3n de 12 cocineras tradicionales, todos los fines de semana de agosto y el 1 de septiembre, el municipio de San Nicol\u00e1s de los Ranchos celebrar\u00e1 el vig\u00e9simo tercer Festival del Chile en Nogada en el Z\u00f3calo, donde se ofrecer\u00e1 este platillo desde 200 pesos, artesan\u00edas y licores elaborados con frutas de la regi\u00f3n, dieron a conocer el gobierno presente de Sergio Salom\u00f3n, a trav\u00e9s de la Secretar\u00eda de Turismo, y la cocinera y fundadora de esta iniciativa, Liboria Solano Gonz\u00e1lez. La tambi\u00e9n cronista dijo que este festival se realiza con recursos propios desde hace 23 a\u00f1os y complementan su oferta gastron\u00f3mica al ofrecer otras comidas, postres y bebidas derivados de los frutos de la regi\u00f3n como son la manzana&hellip;Leer m\u00e1s...\" \/>\n<meta property=\"og:url\" content=\"https:\/\/www.aliadospuebla.com\/?p=95058\" \/>\n<meta property=\"og:site_name\" content=\"AliadosPuebla\" \/>\n<meta property=\"article:author\" content=\"https:\/\/www.facebook.com\/Aliados17Pue\" \/>\n<meta property=\"article:published_time\" content=\"2024-08-06T03:58:10+00:00\" \/>\n<meta property=\"og:image\" content=\"https:\/\/www.aliadospuebla.com\/web2017\/wp-content\/uploads\/2024\/08\/descarga-2024-08-05T215724.250.jpeg\" \/>\n\t<meta property=\"og:image:width\" content=\"1390\" \/>\n\t<meta property=\"og:image:height\" content=\"927\" \/>\n\t<meta property=\"og:image:type\" content=\"image\/jpeg\" \/>\n<meta name=\"author\" content=\"Aliados17\" \/>\n<meta name=\"twitter:card\" content=\"summary_large_image\" \/>\n<meta name=\"twitter:creator\" content=\"@AliadosPuebla\" \/>\n<meta name=\"twitter:label1\" content=\"Escrito por\" \/>\n\t<meta name=\"twitter:data1\" content=\"Aliados17\" \/>\n\t<meta name=\"twitter:label2\" content=\"Tiempo de lectura\" \/>\n\t<meta name=\"twitter:data2\" content=\"2 minutos\" \/>\n<script type=\"application\/ld+json\" class=\"yoast-schema-graph\">{\"@context\":\"https:\\\/\\\/schema.org\",\"@graph\":[{\"@type\":\"Article\",\"@id\":\"https:\\\/\\\/www.aliadospuebla.com\\\/?p=95058#article\",\"isPartOf\":{\"@id\":\"https:\\\/\\\/www.aliadospuebla.com\\\/?p=95058\"},\"author\":{\"name\":\"Aliados17\",\"@id\":\"https:\\\/\\\/www.aliadospuebla.com\\\/#\\\/schema\\\/person\\\/5da7dd09320bd4f392b710017ed5f8ad\"},\"headline\":\"Inicia Festival del Chile en Nogada en San Nicol\u00e1s de los Ranchos\",\"datePublished\":\"2024-08-06T03:58:10+00:00\",\"mainEntityOfPage\":{\"@id\":\"https:\\\/\\\/www.aliadospuebla.com\\\/?p=95058\"},\"wordCount\":307,\"commentCount\":0,\"image\":{\"@id\":\"https:\\\/\\\/www.aliadospuebla.com\\\/?p=95058#primaryimage\"},\"thumbnailUrl\":\"https:\\\/\\\/www.aliadospuebla.com\\\/web2017\\\/wp-content\\\/uploads\\\/2024\\\/08\\\/descarga-2024-08-05T215724.250.jpeg\",\"keywords\":[\"BUAP\",\"Campa\u00f1a politica\",\"CIUDAD DE PUEBLA\",\"ESTADO DE PUEBLA\",\"GOBERNADOR DE PUEBLA\",\"GOBIERNO DE PUEBLA\",\"IMSS\",\"IMSS PUEBLA\",\"PAN\",\"PARTIDOS POL\u00cdTICOS\",\"Politica Puebla\",\"PRI\",\"PSI\",\"Puebla Ciudad\",\"Puebla estado\",\"Puebla gobierno\",\"puebla politica\",\"Puebla Senadores\",\"Puebla UDLAP\",\"Puebla Universidad\",\"Puebla Universidades\",\"Senadores Puebla\",\"Udlap\",\"Udlap cholula\",\"UDLAP Puebla\",\"Universidad de Puebla\",\"UPAEP\",\"UPAEP Puebla\"],\"articleSection\":[\"Capital\"],\"inLanguage\":\"es\",\"potentialAction\":[{\"@type\":\"CommentAction\",\"name\":\"Comment\",\"target\":[\"https:\\\/\\\/www.aliadospuebla.com\\\/?p=95058#respond\"]}]},{\"@type\":\"WebPage\",\"@id\":\"https:\\\/\\\/www.aliadospuebla.com\\\/?p=95058\",\"url\":\"https:\\\/\\\/www.aliadospuebla.com\\\/?p=95058\",\"name\":\"Inicia Festival del Chile en Nogada en San Nicol\u00e1s de los Ranchos - AliadosPuebla\",\"isPartOf\":{\"@id\":\"https:\\\/\\\/www.aliadospuebla.com\\\/#website\"},\"primaryImageOfPage\":{\"@id\":\"https:\\\/\\\/www.aliadospuebla.com\\\/?p=95058#primaryimage\"},\"image\":{\"@id\":\"https:\\\/\\\/www.aliadospuebla.com\\\/?p=95058#primaryimage\"},\"thumbnailUrl\":\"https:\\\/\\\/www.aliadospuebla.com\\\/web2017\\\/wp-content\\\/uploads\\\/2024\\\/08\\\/descarga-2024-08-05T215724.250.jpeg\",\"datePublished\":\"2024-08-06T03:58:10+00:00\",\"author\":{\"@id\":\"https:\\\/\\\/www.aliadospuebla.com\\\/#\\\/schema\\\/person\\\/5da7dd09320bd4f392b710017ed5f8ad\"},\"breadcrumb\":{\"@id\":\"https:\\\/\\\/www.aliadospuebla.com\\\/?p=95058#breadcrumb\"},\"inLanguage\":\"es\",\"potentialAction\":[{\"@type\":\"ReadAction\",\"target\":[\"https:\\\/\\\/www.aliadospuebla.com\\\/?p=95058\"]}]},{\"@type\":\"ImageObject\",\"inLanguage\":\"es\",\"@id\":\"https:\\\/\\\/www.aliadospuebla.com\\\/?p=95058#primaryimage\",\"url\":\"https:\\\/\\\/www.aliadospuebla.com\\\/web2017\\\/wp-content\\\/uploads\\\/2024\\\/08\\\/descarga-2024-08-05T215724.250.jpeg\",\"contentUrl\":\"https:\\\/\\\/www.aliadospuebla.com\\\/web2017\\\/wp-content\\\/uploads\\\/2024\\\/08\\\/descarga-2024-08-05T215724.250.jpeg\",\"width\":1390,\"height\":927},{\"@type\":\"BreadcrumbList\",\"@id\":\"https:\\\/\\\/www.aliadospuebla.com\\\/?p=95058#breadcrumb\",\"itemListElement\":[{\"@type\":\"ListItem\",\"position\":1,\"name\":\"Portada\",\"item\":\"https:\\\/\\\/www.aliadospuebla.com\\\/\"},{\"@type\":\"ListItem\",\"position\":2,\"name\":\"Inicia Festival del Chile en Nogada en San Nicol\u00e1s de los Ranchos\"}]},{\"@type\":\"WebSite\",\"@id\":\"https:\\\/\\\/www.aliadospuebla.com\\\/#website\",\"url\":\"https:\\\/\\\/www.aliadospuebla.com\\\/\",\"name\":\"AliadosPuebla\",\"description\":\"La informaci\u00f3n en tus manos\",\"potentialAction\":[{\"@type\":\"SearchAction\",\"target\":{\"@type\":\"EntryPoint\",\"urlTemplate\":\"https:\\\/\\\/www.aliadospuebla.com\\\/?s={search_term_string}\"},\"query-input\":{\"@type\":\"PropertyValueSpecification\",\"valueRequired\":true,\"valueName\":\"search_term_string\"}}],\"inLanguage\":\"es\"},{\"@type\":\"Person\",\"@id\":\"https:\\\/\\\/www.aliadospuebla.com\\\/#\\\/schema\\\/person\\\/5da7dd09320bd4f392b710017ed5f8ad\",\"name\":\"Aliados17\",\"image\":{\"@type\":\"ImageObject\",\"inLanguage\":\"es\",\"@id\":\"https:\\\/\\\/www.aliadospuebla.com\\\/web2017\\\/wp-content\\\/uploads\\\/2025\\\/03\\\/cropped-para-perfil-8-anos-1-96x96.jpg\",\"url\":\"https:\\\/\\\/www.aliadospuebla.com\\\/web2017\\\/wp-content\\\/uploads\\\/2025\\\/03\\\/cropped-para-perfil-8-anos-1-96x96.jpg\",\"contentUrl\":\"https:\\\/\\\/www.aliadospuebla.com\\\/web2017\\\/wp-content\\\/uploads\\\/2025\\\/03\\\/cropped-para-perfil-8-anos-1-96x96.jpg\",\"caption\":\"Aliados17\"},\"sameAs\":[\"https:\\\/\\\/www.aliados17.com\",\"https:\\\/\\\/www.facebook.com\\\/Aliados17Pue\",\"https:\\\/\\\/x.com\\\/AliadosPuebla\"],\"url\":\"https:\\\/\\\/www.aliadospuebla.com\\\/?author=2\"}]}<\/script>\n<!-- \/ Yoast SEO plugin. -->","yoast_head_json":{"title":"Inicia Festival del Chile en Nogada en San Nicol\u00e1s de los Ranchos - AliadosPuebla","robots":{"index":"index","follow":"follow","max-snippet":"max-snippet:-1","max-image-preview":"max-image-preview:large","max-video-preview":"max-video-preview:-1"},"canonical":"https:\/\/www.aliadospuebla.com\/?p=95058","og_locale":"es_ES","og_type":"article","og_title":"Inicia Festival del Chile en Nogada en San Nicol\u00e1s de los Ranchos - AliadosPuebla","og_description":"CIUDAD DE PUEBLA, Pue.-\u00a0Con la participaci\u00f3n de 12 cocineras tradicionales, todos los fines de semana de agosto y el 1 de septiembre, el municipio de San Nicol\u00e1s de los Ranchos celebrar\u00e1 el vig\u00e9simo tercer Festival del Chile en Nogada en el Z\u00f3calo, donde se ofrecer\u00e1 este platillo desde 200 pesos, artesan\u00edas y licores elaborados con frutas de la regi\u00f3n, dieron a conocer el gobierno presente de Sergio Salom\u00f3n, a trav\u00e9s de la Secretar\u00eda de Turismo, y la cocinera y fundadora de esta iniciativa, Liboria Solano Gonz\u00e1lez. La tambi\u00e9n cronista dijo que este festival se realiza con recursos propios desde hace 23 a\u00f1os y complementan su oferta gastron\u00f3mica al ofrecer otras comidas, postres y bebidas derivados de los frutos de la regi\u00f3n como son la manzana&hellip;Leer m\u00e1s...","og_url":"https:\/\/www.aliadospuebla.com\/?p=95058","og_site_name":"AliadosPuebla","article_author":"https:\/\/www.facebook.com\/Aliados17Pue","article_published_time":"2024-08-06T03:58:10+00:00","og_image":[{"width":1390,"height":927,"url":"https:\/\/www.aliadospuebla.com\/web2017\/wp-content\/uploads\/2024\/08\/descarga-2024-08-05T215724.250.jpeg","type":"image\/jpeg"}],"author":"Aliados17","twitter_card":"summary_large_image","twitter_creator":"@AliadosPuebla","twitter_misc":{"Escrito por":"Aliados17","Tiempo de lectura":"2 minutos"},"schema":{"@context":"https:\/\/schema.org","@graph":[{"@type":"Article","@id":"https:\/\/www.aliadospuebla.com\/?p=95058#article","isPartOf":{"@id":"https:\/\/www.aliadospuebla.com\/?p=95058"},"author":{"name":"Aliados17","@id":"https:\/\/www.aliadospuebla.com\/#\/schema\/person\/5da7dd09320bd4f392b710017ed5f8ad"},"headline":"Inicia Festival del Chile en Nogada en San Nicol\u00e1s de los Ranchos","datePublished":"2024-08-06T03:58:10+00:00","mainEntityOfPage":{"@id":"https:\/\/www.aliadospuebla.com\/?p=95058"},"wordCount":307,"commentCount":0,"image":{"@id":"https:\/\/www.aliadospuebla.com\/?p=95058#primaryimage"},"thumbnailUrl":"https:\/\/www.aliadospuebla.com\/web2017\/wp-content\/uploads\/2024\/08\/descarga-2024-08-05T215724.250.jpeg","keywords":["BUAP","Campa\u00f1a politica","CIUDAD DE PUEBLA","ESTADO DE PUEBLA","GOBERNADOR DE PUEBLA","GOBIERNO DE PUEBLA","IMSS","IMSS PUEBLA","PAN","PARTIDOS POL\u00cdTICOS","Politica Puebla","PRI","PSI","Puebla Ciudad","Puebla estado","Puebla gobierno","puebla politica","Puebla Senadores","Puebla UDLAP","Puebla Universidad","Puebla Universidades","Senadores Puebla","Udlap","Udlap cholula","UDLAP Puebla","Universidad de Puebla","UPAEP","UPAEP Puebla"],"articleSection":["Capital"],"inLanguage":"es","potentialAction":[{"@type":"CommentAction","name":"Comment","target":["https:\/\/www.aliadospuebla.com\/?p=95058#respond"]}]},{"@type":"WebPage","@id":"https:\/\/www.aliadospuebla.com\/?p=95058","url":"https:\/\/www.aliadospuebla.com\/?p=95058","name":"Inicia Festival del Chile en Nogada en San Nicol\u00e1s de los Ranchos - AliadosPuebla","isPartOf":{"@id":"https:\/\/www.aliadospuebla.com\/#website"},"primaryImageOfPage":{"@id":"https:\/\/www.aliadospuebla.com\/?p=95058#primaryimage"},"image":{"@id":"https:\/\/www.aliadospuebla.com\/?p=95058#primaryimage"},"thumbnailUrl":"https:\/\/www.aliadospuebla.com\/web2017\/wp-content\/uploads\/2024\/08\/descarga-2024-08-05T215724.250.jpeg","datePublished":"2024-08-06T03:58:10+00:00","author":{"@id":"https:\/\/www.aliadospuebla.com\/#\/schema\/person\/5da7dd09320bd4f392b710017ed5f8ad"},"breadcrumb":{"@id":"https:\/\/www.aliadospuebla.com\/?p=95058#breadcrumb"},"inLanguage":"es","potentialAction":[{"@type":"ReadAction","target":["https:\/\/www.aliadospuebla.com\/?p=95058"]}]},{"@type":"ImageObject","inLanguage":"es","@id":"https:\/\/www.aliadospuebla.com\/?p=95058#primaryimage","url":"https:\/\/www.aliadospuebla.com\/web2017\/wp-content\/uploads\/2024\/08\/descarga-2024-08-05T215724.250.jpeg","contentUrl":"https:\/\/www.aliadospuebla.com\/web2017\/wp-content\/uploads\/2024\/08\/descarga-2024-08-05T215724.250.jpeg","width":1390,"height":927},{"@type":"BreadcrumbList","@id":"https:\/\/www.aliadospuebla.com\/?p=95058#breadcrumb","itemListElement":[{"@type":"ListItem","position":1,"name":"Portada","item":"https:\/\/www.aliadospuebla.com\/"},{"@type":"ListItem","position":2,"name":"Inicia Festival del Chile en Nogada en San Nicol\u00e1s de los Ranchos"}]},{"@type":"WebSite","@id":"https:\/\/www.aliadospuebla.com\/#website","url":"https:\/\/www.aliadospuebla.com\/","name":"AliadosPuebla","description":"La informaci\u00f3n en tus manos","potentialAction":[{"@type":"SearchAction","target":{"@type":"EntryPoint","urlTemplate":"https:\/\/www.aliadospuebla.com\/?s={search_term_string}"},"query-input":{"@type":"PropertyValueSpecification","valueRequired":true,"valueName":"search_term_string"}}],"inLanguage":"es"},{"@type":"Person","@id":"https:\/\/www.aliadospuebla.com\/#\/schema\/person\/5da7dd09320bd4f392b710017ed5f8ad","name":"Aliados17","image":{"@type":"ImageObject","inLanguage":"es","@id":"https:\/\/www.aliadospuebla.com\/web2017\/wp-content\/uploads\/2025\/03\/cropped-para-perfil-8-anos-1-96x96.jpg","url":"https:\/\/www.aliadospuebla.com\/web2017\/wp-content\/uploads\/2025\/03\/cropped-para-perfil-8-anos-1-96x96.jpg","contentUrl":"https:\/\/www.aliadospuebla.com\/web2017\/wp-content\/uploads\/2025\/03\/cropped-para-perfil-8-anos-1-96x96.jpg","caption":"Aliados17"},"sameAs":["https:\/\/www.aliados17.com","https:\/\/www.facebook.com\/Aliados17Pue","https:\/\/x.com\/AliadosPuebla"],"url":"https:\/\/www.aliadospuebla.com\/?author=2"}]}},"views":7,"_links":{"self":[{"href":"https:\/\/www.aliadospuebla.com\/index.php?rest_route=\/wp\/v2\/posts\/95058","targetHints":{"allow":["GET"]}}],"collection":[{"href":"https:\/\/www.aliadospuebla.com\/index.php?rest_route=\/wp\/v2\/posts"}],"about":[{"href":"https:\/\/www.aliadospuebla.com\/index.php?rest_route=\/wp\/v2\/types\/post"}],"author":[{"embeddable":true,"href":"https:\/\/www.aliadospuebla.com\/index.php?rest_route=\/wp\/v2\/users\/2"}],"replies":[{"embeddable":true,"href":"https:\/\/www.aliadospuebla.com\/index.php?rest_route=%2Fwp%2Fv2%2Fcomments&post=95058"}],"version-history":[{"count":1,"href":"https:\/\/www.aliadospuebla.com\/index.php?rest_route=\/wp\/v2\/posts\/95058\/revisions"}],"predecessor-version":[{"id":95079,"href":"https:\/\/www.aliadospuebla.com\/index.php?rest_route=\/wp\/v2\/posts\/95058\/revisions\/95079"}],"wp:featuredmedia":[{"embeddable":true,"href":"https:\/\/www.aliadospuebla.com\/index.php?rest_route=\/wp\/v2\/media\/95078"}],"wp:attachment":[{"href":"https:\/\/www.aliadospuebla.com\/index.php?rest_route=%2Fwp%2Fv2%2Fmedia&parent=95058"}],"wp:term":[{"taxonomy":"category","embeddable":true,"href":"https:\/\/www.aliadospuebla.com\/index.php?rest_route=%2Fwp%2Fv2%2Fcategories&post=95058"},{"taxonomy":"post_tag","embeddable":true,"href":"https:\/\/www.aliadospuebla.com\/index.php?rest_route=%2Fwp%2Fv2%2Ftags&post=95058"}],"curies":[{"name":"wp","href":"https:\/\/api.w.org\/{rel}","templated":true}]}}