{"id":95033,"date":"2024-07-11T12:32:16","date_gmt":"2024-07-11T18:32:16","guid":{"rendered":"https:\/\/www.aliados17.com\/?p=95033"},"modified":"2024-08-04T12:40:26","modified_gmt":"2024-08-04T18:40:26","slug":"en-cuautlancingo-celebra-caic-16-de-septiembre-graduacion-de-alumnos-preescolares","status":"publish","type":"post","link":"https:\/\/www.aliadospuebla.com\/?p=95033","title":{"rendered":"En Cuautlancingo, celebra CAIC 16 de septiembre graduaci\u00f3n de alumnos preescolares"},"content":{"rendered":"<h4>Cierran ni\u00f1as y ni\u00f1os el primer ciclo en su vida escolar<\/h4>\n<p>Cuautlancingo, Pue.-\u00a0 Al asistir como padrinos de generaci\u00f3n 2021 &#8211; 2024<\/p>\n<p>el presidente municipal Filomeno Sarmiento Torres y la presidenta honoraria<\/p>\n<p>del SMDIF Mayra Ram\u00edrez Escamilla\u00a0 dieron cuenta del progreso en la educaci\u00f3n<\/p>\n<p>de ni\u00f1as y ni\u00f1os del CAIC 16 de Septiembre.<\/p>\n<p>Al tomar la palabra el alcalde mencion\u00f3 que<\/p>\n<p>\u00abla m\u00e1s importante etapa de formaci\u00f3n de los<\/p>\n<p>seres humanos es el desarrollo en su primera infancia que consiste<\/p>\n<p>en el inicio de valores y sentimientos que abrir\u00e1n la mente al mundo<\/p>\n<p>fuera del n\u00facleo familiar.<\/p>\n<p>Un paso sin duda dif\u00edcil para la gran mayor\u00eda pero necesario para generar<\/p>\n<p>ciudadanos activos en todos los \u00e1mbitos de la vida\u00bb<\/p>\n<p>Por su parte Ram\u00edrez Escamilla agradeci\u00f3 la confianza de padres de familia<\/p>\n<p>a todos los CAICs del municipio, que cada d\u00eda buscan mejorar sus procesos<\/p>\n<p>de ense\u00f1anza con mucho profesionalismo y amor.<\/p>\n<p>Aunado al apoyo del gobierno municipal para mejorar la infraestructura y<\/p>\n<p>que nuestros hijos vivan esta primera infancia en salones dignos y hechos<\/p>\n<p>especificamente para ellos y sus actividades.<\/p>\n","protected":false},"excerpt":{"rendered":"<p>Cierran ni\u00f1as y ni\u00f1os el primer ciclo en su vida escolar Cuautlancingo, Pue.-\u00a0 Al asistir como padrinos de generaci\u00f3n 2021 &#8211; 2024 el presidente municipal Filomeno Sarmiento Torres y la presidenta honoraria del SMDIF Mayra Ram\u00edrez Escamilla\u00a0 dieron cuenta del progreso en la educaci\u00f3n de ni\u00f1as y ni\u00f1os del CAIC 16 de Septiembre. Al tomar la palabra el alcalde mencion\u00f3 que \u00abla m\u00e1s importante etapa de formaci\u00f3n de los seres humanos es el desarrollo en su primera infancia que consiste en el inicio de valores y sentimientos que abrir\u00e1n la mente al mundo fuera del n\u00facleo familiar. Un paso sin duda dif\u00edcil para la gran mayor\u00eda pero necesario para generar ciudadanos activos en todos los \u00e1mbitos de la vida\u00bb Por su parte Ram\u00edrez Escamilla agradeci\u00f3&hellip;<\/p>\n<p class=\"excerpt-more\"><a class=\"blog-excerpt button\" href=\"https:\/\/www.aliadospuebla.com\/?p=95033\">Leer m\u00e1s&#8230;<\/a><\/p>\n","protected":false},"author":2,"featured_media":95035,"comment_status":"open","ping_status":"open","sticky":false,"template":"","format":"standard","meta":{"_monsterinsights_skip_tracking":false,"footnotes":""},"categories":[4],"tags":[629,18,64,3869,754,728,5611,1797],"class_list":["post-95033","post","type-post","status-publish","format-standard","has-post-thumbnail","hentry","category-municipios","tag-caics","tag-cuautlancingo","tag-educacion","tag-filomeno-sarmiento-torres","tag-graduacion","tag-mayra-ramirez-escamilla","tag-primera-infancia","tag-smdif"],"yoast_head":"<!-- This site is optimized with the Yoast SEO plugin v28.4 - https:\/\/yoast.com\/product\/yoast-seo-wordpress\/ -->\n<title>En Cuautlancingo, celebra CAIC 16 de septiembre graduaci\u00f3n de alumnos preescolares - AliadosPuebla<\/title>\n<meta name=\"robots\" content=\"index, follow, max-snippet:-1, max-image-preview:large, max-video-preview:-1\" \/>\n<link rel=\"canonical\" href=\"https:\/\/www.aliadospuebla.com\/?p=95033\" \/>\n<meta property=\"og:locale\" content=\"es_ES\" \/>\n<meta property=\"og:type\" content=\"article\" \/>\n<meta property=\"og:title\" content=\"En Cuautlancingo, celebra CAIC 16 de septiembre graduaci\u00f3n de alumnos preescolares - AliadosPuebla\" \/>\n<meta property=\"og:description\" content=\"Cierran ni\u00f1as y ni\u00f1os el primer ciclo en su vida escolar Cuautlancingo, Pue.-\u00a0 Al asistir como padrinos de generaci\u00f3n 2021 &#8211; 2024 el presidente municipal Filomeno Sarmiento Torres y la presidenta honoraria del SMDIF Mayra Ram\u00edrez Escamilla\u00a0 dieron cuenta del progreso en la educaci\u00f3n de ni\u00f1as y ni\u00f1os del CAIC 16 de Septiembre. Al tomar la palabra el alcalde mencion\u00f3 que \u00abla m\u00e1s importante etapa de formaci\u00f3n de los seres humanos es el desarrollo en su primera infancia que consiste en el inicio de valores y sentimientos que abrir\u00e1n la mente al mundo fuera del n\u00facleo familiar. Un paso sin duda dif\u00edcil para la gran mayor\u00eda pero necesario para generar ciudadanos activos en todos los \u00e1mbitos de la vida\u00bb Por su parte Ram\u00edrez Escamilla agradeci\u00f3&hellip;Leer m\u00e1s...\" \/>\n<meta property=\"og:url\" content=\"https:\/\/www.aliadospuebla.com\/?p=95033\" \/>\n<meta property=\"og:site_name\" content=\"AliadosPuebla\" \/>\n<meta property=\"article:author\" content=\"https:\/\/www.facebook.com\/Aliados17Pue\" \/>\n<meta property=\"article:published_time\" content=\"2024-07-11T18:32:16+00:00\" \/>\n<meta property=\"article:modified_time\" content=\"2024-08-04T18:40:26+00:00\" \/>\n<meta property=\"og:image\" content=\"https:\/\/www.aliadospuebla.com\/web2017\/wp-content\/uploads\/2024\/08\/753.jpg\" \/>\n\t<meta property=\"og:image:width\" content=\"600\" \/>\n\t<meta property=\"og:image:height\" content=\"450\" \/>\n\t<meta property=\"og:image:type\" content=\"image\/jpeg\" \/>\n<meta name=\"author\" content=\"Aliados17\" \/>\n<meta name=\"twitter:card\" content=\"summary_large_image\" \/>\n<meta name=\"twitter:creator\" content=\"@AliadosPuebla\" \/>\n<meta name=\"twitter:label1\" content=\"Escrito por\" \/>\n\t<meta name=\"twitter:data1\" content=\"Aliados17\" \/>\n\t<meta name=\"twitter:label2\" content=\"Tiempo de lectura\" \/>\n\t<meta name=\"twitter:data2\" content=\"2 minutos\" \/>\n<script type=\"application\/ld+json\" class=\"yoast-schema-graph\">{\"@context\":\"https:\\\/\\\/schema.org\",\"@graph\":[{\"@type\":\"Article\",\"@id\":\"https:\\\/\\\/www.aliadospuebla.com\\\/?p=95033#article\",\"isPartOf\":{\"@id\":\"https:\\\/\\\/www.aliadospuebla.com\\\/?p=95033\"},\"author\":{\"name\":\"Aliados17\",\"@id\":\"https:\\\/\\\/www.aliadospuebla.com\\\/#\\\/schema\\\/person\\\/5da7dd09320bd4f392b710017ed5f8ad\"},\"headline\":\"En Cuautlancingo, celebra CAIC 16 de septiembre graduaci\u00f3n de alumnos preescolares\",\"datePublished\":\"2024-07-11T18:32:16+00:00\",\"dateModified\":\"2024-08-04T18:40:26+00:00\",\"mainEntityOfPage\":{\"@id\":\"https:\\\/\\\/www.aliadospuebla.com\\\/?p=95033\"},\"wordCount\":205,\"commentCount\":0,\"image\":{\"@id\":\"https:\\\/\\\/www.aliadospuebla.com\\\/?p=95033#primaryimage\"},\"thumbnailUrl\":\"https:\\\/\\\/www.aliadospuebla.com\\\/web2017\\\/wp-content\\\/uploads\\\/2024\\\/08\\\/753.jpg\",\"keywords\":[\"CAICS\",\"Cuautlancingo\",\"Educaci\u00f3n\",\"FILOMENO SARMIENTO TORRES\",\"GRADUACI\u00d3N\",\"MAYRA RAM\u00cdREZ ESCAMILLA\",\"PRIMERA INFANCIA\",\"SMDIF\"],\"articleSection\":[\"Municipios\"],\"inLanguage\":\"es\",\"potentialAction\":[{\"@type\":\"CommentAction\",\"name\":\"Comment\",\"target\":[\"https:\\\/\\\/www.aliadospuebla.com\\\/?p=95033#respond\"]}]},{\"@type\":\"WebPage\",\"@id\":\"https:\\\/\\\/www.aliadospuebla.com\\\/?p=95033\",\"url\":\"https:\\\/\\\/www.aliadospuebla.com\\\/?p=95033\",\"name\":\"En Cuautlancingo, celebra CAIC 16 de septiembre graduaci\u00f3n de alumnos preescolares - AliadosPuebla\",\"isPartOf\":{\"@id\":\"https:\\\/\\\/www.aliadospuebla.com\\\/#website\"},\"primaryImageOfPage\":{\"@id\":\"https:\\\/\\\/www.aliadospuebla.com\\\/?p=95033#primaryimage\"},\"image\":{\"@id\":\"https:\\\/\\\/www.aliadospuebla.com\\\/?p=95033#primaryimage\"},\"thumbnailUrl\":\"https:\\\/\\\/www.aliadospuebla.com\\\/web2017\\\/wp-content\\\/uploads\\\/2024\\\/08\\\/753.jpg\",\"datePublished\":\"2024-07-11T18:32:16+00:00\",\"dateModified\":\"2024-08-04T18:40:26+00:00\",\"author\":{\"@id\":\"https:\\\/\\\/www.aliadospuebla.com\\\/#\\\/schema\\\/person\\\/5da7dd09320bd4f392b710017ed5f8ad\"},\"breadcrumb\":{\"@id\":\"https:\\\/\\\/www.aliadospuebla.com\\\/?p=95033#breadcrumb\"},\"inLanguage\":\"es\",\"potentialAction\":[{\"@type\":\"ReadAction\",\"target\":[\"https:\\\/\\\/www.aliadospuebla.com\\\/?p=95033\"]}]},{\"@type\":\"ImageObject\",\"inLanguage\":\"es\",\"@id\":\"https:\\\/\\\/www.aliadospuebla.com\\\/?p=95033#primaryimage\",\"url\":\"https:\\\/\\\/www.aliadospuebla.com\\\/web2017\\\/wp-content\\\/uploads\\\/2024\\\/08\\\/753.jpg\",\"contentUrl\":\"https:\\\/\\\/www.aliadospuebla.com\\\/web2017\\\/wp-content\\\/uploads\\\/2024\\\/08\\\/753.jpg\",\"width\":600,\"height\":450},{\"@type\":\"BreadcrumbList\",\"@id\":\"https:\\\/\\\/www.aliadospuebla.com\\\/?p=95033#breadcrumb\",\"itemListElement\":[{\"@type\":\"ListItem\",\"position\":1,\"name\":\"Portada\",\"item\":\"https:\\\/\\\/www.aliadospuebla.com\\\/\"},{\"@type\":\"ListItem\",\"position\":2,\"name\":\"En Cuautlancingo, celebra CAIC 16 de septiembre graduaci\u00f3n de alumnos preescolares\"}]},{\"@type\":\"WebSite\",\"@id\":\"https:\\\/\\\/www.aliadospuebla.com\\\/#website\",\"url\":\"https:\\\/\\\/www.aliadospuebla.com\\\/\",\"name\":\"AliadosPuebla\",\"description\":\"La informaci\u00f3n en tus manos\",\"potentialAction\":[{\"@type\":\"SearchAction\",\"target\":{\"@type\":\"EntryPoint\",\"urlTemplate\":\"https:\\\/\\\/www.aliadospuebla.com\\\/?s={search_term_string}\"},\"query-input\":{\"@type\":\"PropertyValueSpecification\",\"valueRequired\":true,\"valueName\":\"search_term_string\"}}],\"inLanguage\":\"es\"},{\"@type\":\"Person\",\"@id\":\"https:\\\/\\\/www.aliadospuebla.com\\\/#\\\/schema\\\/person\\\/5da7dd09320bd4f392b710017ed5f8ad\",\"name\":\"Aliados17\",\"image\":{\"@type\":\"ImageObject\",\"inLanguage\":\"es\",\"@id\":\"https:\\\/\\\/www.aliadospuebla.com\\\/web2017\\\/wp-content\\\/uploads\\\/2025\\\/03\\\/cropped-para-perfil-8-anos-1-96x96.jpg\",\"url\":\"https:\\\/\\\/www.aliadospuebla.com\\\/web2017\\\/wp-content\\\/uploads\\\/2025\\\/03\\\/cropped-para-perfil-8-anos-1-96x96.jpg\",\"contentUrl\":\"https:\\\/\\\/www.aliadospuebla.com\\\/web2017\\\/wp-content\\\/uploads\\\/2025\\\/03\\\/cropped-para-perfil-8-anos-1-96x96.jpg\",\"caption\":\"Aliados17\"},\"sameAs\":[\"https:\\\/\\\/www.aliados17.com\",\"https:\\\/\\\/www.facebook.com\\\/Aliados17Pue\",\"https:\\\/\\\/x.com\\\/AliadosPuebla\"],\"url\":\"https:\\\/\\\/www.aliadospuebla.com\\\/?author=2\"}]}<\/script>\n<!-- \/ Yoast SEO plugin. -->","yoast_head_json":{"title":"En Cuautlancingo, celebra CAIC 16 de septiembre graduaci\u00f3n de alumnos preescolares - AliadosPuebla","robots":{"index":"index","follow":"follow","max-snippet":"max-snippet:-1","max-image-preview":"max-image-preview:large","max-video-preview":"max-video-preview:-1"},"canonical":"https:\/\/www.aliadospuebla.com\/?p=95033","og_locale":"es_ES","og_type":"article","og_title":"En Cuautlancingo, celebra CAIC 16 de septiembre graduaci\u00f3n de alumnos preescolares - AliadosPuebla","og_description":"Cierran ni\u00f1as y ni\u00f1os el primer ciclo en su vida escolar Cuautlancingo, Pue.-\u00a0 Al asistir como padrinos de generaci\u00f3n 2021 &#8211; 2024 el presidente municipal Filomeno Sarmiento Torres y la presidenta honoraria del SMDIF Mayra Ram\u00edrez Escamilla\u00a0 dieron cuenta del progreso en la educaci\u00f3n de ni\u00f1as y ni\u00f1os del CAIC 16 de Septiembre. Al tomar la palabra el alcalde mencion\u00f3 que \u00abla m\u00e1s importante etapa de formaci\u00f3n de los seres humanos es el desarrollo en su primera infancia que consiste en el inicio de valores y sentimientos que abrir\u00e1n la mente al mundo fuera del n\u00facleo familiar. Un paso sin duda dif\u00edcil para la gran mayor\u00eda pero necesario para generar ciudadanos activos en todos los \u00e1mbitos de la vida\u00bb Por su parte Ram\u00edrez Escamilla agradeci\u00f3&hellip;Leer m\u00e1s...","og_url":"https:\/\/www.aliadospuebla.com\/?p=95033","og_site_name":"AliadosPuebla","article_author":"https:\/\/www.facebook.com\/Aliados17Pue","article_published_time":"2024-07-11T18:32:16+00:00","article_modified_time":"2024-08-04T18:40:26+00:00","og_image":[{"width":600,"height":450,"url":"https:\/\/www.aliadospuebla.com\/web2017\/wp-content\/uploads\/2024\/08\/753.jpg","type":"image\/jpeg"}],"author":"Aliados17","twitter_card":"summary_large_image","twitter_creator":"@AliadosPuebla","twitter_misc":{"Escrito por":"Aliados17","Tiempo de lectura":"2 minutos"},"schema":{"@context":"https:\/\/schema.org","@graph":[{"@type":"Article","@id":"https:\/\/www.aliadospuebla.com\/?p=95033#article","isPartOf":{"@id":"https:\/\/www.aliadospuebla.com\/?p=95033"},"author":{"name":"Aliados17","@id":"https:\/\/www.aliadospuebla.com\/#\/schema\/person\/5da7dd09320bd4f392b710017ed5f8ad"},"headline":"En Cuautlancingo, celebra CAIC 16 de septiembre graduaci\u00f3n de alumnos preescolares","datePublished":"2024-07-11T18:32:16+00:00","dateModified":"2024-08-04T18:40:26+00:00","mainEntityOfPage":{"@id":"https:\/\/www.aliadospuebla.com\/?p=95033"},"wordCount":205,"commentCount":0,"image":{"@id":"https:\/\/www.aliadospuebla.com\/?p=95033#primaryimage"},"thumbnailUrl":"https:\/\/www.aliadospuebla.com\/web2017\/wp-content\/uploads\/2024\/08\/753.jpg","keywords":["CAICS","Cuautlancingo","Educaci\u00f3n","FILOMENO SARMIENTO TORRES","GRADUACI\u00d3N","MAYRA RAM\u00cdREZ ESCAMILLA","PRIMERA INFANCIA","SMDIF"],"articleSection":["Municipios"],"inLanguage":"es","potentialAction":[{"@type":"CommentAction","name":"Comment","target":["https:\/\/www.aliadospuebla.com\/?p=95033#respond"]}]},{"@type":"WebPage","@id":"https:\/\/www.aliadospuebla.com\/?p=95033","url":"https:\/\/www.aliadospuebla.com\/?p=95033","name":"En Cuautlancingo, celebra CAIC 16 de septiembre graduaci\u00f3n de alumnos preescolares - AliadosPuebla","isPartOf":{"@id":"https:\/\/www.aliadospuebla.com\/#website"},"primaryImageOfPage":{"@id":"https:\/\/www.aliadospuebla.com\/?p=95033#primaryimage"},"image":{"@id":"https:\/\/www.aliadospuebla.com\/?p=95033#primaryimage"},"thumbnailUrl":"https:\/\/www.aliadospuebla.com\/web2017\/wp-content\/uploads\/2024\/08\/753.jpg","datePublished":"2024-07-11T18:32:16+00:00","dateModified":"2024-08-04T18:40:26+00:00","author":{"@id":"https:\/\/www.aliadospuebla.com\/#\/schema\/person\/5da7dd09320bd4f392b710017ed5f8ad"},"breadcrumb":{"@id":"https:\/\/www.aliadospuebla.com\/?p=95033#breadcrumb"},"inLanguage":"es","potentialAction":[{"@type":"ReadAction","target":["https:\/\/www.aliadospuebla.com\/?p=95033"]}]},{"@type":"ImageObject","inLanguage":"es","@id":"https:\/\/www.aliadospuebla.com\/?p=95033#primaryimage","url":"https:\/\/www.aliadospuebla.com\/web2017\/wp-content\/uploads\/2024\/08\/753.jpg","contentUrl":"https:\/\/www.aliadospuebla.com\/web2017\/wp-content\/uploads\/2024\/08\/753.jpg","width":600,"height":450},{"@type":"BreadcrumbList","@id":"https:\/\/www.aliadospuebla.com\/?p=95033#breadcrumb","itemListElement":[{"@type":"ListItem","position":1,"name":"Portada","item":"https:\/\/www.aliadospuebla.com\/"},{"@type":"ListItem","position":2,"name":"En Cuautlancingo, celebra CAIC 16 de septiembre graduaci\u00f3n de alumnos preescolares"}]},{"@type":"WebSite","@id":"https:\/\/www.aliadospuebla.com\/#website","url":"https:\/\/www.aliadospuebla.com\/","name":"AliadosPuebla","description":"La informaci\u00f3n en tus manos","potentialAction":[{"@type":"SearchAction","target":{"@type":"EntryPoint","urlTemplate":"https:\/\/www.aliadospuebla.com\/?s={search_term_string}"},"query-input":{"@type":"PropertyValueSpecification","valueRequired":true,"valueName":"search_term_string"}}],"inLanguage":"es"},{"@type":"Person","@id":"https:\/\/www.aliadospuebla.com\/#\/schema\/person\/5da7dd09320bd4f392b710017ed5f8ad","name":"Aliados17","image":{"@type":"ImageObject","inLanguage":"es","@id":"https:\/\/www.aliadospuebla.com\/web2017\/wp-content\/uploads\/2025\/03\/cropped-para-perfil-8-anos-1-96x96.jpg","url":"https:\/\/www.aliadospuebla.com\/web2017\/wp-content\/uploads\/2025\/03\/cropped-para-perfil-8-anos-1-96x96.jpg","contentUrl":"https:\/\/www.aliadospuebla.com\/web2017\/wp-content\/uploads\/2025\/03\/cropped-para-perfil-8-anos-1-96x96.jpg","caption":"Aliados17"},"sameAs":["https:\/\/www.aliados17.com","https:\/\/www.facebook.com\/Aliados17Pue","https:\/\/x.com\/AliadosPuebla"],"url":"https:\/\/www.aliadospuebla.com\/?author=2"}]}},"views":8,"_links":{"self":[{"href":"https:\/\/www.aliadospuebla.com\/index.php?rest_route=\/wp\/v2\/posts\/95033","targetHints":{"allow":["GET"]}}],"collection":[{"href":"https:\/\/www.aliadospuebla.com\/index.php?rest_route=\/wp\/v2\/posts"}],"about":[{"href":"https:\/\/www.aliadospuebla.com\/index.php?rest_route=\/wp\/v2\/types\/post"}],"author":[{"embeddable":true,"href":"https:\/\/www.aliadospuebla.com\/index.php?rest_route=\/wp\/v2\/users\/2"}],"replies":[{"embeddable":true,"href":"https:\/\/www.aliadospuebla.com\/index.php?rest_route=%2Fwp%2Fv2%2Fcomments&post=95033"}],"version-history":[{"count":1,"href":"https:\/\/www.aliadospuebla.com\/index.php?rest_route=\/wp\/v2\/posts\/95033\/revisions"}],"predecessor-version":[{"id":95034,"href":"https:\/\/www.aliadospuebla.com\/index.php?rest_route=\/wp\/v2\/posts\/95033\/revisions\/95034"}],"wp:featuredmedia":[{"embeddable":true,"href":"https:\/\/www.aliadospuebla.com\/index.php?rest_route=\/wp\/v2\/media\/95035"}],"wp:attachment":[{"href":"https:\/\/www.aliadospuebla.com\/index.php?rest_route=%2Fwp%2Fv2%2Fmedia&parent=95033"}],"wp:term":[{"taxonomy":"category","embeddable":true,"href":"https:\/\/www.aliadospuebla.com\/index.php?rest_route=%2Fwp%2Fv2%2Fcategories&post=95033"},{"taxonomy":"post_tag","embeddable":true,"href":"https:\/\/www.aliadospuebla.com\/index.php?rest_route=%2Fwp%2Fv2%2Ftags&post=95033"}],"curies":[{"name":"wp","href":"https:\/\/api.w.org\/{rel}","templated":true}]}}