{"id":94902,"date":"2024-07-30T22:30:09","date_gmt":"2024-07-31T04:30:09","guid":{"rendered":"https:\/\/www.aliados17.com\/?p=94902"},"modified":"2024-07-30T22:30:09","modified_gmt":"2024-07-31T04:30:09","slug":"impulsa-gobierno-estatal-oferta-laboral-en-ciudad-modelo","status":"publish","type":"post","link":"https:\/\/www.aliadospuebla.com\/?p=94902","title":{"rendered":"Impulsa gobierno estatal oferta laboral en Ciudad Modelo"},"content":{"rendered":"<p>SAN JOS\u00c9 CHIAPA, Pue.- Como parte de las acciones para consolidar mejores condiciones de vida para las y los poblanos y su incorporaci\u00f3n<\/p>\n<p>al mercado laboral, el gobierno presente de Sergio Salom\u00f3n desarroll\u00f3 la cuarta edici\u00f3n de la Feria de Empleo en Ciudad Modelo, con una<\/p>\n<p>oferta de 364 vacantes por parte de 10 empresas de la regi\u00f3n.<\/p>\n<p>El rango salarial de los empleos fluctu\u00f3 entre 7 mil 572 y 16 mil 630 pesos, por parte de dos empresas del sector manufacturero, que<\/p>\n<p>incluyeron la Direcci\u00f3n General de la Industria Militar, as\u00ed como una firma de la rama de alimentos, adem\u00e1s de una empresa del sector<\/p>\n<p>comercio y siete en el \u00e1rea de servicios.<\/p>\n<p>En la regi\u00f3n de Ciudad Modelo, de acuerdo con registros del Instituto Mexicano del Seguro Social (IMSS) al mes de junio, el promedio<\/p>\n<p>salarial es 67 por ciento superior a la media estatal.<\/p>\n<p>En el marco de la Feria de Empleo que se llev\u00f3 a cabo en el Centro de Convenciones de Ciudad Modelo, la Secretar\u00eda de Trabajo difundi\u00f3<\/p>\n<p>entre las y los interesados la oferta de vacantes de la bolsa de trabajo que desarrolla en forma coordinada con el gobierno federal.<\/p>\n<p>En la puesta en marcha de esta Feria particip\u00f3 el encargado de despacho de Ciudad Modelo, Francisco Guerrero y Ben\u00edtez; el director general<\/p>\n<p>del Instituto de Capacitaci\u00f3n para el Trabajo (Icatep), Jonathan Salazar Mendiguchia, y el presidente municipal de San Jos\u00e9 Chiapa, Arturo<\/p>\n<p>Graciel L\u00f3pez V\u00e9lez, entre otros.<\/p>\n","protected":false},"excerpt":{"rendered":"<p>SAN JOS\u00c9 CHIAPA, Pue.- Como parte de las acciones para consolidar mejores condiciones de vida para las y los poblanos y su incorporaci\u00f3n al mercado laboral, el gobierno presente de Sergio Salom\u00f3n desarroll\u00f3 la cuarta edici\u00f3n de la Feria de Empleo en Ciudad Modelo, con una oferta de 364 vacantes por parte de 10 empresas de la regi\u00f3n. El rango salarial de los empleos fluctu\u00f3 entre 7 mil 572 y 16 mil 630 pesos, por parte de dos empresas del sector manufacturero, que incluyeron la Direcci\u00f3n General de la Industria Militar, as\u00ed como una firma de la rama de alimentos, adem\u00e1s de una empresa del sector comercio y siete en el \u00e1rea de servicios. En la regi\u00f3n de Ciudad Modelo, de acuerdo con registros del&hellip;<\/p>\n<p class=\"excerpt-more\"><a class=\"blog-excerpt button\" href=\"https:\/\/www.aliadospuebla.com\/?p=94902\">Leer m\u00e1s&#8230;<\/a><\/p>\n","protected":false},"author":2,"featured_media":94907,"comment_status":"open","ping_status":"open","sticky":false,"template":"","format":"standard","meta":{"_monsterinsights_skip_tracking":false,"footnotes":""},"categories":[62],"tags":[653,23118,11026,10636,5244,8056,765,4386,251,2403,13188,45,3880,13158,17715,13795,13718,19795,14620,13467,13635,19794,63,19283,14621,13749,27,13508],"class_list":["post-94902","post","type-post","status-publish","format-standard","has-post-thumbnail","hentry","category-capital","tag-buap","tag-campana-politica","tag-ciudad-de-puebla","tag-estado-de-puebla","tag-gobernador-de-puebla","tag-gobierno-de-puebla","tag-imss","tag-imss-puebla","tag-pan","tag-partidos-politicos","tag-politica-puebla","tag-pri","tag-psi","tag-puebla-ciudad","tag-puebla-estado","tag-puebla-gobierno","tag-puebla-politica","tag-puebla-senadores","tag-puebla-udlap","tag-puebla-universidad","tag-puebla-universidades","tag-senadores-puebla","tag-udlap","tag-udlap-cholula","tag-udlap-puebla","tag-universidad-de-puebla","tag-upaep","tag-upaep-puebla"],"yoast_head":"<!-- This site is optimized with the Yoast SEO plugin v28.4 - https:\/\/yoast.com\/product\/yoast-seo-wordpress\/ -->\n<title>Impulsa gobierno estatal oferta laboral en Ciudad Modelo - AliadosPuebla<\/title>\n<meta name=\"robots\" content=\"index, follow, max-snippet:-1, max-image-preview:large, max-video-preview:-1\" \/>\n<link rel=\"canonical\" href=\"https:\/\/www.aliadospuebla.com\/?p=94902\" \/>\n<meta property=\"og:locale\" content=\"es_ES\" \/>\n<meta property=\"og:type\" content=\"article\" \/>\n<meta property=\"og:title\" content=\"Impulsa gobierno estatal oferta laboral en Ciudad Modelo - AliadosPuebla\" \/>\n<meta property=\"og:description\" content=\"SAN JOS\u00c9 CHIAPA, Pue.- Como parte de las acciones para consolidar mejores condiciones de vida para las y los poblanos y su incorporaci\u00f3n al mercado laboral, el gobierno presente de Sergio Salom\u00f3n desarroll\u00f3 la cuarta edici\u00f3n de la Feria de Empleo en Ciudad Modelo, con una oferta de 364 vacantes por parte de 10 empresas de la regi\u00f3n. El rango salarial de los empleos fluctu\u00f3 entre 7 mil 572 y 16 mil 630 pesos, por parte de dos empresas del sector manufacturero, que incluyeron la Direcci\u00f3n General de la Industria Militar, as\u00ed como una firma de la rama de alimentos, adem\u00e1s de una empresa del sector comercio y siete en el \u00e1rea de servicios. En la regi\u00f3n de Ciudad Modelo, de acuerdo con registros del&hellip;Leer m\u00e1s...\" \/>\n<meta property=\"og:url\" content=\"https:\/\/www.aliadospuebla.com\/?p=94902\" \/>\n<meta property=\"og:site_name\" content=\"AliadosPuebla\" \/>\n<meta property=\"article:author\" content=\"https:\/\/www.facebook.com\/Aliados17Pue\" \/>\n<meta property=\"article:published_time\" content=\"2024-07-31T04:30:09+00:00\" \/>\n<meta property=\"og:image\" content=\"https:\/\/www.aliadospuebla.com\/web2017\/wp-content\/uploads\/2024\/07\/descarga-2024-07-30T222912.030.jpeg\" \/>\n\t<meta property=\"og:image:width\" content=\"1236\" \/>\n\t<meta property=\"og:image:height\" content=\"927\" \/>\n\t<meta property=\"og:image:type\" content=\"image\/jpeg\" \/>\n<meta name=\"author\" content=\"Aliados17\" \/>\n<meta name=\"twitter:card\" content=\"summary_large_image\" \/>\n<meta name=\"twitter:creator\" content=\"@AliadosPuebla\" \/>\n<meta name=\"twitter:label1\" content=\"Escrito por\" \/>\n\t<meta name=\"twitter:data1\" content=\"Aliados17\" \/>\n\t<meta name=\"twitter:label2\" content=\"Tiempo de lectura\" \/>\n\t<meta name=\"twitter:data2\" content=\"2 minutos\" \/>\n<script type=\"application\/ld+json\" class=\"yoast-schema-graph\">{\"@context\":\"https:\\\/\\\/schema.org\",\"@graph\":[{\"@type\":\"Article\",\"@id\":\"https:\\\/\\\/www.aliadospuebla.com\\\/?p=94902#article\",\"isPartOf\":{\"@id\":\"https:\\\/\\\/www.aliadospuebla.com\\\/?p=94902\"},\"author\":{\"name\":\"Aliados17\",\"@id\":\"https:\\\/\\\/www.aliadospuebla.com\\\/#\\\/schema\\\/person\\\/5da7dd09320bd4f392b710017ed5f8ad\"},\"headline\":\"Impulsa gobierno estatal oferta laboral en Ciudad Modelo\",\"datePublished\":\"2024-07-31T04:30:09+00:00\",\"mainEntityOfPage\":{\"@id\":\"https:\\\/\\\/www.aliadospuebla.com\\\/?p=94902\"},\"wordCount\":258,\"commentCount\":0,\"image\":{\"@id\":\"https:\\\/\\\/www.aliadospuebla.com\\\/?p=94902#primaryimage\"},\"thumbnailUrl\":\"https:\\\/\\\/www.aliadospuebla.com\\\/web2017\\\/wp-content\\\/uploads\\\/2024\\\/07\\\/descarga-2024-07-30T222912.030.jpeg\",\"keywords\":[\"BUAP\",\"Campa\u00f1a politica\",\"CIUDAD DE PUEBLA\",\"ESTADO DE PUEBLA\",\"GOBERNADOR DE PUEBLA\",\"GOBIERNO DE PUEBLA\",\"IMSS\",\"IMSS PUEBLA\",\"PAN\",\"PARTIDOS POL\u00cdTICOS\",\"Politica Puebla\",\"PRI\",\"PSI\",\"Puebla Ciudad\",\"Puebla estado\",\"Puebla gobierno\",\"puebla politica\",\"Puebla Senadores\",\"Puebla UDLAP\",\"Puebla Universidad\",\"Puebla Universidades\",\"Senadores Puebla\",\"Udlap\",\"Udlap cholula\",\"UDLAP Puebla\",\"Universidad de Puebla\",\"UPAEP\",\"UPAEP Puebla\"],\"articleSection\":[\"Capital\"],\"inLanguage\":\"es\",\"potentialAction\":[{\"@type\":\"CommentAction\",\"name\":\"Comment\",\"target\":[\"https:\\\/\\\/www.aliadospuebla.com\\\/?p=94902#respond\"]}]},{\"@type\":\"WebPage\",\"@id\":\"https:\\\/\\\/www.aliadospuebla.com\\\/?p=94902\",\"url\":\"https:\\\/\\\/www.aliadospuebla.com\\\/?p=94902\",\"name\":\"Impulsa gobierno estatal oferta laboral en Ciudad Modelo - AliadosPuebla\",\"isPartOf\":{\"@id\":\"https:\\\/\\\/www.aliadospuebla.com\\\/#website\"},\"primaryImageOfPage\":{\"@id\":\"https:\\\/\\\/www.aliadospuebla.com\\\/?p=94902#primaryimage\"},\"image\":{\"@id\":\"https:\\\/\\\/www.aliadospuebla.com\\\/?p=94902#primaryimage\"},\"thumbnailUrl\":\"https:\\\/\\\/www.aliadospuebla.com\\\/web2017\\\/wp-content\\\/uploads\\\/2024\\\/07\\\/descarga-2024-07-30T222912.030.jpeg\",\"datePublished\":\"2024-07-31T04:30:09+00:00\",\"author\":{\"@id\":\"https:\\\/\\\/www.aliadospuebla.com\\\/#\\\/schema\\\/person\\\/5da7dd09320bd4f392b710017ed5f8ad\"},\"breadcrumb\":{\"@id\":\"https:\\\/\\\/www.aliadospuebla.com\\\/?p=94902#breadcrumb\"},\"inLanguage\":\"es\",\"potentialAction\":[{\"@type\":\"ReadAction\",\"target\":[\"https:\\\/\\\/www.aliadospuebla.com\\\/?p=94902\"]}]},{\"@type\":\"ImageObject\",\"inLanguage\":\"es\",\"@id\":\"https:\\\/\\\/www.aliadospuebla.com\\\/?p=94902#primaryimage\",\"url\":\"https:\\\/\\\/www.aliadospuebla.com\\\/web2017\\\/wp-content\\\/uploads\\\/2024\\\/07\\\/descarga-2024-07-30T222912.030.jpeg\",\"contentUrl\":\"https:\\\/\\\/www.aliadospuebla.com\\\/web2017\\\/wp-content\\\/uploads\\\/2024\\\/07\\\/descarga-2024-07-30T222912.030.jpeg\",\"width\":1236,\"height\":927},{\"@type\":\"BreadcrumbList\",\"@id\":\"https:\\\/\\\/www.aliadospuebla.com\\\/?p=94902#breadcrumb\",\"itemListElement\":[{\"@type\":\"ListItem\",\"position\":1,\"name\":\"Portada\",\"item\":\"https:\\\/\\\/www.aliadospuebla.com\\\/\"},{\"@type\":\"ListItem\",\"position\":2,\"name\":\"Impulsa gobierno estatal oferta laboral en Ciudad Modelo\"}]},{\"@type\":\"WebSite\",\"@id\":\"https:\\\/\\\/www.aliadospuebla.com\\\/#website\",\"url\":\"https:\\\/\\\/www.aliadospuebla.com\\\/\",\"name\":\"AliadosPuebla\",\"description\":\"La informaci\u00f3n en tus manos\",\"potentialAction\":[{\"@type\":\"SearchAction\",\"target\":{\"@type\":\"EntryPoint\",\"urlTemplate\":\"https:\\\/\\\/www.aliadospuebla.com\\\/?s={search_term_string}\"},\"query-input\":{\"@type\":\"PropertyValueSpecification\",\"valueRequired\":true,\"valueName\":\"search_term_string\"}}],\"inLanguage\":\"es\"},{\"@type\":\"Person\",\"@id\":\"https:\\\/\\\/www.aliadospuebla.com\\\/#\\\/schema\\\/person\\\/5da7dd09320bd4f392b710017ed5f8ad\",\"name\":\"Aliados17\",\"image\":{\"@type\":\"ImageObject\",\"inLanguage\":\"es\",\"@id\":\"https:\\\/\\\/www.aliadospuebla.com\\\/web2017\\\/wp-content\\\/uploads\\\/2025\\\/03\\\/cropped-para-perfil-8-anos-1-96x96.jpg\",\"url\":\"https:\\\/\\\/www.aliadospuebla.com\\\/web2017\\\/wp-content\\\/uploads\\\/2025\\\/03\\\/cropped-para-perfil-8-anos-1-96x96.jpg\",\"contentUrl\":\"https:\\\/\\\/www.aliadospuebla.com\\\/web2017\\\/wp-content\\\/uploads\\\/2025\\\/03\\\/cropped-para-perfil-8-anos-1-96x96.jpg\",\"caption\":\"Aliados17\"},\"sameAs\":[\"https:\\\/\\\/www.aliados17.com\",\"https:\\\/\\\/www.facebook.com\\\/Aliados17Pue\",\"https:\\\/\\\/x.com\\\/AliadosPuebla\"],\"url\":\"https:\\\/\\\/www.aliadospuebla.com\\\/?author=2\"}]}<\/script>\n<!-- \/ Yoast SEO plugin. -->","yoast_head_json":{"title":"Impulsa gobierno estatal oferta laboral en Ciudad Modelo - AliadosPuebla","robots":{"index":"index","follow":"follow","max-snippet":"max-snippet:-1","max-image-preview":"max-image-preview:large","max-video-preview":"max-video-preview:-1"},"canonical":"https:\/\/www.aliadospuebla.com\/?p=94902","og_locale":"es_ES","og_type":"article","og_title":"Impulsa gobierno estatal oferta laboral en Ciudad Modelo - AliadosPuebla","og_description":"SAN JOS\u00c9 CHIAPA, Pue.- Como parte de las acciones para consolidar mejores condiciones de vida para las y los poblanos y su incorporaci\u00f3n al mercado laboral, el gobierno presente de Sergio Salom\u00f3n desarroll\u00f3 la cuarta edici\u00f3n de la Feria de Empleo en Ciudad Modelo, con una oferta de 364 vacantes por parte de 10 empresas de la regi\u00f3n. El rango salarial de los empleos fluctu\u00f3 entre 7 mil 572 y 16 mil 630 pesos, por parte de dos empresas del sector manufacturero, que incluyeron la Direcci\u00f3n General de la Industria Militar, as\u00ed como una firma de la rama de alimentos, adem\u00e1s de una empresa del sector comercio y siete en el \u00e1rea de servicios. En la regi\u00f3n de Ciudad Modelo, de acuerdo con registros del&hellip;Leer m\u00e1s...","og_url":"https:\/\/www.aliadospuebla.com\/?p=94902","og_site_name":"AliadosPuebla","article_author":"https:\/\/www.facebook.com\/Aliados17Pue","article_published_time":"2024-07-31T04:30:09+00:00","og_image":[{"width":1236,"height":927,"url":"https:\/\/www.aliadospuebla.com\/web2017\/wp-content\/uploads\/2024\/07\/descarga-2024-07-30T222912.030.jpeg","type":"image\/jpeg"}],"author":"Aliados17","twitter_card":"summary_large_image","twitter_creator":"@AliadosPuebla","twitter_misc":{"Escrito por":"Aliados17","Tiempo de lectura":"2 minutos"},"schema":{"@context":"https:\/\/schema.org","@graph":[{"@type":"Article","@id":"https:\/\/www.aliadospuebla.com\/?p=94902#article","isPartOf":{"@id":"https:\/\/www.aliadospuebla.com\/?p=94902"},"author":{"name":"Aliados17","@id":"https:\/\/www.aliadospuebla.com\/#\/schema\/person\/5da7dd09320bd4f392b710017ed5f8ad"},"headline":"Impulsa gobierno estatal oferta laboral en Ciudad Modelo","datePublished":"2024-07-31T04:30:09+00:00","mainEntityOfPage":{"@id":"https:\/\/www.aliadospuebla.com\/?p=94902"},"wordCount":258,"commentCount":0,"image":{"@id":"https:\/\/www.aliadospuebla.com\/?p=94902#primaryimage"},"thumbnailUrl":"https:\/\/www.aliadospuebla.com\/web2017\/wp-content\/uploads\/2024\/07\/descarga-2024-07-30T222912.030.jpeg","keywords":["BUAP","Campa\u00f1a politica","CIUDAD DE PUEBLA","ESTADO DE PUEBLA","GOBERNADOR DE PUEBLA","GOBIERNO DE PUEBLA","IMSS","IMSS PUEBLA","PAN","PARTIDOS POL\u00cdTICOS","Politica Puebla","PRI","PSI","Puebla Ciudad","Puebla estado","Puebla gobierno","puebla politica","Puebla Senadores","Puebla UDLAP","Puebla Universidad","Puebla Universidades","Senadores Puebla","Udlap","Udlap cholula","UDLAP Puebla","Universidad de Puebla","UPAEP","UPAEP Puebla"],"articleSection":["Capital"],"inLanguage":"es","potentialAction":[{"@type":"CommentAction","name":"Comment","target":["https:\/\/www.aliadospuebla.com\/?p=94902#respond"]}]},{"@type":"WebPage","@id":"https:\/\/www.aliadospuebla.com\/?p=94902","url":"https:\/\/www.aliadospuebla.com\/?p=94902","name":"Impulsa gobierno estatal oferta laboral en Ciudad Modelo - AliadosPuebla","isPartOf":{"@id":"https:\/\/www.aliadospuebla.com\/#website"},"primaryImageOfPage":{"@id":"https:\/\/www.aliadospuebla.com\/?p=94902#primaryimage"},"image":{"@id":"https:\/\/www.aliadospuebla.com\/?p=94902#primaryimage"},"thumbnailUrl":"https:\/\/www.aliadospuebla.com\/web2017\/wp-content\/uploads\/2024\/07\/descarga-2024-07-30T222912.030.jpeg","datePublished":"2024-07-31T04:30:09+00:00","author":{"@id":"https:\/\/www.aliadospuebla.com\/#\/schema\/person\/5da7dd09320bd4f392b710017ed5f8ad"},"breadcrumb":{"@id":"https:\/\/www.aliadospuebla.com\/?p=94902#breadcrumb"},"inLanguage":"es","potentialAction":[{"@type":"ReadAction","target":["https:\/\/www.aliadospuebla.com\/?p=94902"]}]},{"@type":"ImageObject","inLanguage":"es","@id":"https:\/\/www.aliadospuebla.com\/?p=94902#primaryimage","url":"https:\/\/www.aliadospuebla.com\/web2017\/wp-content\/uploads\/2024\/07\/descarga-2024-07-30T222912.030.jpeg","contentUrl":"https:\/\/www.aliadospuebla.com\/web2017\/wp-content\/uploads\/2024\/07\/descarga-2024-07-30T222912.030.jpeg","width":1236,"height":927},{"@type":"BreadcrumbList","@id":"https:\/\/www.aliadospuebla.com\/?p=94902#breadcrumb","itemListElement":[{"@type":"ListItem","position":1,"name":"Portada","item":"https:\/\/www.aliadospuebla.com\/"},{"@type":"ListItem","position":2,"name":"Impulsa gobierno estatal oferta laboral en Ciudad Modelo"}]},{"@type":"WebSite","@id":"https:\/\/www.aliadospuebla.com\/#website","url":"https:\/\/www.aliadospuebla.com\/","name":"AliadosPuebla","description":"La informaci\u00f3n en tus manos","potentialAction":[{"@type":"SearchAction","target":{"@type":"EntryPoint","urlTemplate":"https:\/\/www.aliadospuebla.com\/?s={search_term_string}"},"query-input":{"@type":"PropertyValueSpecification","valueRequired":true,"valueName":"search_term_string"}}],"inLanguage":"es"},{"@type":"Person","@id":"https:\/\/www.aliadospuebla.com\/#\/schema\/person\/5da7dd09320bd4f392b710017ed5f8ad","name":"Aliados17","image":{"@type":"ImageObject","inLanguage":"es","@id":"https:\/\/www.aliadospuebla.com\/web2017\/wp-content\/uploads\/2025\/03\/cropped-para-perfil-8-anos-1-96x96.jpg","url":"https:\/\/www.aliadospuebla.com\/web2017\/wp-content\/uploads\/2025\/03\/cropped-para-perfil-8-anos-1-96x96.jpg","contentUrl":"https:\/\/www.aliadospuebla.com\/web2017\/wp-content\/uploads\/2025\/03\/cropped-para-perfil-8-anos-1-96x96.jpg","caption":"Aliados17"},"sameAs":["https:\/\/www.aliados17.com","https:\/\/www.facebook.com\/Aliados17Pue","https:\/\/x.com\/AliadosPuebla"],"url":"https:\/\/www.aliadospuebla.com\/?author=2"}]}},"views":10,"_links":{"self":[{"href":"https:\/\/www.aliadospuebla.com\/index.php?rest_route=\/wp\/v2\/posts\/94902","targetHints":{"allow":["GET"]}}],"collection":[{"href":"https:\/\/www.aliadospuebla.com\/index.php?rest_route=\/wp\/v2\/posts"}],"about":[{"href":"https:\/\/www.aliadospuebla.com\/index.php?rest_route=\/wp\/v2\/types\/post"}],"author":[{"embeddable":true,"href":"https:\/\/www.aliadospuebla.com\/index.php?rest_route=\/wp\/v2\/users\/2"}],"replies":[{"embeddable":true,"href":"https:\/\/www.aliadospuebla.com\/index.php?rest_route=%2Fwp%2Fv2%2Fcomments&post=94902"}],"version-history":[{"count":1,"href":"https:\/\/www.aliadospuebla.com\/index.php?rest_route=\/wp\/v2\/posts\/94902\/revisions"}],"predecessor-version":[{"id":94909,"href":"https:\/\/www.aliadospuebla.com\/index.php?rest_route=\/wp\/v2\/posts\/94902\/revisions\/94909"}],"wp:featuredmedia":[{"embeddable":true,"href":"https:\/\/www.aliadospuebla.com\/index.php?rest_route=\/wp\/v2\/media\/94907"}],"wp:attachment":[{"href":"https:\/\/www.aliadospuebla.com\/index.php?rest_route=%2Fwp%2Fv2%2Fmedia&parent=94902"}],"wp:term":[{"taxonomy":"category","embeddable":true,"href":"https:\/\/www.aliadospuebla.com\/index.php?rest_route=%2Fwp%2Fv2%2Fcategories&post=94902"},{"taxonomy":"post_tag","embeddable":true,"href":"https:\/\/www.aliadospuebla.com\/index.php?rest_route=%2Fwp%2Fv2%2Ftags&post=94902"}],"curies":[{"name":"wp","href":"https:\/\/api.w.org\/{rel}","templated":true}]}}