{"id":94901,"date":"2024-07-30T22:32:05","date_gmt":"2024-07-31T04:32:05","guid":{"rendered":"https:\/\/www.aliados17.com\/?p=94901"},"modified":"2024-07-30T22:32:05","modified_gmt":"2024-07-31T04:32:05","slug":"recomienda-imss-puebla-reforzar-prevencion-de-enfermedades-respiratorias-2","status":"publish","type":"post","link":"https:\/\/www.aliadospuebla.com\/?p=94901","title":{"rendered":"Recomienda IMSS Puebla reforzar prevenci\u00f3n de enfermedades respiratorias"},"content":{"rendered":"<p style=\"font-weight: 400;\">El Instituto Mexicano del Seguro Social (IMSS) en Puebla invita a la poblaci\u00f3n en general a reforzar medidas de prevenci\u00f3n para disminuir o<\/p>\n<p style=\"font-weight: 400;\">evitar la propagaci\u00f3n de enfermedades respiratorias, ante los constantes cambios clim\u00e1ticos.<\/p>\n<p style=\"font-weight: 400;\">El uso correcto de cubrebocas, sobre todo si hay presencia de tos o resfriado, aplicar estornudo de etiqueta, realizar higiene frecuente de<\/p>\n<p style=\"font-weight: 400;\">manos con agua y jab\u00f3n o gel antibacterial; evitar tocar ojos, nariz y boca, sobre todo extremar cuidados en grupos de la poblaci\u00f3n con mayor<\/p>\n<p style=\"font-weight: 400;\">riesgo de contagio, para evitar complicaciones.<\/p>\n<p style=\"font-weight: 400;\">La coordinadora auxiliar de Vigilancia Epidemiol\u00f3gica del Seguro Social en Puebla, m\u00e9dica Nataly Tlecuitl Mendoza, asegur\u00f3 que la<\/p>\n<p style=\"font-weight: 400;\">detecci\u00f3n oportuna de enfermedad respiratoria corta la cadena de trasmisi\u00f3n.<\/p>\n<p style=\"font-weight: 400;\">Precis\u00f3 que entre las recomendaciones est\u00e1n utilizar correctamente el cubrebocas, sobre todo en lugares cerrados, ya que disminuye el riesgo<\/p>\n<p style=\"font-weight: 400;\">de transmisi\u00f3n al retener las got\u00edculas salivales que se expulsan al hablar, toser o estornudar. De igual forma, enfatiz\u00f3 no manipularlo<\/p>\n<p style=\"font-weight: 400;\">constantemente, evitar tocar la cara, adem\u00e1s de no retirarlo o bajarlo al hablar, toser o estornudar.<\/p>\n<p style=\"font-weight: 400;\">El uso de gel antibacterial o lavado con agua y jab\u00f3n, si las condiciones lo permiten, es fundamental, ya que las manos son veh\u00edculo para<\/p>\n<p style=\"font-weight: 400;\">transmitir diversas infecciones, as\u00ed lo explic\u00f3 Tlecuitl Mendoza, por lo que la poblaci\u00f3n de todas las edades debe acentuar esta medida.<\/p>\n<p style=\"font-weight: 400;\">Asimismo, resalt\u00f3 que los grupos con mayor riesgo son menores de 5 a\u00f1os y mayores de 60, as\u00ed como las personas con comorbilidades que<\/p>\n<p style=\"font-weight: 400;\">viven con diabetes, hipertensi\u00f3n, problemas renales, c\u00e1ncer y VIH, por lo que deben de apegarse a las medidas sanitarias y prevenir una<\/p>\n<p style=\"font-weight: 400;\">infecci\u00f3n respiratoria, ya que tienen mayor probabilidad de desarrollar complicaciones.<\/p>\n<p style=\"font-weight: 400;\">En ese sentido detall\u00f3 que la temporada invernal de vacunaci\u00f3n contra la Influenza 2023-2024 finaliz\u00f3 en marzo, y en el IMSS Puebla se<\/p>\n<p style=\"font-weight: 400;\">aplicaron m\u00e1s de 400 mil dosis.<\/p>\n<p style=\"font-weight: 400;\">En el caso de la vacuna contra COVID-19, en lo que van del a\u00f1o 2024 se han aplicado m\u00e1s de 100 mil dosis, lo que significa que gran parte de<\/p>\n<p style=\"font-weight: 400;\">la poblaci\u00f3n se encuentra inmunizada.<\/p>\n<p style=\"font-weight: 400;\">Tambi\u00e9n mencion\u00f3 que las oficinas, aulas, auditorios y sitios de reuni\u00f3n, deben de procurar la ventilaci\u00f3n, as\u00ed como la higiene individual y de<\/p>\n<p style=\"font-weight: 400;\">instalaciones.<\/p>\n<p style=\"font-weight: 400;\">Llam\u00f3 a la poblaci\u00f3n derechohabiente a que, en caso de tener sintomatolog\u00eda como malestar f\u00edsico, tos, estornudos, dolor de cabeza, fiebre<\/p>\n<p style=\"font-weight: 400;\">que sugiera infecci\u00f3n respiratoria, lo mejor es acudir a las Unidades de Medicina Familiar (UMF), las cuales cuentan con servicios de<\/p>\n<p style=\"font-weight: 400;\">prevenci\u00f3n, detecci\u00f3n y atenci\u00f3n de enfermedades.<\/p>\n<p style=\"font-weight: 400;\">La especialista tambi\u00e9n aconsej\u00f3 usar ropa abrigadora, evitar cambios bruscos de temperatura, consumir alimentos con alto contenido de<\/p>\n<p style=\"font-weight: 400;\">vitamina C y D, beber abundantes l\u00edquidos, evitar espacios cerrados o concurridos y no automedicarse.<\/p>\n","protected":false},"excerpt":{"rendered":"<p>El Instituto Mexicano del Seguro Social (IMSS) en Puebla invita a la poblaci\u00f3n en general a reforzar medidas de prevenci\u00f3n para disminuir o evitar la propagaci\u00f3n de enfermedades respiratorias, ante los constantes cambios clim\u00e1ticos. El uso correcto de cubrebocas, sobre todo si hay presencia de tos o resfriado, aplicar estornudo de etiqueta, realizar higiene frecuente de manos con agua y jab\u00f3n o gel antibacterial; evitar tocar ojos, nariz y boca, sobre todo extremar cuidados en grupos de la poblaci\u00f3n con mayor riesgo de contagio, para evitar complicaciones. La coordinadora auxiliar de Vigilancia Epidemiol\u00f3gica del Seguro Social en Puebla, m\u00e9dica Nataly Tlecuitl Mendoza, asegur\u00f3 que la detecci\u00f3n oportuna de enfermedad respiratoria corta la cadena de trasmisi\u00f3n. Precis\u00f3 que entre las recomendaciones est\u00e1n utilizar correctamente el cubrebocas,&hellip;<\/p>\n<p class=\"excerpt-more\"><a class=\"blog-excerpt button\" href=\"https:\/\/www.aliadospuebla.com\/?p=94901\">Leer m\u00e1s&#8230;<\/a><\/p>\n","protected":false},"author":2,"featured_media":94910,"comment_status":"open","ping_status":"open","sticky":false,"template":"","format":"standard","meta":{"_monsterinsights_skip_tracking":false,"footnotes":""},"categories":[62],"tags":[653,23118,11026,10636,5244,8056,765,4386,251,2403,13188,45,3880,13158,17715,13795,13718,19795,14620,13467,13635,19794,63,19283,14621,13749,27,13508],"class_list":["post-94901","post","type-post","status-publish","format-standard","has-post-thumbnail","hentry","category-capital","tag-buap","tag-campana-politica","tag-ciudad-de-puebla","tag-estado-de-puebla","tag-gobernador-de-puebla","tag-gobierno-de-puebla","tag-imss","tag-imss-puebla","tag-pan","tag-partidos-politicos","tag-politica-puebla","tag-pri","tag-psi","tag-puebla-ciudad","tag-puebla-estado","tag-puebla-gobierno","tag-puebla-politica","tag-puebla-senadores","tag-puebla-udlap","tag-puebla-universidad","tag-puebla-universidades","tag-senadores-puebla","tag-udlap","tag-udlap-cholula","tag-udlap-puebla","tag-universidad-de-puebla","tag-upaep","tag-upaep-puebla"],"yoast_head":"<!-- This site is optimized with the Yoast SEO plugin v28.4 - https:\/\/yoast.com\/product\/yoast-seo-wordpress\/ -->\n<title>Recomienda IMSS Puebla reforzar prevenci\u00f3n de enfermedades respiratorias - AliadosPuebla<\/title>\n<meta name=\"robots\" content=\"index, follow, max-snippet:-1, max-image-preview:large, max-video-preview:-1\" \/>\n<link rel=\"canonical\" href=\"https:\/\/www.aliadospuebla.com\/?p=94901\" \/>\n<meta property=\"og:locale\" content=\"es_ES\" \/>\n<meta property=\"og:type\" content=\"article\" \/>\n<meta property=\"og:title\" content=\"Recomienda IMSS Puebla reforzar prevenci\u00f3n de enfermedades respiratorias - AliadosPuebla\" \/>\n<meta property=\"og:description\" content=\"El Instituto Mexicano del Seguro Social (IMSS) en Puebla invita a la poblaci\u00f3n en general a reforzar medidas de prevenci\u00f3n para disminuir o evitar la propagaci\u00f3n de enfermedades respiratorias, ante los constantes cambios clim\u00e1ticos. El uso correcto de cubrebocas, sobre todo si hay presencia de tos o resfriado, aplicar estornudo de etiqueta, realizar higiene frecuente de manos con agua y jab\u00f3n o gel antibacterial; evitar tocar ojos, nariz y boca, sobre todo extremar cuidados en grupos de la poblaci\u00f3n con mayor riesgo de contagio, para evitar complicaciones. La coordinadora auxiliar de Vigilancia Epidemiol\u00f3gica del Seguro Social en Puebla, m\u00e9dica Nataly Tlecuitl Mendoza, asegur\u00f3 que la detecci\u00f3n oportuna de enfermedad respiratoria corta la cadena de trasmisi\u00f3n. Precis\u00f3 que entre las recomendaciones est\u00e1n utilizar correctamente el cubrebocas,&hellip;Leer m\u00e1s...\" \/>\n<meta property=\"og:url\" content=\"https:\/\/www.aliadospuebla.com\/?p=94901\" \/>\n<meta property=\"og:site_name\" content=\"AliadosPuebla\" \/>\n<meta property=\"article:author\" content=\"https:\/\/www.facebook.com\/Aliados17Pue\" \/>\n<meta property=\"article:published_time\" content=\"2024-07-31T04:32:05+00:00\" \/>\n<meta property=\"og:image\" content=\"https:\/\/www.aliadospuebla.com\/web2017\/wp-content\/uploads\/2024\/07\/descarga-2024-07-30T222947.954.jpeg\" \/>\n\t<meta property=\"og:image:width\" content=\"1390\" \/>\n\t<meta property=\"og:image:height\" content=\"927\" \/>\n\t<meta property=\"og:image:type\" content=\"image\/jpeg\" \/>\n<meta name=\"author\" content=\"Aliados17\" \/>\n<meta name=\"twitter:card\" content=\"summary_large_image\" \/>\n<meta name=\"twitter:creator\" content=\"@AliadosPuebla\" \/>\n<meta name=\"twitter:label1\" content=\"Escrito por\" \/>\n\t<meta name=\"twitter:data1\" content=\"Aliados17\" \/>\n\t<meta name=\"twitter:label2\" content=\"Tiempo de lectura\" \/>\n\t<meta name=\"twitter:data2\" content=\"3 minutos\" \/>\n<script type=\"application\/ld+json\" class=\"yoast-schema-graph\">{\"@context\":\"https:\\\/\\\/schema.org\",\"@graph\":[{\"@type\":\"Article\",\"@id\":\"https:\\\/\\\/www.aliadospuebla.com\\\/?p=94901#article\",\"isPartOf\":{\"@id\":\"https:\\\/\\\/www.aliadospuebla.com\\\/?p=94901\"},\"author\":{\"name\":\"Aliados17\",\"@id\":\"https:\\\/\\\/www.aliadospuebla.com\\\/#\\\/schema\\\/person\\\/5da7dd09320bd4f392b710017ed5f8ad\"},\"headline\":\"Recomienda IMSS Puebla reforzar prevenci\u00f3n de enfermedades respiratorias\",\"datePublished\":\"2024-07-31T04:32:05+00:00\",\"mainEntityOfPage\":{\"@id\":\"https:\\\/\\\/www.aliadospuebla.com\\\/?p=94901\"},\"wordCount\":485,\"commentCount\":0,\"image\":{\"@id\":\"https:\\\/\\\/www.aliadospuebla.com\\\/?p=94901#primaryimage\"},\"thumbnailUrl\":\"https:\\\/\\\/www.aliadospuebla.com\\\/web2017\\\/wp-content\\\/uploads\\\/2024\\\/07\\\/descarga-2024-07-30T222947.954.jpeg\",\"keywords\":[\"BUAP\",\"Campa\u00f1a politica\",\"CIUDAD DE PUEBLA\",\"ESTADO DE PUEBLA\",\"GOBERNADOR DE PUEBLA\",\"GOBIERNO DE PUEBLA\",\"IMSS\",\"IMSS PUEBLA\",\"PAN\",\"PARTIDOS POL\u00cdTICOS\",\"Politica Puebla\",\"PRI\",\"PSI\",\"Puebla Ciudad\",\"Puebla estado\",\"Puebla gobierno\",\"puebla politica\",\"Puebla Senadores\",\"Puebla UDLAP\",\"Puebla Universidad\",\"Puebla Universidades\",\"Senadores Puebla\",\"Udlap\",\"Udlap cholula\",\"UDLAP Puebla\",\"Universidad de Puebla\",\"UPAEP\",\"UPAEP Puebla\"],\"articleSection\":[\"Capital\"],\"inLanguage\":\"es\",\"potentialAction\":[{\"@type\":\"CommentAction\",\"name\":\"Comment\",\"target\":[\"https:\\\/\\\/www.aliadospuebla.com\\\/?p=94901#respond\"]}]},{\"@type\":\"WebPage\",\"@id\":\"https:\\\/\\\/www.aliadospuebla.com\\\/?p=94901\",\"url\":\"https:\\\/\\\/www.aliadospuebla.com\\\/?p=94901\",\"name\":\"Recomienda IMSS Puebla reforzar prevenci\u00f3n de enfermedades respiratorias - AliadosPuebla\",\"isPartOf\":{\"@id\":\"https:\\\/\\\/www.aliadospuebla.com\\\/#website\"},\"primaryImageOfPage\":{\"@id\":\"https:\\\/\\\/www.aliadospuebla.com\\\/?p=94901#primaryimage\"},\"image\":{\"@id\":\"https:\\\/\\\/www.aliadospuebla.com\\\/?p=94901#primaryimage\"},\"thumbnailUrl\":\"https:\\\/\\\/www.aliadospuebla.com\\\/web2017\\\/wp-content\\\/uploads\\\/2024\\\/07\\\/descarga-2024-07-30T222947.954.jpeg\",\"datePublished\":\"2024-07-31T04:32:05+00:00\",\"author\":{\"@id\":\"https:\\\/\\\/www.aliadospuebla.com\\\/#\\\/schema\\\/person\\\/5da7dd09320bd4f392b710017ed5f8ad\"},\"breadcrumb\":{\"@id\":\"https:\\\/\\\/www.aliadospuebla.com\\\/?p=94901#breadcrumb\"},\"inLanguage\":\"es\",\"potentialAction\":[{\"@type\":\"ReadAction\",\"target\":[\"https:\\\/\\\/www.aliadospuebla.com\\\/?p=94901\"]}]},{\"@type\":\"ImageObject\",\"inLanguage\":\"es\",\"@id\":\"https:\\\/\\\/www.aliadospuebla.com\\\/?p=94901#primaryimage\",\"url\":\"https:\\\/\\\/www.aliadospuebla.com\\\/web2017\\\/wp-content\\\/uploads\\\/2024\\\/07\\\/descarga-2024-07-30T222947.954.jpeg\",\"contentUrl\":\"https:\\\/\\\/www.aliadospuebla.com\\\/web2017\\\/wp-content\\\/uploads\\\/2024\\\/07\\\/descarga-2024-07-30T222947.954.jpeg\",\"width\":1390,\"height\":927},{\"@type\":\"BreadcrumbList\",\"@id\":\"https:\\\/\\\/www.aliadospuebla.com\\\/?p=94901#breadcrumb\",\"itemListElement\":[{\"@type\":\"ListItem\",\"position\":1,\"name\":\"Portada\",\"item\":\"https:\\\/\\\/www.aliadospuebla.com\\\/\"},{\"@type\":\"ListItem\",\"position\":2,\"name\":\"Recomienda IMSS Puebla reforzar prevenci\u00f3n de enfermedades respiratorias\"}]},{\"@type\":\"WebSite\",\"@id\":\"https:\\\/\\\/www.aliadospuebla.com\\\/#website\",\"url\":\"https:\\\/\\\/www.aliadospuebla.com\\\/\",\"name\":\"AliadosPuebla\",\"description\":\"La informaci\u00f3n en tus manos\",\"potentialAction\":[{\"@type\":\"SearchAction\",\"target\":{\"@type\":\"EntryPoint\",\"urlTemplate\":\"https:\\\/\\\/www.aliadospuebla.com\\\/?s={search_term_string}\"},\"query-input\":{\"@type\":\"PropertyValueSpecification\",\"valueRequired\":true,\"valueName\":\"search_term_string\"}}],\"inLanguage\":\"es\"},{\"@type\":\"Person\",\"@id\":\"https:\\\/\\\/www.aliadospuebla.com\\\/#\\\/schema\\\/person\\\/5da7dd09320bd4f392b710017ed5f8ad\",\"name\":\"Aliados17\",\"image\":{\"@type\":\"ImageObject\",\"inLanguage\":\"es\",\"@id\":\"https:\\\/\\\/www.aliadospuebla.com\\\/web2017\\\/wp-content\\\/uploads\\\/2025\\\/03\\\/cropped-para-perfil-8-anos-1-96x96.jpg\",\"url\":\"https:\\\/\\\/www.aliadospuebla.com\\\/web2017\\\/wp-content\\\/uploads\\\/2025\\\/03\\\/cropped-para-perfil-8-anos-1-96x96.jpg\",\"contentUrl\":\"https:\\\/\\\/www.aliadospuebla.com\\\/web2017\\\/wp-content\\\/uploads\\\/2025\\\/03\\\/cropped-para-perfil-8-anos-1-96x96.jpg\",\"caption\":\"Aliados17\"},\"sameAs\":[\"https:\\\/\\\/www.aliados17.com\",\"https:\\\/\\\/www.facebook.com\\\/Aliados17Pue\",\"https:\\\/\\\/x.com\\\/AliadosPuebla\"],\"url\":\"https:\\\/\\\/www.aliadospuebla.com\\\/?author=2\"}]}<\/script>\n<!-- \/ Yoast SEO plugin. -->","yoast_head_json":{"title":"Recomienda IMSS Puebla reforzar prevenci\u00f3n de enfermedades respiratorias - AliadosPuebla","robots":{"index":"index","follow":"follow","max-snippet":"max-snippet:-1","max-image-preview":"max-image-preview:large","max-video-preview":"max-video-preview:-1"},"canonical":"https:\/\/www.aliadospuebla.com\/?p=94901","og_locale":"es_ES","og_type":"article","og_title":"Recomienda IMSS Puebla reforzar prevenci\u00f3n de enfermedades respiratorias - AliadosPuebla","og_description":"El Instituto Mexicano del Seguro Social (IMSS) en Puebla invita a la poblaci\u00f3n en general a reforzar medidas de prevenci\u00f3n para disminuir o evitar la propagaci\u00f3n de enfermedades respiratorias, ante los constantes cambios clim\u00e1ticos. El uso correcto de cubrebocas, sobre todo si hay presencia de tos o resfriado, aplicar estornudo de etiqueta, realizar higiene frecuente de manos con agua y jab\u00f3n o gel antibacterial; evitar tocar ojos, nariz y boca, sobre todo extremar cuidados en grupos de la poblaci\u00f3n con mayor riesgo de contagio, para evitar complicaciones. La coordinadora auxiliar de Vigilancia Epidemiol\u00f3gica del Seguro Social en Puebla, m\u00e9dica Nataly Tlecuitl Mendoza, asegur\u00f3 que la detecci\u00f3n oportuna de enfermedad respiratoria corta la cadena de trasmisi\u00f3n. Precis\u00f3 que entre las recomendaciones est\u00e1n utilizar correctamente el cubrebocas,&hellip;Leer m\u00e1s...","og_url":"https:\/\/www.aliadospuebla.com\/?p=94901","og_site_name":"AliadosPuebla","article_author":"https:\/\/www.facebook.com\/Aliados17Pue","article_published_time":"2024-07-31T04:32:05+00:00","og_image":[{"width":1390,"height":927,"url":"https:\/\/www.aliadospuebla.com\/web2017\/wp-content\/uploads\/2024\/07\/descarga-2024-07-30T222947.954.jpeg","type":"image\/jpeg"}],"author":"Aliados17","twitter_card":"summary_large_image","twitter_creator":"@AliadosPuebla","twitter_misc":{"Escrito por":"Aliados17","Tiempo de lectura":"3 minutos"},"schema":{"@context":"https:\/\/schema.org","@graph":[{"@type":"Article","@id":"https:\/\/www.aliadospuebla.com\/?p=94901#article","isPartOf":{"@id":"https:\/\/www.aliadospuebla.com\/?p=94901"},"author":{"name":"Aliados17","@id":"https:\/\/www.aliadospuebla.com\/#\/schema\/person\/5da7dd09320bd4f392b710017ed5f8ad"},"headline":"Recomienda IMSS Puebla reforzar prevenci\u00f3n de enfermedades respiratorias","datePublished":"2024-07-31T04:32:05+00:00","mainEntityOfPage":{"@id":"https:\/\/www.aliadospuebla.com\/?p=94901"},"wordCount":485,"commentCount":0,"image":{"@id":"https:\/\/www.aliadospuebla.com\/?p=94901#primaryimage"},"thumbnailUrl":"https:\/\/www.aliadospuebla.com\/web2017\/wp-content\/uploads\/2024\/07\/descarga-2024-07-30T222947.954.jpeg","keywords":["BUAP","Campa\u00f1a politica","CIUDAD DE PUEBLA","ESTADO DE PUEBLA","GOBERNADOR DE PUEBLA","GOBIERNO DE PUEBLA","IMSS","IMSS PUEBLA","PAN","PARTIDOS POL\u00cdTICOS","Politica Puebla","PRI","PSI","Puebla Ciudad","Puebla estado","Puebla gobierno","puebla politica","Puebla Senadores","Puebla UDLAP","Puebla Universidad","Puebla Universidades","Senadores Puebla","Udlap","Udlap cholula","UDLAP Puebla","Universidad de Puebla","UPAEP","UPAEP Puebla"],"articleSection":["Capital"],"inLanguage":"es","potentialAction":[{"@type":"CommentAction","name":"Comment","target":["https:\/\/www.aliadospuebla.com\/?p=94901#respond"]}]},{"@type":"WebPage","@id":"https:\/\/www.aliadospuebla.com\/?p=94901","url":"https:\/\/www.aliadospuebla.com\/?p=94901","name":"Recomienda IMSS Puebla reforzar prevenci\u00f3n de enfermedades respiratorias - AliadosPuebla","isPartOf":{"@id":"https:\/\/www.aliadospuebla.com\/#website"},"primaryImageOfPage":{"@id":"https:\/\/www.aliadospuebla.com\/?p=94901#primaryimage"},"image":{"@id":"https:\/\/www.aliadospuebla.com\/?p=94901#primaryimage"},"thumbnailUrl":"https:\/\/www.aliadospuebla.com\/web2017\/wp-content\/uploads\/2024\/07\/descarga-2024-07-30T222947.954.jpeg","datePublished":"2024-07-31T04:32:05+00:00","author":{"@id":"https:\/\/www.aliadospuebla.com\/#\/schema\/person\/5da7dd09320bd4f392b710017ed5f8ad"},"breadcrumb":{"@id":"https:\/\/www.aliadospuebla.com\/?p=94901#breadcrumb"},"inLanguage":"es","potentialAction":[{"@type":"ReadAction","target":["https:\/\/www.aliadospuebla.com\/?p=94901"]}]},{"@type":"ImageObject","inLanguage":"es","@id":"https:\/\/www.aliadospuebla.com\/?p=94901#primaryimage","url":"https:\/\/www.aliadospuebla.com\/web2017\/wp-content\/uploads\/2024\/07\/descarga-2024-07-30T222947.954.jpeg","contentUrl":"https:\/\/www.aliadospuebla.com\/web2017\/wp-content\/uploads\/2024\/07\/descarga-2024-07-30T222947.954.jpeg","width":1390,"height":927},{"@type":"BreadcrumbList","@id":"https:\/\/www.aliadospuebla.com\/?p=94901#breadcrumb","itemListElement":[{"@type":"ListItem","position":1,"name":"Portada","item":"https:\/\/www.aliadospuebla.com\/"},{"@type":"ListItem","position":2,"name":"Recomienda IMSS Puebla reforzar prevenci\u00f3n de enfermedades respiratorias"}]},{"@type":"WebSite","@id":"https:\/\/www.aliadospuebla.com\/#website","url":"https:\/\/www.aliadospuebla.com\/","name":"AliadosPuebla","description":"La informaci\u00f3n en tus manos","potentialAction":[{"@type":"SearchAction","target":{"@type":"EntryPoint","urlTemplate":"https:\/\/www.aliadospuebla.com\/?s={search_term_string}"},"query-input":{"@type":"PropertyValueSpecification","valueRequired":true,"valueName":"search_term_string"}}],"inLanguage":"es"},{"@type":"Person","@id":"https:\/\/www.aliadospuebla.com\/#\/schema\/person\/5da7dd09320bd4f392b710017ed5f8ad","name":"Aliados17","image":{"@type":"ImageObject","inLanguage":"es","@id":"https:\/\/www.aliadospuebla.com\/web2017\/wp-content\/uploads\/2025\/03\/cropped-para-perfil-8-anos-1-96x96.jpg","url":"https:\/\/www.aliadospuebla.com\/web2017\/wp-content\/uploads\/2025\/03\/cropped-para-perfil-8-anos-1-96x96.jpg","contentUrl":"https:\/\/www.aliadospuebla.com\/web2017\/wp-content\/uploads\/2025\/03\/cropped-para-perfil-8-anos-1-96x96.jpg","caption":"Aliados17"},"sameAs":["https:\/\/www.aliados17.com","https:\/\/www.facebook.com\/Aliados17Pue","https:\/\/x.com\/AliadosPuebla"],"url":"https:\/\/www.aliadospuebla.com\/?author=2"}]}},"views":8,"_links":{"self":[{"href":"https:\/\/www.aliadospuebla.com\/index.php?rest_route=\/wp\/v2\/posts\/94901","targetHints":{"allow":["GET"]}}],"collection":[{"href":"https:\/\/www.aliadospuebla.com\/index.php?rest_route=\/wp\/v2\/posts"}],"about":[{"href":"https:\/\/www.aliadospuebla.com\/index.php?rest_route=\/wp\/v2\/types\/post"}],"author":[{"embeddable":true,"href":"https:\/\/www.aliadospuebla.com\/index.php?rest_route=\/wp\/v2\/users\/2"}],"replies":[{"embeddable":true,"href":"https:\/\/www.aliadospuebla.com\/index.php?rest_route=%2Fwp%2Fv2%2Fcomments&post=94901"}],"version-history":[{"count":1,"href":"https:\/\/www.aliadospuebla.com\/index.php?rest_route=\/wp\/v2\/posts\/94901\/revisions"}],"predecessor-version":[{"id":94912,"href":"https:\/\/www.aliadospuebla.com\/index.php?rest_route=\/wp\/v2\/posts\/94901\/revisions\/94912"}],"wp:featuredmedia":[{"embeddable":true,"href":"https:\/\/www.aliadospuebla.com\/index.php?rest_route=\/wp\/v2\/media\/94910"}],"wp:attachment":[{"href":"https:\/\/www.aliadospuebla.com\/index.php?rest_route=%2Fwp%2Fv2%2Fmedia&parent=94901"}],"wp:term":[{"taxonomy":"category","embeddable":true,"href":"https:\/\/www.aliadospuebla.com\/index.php?rest_route=%2Fwp%2Fv2%2Fcategories&post=94901"},{"taxonomy":"post_tag","embeddable":true,"href":"https:\/\/www.aliadospuebla.com\/index.php?rest_route=%2Fwp%2Fv2%2Ftags&post=94901"}],"curies":[{"name":"wp","href":"https:\/\/api.w.org\/{rel}","templated":true}]}}