{"id":94574,"date":"2024-07-19T23:24:29","date_gmt":"2024-07-20T05:24:29","guid":{"rendered":"https:\/\/www.aliados17.com\/?p=94574"},"modified":"2024-07-19T23:24:29","modified_gmt":"2024-07-20T05:24:29","slug":"tedxudlap-2024-una-incubadora-de-ideas-y-suenos-reales","status":"publish","type":"post","link":"https:\/\/www.aliadospuebla.com\/?p=94574","title":{"rendered":"TEDxUDLAP 2024 una incubadora de ideas y sue\u00f1os reales"},"content":{"rendered":"<p><b>Cholula, Puebla, a 19 de julio de 2024.-\u00a0<\/b>La Universidad de las Am\u00e9ricas Puebla volvi\u00f3 a ser el espacio donde se cuentan ideas<\/p>\n<p>innovadoras, sue\u00f1os e historias sobre tecnolog\u00eda, arte, ciencia y negocios, al realizar una edici\u00f3n m\u00e1s de TEDxUDLAP, que en esta ocasi\u00f3n<\/p>\n<p>cont\u00f3 con la participaci\u00f3n de empresarios, m\u00e9dicos y creadores de contenido.<\/p>\n<p>&nbsp;<\/p>\n<p>Durante un d\u00eda, la UDLAP reuni\u00f3 a personalidades en diversos campos del conocimiento para presentar sus ideas, formas de pensar y su<\/p>\n<p>pasi\u00f3n por un tema en espec\u00edfico con la realizaci\u00f3n de las pl\u00e1ticas TEDx, que en este a\u00f1o present\u00f3 10 ponencias con alto valor en su<\/p>\n<p>contenido. Entre ellas estuvo la presentada por la Dra. Margarita Fosado, presidenta de la Sociedad de Gastroenterolog\u00eda del Estado de<\/p>\n<p>Puebla, quien se\u00f1al\u00f3 que el continente americano tiene un alto \u00edndice de personas con sobrepeso y obesidad, indicando que Argentina,<\/p>\n<p>Venezuela, Uruguay, Chile y M\u00e9xico son los pa\u00edses punteros. Esto se agrava al reconocer que hay enfermedades fatales relacionadas a estos<\/p>\n<p>padecimientos que van en aumento, como es el c\u00e1ncer. \u201cLa tasa de mortalidad seg\u00fan el INEGI va en aumento, desde el 2010 por entidad<\/p>\n<p>federativa podemos observar que, en algunos estados, sobre todo del norte, tienen las tasas por defunci\u00f3n m\u00e1s altas del pa\u00eds, comparado con<\/p>\n<p>Puebla o Guerrero\u201d.<\/p>\n<p>En su turno el Lic. Rodrigo Garc\u00eda, co-fundador de FTN Method, narr\u00f3 c\u00f3mo a los 13 a\u00f1os sobrevivi\u00f3 de una ca\u00edda de 15 metros y contra<\/p>\n<p>todos los diagn\u00f3sticos pudo caminar para tener una vida com\u00fan. En su historia, mencion\u00f3 a las personas involucradas en su accidente y<\/p>\n<p>c\u00f3mo cada una de ellas fue significativa para poder salir adelante, sobre todo por los pron\u00f3sticos desalentadores que le dieron, por lo que<\/p>\n<p>aconsej\u00f3 a los participantes del TEDx, no comprarse las ideas de los dem\u00e1s, sino a llevar la vida y esforzarse por ser dichoso. \u201cCada vez que<\/p>\n<p>pasa una situaci\u00f3n dif\u00edcil o complicada en mi vida tengo dos opciones y siempre elijo la que me haga feliz, porque nunca sabes cuando puede<\/p>\n<p>ser tu \u00faltimo momento\u201d.<\/p>\n<p>Entre los varios ponentes tambi\u00e9n estuvo el Lic. Luis Miguel Altamirano, financiero, empresario y creador de contenido, mejor conocido<\/p>\n<p>como Luis Mi Negocios. En su mensaje explic\u00f3 c\u00f3mo una persona puede configurar su cerebro hacia una mentalidad que le ayude a crecer en<\/p>\n<p>temas de riqueza dando diferentes pasos: primero, a no tener miedo a buscar algo mejor; segundo, evitar esa frustraci\u00f3n de querer tener m\u00e1s<\/p>\n<p>a toda costa; tercero, cuando se tengan las posibilidades econ\u00f3micas no comprar de m\u00e1s; cuarto a enfocarse al lugar en donde se quiere estar,<\/p>\n<p>c\u00f3mo y en qu\u00e9 condiciones. \u201cEs por eso que mi mensaje en redes sociales es: podemos vivir bien financieramente con un estilo de vida<\/p>\n<p>modesto, b\u00e1sicamente entender que no necesitamos m\u00e1s, que no es lo mismo a querer conformarnos; al contrario, siempre hay que ir por<\/p>\n<p>m\u00e1s, pero debemos saber bien hasta d\u00f3nde y qu\u00e9 es para nosotros riqueza\u201d, expres\u00f3 el Lic. Altamirano.<\/p>\n<p>&nbsp;<\/p>\n<p>El programa de esta edici\u00f3n de TEDxUDLAP tambi\u00e9n present\u00f3 a Vanessa Soriano, empresaria y fundadora de Versa\u00ectil; el Lic. Rodrigo Mata,<\/p>\n<p>fundador y director de Vita Rescue; la Lic. Paola Almontes, financiera, creadora de contenido y fundadora de Finanzas con Propo\u00ecsito; la<\/p>\n<p>Mtra. Andrea Zapata, directora General y fundadora de Cubic Community; la Lic. Monserrat Gonz\u00e1lez, tanat\u00f3loga y creadora de Un Espacio<\/p>\n<p>Para Ti Hombre; el Mtro. Rafael Sansores, empresario, LinkedIn Top Choice 2022 y creador de Inspiras; la Lic. Karla Barajas, creadora de<\/p>\n<p>contenido, escritora y podcaster del programa Sin Tanto Rollo; la Dra. Ana Cecilia Jara, m\u00e9dica genetista con Alta Especialidad en Gen\u00e9tica<\/p>\n<p>Perinatal; la Lic. Monserrat Peimbert, creadora de contenido y co-fundadora de Dendera; y a la Lic. Brenda Rocio Veronica (BrenVita),<\/p>\n<p>nutri\u00f3loga con alta especialidad en nutrici\u00f3n deportiva, empresaria, fundadora de Healthy Vita, B-Fit y de la marca deportiva INRISE.<\/p>\n<p>&nbsp;<\/p>\n<p>&nbsp;<\/p>\n<p>Cabe mencionar que la realizaci\u00f3n de TEDxUDLAP 2024 fue gracias a la organizaci\u00f3n de los propios estudiantes de la Universidad de las<\/p>\n<p>Am\u00e9ricas Puebla, encabezados por Maday Delaia Espinosa Fosado, presidenta de la organizaci\u00f3n estudiantil, quien para finalizar las<\/p>\n<p>actividades de este encuentro expres\u00f3 que el evento se hizo para que sus compa\u00f1eros conocieran distintas ideas que los inspiraran a seguir<\/p>\n<p>esforz\u00e1ndose.<\/p>\n","protected":false},"excerpt":{"rendered":"<p>Cholula, Puebla, a 19 de julio de 2024.-\u00a0La Universidad de las Am\u00e9ricas Puebla volvi\u00f3 a ser el espacio donde se cuentan ideas innovadoras, sue\u00f1os e historias sobre tecnolog\u00eda, arte, ciencia y negocios, al realizar una edici\u00f3n m\u00e1s de TEDxUDLAP, que en esta ocasi\u00f3n cont\u00f3 con la participaci\u00f3n de empresarios, m\u00e9dicos y creadores de contenido. &nbsp; Durante un d\u00eda, la UDLAP reuni\u00f3 a personalidades en diversos campos del conocimiento para presentar sus ideas, formas de pensar y su pasi\u00f3n por un tema en espec\u00edfico con la realizaci\u00f3n de las pl\u00e1ticas TEDx, que en este a\u00f1o present\u00f3 10 ponencias con alto valor en su contenido. Entre ellas estuvo la presentada por la Dra. Margarita Fosado, presidenta de la Sociedad de Gastroenterolog\u00eda del Estado de Puebla, quien se\u00f1al\u00f3&hellip;<\/p>\n<p class=\"excerpt-more\"><a class=\"blog-excerpt button\" href=\"https:\/\/www.aliadospuebla.com\/?p=94574\">Leer m\u00e1s&#8230;<\/a><\/p>\n","protected":false},"author":2,"featured_media":94588,"comment_status":"open","ping_status":"open","sticky":false,"template":"","format":"standard","meta":{"_monsterinsights_skip_tracking":false,"footnotes":""},"categories":[5],"tags":[7532,653,23118,11026,10636,5244,8056,23119,170,251,2403,13188,45,3880,13158,17715,13795,13718,19795,14620,13467,13635,19794,13575,15430,63,19283,14621,13749,27,13508],"class_list":["post-94574","post","type-post","status-publish","format-standard","has-post-thumbnail","hentry","category-universidades","tag-armenta","tag-buap","tag-campana-politica","tag-ciudad-de-puebla","tag-estado-de-puebla","tag-gobernador-de-puebla","tag-gobierno-de-puebla","tag-mario-puebla","tag-mario-riestra","tag-pan","tag-partidos-politicos","tag-politica-puebla","tag-pri","tag-psi","tag-puebla-ciudad","tag-puebla-estado","tag-puebla-gobierno","tag-puebla-politica","tag-puebla-senadores","tag-puebla-udlap","tag-puebla-universidad","tag-puebla-universidades","tag-senadores-puebla","tag-sergio-salomon","tag-tono-lopez","tag-udlap","tag-udlap-cholula","tag-udlap-puebla","tag-universidad-de-puebla","tag-upaep","tag-upaep-puebla"],"yoast_head":"<!-- This site is optimized with the Yoast SEO plugin v28.4 - https:\/\/yoast.com\/product\/yoast-seo-wordpress\/ -->\n<title>TEDxUDLAP 2024 una incubadora de ideas y sue\u00f1os reales - AliadosPuebla<\/title>\n<meta name=\"robots\" content=\"index, follow, max-snippet:-1, max-image-preview:large, max-video-preview:-1\" \/>\n<link rel=\"canonical\" href=\"https:\/\/www.aliadospuebla.com\/?p=94574\" \/>\n<meta property=\"og:locale\" content=\"es_ES\" \/>\n<meta property=\"og:type\" content=\"article\" \/>\n<meta property=\"og:title\" content=\"TEDxUDLAP 2024 una incubadora de ideas y sue\u00f1os reales - AliadosPuebla\" \/>\n<meta property=\"og:description\" content=\"Cholula, Puebla, a 19 de julio de 2024.-\u00a0La Universidad de las Am\u00e9ricas Puebla volvi\u00f3 a ser el espacio donde se cuentan ideas innovadoras, sue\u00f1os e historias sobre tecnolog\u00eda, arte, ciencia y negocios, al realizar una edici\u00f3n m\u00e1s de TEDxUDLAP, que en esta ocasi\u00f3n cont\u00f3 con la participaci\u00f3n de empresarios, m\u00e9dicos y creadores de contenido. &nbsp; Durante un d\u00eda, la UDLAP reuni\u00f3 a personalidades en diversos campos del conocimiento para presentar sus ideas, formas de pensar y su pasi\u00f3n por un tema en espec\u00edfico con la realizaci\u00f3n de las pl\u00e1ticas TEDx, que en este a\u00f1o present\u00f3 10 ponencias con alto valor en su contenido. Entre ellas estuvo la presentada por la Dra. Margarita Fosado, presidenta de la Sociedad de Gastroenterolog\u00eda del Estado de Puebla, quien se\u00f1al\u00f3&hellip;Leer m\u00e1s...\" \/>\n<meta property=\"og:url\" content=\"https:\/\/www.aliadospuebla.com\/?p=94574\" \/>\n<meta property=\"og:site_name\" content=\"AliadosPuebla\" \/>\n<meta property=\"article:author\" content=\"https:\/\/www.facebook.com\/Aliados17Pue\" \/>\n<meta property=\"article:published_time\" content=\"2024-07-20T05:24:29+00:00\" \/>\n<meta property=\"og:image\" content=\"https:\/\/www.aliadospuebla.com\/web2017\/wp-content\/uploads\/2024\/07\/descarga-2024-07-19T232334.938.jpeg\" \/>\n\t<meta property=\"og:image:width\" content=\"1501\" \/>\n\t<meta property=\"og:image:height\" content=\"927\" \/>\n\t<meta property=\"og:image:type\" content=\"image\/jpeg\" \/>\n<meta name=\"author\" content=\"Aliados17\" \/>\n<meta name=\"twitter:card\" content=\"summary_large_image\" \/>\n<meta name=\"twitter:creator\" content=\"@AliadosPuebla\" \/>\n<meta name=\"twitter:label1\" content=\"Escrito por\" \/>\n\t<meta name=\"twitter:data1\" content=\"Aliados17\" \/>\n\t<meta name=\"twitter:label2\" content=\"Tiempo de lectura\" \/>\n\t<meta name=\"twitter:data2\" content=\"4 minutos\" \/>\n<script type=\"application\/ld+json\" class=\"yoast-schema-graph\">{\"@context\":\"https:\\\/\\\/schema.org\",\"@graph\":[{\"@type\":\"Article\",\"@id\":\"https:\\\/\\\/www.aliadospuebla.com\\\/?p=94574#article\",\"isPartOf\":{\"@id\":\"https:\\\/\\\/www.aliadospuebla.com\\\/?p=94574\"},\"author\":{\"name\":\"Aliados17\",\"@id\":\"https:\\\/\\\/www.aliadospuebla.com\\\/#\\\/schema\\\/person\\\/5da7dd09320bd4f392b710017ed5f8ad\"},\"headline\":\"TEDxUDLAP 2024 una incubadora de ideas y sue\u00f1os reales\",\"datePublished\":\"2024-07-20T05:24:29+00:00\",\"mainEntityOfPage\":{\"@id\":\"https:\\\/\\\/www.aliadospuebla.com\\\/?p=94574\"},\"wordCount\":764,\"commentCount\":0,\"image\":{\"@id\":\"https:\\\/\\\/www.aliadospuebla.com\\\/?p=94574#primaryimage\"},\"thumbnailUrl\":\"https:\\\/\\\/www.aliadospuebla.com\\\/web2017\\\/wp-content\\\/uploads\\\/2024\\\/07\\\/descarga-2024-07-19T232334.938.jpeg\",\"keywords\":[\"ARMENTA\",\"BUAP\",\"Campa\u00f1a politica\",\"CIUDAD DE PUEBLA\",\"ESTADO DE PUEBLA\",\"GOBERNADOR DE PUEBLA\",\"GOBIERNO DE PUEBLA\",\"Mario puebla\",\"Mario Riestra\",\"PAN\",\"PARTIDOS POL\u00cdTICOS\",\"Politica Puebla\",\"PRI\",\"PSI\",\"Puebla Ciudad\",\"Puebla estado\",\"Puebla gobierno\",\"puebla politica\",\"Puebla Senadores\",\"Puebla UDLAP\",\"Puebla Universidad\",\"Puebla Universidades\",\"Senadores Puebla\",\"Sergio Salomon\",\"To\u00f1o L\u00f3pez\",\"Udlap\",\"Udlap cholula\",\"UDLAP Puebla\",\"Universidad de Puebla\",\"UPAEP\",\"UPAEP Puebla\"],\"articleSection\":[\"Universidades\"],\"inLanguage\":\"es\",\"potentialAction\":[{\"@type\":\"CommentAction\",\"name\":\"Comment\",\"target\":[\"https:\\\/\\\/www.aliadospuebla.com\\\/?p=94574#respond\"]}]},{\"@type\":\"WebPage\",\"@id\":\"https:\\\/\\\/www.aliadospuebla.com\\\/?p=94574\",\"url\":\"https:\\\/\\\/www.aliadospuebla.com\\\/?p=94574\",\"name\":\"TEDxUDLAP 2024 una incubadora de ideas y sue\u00f1os reales - AliadosPuebla\",\"isPartOf\":{\"@id\":\"https:\\\/\\\/www.aliadospuebla.com\\\/#website\"},\"primaryImageOfPage\":{\"@id\":\"https:\\\/\\\/www.aliadospuebla.com\\\/?p=94574#primaryimage\"},\"image\":{\"@id\":\"https:\\\/\\\/www.aliadospuebla.com\\\/?p=94574#primaryimage\"},\"thumbnailUrl\":\"https:\\\/\\\/www.aliadospuebla.com\\\/web2017\\\/wp-content\\\/uploads\\\/2024\\\/07\\\/descarga-2024-07-19T232334.938.jpeg\",\"datePublished\":\"2024-07-20T05:24:29+00:00\",\"author\":{\"@id\":\"https:\\\/\\\/www.aliadospuebla.com\\\/#\\\/schema\\\/person\\\/5da7dd09320bd4f392b710017ed5f8ad\"},\"breadcrumb\":{\"@id\":\"https:\\\/\\\/www.aliadospuebla.com\\\/?p=94574#breadcrumb\"},\"inLanguage\":\"es\",\"potentialAction\":[{\"@type\":\"ReadAction\",\"target\":[\"https:\\\/\\\/www.aliadospuebla.com\\\/?p=94574\"]}]},{\"@type\":\"ImageObject\",\"inLanguage\":\"es\",\"@id\":\"https:\\\/\\\/www.aliadospuebla.com\\\/?p=94574#primaryimage\",\"url\":\"https:\\\/\\\/www.aliadospuebla.com\\\/web2017\\\/wp-content\\\/uploads\\\/2024\\\/07\\\/descarga-2024-07-19T232334.938.jpeg\",\"contentUrl\":\"https:\\\/\\\/www.aliadospuebla.com\\\/web2017\\\/wp-content\\\/uploads\\\/2024\\\/07\\\/descarga-2024-07-19T232334.938.jpeg\",\"width\":1501,\"height\":927},{\"@type\":\"BreadcrumbList\",\"@id\":\"https:\\\/\\\/www.aliadospuebla.com\\\/?p=94574#breadcrumb\",\"itemListElement\":[{\"@type\":\"ListItem\",\"position\":1,\"name\":\"Portada\",\"item\":\"https:\\\/\\\/www.aliadospuebla.com\\\/\"},{\"@type\":\"ListItem\",\"position\":2,\"name\":\"TEDxUDLAP 2024 una incubadora de ideas y sue\u00f1os reales\"}]},{\"@type\":\"WebSite\",\"@id\":\"https:\\\/\\\/www.aliadospuebla.com\\\/#website\",\"url\":\"https:\\\/\\\/www.aliadospuebla.com\\\/\",\"name\":\"AliadosPuebla\",\"description\":\"La informaci\u00f3n en tus manos\",\"potentialAction\":[{\"@type\":\"SearchAction\",\"target\":{\"@type\":\"EntryPoint\",\"urlTemplate\":\"https:\\\/\\\/www.aliadospuebla.com\\\/?s={search_term_string}\"},\"query-input\":{\"@type\":\"PropertyValueSpecification\",\"valueRequired\":true,\"valueName\":\"search_term_string\"}}],\"inLanguage\":\"es\"},{\"@type\":\"Person\",\"@id\":\"https:\\\/\\\/www.aliadospuebla.com\\\/#\\\/schema\\\/person\\\/5da7dd09320bd4f392b710017ed5f8ad\",\"name\":\"Aliados17\",\"image\":{\"@type\":\"ImageObject\",\"inLanguage\":\"es\",\"@id\":\"https:\\\/\\\/www.aliadospuebla.com\\\/web2017\\\/wp-content\\\/uploads\\\/2025\\\/03\\\/cropped-para-perfil-8-anos-1-96x96.jpg\",\"url\":\"https:\\\/\\\/www.aliadospuebla.com\\\/web2017\\\/wp-content\\\/uploads\\\/2025\\\/03\\\/cropped-para-perfil-8-anos-1-96x96.jpg\",\"contentUrl\":\"https:\\\/\\\/www.aliadospuebla.com\\\/web2017\\\/wp-content\\\/uploads\\\/2025\\\/03\\\/cropped-para-perfil-8-anos-1-96x96.jpg\",\"caption\":\"Aliados17\"},\"sameAs\":[\"https:\\\/\\\/www.aliados17.com\",\"https:\\\/\\\/www.facebook.com\\\/Aliados17Pue\",\"https:\\\/\\\/x.com\\\/AliadosPuebla\"],\"url\":\"https:\\\/\\\/www.aliadospuebla.com\\\/?author=2\"}]}<\/script>\n<!-- \/ Yoast SEO plugin. -->","yoast_head_json":{"title":"TEDxUDLAP 2024 una incubadora de ideas y sue\u00f1os reales - AliadosPuebla","robots":{"index":"index","follow":"follow","max-snippet":"max-snippet:-1","max-image-preview":"max-image-preview:large","max-video-preview":"max-video-preview:-1"},"canonical":"https:\/\/www.aliadospuebla.com\/?p=94574","og_locale":"es_ES","og_type":"article","og_title":"TEDxUDLAP 2024 una incubadora de ideas y sue\u00f1os reales - AliadosPuebla","og_description":"Cholula, Puebla, a 19 de julio de 2024.-\u00a0La Universidad de las Am\u00e9ricas Puebla volvi\u00f3 a ser el espacio donde se cuentan ideas innovadoras, sue\u00f1os e historias sobre tecnolog\u00eda, arte, ciencia y negocios, al realizar una edici\u00f3n m\u00e1s de TEDxUDLAP, que en esta ocasi\u00f3n cont\u00f3 con la participaci\u00f3n de empresarios, m\u00e9dicos y creadores de contenido. &nbsp; Durante un d\u00eda, la UDLAP reuni\u00f3 a personalidades en diversos campos del conocimiento para presentar sus ideas, formas de pensar y su pasi\u00f3n por un tema en espec\u00edfico con la realizaci\u00f3n de las pl\u00e1ticas TEDx, que en este a\u00f1o present\u00f3 10 ponencias con alto valor en su contenido. Entre ellas estuvo la presentada por la Dra. Margarita Fosado, presidenta de la Sociedad de Gastroenterolog\u00eda del Estado de Puebla, quien se\u00f1al\u00f3&hellip;Leer m\u00e1s...","og_url":"https:\/\/www.aliadospuebla.com\/?p=94574","og_site_name":"AliadosPuebla","article_author":"https:\/\/www.facebook.com\/Aliados17Pue","article_published_time":"2024-07-20T05:24:29+00:00","og_image":[{"width":1501,"height":927,"url":"https:\/\/www.aliadospuebla.com\/web2017\/wp-content\/uploads\/2024\/07\/descarga-2024-07-19T232334.938.jpeg","type":"image\/jpeg"}],"author":"Aliados17","twitter_card":"summary_large_image","twitter_creator":"@AliadosPuebla","twitter_misc":{"Escrito por":"Aliados17","Tiempo de lectura":"4 minutos"},"schema":{"@context":"https:\/\/schema.org","@graph":[{"@type":"Article","@id":"https:\/\/www.aliadospuebla.com\/?p=94574#article","isPartOf":{"@id":"https:\/\/www.aliadospuebla.com\/?p=94574"},"author":{"name":"Aliados17","@id":"https:\/\/www.aliadospuebla.com\/#\/schema\/person\/5da7dd09320bd4f392b710017ed5f8ad"},"headline":"TEDxUDLAP 2024 una incubadora de ideas y sue\u00f1os reales","datePublished":"2024-07-20T05:24:29+00:00","mainEntityOfPage":{"@id":"https:\/\/www.aliadospuebla.com\/?p=94574"},"wordCount":764,"commentCount":0,"image":{"@id":"https:\/\/www.aliadospuebla.com\/?p=94574#primaryimage"},"thumbnailUrl":"https:\/\/www.aliadospuebla.com\/web2017\/wp-content\/uploads\/2024\/07\/descarga-2024-07-19T232334.938.jpeg","keywords":["ARMENTA","BUAP","Campa\u00f1a politica","CIUDAD DE PUEBLA","ESTADO DE PUEBLA","GOBERNADOR DE PUEBLA","GOBIERNO DE PUEBLA","Mario puebla","Mario Riestra","PAN","PARTIDOS POL\u00cdTICOS","Politica Puebla","PRI","PSI","Puebla Ciudad","Puebla estado","Puebla gobierno","puebla politica","Puebla Senadores","Puebla UDLAP","Puebla Universidad","Puebla Universidades","Senadores Puebla","Sergio Salomon","To\u00f1o L\u00f3pez","Udlap","Udlap cholula","UDLAP Puebla","Universidad de Puebla","UPAEP","UPAEP Puebla"],"articleSection":["Universidades"],"inLanguage":"es","potentialAction":[{"@type":"CommentAction","name":"Comment","target":["https:\/\/www.aliadospuebla.com\/?p=94574#respond"]}]},{"@type":"WebPage","@id":"https:\/\/www.aliadospuebla.com\/?p=94574","url":"https:\/\/www.aliadospuebla.com\/?p=94574","name":"TEDxUDLAP 2024 una incubadora de ideas y sue\u00f1os reales - AliadosPuebla","isPartOf":{"@id":"https:\/\/www.aliadospuebla.com\/#website"},"primaryImageOfPage":{"@id":"https:\/\/www.aliadospuebla.com\/?p=94574#primaryimage"},"image":{"@id":"https:\/\/www.aliadospuebla.com\/?p=94574#primaryimage"},"thumbnailUrl":"https:\/\/www.aliadospuebla.com\/web2017\/wp-content\/uploads\/2024\/07\/descarga-2024-07-19T232334.938.jpeg","datePublished":"2024-07-20T05:24:29+00:00","author":{"@id":"https:\/\/www.aliadospuebla.com\/#\/schema\/person\/5da7dd09320bd4f392b710017ed5f8ad"},"breadcrumb":{"@id":"https:\/\/www.aliadospuebla.com\/?p=94574#breadcrumb"},"inLanguage":"es","potentialAction":[{"@type":"ReadAction","target":["https:\/\/www.aliadospuebla.com\/?p=94574"]}]},{"@type":"ImageObject","inLanguage":"es","@id":"https:\/\/www.aliadospuebla.com\/?p=94574#primaryimage","url":"https:\/\/www.aliadospuebla.com\/web2017\/wp-content\/uploads\/2024\/07\/descarga-2024-07-19T232334.938.jpeg","contentUrl":"https:\/\/www.aliadospuebla.com\/web2017\/wp-content\/uploads\/2024\/07\/descarga-2024-07-19T232334.938.jpeg","width":1501,"height":927},{"@type":"BreadcrumbList","@id":"https:\/\/www.aliadospuebla.com\/?p=94574#breadcrumb","itemListElement":[{"@type":"ListItem","position":1,"name":"Portada","item":"https:\/\/www.aliadospuebla.com\/"},{"@type":"ListItem","position":2,"name":"TEDxUDLAP 2024 una incubadora de ideas y sue\u00f1os reales"}]},{"@type":"WebSite","@id":"https:\/\/www.aliadospuebla.com\/#website","url":"https:\/\/www.aliadospuebla.com\/","name":"AliadosPuebla","description":"La informaci\u00f3n en tus manos","potentialAction":[{"@type":"SearchAction","target":{"@type":"EntryPoint","urlTemplate":"https:\/\/www.aliadospuebla.com\/?s={search_term_string}"},"query-input":{"@type":"PropertyValueSpecification","valueRequired":true,"valueName":"search_term_string"}}],"inLanguage":"es"},{"@type":"Person","@id":"https:\/\/www.aliadospuebla.com\/#\/schema\/person\/5da7dd09320bd4f392b710017ed5f8ad","name":"Aliados17","image":{"@type":"ImageObject","inLanguage":"es","@id":"https:\/\/www.aliadospuebla.com\/web2017\/wp-content\/uploads\/2025\/03\/cropped-para-perfil-8-anos-1-96x96.jpg","url":"https:\/\/www.aliadospuebla.com\/web2017\/wp-content\/uploads\/2025\/03\/cropped-para-perfil-8-anos-1-96x96.jpg","contentUrl":"https:\/\/www.aliadospuebla.com\/web2017\/wp-content\/uploads\/2025\/03\/cropped-para-perfil-8-anos-1-96x96.jpg","caption":"Aliados17"},"sameAs":["https:\/\/www.aliados17.com","https:\/\/www.facebook.com\/Aliados17Pue","https:\/\/x.com\/AliadosPuebla"],"url":"https:\/\/www.aliadospuebla.com\/?author=2"}]}},"views":10,"_links":{"self":[{"href":"https:\/\/www.aliadospuebla.com\/index.php?rest_route=\/wp\/v2\/posts\/94574","targetHints":{"allow":["GET"]}}],"collection":[{"href":"https:\/\/www.aliadospuebla.com\/index.php?rest_route=\/wp\/v2\/posts"}],"about":[{"href":"https:\/\/www.aliadospuebla.com\/index.php?rest_route=\/wp\/v2\/types\/post"}],"author":[{"embeddable":true,"href":"https:\/\/www.aliadospuebla.com\/index.php?rest_route=\/wp\/v2\/users\/2"}],"replies":[{"embeddable":true,"href":"https:\/\/www.aliadospuebla.com\/index.php?rest_route=%2Fwp%2Fv2%2Fcomments&post=94574"}],"version-history":[{"count":1,"href":"https:\/\/www.aliadospuebla.com\/index.php?rest_route=\/wp\/v2\/posts\/94574\/revisions"}],"predecessor-version":[{"id":94589,"href":"https:\/\/www.aliadospuebla.com\/index.php?rest_route=\/wp\/v2\/posts\/94574\/revisions\/94589"}],"wp:featuredmedia":[{"embeddable":true,"href":"https:\/\/www.aliadospuebla.com\/index.php?rest_route=\/wp\/v2\/media\/94588"}],"wp:attachment":[{"href":"https:\/\/www.aliadospuebla.com\/index.php?rest_route=%2Fwp%2Fv2%2Fmedia&parent=94574"}],"wp:term":[{"taxonomy":"category","embeddable":true,"href":"https:\/\/www.aliadospuebla.com\/index.php?rest_route=%2Fwp%2Fv2%2Fcategories&post=94574"},{"taxonomy":"post_tag","embeddable":true,"href":"https:\/\/www.aliadospuebla.com\/index.php?rest_route=%2Fwp%2Fv2%2Ftags&post=94574"}],"curies":[{"name":"wp","href":"https:\/\/api.w.org\/{rel}","templated":true}]}}