{"id":94448,"date":"2024-07-15T22:26:33","date_gmt":"2024-07-16T04:26:33","guid":{"rendered":"https:\/\/www.aliados17.com\/?p=94448"},"modified":"2024-07-15T22:26:33","modified_gmt":"2024-07-16T04:26:33","slug":"con-sala-de-hemodinamia-gobierno-estatal-contribuye-a-mejorar-calidad-de-vida-de-poblanos","status":"publish","type":"post","link":"https:\/\/www.aliadospuebla.com\/?p=94448","title":{"rendered":"CON SALA DE HEMODINAMIA, GOBIERNO ESTATAL CONTRIBUYE  A MEJORAR CALIDAD DE VIDA DE POBLANOS"},"content":{"rendered":"<h4><em>-Este espacio est\u00e1 ubicado en el Complejo M\u00e9dico del Sur \u00abEduardo V\u00e1zquez Navarro\u00bb<\/em><\/h4>\n<p><strong>CIUDAD DE PUEBLA, Pue.-<\/strong> Derivado de la visi\u00f3n para garantizar el acceso a la salud, as\u00ed como para contribuir a mejorar la calidad de vida de las y los poblanos que padecen enfermedades del coraz\u00f3n, el gobernador Sergio Salom\u00f3n presidi\u00f3 la inauguraci\u00f3n de la Sala de Hemodinamia del Complejo M\u00e9dico del Sur \u00abEduardo V\u00e1zquez Navarro\u00bb.<\/p>\n<p>&nbsp;<\/p>\n<p>En su mensaje, el titular del Ejecutivo coment\u00f3 que, a 19 meses de asumir el cargo, su administraci\u00f3n ha demostrado que se ocupa por generar mejores condiciones de vida, as\u00ed como brindar las herramientas y espacios necesarios para que en Puebla el progreso y bienestar sean una realidad.<\/p>\n<p>&nbsp;<\/p>\n<p>Ejemplo de ello, es la Sala de Hemodinamia que se suma a la nueva Unidad de Oftalmolog\u00eda en el Hospital General de Cholula, as\u00ed como la reconstrucci\u00f3n del Hospital San Alejandro, que hoy en d\u00eda presenta avances muy importantes gracias a la colaboraci\u00f3n entre este gobierno presente y el del presidente Andr\u00e9s Manuel L\u00f3pez Obrador.<\/p>\n<p>&nbsp;<\/p>\n<p>Recalc\u00f3 que el gobierno de Puebla y la federaci\u00f3n coadyuvan para fortalecer el sistema de salud y brindar una atenci\u00f3n m\u00e9dica eficiente y de calidad para todas y todos, ya sean derechohabientes o no. Reconoci\u00f3 a quienes integran el sistema de salud por el trabajo que realizan diariamente para garantizar el bienestar de las y los poblanos.<\/p>\n<p>&nbsp;<\/p>\n<p>La titular de la Secretar\u00eda de Salud, Araceli Soria C\u00f3rdoba coment\u00f3 que, con dicha sala, est\u00e1 proyectado realizar mil 020 procedimientos anuales como angiograf\u00edas coronarias, cateterismo, angioplast\u00edas, entre otros.<\/p>\n<p>&nbsp;<\/p>\n<p>A\u00f1adi\u00f3 que la administraci\u00f3n que encabeza Sergio Salom\u00f3n ha realizado una inversi\u00f3n hist\u00f3rica para fortalecer los servicios de salud y que las y los poblanos reciban una atenci\u00f3n equitativa. En el evento estuvieron presentes el coordinador estatal del IMSS-BIENESTAR, Ger\u00f3nimo Lara G\u00e1lvez y Jairo Rodr\u00edguez Far\u00edas, director general del Hospital General del Sur.<\/p>\n","protected":false},"excerpt":{"rendered":"<p>-Este espacio est\u00e1 ubicado en el Complejo M\u00e9dico del Sur \u00abEduardo V\u00e1zquez Navarro\u00bb CIUDAD DE PUEBLA, Pue.- Derivado de la visi\u00f3n para garantizar el acceso a la salud, as\u00ed como para contribuir a mejorar la calidad de vida de las y los poblanos que padecen enfermedades del coraz\u00f3n, el gobernador Sergio Salom\u00f3n presidi\u00f3 la inauguraci\u00f3n de la Sala de Hemodinamia del Complejo M\u00e9dico del Sur \u00abEduardo V\u00e1zquez Navarro\u00bb. &nbsp; En su mensaje, el titular del Ejecutivo coment\u00f3 que, a 19 meses de asumir el cargo, su administraci\u00f3n ha demostrado que se ocupa por generar mejores condiciones de vida, as\u00ed como brindar las herramientas y espacios necesarios para que en Puebla el progreso y bienestar sean una realidad. &nbsp; Ejemplo de ello, es la Sala de&hellip;<\/p>\n<p class=\"excerpt-more\"><a class=\"blog-excerpt button\" href=\"https:\/\/www.aliadospuebla.com\/?p=94448\">Leer m\u00e1s&#8230;<\/a><\/p>\n","protected":false},"author":2,"featured_media":94449,"comment_status":"open","ping_status":"open","sticky":false,"template":"","format":"standard","meta":{"_monsterinsights_skip_tracking":false,"footnotes":""},"categories":[61],"tags":[1692,23653,23652,10666,22934],"class_list":["post-94448","post","type-post","status-publish","format-standard","has-post-thumbnail","hentry","category-gobierno","tag-calidad-de-vida","tag-complejo-medico-del-sur","tag-sala-de-hemodinamia","tag-sergio-salomon-cespedes-peregrina","tag-unidad-de-oftalmologia"],"yoast_head":"<!-- This site is optimized with the Yoast SEO plugin v28.4 - https:\/\/yoast.com\/product\/yoast-seo-wordpress\/ -->\n<title>CON SALA DE HEMODINAMIA, GOBIERNO ESTATAL CONTRIBUYE A MEJORAR CALIDAD DE VIDA DE POBLANOS - AliadosPuebla<\/title>\n<meta name=\"robots\" content=\"index, follow, max-snippet:-1, max-image-preview:large, max-video-preview:-1\" \/>\n<link rel=\"canonical\" href=\"https:\/\/www.aliadospuebla.com\/?p=94448\" \/>\n<meta property=\"og:locale\" content=\"es_ES\" \/>\n<meta property=\"og:type\" content=\"article\" \/>\n<meta property=\"og:title\" content=\"CON SALA DE HEMODINAMIA, GOBIERNO ESTATAL CONTRIBUYE A MEJORAR CALIDAD DE VIDA DE POBLANOS - AliadosPuebla\" \/>\n<meta property=\"og:description\" content=\"-Este espacio est\u00e1 ubicado en el Complejo M\u00e9dico del Sur \u00abEduardo V\u00e1zquez Navarro\u00bb CIUDAD DE PUEBLA, Pue.- Derivado de la visi\u00f3n para garantizar el acceso a la salud, as\u00ed como para contribuir a mejorar la calidad de vida de las y los poblanos que padecen enfermedades del coraz\u00f3n, el gobernador Sergio Salom\u00f3n presidi\u00f3 la inauguraci\u00f3n de la Sala de Hemodinamia del Complejo M\u00e9dico del Sur \u00abEduardo V\u00e1zquez Navarro\u00bb. &nbsp; En su mensaje, el titular del Ejecutivo coment\u00f3 que, a 19 meses de asumir el cargo, su administraci\u00f3n ha demostrado que se ocupa por generar mejores condiciones de vida, as\u00ed como brindar las herramientas y espacios necesarios para que en Puebla el progreso y bienestar sean una realidad. &nbsp; Ejemplo de ello, es la Sala de&hellip;Leer m\u00e1s...\" \/>\n<meta property=\"og:url\" content=\"https:\/\/www.aliadospuebla.com\/?p=94448\" \/>\n<meta property=\"og:site_name\" content=\"AliadosPuebla\" \/>\n<meta property=\"article:author\" content=\"https:\/\/www.facebook.com\/Aliados17Pue\" \/>\n<meta property=\"article:published_time\" content=\"2024-07-16T04:26:33+00:00\" \/>\n<meta property=\"og:image\" content=\"https:\/\/www.aliadospuebla.com\/web2017\/wp-content\/uploads\/2024\/07\/703.jpg\" \/>\n\t<meta property=\"og:image:width\" content=\"600\" \/>\n\t<meta property=\"og:image:height\" content=\"450\" \/>\n\t<meta property=\"og:image:type\" content=\"image\/jpeg\" \/>\n<meta name=\"author\" content=\"Aliados17\" \/>\n<meta name=\"twitter:card\" content=\"summary_large_image\" \/>\n<meta name=\"twitter:creator\" content=\"@AliadosPuebla\" \/>\n<meta name=\"twitter:label1\" content=\"Escrito por\" \/>\n\t<meta name=\"twitter:data1\" content=\"Aliados17\" \/>\n\t<meta name=\"twitter:label2\" content=\"Tiempo de lectura\" \/>\n\t<meta name=\"twitter:data2\" content=\"2 minutos\" \/>\n<script type=\"application\/ld+json\" class=\"yoast-schema-graph\">{\"@context\":\"https:\\\/\\\/schema.org\",\"@graph\":[{\"@type\":\"Article\",\"@id\":\"https:\\\/\\\/www.aliadospuebla.com\\\/?p=94448#article\",\"isPartOf\":{\"@id\":\"https:\\\/\\\/www.aliadospuebla.com\\\/?p=94448\"},\"author\":{\"name\":\"Aliados17\",\"@id\":\"https:\\\/\\\/www.aliadospuebla.com\\\/#\\\/schema\\\/person\\\/5da7dd09320bd4f392b710017ed5f8ad\"},\"headline\":\"CON SALA DE HEMODINAMIA, GOBIERNO ESTATAL CONTRIBUYE A MEJORAR CALIDAD DE VIDA DE POBLANOS\",\"datePublished\":\"2024-07-16T04:26:33+00:00\",\"mainEntityOfPage\":{\"@id\":\"https:\\\/\\\/www.aliadospuebla.com\\\/?p=94448\"},\"wordCount\":360,\"commentCount\":0,\"image\":{\"@id\":\"https:\\\/\\\/www.aliadospuebla.com\\\/?p=94448#primaryimage\"},\"thumbnailUrl\":\"https:\\\/\\\/www.aliadospuebla.com\\\/web2017\\\/wp-content\\\/uploads\\\/2024\\\/07\\\/703.jpg\",\"keywords\":[\"CALIDAD DE VIDA\",\"Complejo M\u00e9dico del Sur\",\"SALA DE HEMODINAMIA\",\"Sergio Salom\u00f3n C\u00e9spedes Peregrina\",\"unidad de oftalmolog\u00eda\"],\"articleSection\":[\"Gobierno\"],\"inLanguage\":\"es\",\"potentialAction\":[{\"@type\":\"CommentAction\",\"name\":\"Comment\",\"target\":[\"https:\\\/\\\/www.aliadospuebla.com\\\/?p=94448#respond\"]}]},{\"@type\":\"WebPage\",\"@id\":\"https:\\\/\\\/www.aliadospuebla.com\\\/?p=94448\",\"url\":\"https:\\\/\\\/www.aliadospuebla.com\\\/?p=94448\",\"name\":\"CON SALA DE HEMODINAMIA, GOBIERNO ESTATAL CONTRIBUYE A MEJORAR CALIDAD DE VIDA DE POBLANOS - AliadosPuebla\",\"isPartOf\":{\"@id\":\"https:\\\/\\\/www.aliadospuebla.com\\\/#website\"},\"primaryImageOfPage\":{\"@id\":\"https:\\\/\\\/www.aliadospuebla.com\\\/?p=94448#primaryimage\"},\"image\":{\"@id\":\"https:\\\/\\\/www.aliadospuebla.com\\\/?p=94448#primaryimage\"},\"thumbnailUrl\":\"https:\\\/\\\/www.aliadospuebla.com\\\/web2017\\\/wp-content\\\/uploads\\\/2024\\\/07\\\/703.jpg\",\"datePublished\":\"2024-07-16T04:26:33+00:00\",\"author\":{\"@id\":\"https:\\\/\\\/www.aliadospuebla.com\\\/#\\\/schema\\\/person\\\/5da7dd09320bd4f392b710017ed5f8ad\"},\"breadcrumb\":{\"@id\":\"https:\\\/\\\/www.aliadospuebla.com\\\/?p=94448#breadcrumb\"},\"inLanguage\":\"es\",\"potentialAction\":[{\"@type\":\"ReadAction\",\"target\":[\"https:\\\/\\\/www.aliadospuebla.com\\\/?p=94448\"]}]},{\"@type\":\"ImageObject\",\"inLanguage\":\"es\",\"@id\":\"https:\\\/\\\/www.aliadospuebla.com\\\/?p=94448#primaryimage\",\"url\":\"https:\\\/\\\/www.aliadospuebla.com\\\/web2017\\\/wp-content\\\/uploads\\\/2024\\\/07\\\/703.jpg\",\"contentUrl\":\"https:\\\/\\\/www.aliadospuebla.com\\\/web2017\\\/wp-content\\\/uploads\\\/2024\\\/07\\\/703.jpg\",\"width\":600,\"height\":450},{\"@type\":\"BreadcrumbList\",\"@id\":\"https:\\\/\\\/www.aliadospuebla.com\\\/?p=94448#breadcrumb\",\"itemListElement\":[{\"@type\":\"ListItem\",\"position\":1,\"name\":\"Portada\",\"item\":\"https:\\\/\\\/www.aliadospuebla.com\\\/\"},{\"@type\":\"ListItem\",\"position\":2,\"name\":\"CON SALA DE HEMODINAMIA, GOBIERNO ESTATAL CONTRIBUYE A MEJORAR CALIDAD DE VIDA DE POBLANOS\"}]},{\"@type\":\"WebSite\",\"@id\":\"https:\\\/\\\/www.aliadospuebla.com\\\/#website\",\"url\":\"https:\\\/\\\/www.aliadospuebla.com\\\/\",\"name\":\"AliadosPuebla\",\"description\":\"La informaci\u00f3n en tus manos\",\"potentialAction\":[{\"@type\":\"SearchAction\",\"target\":{\"@type\":\"EntryPoint\",\"urlTemplate\":\"https:\\\/\\\/www.aliadospuebla.com\\\/?s={search_term_string}\"},\"query-input\":{\"@type\":\"PropertyValueSpecification\",\"valueRequired\":true,\"valueName\":\"search_term_string\"}}],\"inLanguage\":\"es\"},{\"@type\":\"Person\",\"@id\":\"https:\\\/\\\/www.aliadospuebla.com\\\/#\\\/schema\\\/person\\\/5da7dd09320bd4f392b710017ed5f8ad\",\"name\":\"Aliados17\",\"image\":{\"@type\":\"ImageObject\",\"inLanguage\":\"es\",\"@id\":\"https:\\\/\\\/www.aliadospuebla.com\\\/web2017\\\/wp-content\\\/uploads\\\/2025\\\/03\\\/cropped-para-perfil-8-anos-1-96x96.jpg\",\"url\":\"https:\\\/\\\/www.aliadospuebla.com\\\/web2017\\\/wp-content\\\/uploads\\\/2025\\\/03\\\/cropped-para-perfil-8-anos-1-96x96.jpg\",\"contentUrl\":\"https:\\\/\\\/www.aliadospuebla.com\\\/web2017\\\/wp-content\\\/uploads\\\/2025\\\/03\\\/cropped-para-perfil-8-anos-1-96x96.jpg\",\"caption\":\"Aliados17\"},\"sameAs\":[\"https:\\\/\\\/www.aliados17.com\",\"https:\\\/\\\/www.facebook.com\\\/Aliados17Pue\",\"https:\\\/\\\/x.com\\\/AliadosPuebla\"],\"url\":\"https:\\\/\\\/www.aliadospuebla.com\\\/?author=2\"}]}<\/script>\n<!-- \/ Yoast SEO plugin. -->","yoast_head_json":{"title":"CON SALA DE HEMODINAMIA, GOBIERNO ESTATAL CONTRIBUYE A MEJORAR CALIDAD DE VIDA DE POBLANOS - AliadosPuebla","robots":{"index":"index","follow":"follow","max-snippet":"max-snippet:-1","max-image-preview":"max-image-preview:large","max-video-preview":"max-video-preview:-1"},"canonical":"https:\/\/www.aliadospuebla.com\/?p=94448","og_locale":"es_ES","og_type":"article","og_title":"CON SALA DE HEMODINAMIA, GOBIERNO ESTATAL CONTRIBUYE A MEJORAR CALIDAD DE VIDA DE POBLANOS - AliadosPuebla","og_description":"-Este espacio est\u00e1 ubicado en el Complejo M\u00e9dico del Sur \u00abEduardo V\u00e1zquez Navarro\u00bb CIUDAD DE PUEBLA, Pue.- Derivado de la visi\u00f3n para garantizar el acceso a la salud, as\u00ed como para contribuir a mejorar la calidad de vida de las y los poblanos que padecen enfermedades del coraz\u00f3n, el gobernador Sergio Salom\u00f3n presidi\u00f3 la inauguraci\u00f3n de la Sala de Hemodinamia del Complejo M\u00e9dico del Sur \u00abEduardo V\u00e1zquez Navarro\u00bb. &nbsp; En su mensaje, el titular del Ejecutivo coment\u00f3 que, a 19 meses de asumir el cargo, su administraci\u00f3n ha demostrado que se ocupa por generar mejores condiciones de vida, as\u00ed como brindar las herramientas y espacios necesarios para que en Puebla el progreso y bienestar sean una realidad. &nbsp; Ejemplo de ello, es la Sala de&hellip;Leer m\u00e1s...","og_url":"https:\/\/www.aliadospuebla.com\/?p=94448","og_site_name":"AliadosPuebla","article_author":"https:\/\/www.facebook.com\/Aliados17Pue","article_published_time":"2024-07-16T04:26:33+00:00","og_image":[{"width":600,"height":450,"url":"https:\/\/www.aliadospuebla.com\/web2017\/wp-content\/uploads\/2024\/07\/703.jpg","type":"image\/jpeg"}],"author":"Aliados17","twitter_card":"summary_large_image","twitter_creator":"@AliadosPuebla","twitter_misc":{"Escrito por":"Aliados17","Tiempo de lectura":"2 minutos"},"schema":{"@context":"https:\/\/schema.org","@graph":[{"@type":"Article","@id":"https:\/\/www.aliadospuebla.com\/?p=94448#article","isPartOf":{"@id":"https:\/\/www.aliadospuebla.com\/?p=94448"},"author":{"name":"Aliados17","@id":"https:\/\/www.aliadospuebla.com\/#\/schema\/person\/5da7dd09320bd4f392b710017ed5f8ad"},"headline":"CON SALA DE HEMODINAMIA, GOBIERNO ESTATAL CONTRIBUYE A MEJORAR CALIDAD DE VIDA DE POBLANOS","datePublished":"2024-07-16T04:26:33+00:00","mainEntityOfPage":{"@id":"https:\/\/www.aliadospuebla.com\/?p=94448"},"wordCount":360,"commentCount":0,"image":{"@id":"https:\/\/www.aliadospuebla.com\/?p=94448#primaryimage"},"thumbnailUrl":"https:\/\/www.aliadospuebla.com\/web2017\/wp-content\/uploads\/2024\/07\/703.jpg","keywords":["CALIDAD DE VIDA","Complejo M\u00e9dico del Sur","SALA DE HEMODINAMIA","Sergio Salom\u00f3n C\u00e9spedes Peregrina","unidad de oftalmolog\u00eda"],"articleSection":["Gobierno"],"inLanguage":"es","potentialAction":[{"@type":"CommentAction","name":"Comment","target":["https:\/\/www.aliadospuebla.com\/?p=94448#respond"]}]},{"@type":"WebPage","@id":"https:\/\/www.aliadospuebla.com\/?p=94448","url":"https:\/\/www.aliadospuebla.com\/?p=94448","name":"CON SALA DE HEMODINAMIA, GOBIERNO ESTATAL CONTRIBUYE A MEJORAR CALIDAD DE VIDA DE POBLANOS - AliadosPuebla","isPartOf":{"@id":"https:\/\/www.aliadospuebla.com\/#website"},"primaryImageOfPage":{"@id":"https:\/\/www.aliadospuebla.com\/?p=94448#primaryimage"},"image":{"@id":"https:\/\/www.aliadospuebla.com\/?p=94448#primaryimage"},"thumbnailUrl":"https:\/\/www.aliadospuebla.com\/web2017\/wp-content\/uploads\/2024\/07\/703.jpg","datePublished":"2024-07-16T04:26:33+00:00","author":{"@id":"https:\/\/www.aliadospuebla.com\/#\/schema\/person\/5da7dd09320bd4f392b710017ed5f8ad"},"breadcrumb":{"@id":"https:\/\/www.aliadospuebla.com\/?p=94448#breadcrumb"},"inLanguage":"es","potentialAction":[{"@type":"ReadAction","target":["https:\/\/www.aliadospuebla.com\/?p=94448"]}]},{"@type":"ImageObject","inLanguage":"es","@id":"https:\/\/www.aliadospuebla.com\/?p=94448#primaryimage","url":"https:\/\/www.aliadospuebla.com\/web2017\/wp-content\/uploads\/2024\/07\/703.jpg","contentUrl":"https:\/\/www.aliadospuebla.com\/web2017\/wp-content\/uploads\/2024\/07\/703.jpg","width":600,"height":450},{"@type":"BreadcrumbList","@id":"https:\/\/www.aliadospuebla.com\/?p=94448#breadcrumb","itemListElement":[{"@type":"ListItem","position":1,"name":"Portada","item":"https:\/\/www.aliadospuebla.com\/"},{"@type":"ListItem","position":2,"name":"CON SALA DE HEMODINAMIA, GOBIERNO ESTATAL CONTRIBUYE A MEJORAR CALIDAD DE VIDA DE POBLANOS"}]},{"@type":"WebSite","@id":"https:\/\/www.aliadospuebla.com\/#website","url":"https:\/\/www.aliadospuebla.com\/","name":"AliadosPuebla","description":"La informaci\u00f3n en tus manos","potentialAction":[{"@type":"SearchAction","target":{"@type":"EntryPoint","urlTemplate":"https:\/\/www.aliadospuebla.com\/?s={search_term_string}"},"query-input":{"@type":"PropertyValueSpecification","valueRequired":true,"valueName":"search_term_string"}}],"inLanguage":"es"},{"@type":"Person","@id":"https:\/\/www.aliadospuebla.com\/#\/schema\/person\/5da7dd09320bd4f392b710017ed5f8ad","name":"Aliados17","image":{"@type":"ImageObject","inLanguage":"es","@id":"https:\/\/www.aliadospuebla.com\/web2017\/wp-content\/uploads\/2025\/03\/cropped-para-perfil-8-anos-1-96x96.jpg","url":"https:\/\/www.aliadospuebla.com\/web2017\/wp-content\/uploads\/2025\/03\/cropped-para-perfil-8-anos-1-96x96.jpg","contentUrl":"https:\/\/www.aliadospuebla.com\/web2017\/wp-content\/uploads\/2025\/03\/cropped-para-perfil-8-anos-1-96x96.jpg","caption":"Aliados17"},"sameAs":["https:\/\/www.aliados17.com","https:\/\/www.facebook.com\/Aliados17Pue","https:\/\/x.com\/AliadosPuebla"],"url":"https:\/\/www.aliadospuebla.com\/?author=2"}]}},"views":8,"_links":{"self":[{"href":"https:\/\/www.aliadospuebla.com\/index.php?rest_route=\/wp\/v2\/posts\/94448","targetHints":{"allow":["GET"]}}],"collection":[{"href":"https:\/\/www.aliadospuebla.com\/index.php?rest_route=\/wp\/v2\/posts"}],"about":[{"href":"https:\/\/www.aliadospuebla.com\/index.php?rest_route=\/wp\/v2\/types\/post"}],"author":[{"embeddable":true,"href":"https:\/\/www.aliadospuebla.com\/index.php?rest_route=\/wp\/v2\/users\/2"}],"replies":[{"embeddable":true,"href":"https:\/\/www.aliadospuebla.com\/index.php?rest_route=%2Fwp%2Fv2%2Fcomments&post=94448"}],"version-history":[{"count":1,"href":"https:\/\/www.aliadospuebla.com\/index.php?rest_route=\/wp\/v2\/posts\/94448\/revisions"}],"predecessor-version":[{"id":94450,"href":"https:\/\/www.aliadospuebla.com\/index.php?rest_route=\/wp\/v2\/posts\/94448\/revisions\/94450"}],"wp:featuredmedia":[{"embeddable":true,"href":"https:\/\/www.aliadospuebla.com\/index.php?rest_route=\/wp\/v2\/media\/94449"}],"wp:attachment":[{"href":"https:\/\/www.aliadospuebla.com\/index.php?rest_route=%2Fwp%2Fv2%2Fmedia&parent=94448"}],"wp:term":[{"taxonomy":"category","embeddable":true,"href":"https:\/\/www.aliadospuebla.com\/index.php?rest_route=%2Fwp%2Fv2%2Fcategories&post=94448"},{"taxonomy":"post_tag","embeddable":true,"href":"https:\/\/www.aliadospuebla.com\/index.php?rest_route=%2Fwp%2Fv2%2Ftags&post=94448"}],"curies":[{"name":"wp","href":"https:\/\/api.w.org\/{rel}","templated":true}]}}