{"id":94442,"date":"2024-07-15T21:55:20","date_gmt":"2024-07-16T03:55:20","guid":{"rendered":"https:\/\/www.aliados17.com\/?p=94442"},"modified":"2024-07-15T21:55:20","modified_gmt":"2024-07-16T03:55:20","slug":"reforma-al-poder-judicial-la-mas-profunda-e-importante-en-los-ultimos-150-anos-ignacio-mier","status":"publish","type":"post","link":"https:\/\/www.aliadospuebla.com\/?p=94442","title":{"rendered":"Reforma al Poder Judicial, la m\u00e1s profunda e importante en los \u00faltimos 150 a\u00f1os: Ignacio Mier"},"content":{"rendered":"<h4>El coordinador de la bancada de Morena en la C\u00e1mara de Diputados, Ignacio Mier Velazco, hizo un balance positivo de los foros de parlamento abierto que se han organizado en el pa\u00eds para profundizar el an\u00e1lisis y escuchar todas las opiniones sobre la reforma al Poder Judicial.<\/h4>\n<p>En ese sentido, consider\u00f3 que ha habido mucha apertura, se han escuchado todas las voces<\/p>\n<p>y la apertura al di\u00e1logo continuar\u00e1, para que el Poder Legislativo pueda elaborar un dictamen<\/p>\n<p>con el mayor consenso en torno a esta reforma estructural, la cual consider\u00f3 la m\u00e1s importante<\/p>\n<p>en materia judicial de los \u00faltimos 150 a\u00f1os en el pa\u00eds.<\/p>\n<p>El coordinador parlamentario pidi\u00f3 que no exista confusi\u00f3n pues \u201cla reforma al Poder Judicial<\/p>\n<p>tiene como esencia y ejes rectores la elecci\u00f3n popular de ministros, magistrados y jueces,<\/p>\n<p>adem\u00e1s de la reforma al Consejo de la Judicatura Federal, porque as\u00ed lo decidi\u00f3 democr\u00e1ticamente<\/p>\n<p>con su voto el 60 por ciento del pueblo de M\u00e9xico, el pasado 2 de Junio\u201d.<\/p>\n<p>A partir de esta decisi\u00f3n soberana del pueblo, agrego, \u201cel verdadero postdebate est\u00e1 girando<\/p>\n<p>en torno a la pregunta: \u00bfO se respeta la soberan\u00eda del pueblo, la representaci\u00f3n democr\u00e1tica<\/p>\n<p>(contempladas en los art\u00edculos 39, 40 y 41 constitucionales), o nos escondemos entre las ramas<\/p>\n<p>de las conjugaciones del idioma, que en realidad enmascaran conflictos<\/p>\n<p>de intereses entre los juzgadores del pa\u00eds?\u201d.<\/p>\n<h4>\u201cNo hay que hacernos bolas, esa es la verdadera pregunta, porque ahora al tratar de resolverla, en algunas voces aparece la justicia como problema\u00bb, critic\u00f3 el coordinador de Morena, Ignacio Mier.<\/h4>\n<p>Adem\u00e1s manifest\u00f3 que entiende perfectamente a los juzgadores del pa\u00eds,<\/p>\n<p>\u00abporque no s\u00f3lo se trata del conflicto de intereses de malos y corruptos jueces,<\/p>\n<p>tambi\u00e9n es el choque de valores entre los buenos jueces que se debaten<\/p>\n<p>entre su seguridad econ\u00f3mica individual y el inter\u00e9s supremo de la Patria\u00bb.<\/p>\n<p>En ese sentido, el legislador poblano asegur\u00f3 que los buenos jueces, que afortunadamente son muchos,<\/p>\n<p>ser\u00e1n valorados por los comit\u00e9s t\u00e9cnicos de cada uno de los tres poderes al momento de postularlos<\/p>\n<p>y por el propio pueblo que tambi\u00e9n conocer\u00e1 de su trayectoria jur\u00eddica e historia de vida.<\/p>\n<p>Ignacio Mier reiter\u00f3 que la respuesta a la pregunta es clara y expl\u00edcita por parte<\/p>\n<p>de la virtual Presidenta Electa de M\u00e9xico, Claudia Sheinbaum, y de la coalici\u00f3n<\/p>\n<p>Juntos Seguimos Haciendo Historia: \u00abjerarquizar en primer lugar el mandato del pueblo,<\/p>\n<p>ampliando el di\u00e1logo con todos los sectores con el objetivo de perfeccionar los protocolos<\/p>\n<p>de la convocatoria, los requisitos de elegibilidad y los criterios e idoneidad de quienes sean postulados como candidatos por parte de los poderes Ejecutivo, Legislativo y el Judicial para que sean electos libremente por las y los mexicanos\u00bb.<\/p>\n<p>Mencion\u00f3 que en esos t\u00e9rminos concluyeron los primeros Di\u00e1logos Nacionales realizados en la Ciudad de M\u00e9xico, Guadalajara, Toluca, Chiapas y Veracruz; precis\u00f3 que hasta el d\u00eda de hoy se ha a avanzado en la necesidad de que la elecci\u00f3n sea escalonada y progresiva; garantizar a los actuales jueces, magistrados y ministros que podr\u00e1n ser postulados por cualquiera de los tres poderes; respeto absoluto a los derechos adquiridos por los m\u00e1s de 50 mil trabajadores, y que la promoci\u00f3n de actuarios y secretarios v\u00eda la Carrera Judicial sea eliminando los criterios ilegales del nepotismo, influyentismo y acoso que han se\u00f1alado los propios trabajadores.<\/p>\n<p>Asimismo, Ignacio Mier se\u00f1al\u00f3 que se avanz\u00f3 con relaci\u00f3n a la necesidad de fortalecer la plena autonom\u00eda e independencia de jueces y magistrados ante cualquier otro inter\u00e9s, sea pol\u00edtico, econ\u00f3mico o partidario.<\/p>\n<p>Adem\u00e1s, destac\u00f3 el reconocimiento que ha habido entre los asistentes a los Di\u00e1logos Nacionales que en la iniciativa del Presidente AMLO, respaldada por Claudia Sheinbaum, se incluya \u201ccortarle el dedo\u201d a los Ejecutivos Federal y Estatales para que ellos no sigan decidiendo desde Palacio Nacional o en sus despachos estatales a los juzgadores.<\/p>\n","protected":false},"excerpt":{"rendered":"<p>El coordinador de la bancada de Morena en la C\u00e1mara de Diputados, Ignacio Mier Velazco, hizo un balance positivo de los foros de parlamento abierto que se han organizado en el pa\u00eds para profundizar el an\u00e1lisis y escuchar todas las opiniones sobre la reforma al Poder Judicial. En ese sentido, consider\u00f3 que ha habido mucha apertura, se han escuchado todas las voces y la apertura al di\u00e1logo continuar\u00e1, para que el Poder Legislativo pueda elaborar un dictamen con el mayor consenso en torno a esta reforma estructural, la cual consider\u00f3 la m\u00e1s importante en materia judicial de los \u00faltimos 150 a\u00f1os en el pa\u00eds. El coordinador parlamentario pidi\u00f3 que no exista confusi\u00f3n pues \u201cla reforma al Poder Judicial tiene como esencia y ejes rectores la&hellip;<\/p>\n<p class=\"excerpt-more\"><a class=\"blog-excerpt button\" href=\"https:\/\/www.aliadospuebla.com\/?p=94442\">Leer m\u00e1s&#8230;<\/a><\/p>\n","protected":false},"author":2,"featured_media":94443,"comment_status":"open","ping_status":"open","sticky":false,"template":"","format":"standard","meta":{"_monsterinsights_skip_tracking":false,"footnotes":""},"categories":[6],"tags":[5439,23649,23648,15752,23647],"class_list":["post-94442","post","type-post","status-publish","format-standard","has-post-thumbnail","hentry","category-politica","tag-amlo","tag-apertura-al-dialogo","tag-bancada-de-morena","tag-ignacio-mier","tag-reforma-al-poder-judicial"],"yoast_head":"<!-- This site is optimized with the Yoast SEO plugin v28.4 - https:\/\/yoast.com\/product\/yoast-seo-wordpress\/ -->\n<title>Reforma al Poder Judicial, la m\u00e1s profunda e importante en los \u00faltimos 150 a\u00f1os: Ignacio Mier - AliadosPuebla<\/title>\n<meta name=\"robots\" content=\"index, follow, max-snippet:-1, max-image-preview:large, max-video-preview:-1\" \/>\n<link rel=\"canonical\" href=\"https:\/\/www.aliadospuebla.com\/?p=94442\" \/>\n<meta property=\"og:locale\" content=\"es_ES\" \/>\n<meta property=\"og:type\" content=\"article\" \/>\n<meta property=\"og:title\" content=\"Reforma al Poder Judicial, la m\u00e1s profunda e importante en los \u00faltimos 150 a\u00f1os: Ignacio Mier - AliadosPuebla\" \/>\n<meta property=\"og:description\" content=\"El coordinador de la bancada de Morena en la C\u00e1mara de Diputados, Ignacio Mier Velazco, hizo un balance positivo de los foros de parlamento abierto que se han organizado en el pa\u00eds para profundizar el an\u00e1lisis y escuchar todas las opiniones sobre la reforma al Poder Judicial. En ese sentido, consider\u00f3 que ha habido mucha apertura, se han escuchado todas las voces y la apertura al di\u00e1logo continuar\u00e1, para que el Poder Legislativo pueda elaborar un dictamen con el mayor consenso en torno a esta reforma estructural, la cual consider\u00f3 la m\u00e1s importante en materia judicial de los \u00faltimos 150 a\u00f1os en el pa\u00eds. El coordinador parlamentario pidi\u00f3 que no exista confusi\u00f3n pues \u201cla reforma al Poder Judicial tiene como esencia y ejes rectores la&hellip;Leer m\u00e1s...\" \/>\n<meta property=\"og:url\" content=\"https:\/\/www.aliadospuebla.com\/?p=94442\" \/>\n<meta property=\"og:site_name\" content=\"AliadosPuebla\" \/>\n<meta property=\"article:author\" content=\"https:\/\/www.facebook.com\/Aliados17Pue\" \/>\n<meta property=\"article:published_time\" content=\"2024-07-16T03:55:20+00:00\" \/>\n<meta property=\"og:image\" content=\"https:\/\/www.aliadospuebla.com\/web2017\/wp-content\/uploads\/2024\/07\/701.jpg\" \/>\n\t<meta property=\"og:image:width\" content=\"600\" \/>\n\t<meta property=\"og:image:height\" content=\"450\" \/>\n\t<meta property=\"og:image:type\" content=\"image\/jpeg\" \/>\n<meta name=\"author\" content=\"Aliados17\" \/>\n<meta name=\"twitter:card\" content=\"summary_large_image\" \/>\n<meta name=\"twitter:creator\" content=\"@AliadosPuebla\" \/>\n<meta name=\"twitter:label1\" content=\"Escrito por\" \/>\n\t<meta name=\"twitter:data1\" content=\"Aliados17\" \/>\n\t<meta name=\"twitter:label2\" content=\"Tiempo de lectura\" \/>\n\t<meta name=\"twitter:data2\" content=\"4 minutos\" \/>\n<script type=\"application\/ld+json\" class=\"yoast-schema-graph\">{\"@context\":\"https:\\\/\\\/schema.org\",\"@graph\":[{\"@type\":\"Article\",\"@id\":\"https:\\\/\\\/www.aliadospuebla.com\\\/?p=94442#article\",\"isPartOf\":{\"@id\":\"https:\\\/\\\/www.aliadospuebla.com\\\/?p=94442\"},\"author\":{\"name\":\"Aliados17\",\"@id\":\"https:\\\/\\\/www.aliadospuebla.com\\\/#\\\/schema\\\/person\\\/5da7dd09320bd4f392b710017ed5f8ad\"},\"headline\":\"Reforma al Poder Judicial, la m\u00e1s profunda e importante en los \u00faltimos 150 a\u00f1os: Ignacio Mier\",\"datePublished\":\"2024-07-16T03:55:20+00:00\",\"mainEntityOfPage\":{\"@id\":\"https:\\\/\\\/www.aliadospuebla.com\\\/?p=94442\"},\"wordCount\":692,\"commentCount\":0,\"image\":{\"@id\":\"https:\\\/\\\/www.aliadospuebla.com\\\/?p=94442#primaryimage\"},\"thumbnailUrl\":\"https:\\\/\\\/www.aliadospuebla.com\\\/web2017\\\/wp-content\\\/uploads\\\/2024\\\/07\\\/701.jpg\",\"keywords\":[\"AMLO\",\"apertura al di\u00e1logo\",\"bancada de Morena\",\"Ignacio Mier\",\"Reforma al Poder Judicial\"],\"articleSection\":[\"Pol\u00edtica\"],\"inLanguage\":\"es\",\"potentialAction\":[{\"@type\":\"CommentAction\",\"name\":\"Comment\",\"target\":[\"https:\\\/\\\/www.aliadospuebla.com\\\/?p=94442#respond\"]}]},{\"@type\":\"WebPage\",\"@id\":\"https:\\\/\\\/www.aliadospuebla.com\\\/?p=94442\",\"url\":\"https:\\\/\\\/www.aliadospuebla.com\\\/?p=94442\",\"name\":\"Reforma al Poder Judicial, la m\u00e1s profunda e importante en los \u00faltimos 150 a\u00f1os: Ignacio Mier - AliadosPuebla\",\"isPartOf\":{\"@id\":\"https:\\\/\\\/www.aliadospuebla.com\\\/#website\"},\"primaryImageOfPage\":{\"@id\":\"https:\\\/\\\/www.aliadospuebla.com\\\/?p=94442#primaryimage\"},\"image\":{\"@id\":\"https:\\\/\\\/www.aliadospuebla.com\\\/?p=94442#primaryimage\"},\"thumbnailUrl\":\"https:\\\/\\\/www.aliadospuebla.com\\\/web2017\\\/wp-content\\\/uploads\\\/2024\\\/07\\\/701.jpg\",\"datePublished\":\"2024-07-16T03:55:20+00:00\",\"author\":{\"@id\":\"https:\\\/\\\/www.aliadospuebla.com\\\/#\\\/schema\\\/person\\\/5da7dd09320bd4f392b710017ed5f8ad\"},\"breadcrumb\":{\"@id\":\"https:\\\/\\\/www.aliadospuebla.com\\\/?p=94442#breadcrumb\"},\"inLanguage\":\"es\",\"potentialAction\":[{\"@type\":\"ReadAction\",\"target\":[\"https:\\\/\\\/www.aliadospuebla.com\\\/?p=94442\"]}]},{\"@type\":\"ImageObject\",\"inLanguage\":\"es\",\"@id\":\"https:\\\/\\\/www.aliadospuebla.com\\\/?p=94442#primaryimage\",\"url\":\"https:\\\/\\\/www.aliadospuebla.com\\\/web2017\\\/wp-content\\\/uploads\\\/2024\\\/07\\\/701.jpg\",\"contentUrl\":\"https:\\\/\\\/www.aliadospuebla.com\\\/web2017\\\/wp-content\\\/uploads\\\/2024\\\/07\\\/701.jpg\",\"width\":600,\"height\":450},{\"@type\":\"BreadcrumbList\",\"@id\":\"https:\\\/\\\/www.aliadospuebla.com\\\/?p=94442#breadcrumb\",\"itemListElement\":[{\"@type\":\"ListItem\",\"position\":1,\"name\":\"Portada\",\"item\":\"https:\\\/\\\/www.aliadospuebla.com\\\/\"},{\"@type\":\"ListItem\",\"position\":2,\"name\":\"Reforma al Poder Judicial, la m\u00e1s profunda e importante en los \u00faltimos 150 a\u00f1os: Ignacio Mier\"}]},{\"@type\":\"WebSite\",\"@id\":\"https:\\\/\\\/www.aliadospuebla.com\\\/#website\",\"url\":\"https:\\\/\\\/www.aliadospuebla.com\\\/\",\"name\":\"AliadosPuebla\",\"description\":\"La informaci\u00f3n en tus manos\",\"potentialAction\":[{\"@type\":\"SearchAction\",\"target\":{\"@type\":\"EntryPoint\",\"urlTemplate\":\"https:\\\/\\\/www.aliadospuebla.com\\\/?s={search_term_string}\"},\"query-input\":{\"@type\":\"PropertyValueSpecification\",\"valueRequired\":true,\"valueName\":\"search_term_string\"}}],\"inLanguage\":\"es\"},{\"@type\":\"Person\",\"@id\":\"https:\\\/\\\/www.aliadospuebla.com\\\/#\\\/schema\\\/person\\\/5da7dd09320bd4f392b710017ed5f8ad\",\"name\":\"Aliados17\",\"image\":{\"@type\":\"ImageObject\",\"inLanguage\":\"es\",\"@id\":\"https:\\\/\\\/www.aliadospuebla.com\\\/web2017\\\/wp-content\\\/uploads\\\/2025\\\/03\\\/cropped-para-perfil-8-anos-1-96x96.jpg\",\"url\":\"https:\\\/\\\/www.aliadospuebla.com\\\/web2017\\\/wp-content\\\/uploads\\\/2025\\\/03\\\/cropped-para-perfil-8-anos-1-96x96.jpg\",\"contentUrl\":\"https:\\\/\\\/www.aliadospuebla.com\\\/web2017\\\/wp-content\\\/uploads\\\/2025\\\/03\\\/cropped-para-perfil-8-anos-1-96x96.jpg\",\"caption\":\"Aliados17\"},\"sameAs\":[\"https:\\\/\\\/www.aliados17.com\",\"https:\\\/\\\/www.facebook.com\\\/Aliados17Pue\",\"https:\\\/\\\/x.com\\\/AliadosPuebla\"],\"url\":\"https:\\\/\\\/www.aliadospuebla.com\\\/?author=2\"}]}<\/script>\n<!-- \/ Yoast SEO plugin. -->","yoast_head_json":{"title":"Reforma al Poder Judicial, la m\u00e1s profunda e importante en los \u00faltimos 150 a\u00f1os: Ignacio Mier - AliadosPuebla","robots":{"index":"index","follow":"follow","max-snippet":"max-snippet:-1","max-image-preview":"max-image-preview:large","max-video-preview":"max-video-preview:-1"},"canonical":"https:\/\/www.aliadospuebla.com\/?p=94442","og_locale":"es_ES","og_type":"article","og_title":"Reforma al Poder Judicial, la m\u00e1s profunda e importante en los \u00faltimos 150 a\u00f1os: Ignacio Mier - AliadosPuebla","og_description":"El coordinador de la bancada de Morena en la C\u00e1mara de Diputados, Ignacio Mier Velazco, hizo un balance positivo de los foros de parlamento abierto que se han organizado en el pa\u00eds para profundizar el an\u00e1lisis y escuchar todas las opiniones sobre la reforma al Poder Judicial. En ese sentido, consider\u00f3 que ha habido mucha apertura, se han escuchado todas las voces y la apertura al di\u00e1logo continuar\u00e1, para que el Poder Legislativo pueda elaborar un dictamen con el mayor consenso en torno a esta reforma estructural, la cual consider\u00f3 la m\u00e1s importante en materia judicial de los \u00faltimos 150 a\u00f1os en el pa\u00eds. El coordinador parlamentario pidi\u00f3 que no exista confusi\u00f3n pues \u201cla reforma al Poder Judicial tiene como esencia y ejes rectores la&hellip;Leer m\u00e1s...","og_url":"https:\/\/www.aliadospuebla.com\/?p=94442","og_site_name":"AliadosPuebla","article_author":"https:\/\/www.facebook.com\/Aliados17Pue","article_published_time":"2024-07-16T03:55:20+00:00","og_image":[{"width":600,"height":450,"url":"https:\/\/www.aliadospuebla.com\/web2017\/wp-content\/uploads\/2024\/07\/701.jpg","type":"image\/jpeg"}],"author":"Aliados17","twitter_card":"summary_large_image","twitter_creator":"@AliadosPuebla","twitter_misc":{"Escrito por":"Aliados17","Tiempo de lectura":"4 minutos"},"schema":{"@context":"https:\/\/schema.org","@graph":[{"@type":"Article","@id":"https:\/\/www.aliadospuebla.com\/?p=94442#article","isPartOf":{"@id":"https:\/\/www.aliadospuebla.com\/?p=94442"},"author":{"name":"Aliados17","@id":"https:\/\/www.aliadospuebla.com\/#\/schema\/person\/5da7dd09320bd4f392b710017ed5f8ad"},"headline":"Reforma al Poder Judicial, la m\u00e1s profunda e importante en los \u00faltimos 150 a\u00f1os: Ignacio Mier","datePublished":"2024-07-16T03:55:20+00:00","mainEntityOfPage":{"@id":"https:\/\/www.aliadospuebla.com\/?p=94442"},"wordCount":692,"commentCount":0,"image":{"@id":"https:\/\/www.aliadospuebla.com\/?p=94442#primaryimage"},"thumbnailUrl":"https:\/\/www.aliadospuebla.com\/web2017\/wp-content\/uploads\/2024\/07\/701.jpg","keywords":["AMLO","apertura al di\u00e1logo","bancada de Morena","Ignacio Mier","Reforma al Poder Judicial"],"articleSection":["Pol\u00edtica"],"inLanguage":"es","potentialAction":[{"@type":"CommentAction","name":"Comment","target":["https:\/\/www.aliadospuebla.com\/?p=94442#respond"]}]},{"@type":"WebPage","@id":"https:\/\/www.aliadospuebla.com\/?p=94442","url":"https:\/\/www.aliadospuebla.com\/?p=94442","name":"Reforma al Poder Judicial, la m\u00e1s profunda e importante en los \u00faltimos 150 a\u00f1os: Ignacio Mier - AliadosPuebla","isPartOf":{"@id":"https:\/\/www.aliadospuebla.com\/#website"},"primaryImageOfPage":{"@id":"https:\/\/www.aliadospuebla.com\/?p=94442#primaryimage"},"image":{"@id":"https:\/\/www.aliadospuebla.com\/?p=94442#primaryimage"},"thumbnailUrl":"https:\/\/www.aliadospuebla.com\/web2017\/wp-content\/uploads\/2024\/07\/701.jpg","datePublished":"2024-07-16T03:55:20+00:00","author":{"@id":"https:\/\/www.aliadospuebla.com\/#\/schema\/person\/5da7dd09320bd4f392b710017ed5f8ad"},"breadcrumb":{"@id":"https:\/\/www.aliadospuebla.com\/?p=94442#breadcrumb"},"inLanguage":"es","potentialAction":[{"@type":"ReadAction","target":["https:\/\/www.aliadospuebla.com\/?p=94442"]}]},{"@type":"ImageObject","inLanguage":"es","@id":"https:\/\/www.aliadospuebla.com\/?p=94442#primaryimage","url":"https:\/\/www.aliadospuebla.com\/web2017\/wp-content\/uploads\/2024\/07\/701.jpg","contentUrl":"https:\/\/www.aliadospuebla.com\/web2017\/wp-content\/uploads\/2024\/07\/701.jpg","width":600,"height":450},{"@type":"BreadcrumbList","@id":"https:\/\/www.aliadospuebla.com\/?p=94442#breadcrumb","itemListElement":[{"@type":"ListItem","position":1,"name":"Portada","item":"https:\/\/www.aliadospuebla.com\/"},{"@type":"ListItem","position":2,"name":"Reforma al Poder Judicial, la m\u00e1s profunda e importante en los \u00faltimos 150 a\u00f1os: Ignacio Mier"}]},{"@type":"WebSite","@id":"https:\/\/www.aliadospuebla.com\/#website","url":"https:\/\/www.aliadospuebla.com\/","name":"AliadosPuebla","description":"La informaci\u00f3n en tus manos","potentialAction":[{"@type":"SearchAction","target":{"@type":"EntryPoint","urlTemplate":"https:\/\/www.aliadospuebla.com\/?s={search_term_string}"},"query-input":{"@type":"PropertyValueSpecification","valueRequired":true,"valueName":"search_term_string"}}],"inLanguage":"es"},{"@type":"Person","@id":"https:\/\/www.aliadospuebla.com\/#\/schema\/person\/5da7dd09320bd4f392b710017ed5f8ad","name":"Aliados17","image":{"@type":"ImageObject","inLanguage":"es","@id":"https:\/\/www.aliadospuebla.com\/web2017\/wp-content\/uploads\/2025\/03\/cropped-para-perfil-8-anos-1-96x96.jpg","url":"https:\/\/www.aliadospuebla.com\/web2017\/wp-content\/uploads\/2025\/03\/cropped-para-perfil-8-anos-1-96x96.jpg","contentUrl":"https:\/\/www.aliadospuebla.com\/web2017\/wp-content\/uploads\/2025\/03\/cropped-para-perfil-8-anos-1-96x96.jpg","caption":"Aliados17"},"sameAs":["https:\/\/www.aliados17.com","https:\/\/www.facebook.com\/Aliados17Pue","https:\/\/x.com\/AliadosPuebla"],"url":"https:\/\/www.aliadospuebla.com\/?author=2"}]}},"views":8,"_links":{"self":[{"href":"https:\/\/www.aliadospuebla.com\/index.php?rest_route=\/wp\/v2\/posts\/94442","targetHints":{"allow":["GET"]}}],"collection":[{"href":"https:\/\/www.aliadospuebla.com\/index.php?rest_route=\/wp\/v2\/posts"}],"about":[{"href":"https:\/\/www.aliadospuebla.com\/index.php?rest_route=\/wp\/v2\/types\/post"}],"author":[{"embeddable":true,"href":"https:\/\/www.aliadospuebla.com\/index.php?rest_route=\/wp\/v2\/users\/2"}],"replies":[{"embeddable":true,"href":"https:\/\/www.aliadospuebla.com\/index.php?rest_route=%2Fwp%2Fv2%2Fcomments&post=94442"}],"version-history":[{"count":1,"href":"https:\/\/www.aliadospuebla.com\/index.php?rest_route=\/wp\/v2\/posts\/94442\/revisions"}],"predecessor-version":[{"id":94444,"href":"https:\/\/www.aliadospuebla.com\/index.php?rest_route=\/wp\/v2\/posts\/94442\/revisions\/94444"}],"wp:featuredmedia":[{"embeddable":true,"href":"https:\/\/www.aliadospuebla.com\/index.php?rest_route=\/wp\/v2\/media\/94443"}],"wp:attachment":[{"href":"https:\/\/www.aliadospuebla.com\/index.php?rest_route=%2Fwp%2Fv2%2Fmedia&parent=94442"}],"wp:term":[{"taxonomy":"category","embeddable":true,"href":"https:\/\/www.aliadospuebla.com\/index.php?rest_route=%2Fwp%2Fv2%2Fcategories&post=94442"},{"taxonomy":"post_tag","embeddable":true,"href":"https:\/\/www.aliadospuebla.com\/index.php?rest_route=%2Fwp%2Fv2%2Ftags&post=94442"}],"curies":[{"name":"wp","href":"https:\/\/api.w.org\/{rel}","templated":true}]}}