{"id":94202,"date":"2024-07-08T22:11:18","date_gmt":"2024-07-09T04:11:18","guid":{"rendered":"https:\/\/www.aliados17.com\/?p=94202"},"modified":"2024-07-08T22:11:18","modified_gmt":"2024-07-09T04:11:18","slug":"alista-sedif-jornada-incluyente-en-tepexi-de-rodriguez","status":"publish","type":"post","link":"https:\/\/www.aliadospuebla.com\/?p=94202","title":{"rendered":"Alista SEDIF Jornada Incluyente en Tepexi de Rodr\u00edguez"},"content":{"rendered":"<p><strong>CIUDAD DE PUEBLA, Pue.-<\/strong>\u00a0Con el objetivo de acercar a las familias poblanas del interior del estado diversos programas y servicios que<\/p>\n<p>ofrece el gobierno presente de Sergio Salom\u00f3n, el Sistema Estatal DIF anuncia la realizaci\u00f3n de una Jornada Incluyente, el pr\u00f3ximo<\/p>\n<p>mi\u00e9rcoles 10 de julio, de 10:00 a 13:00 horas en el Auditorio Municipal de Tepexi de Rodr\u00edguez.<\/p>\n<p>Este evento ser\u00e1 encabezado por la presidenta honoraria del Patronato del SEDIF, Gaby Bonilla, quien, junto a decenas de colaboradoras y<\/p>\n<p>colaboradores del organismo, acercar\u00e1 a la poblaci\u00f3n el programa de credencializaci\u00f3n nacional para personas con discapacidad, gesti\u00f3n de<\/p>\n<p>aparatos ortop\u00e9dicos, asesor\u00eda jur\u00eddica, corte de cabello, cocina m\u00f3vil, registro al programa de apoyo alimentario, por citar algunos.<\/p>\n<p>Es importante se\u00f1alar que las y los habitantes interesados que acudan deber\u00e1n llevar consigo la siguiente documentaci\u00f3n: identificaci\u00f3n<\/p>\n<p>oficial vigente con fotograf\u00eda, CURP, acta de nacimiento, comprobante domiciliario no mayor a tres meses, dos fotograf\u00edas recientes tama\u00f1o<\/p>\n<p>infantil. Adem\u00e1s, presentar historial cl\u00ednico expedido por un m\u00e9dico especialista, en caso de tener alg\u00fan tipo de discapacidad.<\/p>\n<p>Participar\u00e1 el Centro de Rehabilitaci\u00f3n e Inclusi\u00f3n Infantil Telet\u00f3n Puebla (CRIT), mismo que ofrecer\u00e1: consulta m\u00e9dica, f\u00edsica y<\/p>\n<p>rehabilitaci\u00f3n para personas con discapacidad temporal o permanente; terapia f\u00edsica, ocupacional y de lenguaje; revisi\u00f3n y mantenimiento<\/p>\n<p>b\u00e1sico de sillas de ruedas; pl\u00e1ticas vinculadas a poblaci\u00f3n con discapacidad, entre otros.<\/p>\n<p>Finalmente, el proyecto empresarial CINIA brindar\u00e1 una bolsa de trabajo para mujeres y hombres con discapacidad; Fundaci\u00f3n Una Nueva<\/p>\n<p>Esperanza impartir\u00e1 la pl\u00e1tica \u201cAtenci\u00f3n Oportuna del C\u00e1ncer Infantil\u201d y Fundaci\u00f3n CLISA realizar\u00e1 una jornada visual para ni\u00f1as y ni\u00f1os,<\/p>\n<p>de 6 a 15 a\u00f1os que requieran anteojos con una graduaci\u00f3n mayor a 0.75 dioptr\u00edas<\/p>\n","protected":false},"excerpt":{"rendered":"<p>CIUDAD DE PUEBLA, Pue.-\u00a0Con el objetivo de acercar a las familias poblanas del interior del estado diversos programas y servicios que ofrece el gobierno presente de Sergio Salom\u00f3n, el Sistema Estatal DIF anuncia la realizaci\u00f3n de una Jornada Incluyente, el pr\u00f3ximo mi\u00e9rcoles 10 de julio, de 10:00 a 13:00 horas en el Auditorio Municipal de Tepexi de Rodr\u00edguez. Este evento ser\u00e1 encabezado por la presidenta honoraria del Patronato del SEDIF, Gaby Bonilla, quien, junto a decenas de colaboradoras y colaboradores del organismo, acercar\u00e1 a la poblaci\u00f3n el programa de credencializaci\u00f3n nacional para personas con discapacidad, gesti\u00f3n de aparatos ortop\u00e9dicos, asesor\u00eda jur\u00eddica, corte de cabello, cocina m\u00f3vil, registro al programa de apoyo alimentario, por citar algunos. Es importante se\u00f1alar que las y los habitantes interesados que&hellip;<\/p>\n<p class=\"excerpt-more\"><a class=\"blog-excerpt button\" href=\"https:\/\/www.aliadospuebla.com\/?p=94202\">Leer m\u00e1s&#8230;<\/a><\/p>\n","protected":false},"author":2,"featured_media":94214,"comment_status":"open","ping_status":"open","sticky":false,"template":"","format":"standard","meta":{"_monsterinsights_skip_tracking":false,"footnotes":""},"categories":[61],"tags":[7532,653,23118,11026,10636,5244,8056,23119,170,251,2403,13188,45,3880,13158,17715,13795,13718,19795,14620,13467,13635,19794,13575,15430,63,19283,14621,13749,27,13508],"class_list":["post-94202","post","type-post","status-publish","format-standard","has-post-thumbnail","hentry","category-gobierno","tag-armenta","tag-buap","tag-campana-politica","tag-ciudad-de-puebla","tag-estado-de-puebla","tag-gobernador-de-puebla","tag-gobierno-de-puebla","tag-mario-puebla","tag-mario-riestra","tag-pan","tag-partidos-politicos","tag-politica-puebla","tag-pri","tag-psi","tag-puebla-ciudad","tag-puebla-estado","tag-puebla-gobierno","tag-puebla-politica","tag-puebla-senadores","tag-puebla-udlap","tag-puebla-universidad","tag-puebla-universidades","tag-senadores-puebla","tag-sergio-salomon","tag-tono-lopez","tag-udlap","tag-udlap-cholula","tag-udlap-puebla","tag-universidad-de-puebla","tag-upaep","tag-upaep-puebla"],"yoast_head":"<!-- This site is optimized with the Yoast SEO plugin v28.4 - https:\/\/yoast.com\/product\/yoast-seo-wordpress\/ -->\n<title>Alista SEDIF Jornada Incluyente en Tepexi de Rodr\u00edguez - AliadosPuebla<\/title>\n<meta name=\"robots\" content=\"index, follow, max-snippet:-1, max-image-preview:large, max-video-preview:-1\" \/>\n<link rel=\"canonical\" href=\"https:\/\/www.aliadospuebla.com\/?p=94202\" \/>\n<meta property=\"og:locale\" content=\"es_ES\" \/>\n<meta property=\"og:type\" content=\"article\" \/>\n<meta property=\"og:title\" content=\"Alista SEDIF Jornada Incluyente en Tepexi de Rodr\u00edguez - AliadosPuebla\" \/>\n<meta property=\"og:description\" content=\"CIUDAD DE PUEBLA, Pue.-\u00a0Con el objetivo de acercar a las familias poblanas del interior del estado diversos programas y servicios que ofrece el gobierno presente de Sergio Salom\u00f3n, el Sistema Estatal DIF anuncia la realizaci\u00f3n de una Jornada Incluyente, el pr\u00f3ximo mi\u00e9rcoles 10 de julio, de 10:00 a 13:00 horas en el Auditorio Municipal de Tepexi de Rodr\u00edguez. Este evento ser\u00e1 encabezado por la presidenta honoraria del Patronato del SEDIF, Gaby Bonilla, quien, junto a decenas de colaboradoras y colaboradores del organismo, acercar\u00e1 a la poblaci\u00f3n el programa de credencializaci\u00f3n nacional para personas con discapacidad, gesti\u00f3n de aparatos ortop\u00e9dicos, asesor\u00eda jur\u00eddica, corte de cabello, cocina m\u00f3vil, registro al programa de apoyo alimentario, por citar algunos. Es importante se\u00f1alar que las y los habitantes interesados que&hellip;Leer m\u00e1s...\" \/>\n<meta property=\"og:url\" content=\"https:\/\/www.aliadospuebla.com\/?p=94202\" \/>\n<meta property=\"og:site_name\" content=\"AliadosPuebla\" \/>\n<meta property=\"article:author\" content=\"https:\/\/www.facebook.com\/Aliados17Pue\" \/>\n<meta property=\"article:published_time\" content=\"2024-07-09T04:11:18+00:00\" \/>\n<meta property=\"og:image\" content=\"https:\/\/www.aliadospuebla.com\/web2017\/wp-content\/uploads\/2024\/07\/descarga-2024-07-08T221025.577.jpeg\" \/>\n\t<meta property=\"og:image:width\" content=\"1324\" \/>\n\t<meta property=\"og:image:height\" content=\"927\" \/>\n\t<meta property=\"og:image:type\" content=\"image\/jpeg\" \/>\n<meta name=\"author\" content=\"Aliados17\" \/>\n<meta name=\"twitter:card\" content=\"summary_large_image\" \/>\n<meta name=\"twitter:creator\" content=\"@AliadosPuebla\" \/>\n<meta name=\"twitter:label1\" content=\"Escrito por\" \/>\n\t<meta name=\"twitter:data1\" content=\"Aliados17\" \/>\n\t<meta name=\"twitter:label2\" content=\"Tiempo de lectura\" \/>\n\t<meta name=\"twitter:data2\" content=\"2 minutos\" \/>\n<script type=\"application\/ld+json\" class=\"yoast-schema-graph\">{\"@context\":\"https:\\\/\\\/schema.org\",\"@graph\":[{\"@type\":\"Article\",\"@id\":\"https:\\\/\\\/www.aliadospuebla.com\\\/?p=94202#article\",\"isPartOf\":{\"@id\":\"https:\\\/\\\/www.aliadospuebla.com\\\/?p=94202\"},\"author\":{\"name\":\"Aliados17\",\"@id\":\"https:\\\/\\\/www.aliadospuebla.com\\\/#\\\/schema\\\/person\\\/5da7dd09320bd4f392b710017ed5f8ad\"},\"headline\":\"Alista SEDIF Jornada Incluyente en Tepexi de Rodr\u00edguez\",\"datePublished\":\"2024-07-09T04:11:18+00:00\",\"mainEntityOfPage\":{\"@id\":\"https:\\\/\\\/www.aliadospuebla.com\\\/?p=94202\"},\"wordCount\":321,\"commentCount\":0,\"image\":{\"@id\":\"https:\\\/\\\/www.aliadospuebla.com\\\/?p=94202#primaryimage\"},\"thumbnailUrl\":\"https:\\\/\\\/www.aliadospuebla.com\\\/web2017\\\/wp-content\\\/uploads\\\/2024\\\/07\\\/descarga-2024-07-08T221025.577.jpeg\",\"keywords\":[\"ARMENTA\",\"BUAP\",\"Campa\u00f1a politica\",\"CIUDAD DE PUEBLA\",\"ESTADO DE PUEBLA\",\"GOBERNADOR DE PUEBLA\",\"GOBIERNO DE PUEBLA\",\"Mario puebla\",\"Mario Riestra\",\"PAN\",\"PARTIDOS POL\u00cdTICOS\",\"Politica Puebla\",\"PRI\",\"PSI\",\"Puebla Ciudad\",\"Puebla estado\",\"Puebla gobierno\",\"puebla politica\",\"Puebla Senadores\",\"Puebla UDLAP\",\"Puebla Universidad\",\"Puebla Universidades\",\"Senadores Puebla\",\"Sergio Salomon\",\"To\u00f1o L\u00f3pez\",\"Udlap\",\"Udlap cholula\",\"UDLAP Puebla\",\"Universidad de Puebla\",\"UPAEP\",\"UPAEP Puebla\"],\"articleSection\":[\"Gobierno\"],\"inLanguage\":\"es\",\"potentialAction\":[{\"@type\":\"CommentAction\",\"name\":\"Comment\",\"target\":[\"https:\\\/\\\/www.aliadospuebla.com\\\/?p=94202#respond\"]}]},{\"@type\":\"WebPage\",\"@id\":\"https:\\\/\\\/www.aliadospuebla.com\\\/?p=94202\",\"url\":\"https:\\\/\\\/www.aliadospuebla.com\\\/?p=94202\",\"name\":\"Alista SEDIF Jornada Incluyente en Tepexi de Rodr\u00edguez - AliadosPuebla\",\"isPartOf\":{\"@id\":\"https:\\\/\\\/www.aliadospuebla.com\\\/#website\"},\"primaryImageOfPage\":{\"@id\":\"https:\\\/\\\/www.aliadospuebla.com\\\/?p=94202#primaryimage\"},\"image\":{\"@id\":\"https:\\\/\\\/www.aliadospuebla.com\\\/?p=94202#primaryimage\"},\"thumbnailUrl\":\"https:\\\/\\\/www.aliadospuebla.com\\\/web2017\\\/wp-content\\\/uploads\\\/2024\\\/07\\\/descarga-2024-07-08T221025.577.jpeg\",\"datePublished\":\"2024-07-09T04:11:18+00:00\",\"author\":{\"@id\":\"https:\\\/\\\/www.aliadospuebla.com\\\/#\\\/schema\\\/person\\\/5da7dd09320bd4f392b710017ed5f8ad\"},\"breadcrumb\":{\"@id\":\"https:\\\/\\\/www.aliadospuebla.com\\\/?p=94202#breadcrumb\"},\"inLanguage\":\"es\",\"potentialAction\":[{\"@type\":\"ReadAction\",\"target\":[\"https:\\\/\\\/www.aliadospuebla.com\\\/?p=94202\"]}]},{\"@type\":\"ImageObject\",\"inLanguage\":\"es\",\"@id\":\"https:\\\/\\\/www.aliadospuebla.com\\\/?p=94202#primaryimage\",\"url\":\"https:\\\/\\\/www.aliadospuebla.com\\\/web2017\\\/wp-content\\\/uploads\\\/2024\\\/07\\\/descarga-2024-07-08T221025.577.jpeg\",\"contentUrl\":\"https:\\\/\\\/www.aliadospuebla.com\\\/web2017\\\/wp-content\\\/uploads\\\/2024\\\/07\\\/descarga-2024-07-08T221025.577.jpeg\",\"width\":1324,\"height\":927},{\"@type\":\"BreadcrumbList\",\"@id\":\"https:\\\/\\\/www.aliadospuebla.com\\\/?p=94202#breadcrumb\",\"itemListElement\":[{\"@type\":\"ListItem\",\"position\":1,\"name\":\"Portada\",\"item\":\"https:\\\/\\\/www.aliadospuebla.com\\\/\"},{\"@type\":\"ListItem\",\"position\":2,\"name\":\"Alista SEDIF Jornada Incluyente en Tepexi de Rodr\u00edguez\"}]},{\"@type\":\"WebSite\",\"@id\":\"https:\\\/\\\/www.aliadospuebla.com\\\/#website\",\"url\":\"https:\\\/\\\/www.aliadospuebla.com\\\/\",\"name\":\"AliadosPuebla\",\"description\":\"La informaci\u00f3n en tus manos\",\"potentialAction\":[{\"@type\":\"SearchAction\",\"target\":{\"@type\":\"EntryPoint\",\"urlTemplate\":\"https:\\\/\\\/www.aliadospuebla.com\\\/?s={search_term_string}\"},\"query-input\":{\"@type\":\"PropertyValueSpecification\",\"valueRequired\":true,\"valueName\":\"search_term_string\"}}],\"inLanguage\":\"es\"},{\"@type\":\"Person\",\"@id\":\"https:\\\/\\\/www.aliadospuebla.com\\\/#\\\/schema\\\/person\\\/5da7dd09320bd4f392b710017ed5f8ad\",\"name\":\"Aliados17\",\"image\":{\"@type\":\"ImageObject\",\"inLanguage\":\"es\",\"@id\":\"https:\\\/\\\/www.aliadospuebla.com\\\/web2017\\\/wp-content\\\/uploads\\\/2025\\\/03\\\/cropped-para-perfil-8-anos-1-96x96.jpg\",\"url\":\"https:\\\/\\\/www.aliadospuebla.com\\\/web2017\\\/wp-content\\\/uploads\\\/2025\\\/03\\\/cropped-para-perfil-8-anos-1-96x96.jpg\",\"contentUrl\":\"https:\\\/\\\/www.aliadospuebla.com\\\/web2017\\\/wp-content\\\/uploads\\\/2025\\\/03\\\/cropped-para-perfil-8-anos-1-96x96.jpg\",\"caption\":\"Aliados17\"},\"sameAs\":[\"https:\\\/\\\/www.aliados17.com\",\"https:\\\/\\\/www.facebook.com\\\/Aliados17Pue\",\"https:\\\/\\\/x.com\\\/AliadosPuebla\"],\"url\":\"https:\\\/\\\/www.aliadospuebla.com\\\/?author=2\"}]}<\/script>\n<!-- \/ Yoast SEO plugin. -->","yoast_head_json":{"title":"Alista SEDIF Jornada Incluyente en Tepexi de Rodr\u00edguez - AliadosPuebla","robots":{"index":"index","follow":"follow","max-snippet":"max-snippet:-1","max-image-preview":"max-image-preview:large","max-video-preview":"max-video-preview:-1"},"canonical":"https:\/\/www.aliadospuebla.com\/?p=94202","og_locale":"es_ES","og_type":"article","og_title":"Alista SEDIF Jornada Incluyente en Tepexi de Rodr\u00edguez - AliadosPuebla","og_description":"CIUDAD DE PUEBLA, Pue.-\u00a0Con el objetivo de acercar a las familias poblanas del interior del estado diversos programas y servicios que ofrece el gobierno presente de Sergio Salom\u00f3n, el Sistema Estatal DIF anuncia la realizaci\u00f3n de una Jornada Incluyente, el pr\u00f3ximo mi\u00e9rcoles 10 de julio, de 10:00 a 13:00 horas en el Auditorio Municipal de Tepexi de Rodr\u00edguez. Este evento ser\u00e1 encabezado por la presidenta honoraria del Patronato del SEDIF, Gaby Bonilla, quien, junto a decenas de colaboradoras y colaboradores del organismo, acercar\u00e1 a la poblaci\u00f3n el programa de credencializaci\u00f3n nacional para personas con discapacidad, gesti\u00f3n de aparatos ortop\u00e9dicos, asesor\u00eda jur\u00eddica, corte de cabello, cocina m\u00f3vil, registro al programa de apoyo alimentario, por citar algunos. Es importante se\u00f1alar que las y los habitantes interesados que&hellip;Leer m\u00e1s...","og_url":"https:\/\/www.aliadospuebla.com\/?p=94202","og_site_name":"AliadosPuebla","article_author":"https:\/\/www.facebook.com\/Aliados17Pue","article_published_time":"2024-07-09T04:11:18+00:00","og_image":[{"width":1324,"height":927,"url":"https:\/\/www.aliadospuebla.com\/web2017\/wp-content\/uploads\/2024\/07\/descarga-2024-07-08T221025.577.jpeg","type":"image\/jpeg"}],"author":"Aliados17","twitter_card":"summary_large_image","twitter_creator":"@AliadosPuebla","twitter_misc":{"Escrito por":"Aliados17","Tiempo de lectura":"2 minutos"},"schema":{"@context":"https:\/\/schema.org","@graph":[{"@type":"Article","@id":"https:\/\/www.aliadospuebla.com\/?p=94202#article","isPartOf":{"@id":"https:\/\/www.aliadospuebla.com\/?p=94202"},"author":{"name":"Aliados17","@id":"https:\/\/www.aliadospuebla.com\/#\/schema\/person\/5da7dd09320bd4f392b710017ed5f8ad"},"headline":"Alista SEDIF Jornada Incluyente en Tepexi de Rodr\u00edguez","datePublished":"2024-07-09T04:11:18+00:00","mainEntityOfPage":{"@id":"https:\/\/www.aliadospuebla.com\/?p=94202"},"wordCount":321,"commentCount":0,"image":{"@id":"https:\/\/www.aliadospuebla.com\/?p=94202#primaryimage"},"thumbnailUrl":"https:\/\/www.aliadospuebla.com\/web2017\/wp-content\/uploads\/2024\/07\/descarga-2024-07-08T221025.577.jpeg","keywords":["ARMENTA","BUAP","Campa\u00f1a politica","CIUDAD DE PUEBLA","ESTADO DE PUEBLA","GOBERNADOR DE PUEBLA","GOBIERNO DE PUEBLA","Mario puebla","Mario Riestra","PAN","PARTIDOS POL\u00cdTICOS","Politica Puebla","PRI","PSI","Puebla Ciudad","Puebla estado","Puebla gobierno","puebla politica","Puebla Senadores","Puebla UDLAP","Puebla Universidad","Puebla Universidades","Senadores Puebla","Sergio Salomon","To\u00f1o L\u00f3pez","Udlap","Udlap cholula","UDLAP Puebla","Universidad de Puebla","UPAEP","UPAEP Puebla"],"articleSection":["Gobierno"],"inLanguage":"es","potentialAction":[{"@type":"CommentAction","name":"Comment","target":["https:\/\/www.aliadospuebla.com\/?p=94202#respond"]}]},{"@type":"WebPage","@id":"https:\/\/www.aliadospuebla.com\/?p=94202","url":"https:\/\/www.aliadospuebla.com\/?p=94202","name":"Alista SEDIF Jornada Incluyente en Tepexi de Rodr\u00edguez - AliadosPuebla","isPartOf":{"@id":"https:\/\/www.aliadospuebla.com\/#website"},"primaryImageOfPage":{"@id":"https:\/\/www.aliadospuebla.com\/?p=94202#primaryimage"},"image":{"@id":"https:\/\/www.aliadospuebla.com\/?p=94202#primaryimage"},"thumbnailUrl":"https:\/\/www.aliadospuebla.com\/web2017\/wp-content\/uploads\/2024\/07\/descarga-2024-07-08T221025.577.jpeg","datePublished":"2024-07-09T04:11:18+00:00","author":{"@id":"https:\/\/www.aliadospuebla.com\/#\/schema\/person\/5da7dd09320bd4f392b710017ed5f8ad"},"breadcrumb":{"@id":"https:\/\/www.aliadospuebla.com\/?p=94202#breadcrumb"},"inLanguage":"es","potentialAction":[{"@type":"ReadAction","target":["https:\/\/www.aliadospuebla.com\/?p=94202"]}]},{"@type":"ImageObject","inLanguage":"es","@id":"https:\/\/www.aliadospuebla.com\/?p=94202#primaryimage","url":"https:\/\/www.aliadospuebla.com\/web2017\/wp-content\/uploads\/2024\/07\/descarga-2024-07-08T221025.577.jpeg","contentUrl":"https:\/\/www.aliadospuebla.com\/web2017\/wp-content\/uploads\/2024\/07\/descarga-2024-07-08T221025.577.jpeg","width":1324,"height":927},{"@type":"BreadcrumbList","@id":"https:\/\/www.aliadospuebla.com\/?p=94202#breadcrumb","itemListElement":[{"@type":"ListItem","position":1,"name":"Portada","item":"https:\/\/www.aliadospuebla.com\/"},{"@type":"ListItem","position":2,"name":"Alista SEDIF Jornada Incluyente en Tepexi de Rodr\u00edguez"}]},{"@type":"WebSite","@id":"https:\/\/www.aliadospuebla.com\/#website","url":"https:\/\/www.aliadospuebla.com\/","name":"AliadosPuebla","description":"La informaci\u00f3n en tus manos","potentialAction":[{"@type":"SearchAction","target":{"@type":"EntryPoint","urlTemplate":"https:\/\/www.aliadospuebla.com\/?s={search_term_string}"},"query-input":{"@type":"PropertyValueSpecification","valueRequired":true,"valueName":"search_term_string"}}],"inLanguage":"es"},{"@type":"Person","@id":"https:\/\/www.aliadospuebla.com\/#\/schema\/person\/5da7dd09320bd4f392b710017ed5f8ad","name":"Aliados17","image":{"@type":"ImageObject","inLanguage":"es","@id":"https:\/\/www.aliadospuebla.com\/web2017\/wp-content\/uploads\/2025\/03\/cropped-para-perfil-8-anos-1-96x96.jpg","url":"https:\/\/www.aliadospuebla.com\/web2017\/wp-content\/uploads\/2025\/03\/cropped-para-perfil-8-anos-1-96x96.jpg","contentUrl":"https:\/\/www.aliadospuebla.com\/web2017\/wp-content\/uploads\/2025\/03\/cropped-para-perfil-8-anos-1-96x96.jpg","caption":"Aliados17"},"sameAs":["https:\/\/www.aliados17.com","https:\/\/www.facebook.com\/Aliados17Pue","https:\/\/x.com\/AliadosPuebla"],"url":"https:\/\/www.aliadospuebla.com\/?author=2"}]}},"views":8,"_links":{"self":[{"href":"https:\/\/www.aliadospuebla.com\/index.php?rest_route=\/wp\/v2\/posts\/94202","targetHints":{"allow":["GET"]}}],"collection":[{"href":"https:\/\/www.aliadospuebla.com\/index.php?rest_route=\/wp\/v2\/posts"}],"about":[{"href":"https:\/\/www.aliadospuebla.com\/index.php?rest_route=\/wp\/v2\/types\/post"}],"author":[{"embeddable":true,"href":"https:\/\/www.aliadospuebla.com\/index.php?rest_route=\/wp\/v2\/users\/2"}],"replies":[{"embeddable":true,"href":"https:\/\/www.aliadospuebla.com\/index.php?rest_route=%2Fwp%2Fv2%2Fcomments&post=94202"}],"version-history":[{"count":1,"href":"https:\/\/www.aliadospuebla.com\/index.php?rest_route=\/wp\/v2\/posts\/94202\/revisions"}],"predecessor-version":[{"id":94215,"href":"https:\/\/www.aliadospuebla.com\/index.php?rest_route=\/wp\/v2\/posts\/94202\/revisions\/94215"}],"wp:featuredmedia":[{"embeddable":true,"href":"https:\/\/www.aliadospuebla.com\/index.php?rest_route=\/wp\/v2\/media\/94214"}],"wp:attachment":[{"href":"https:\/\/www.aliadospuebla.com\/index.php?rest_route=%2Fwp%2Fv2%2Fmedia&parent=94202"}],"wp:term":[{"taxonomy":"category","embeddable":true,"href":"https:\/\/www.aliadospuebla.com\/index.php?rest_route=%2Fwp%2Fv2%2Fcategories&post=94202"},{"taxonomy":"post_tag","embeddable":true,"href":"https:\/\/www.aliadospuebla.com\/index.php?rest_route=%2Fwp%2Fv2%2Ftags&post=94202"}],"curies":[{"name":"wp","href":"https:\/\/api.w.org\/{rel}","templated":true}]}}