{"id":93309,"date":"2024-06-17T10:56:55","date_gmt":"2024-06-17T16:56:55","guid":{"rendered":"https:\/\/www.aliados17.com\/?p=93309"},"modified":"2024-06-17T10:56:55","modified_gmt":"2024-06-17T16:56:55","slug":"desarrollaran-infraestructura-espacial-mexico-y-corea-del-sur","status":"publish","type":"post","link":"https:\/\/www.aliadospuebla.com\/?p=93309","title":{"rendered":"DESARROLLAR\u00c1N INFRAESTRUCTURA ESPACIAL M\u00c9XICO Y COREA DEL SUR"},"content":{"rendered":"<p style=\"font-weight: 400;\">Tras reuniones de trabajo del secretario de Infraestructura, Comunicaciones y Transportes (SICT), Jorge Nu\u00f1o Lara, y el presidente de la<\/p>\n<p style=\"font-weight: 400;\">agencia espacial de Corea del Sur, Korea Aerospace Research Institute (KARI), Sang-Ryool Lee, el d\u00eda de hoy se rubric\u00f3 el Convenio de<\/p>\n<p style=\"font-weight: 400;\">Colaboraci\u00f3n para el desarrollo espacial con la Agencia Espacial Mexicana (AEM).<\/p>\n<p style=\"font-weight: 400;\">Acompa\u00f1ados por el coordinador de Asesores de la Oficina del Secretario, Arturo Palacios Uribe, el director general de la AEM, Salvador<\/p>\n<p style=\"font-weight: 400;\">Landeros Ayala, y el presidente de KARI, Ryool Lee, firmaron el Acuerdo Espec\u00edfico de Cooperaci\u00f3n, que permitir\u00e1 formalizar acciones de<\/p>\n<p style=\"font-weight: 400;\">colaboraci\u00f3n para desarrollar infraestructura espacial en M\u00e9xico.<\/p>\n<p style=\"font-weight: 400;\">Con base en ello, se realizar\u00e1 un estudio conjunto de viabilidad sobre plataformas de lanzamiento, buscando iniciar con esta infraestructura<\/p>\n<p style=\"font-weight: 400;\">la incursi\u00f3n de M\u00e9xico en el mercado global de lanzamientos de sat\u00e9lites.<\/p>\n<p style=\"font-weight: 400;\">Se coincidi\u00f3 en que la firma del Acuerdo fortalece los lazos de cooperaci\u00f3n bilateral entre la agencia espacial de Corea del Sur, KARI, y la<\/p>\n<p style=\"font-weight: 400;\">AEM, para el desarrollo de infraestructura, cartograf\u00eda y prevenci\u00f3n de desastres naturales, gracias a la tecnolog\u00eda satelital.<\/p>\n<p style=\"font-weight: 400;\">De acuerdo a la consultora internacional Bryce Tech, la derrama global de ingresos en el negocio de los servicios de lanzamiento tiene un<\/p>\n<p style=\"font-weight: 400;\">valor de mercado que asciende aproximadamente a los 128 mil millones de pesos anuales.<\/p>\n<p style=\"font-weight: 400;\">Por ello, y dada la estrat\u00e9gica posici\u00f3n geogr\u00e1fica de nuestro pa\u00eds, el proyecto podr\u00eda responder a la demanda del mercado internacional de<\/p>\n<p style=\"font-weight: 400;\">estos servicios, y aprovechar el fen\u00f3meno de relocalizaci\u00f3n de empresas en M\u00e9xico (nearshoring) para fortalecer la industria espacial<\/p>\n<p style=\"font-weight: 400;\">nacional.<\/p>\n<p style=\"font-weight: 400;\">Al evento asistieron el embajador de la Rep\u00fablica de Corea en M\u00e9xico, Huh Tae-wan, as\u00ed como la delegaci\u00f3n de KARI, Hang Seok Cho,<\/p>\n<p style=\"font-weight: 400;\">director de Cooperaciones Internacionales; Hwan-suk Choi, director del Centro de Cohetes; Lee Jae Rim, encargado de Comunicaci\u00f3n<\/p>\n<p style=\"font-weight: 400;\">Institucional; y Mike Ahn y Hyewun Jung, de la Administraci\u00f3n de la Oficina de Cooperaci\u00f3n Internacional.<\/p>\n<p style=\"font-weight: 400;\">Por parte de la SICT, el director general de Comunicaciones, Carlos Gorostiza Zatarain, en representaci\u00f3n del subsecretario de Transporte,<\/p>\n<p style=\"font-weight: 400;\">Rogelio Jim\u00e9nez Pons.<\/p>\n","protected":false},"excerpt":{"rendered":"<p>Tras reuniones de trabajo del secretario de Infraestructura, Comunicaciones y Transportes (SICT), Jorge Nu\u00f1o Lara, y el presidente de la agencia espacial de Corea del Sur, Korea Aerospace Research Institute (KARI), Sang-Ryool Lee, el d\u00eda de hoy se rubric\u00f3 el Convenio de Colaboraci\u00f3n para el desarrollo espacial con la Agencia Espacial Mexicana (AEM). Acompa\u00f1ados por el coordinador de Asesores de la Oficina del Secretario, Arturo Palacios Uribe, el director general de la AEM, Salvador Landeros Ayala, y el presidente de KARI, Ryool Lee, firmaron el Acuerdo Espec\u00edfico de Cooperaci\u00f3n, que permitir\u00e1 formalizar acciones de colaboraci\u00f3n para desarrollar infraestructura espacial en M\u00e9xico. Con base en ello, se realizar\u00e1 un estudio conjunto de viabilidad sobre plataformas de lanzamiento, buscando iniciar con esta infraestructura la incursi\u00f3n de M\u00e9xico&hellip;<\/p>\n<p class=\"excerpt-more\"><a class=\"blog-excerpt button\" href=\"https:\/\/www.aliadospuebla.com\/?p=93309\">Leer m\u00e1s&#8230;<\/a><\/p>\n","protected":false},"author":2,"featured_media":93323,"comment_status":"open","ping_status":"open","sticky":false,"template":"","format":"standard","meta":{"_monsterinsights_skip_tracking":false,"footnotes":""},"categories":[5],"tags":[7532,653,23118,11026,10636,5244,8056,23119,170,251,2403,13188,45,3880,13158,17715,13795,13718,19795,14620,13467,13635,19794,13575,15430,63,19283,14621,13749,27,13508],"class_list":["post-93309","post","type-post","status-publish","format-standard","has-post-thumbnail","hentry","category-universidades","tag-armenta","tag-buap","tag-campana-politica","tag-ciudad-de-puebla","tag-estado-de-puebla","tag-gobernador-de-puebla","tag-gobierno-de-puebla","tag-mario-puebla","tag-mario-riestra","tag-pan","tag-partidos-politicos","tag-politica-puebla","tag-pri","tag-psi","tag-puebla-ciudad","tag-puebla-estado","tag-puebla-gobierno","tag-puebla-politica","tag-puebla-senadores","tag-puebla-udlap","tag-puebla-universidad","tag-puebla-universidades","tag-senadores-puebla","tag-sergio-salomon","tag-tono-lopez","tag-udlap","tag-udlap-cholula","tag-udlap-puebla","tag-universidad-de-puebla","tag-upaep","tag-upaep-puebla"],"yoast_head":"<!-- This site is optimized with the Yoast SEO plugin v28.4 - https:\/\/yoast.com\/product\/yoast-seo-wordpress\/ -->\n<title>DESARROLLAR\u00c1N INFRAESTRUCTURA ESPACIAL M\u00c9XICO Y COREA DEL SUR - AliadosPuebla<\/title>\n<meta name=\"robots\" content=\"index, follow, max-snippet:-1, max-image-preview:large, max-video-preview:-1\" \/>\n<link rel=\"canonical\" href=\"https:\/\/www.aliadospuebla.com\/?p=93309\" \/>\n<meta property=\"og:locale\" content=\"es_ES\" \/>\n<meta property=\"og:type\" content=\"article\" \/>\n<meta property=\"og:title\" content=\"DESARROLLAR\u00c1N INFRAESTRUCTURA ESPACIAL M\u00c9XICO Y COREA DEL SUR - AliadosPuebla\" \/>\n<meta property=\"og:description\" content=\"Tras reuniones de trabajo del secretario de Infraestructura, Comunicaciones y Transportes (SICT), Jorge Nu\u00f1o Lara, y el presidente de la agencia espacial de Corea del Sur, Korea Aerospace Research Institute (KARI), Sang-Ryool Lee, el d\u00eda de hoy se rubric\u00f3 el Convenio de Colaboraci\u00f3n para el desarrollo espacial con la Agencia Espacial Mexicana (AEM). Acompa\u00f1ados por el coordinador de Asesores de la Oficina del Secretario, Arturo Palacios Uribe, el director general de la AEM, Salvador Landeros Ayala, y el presidente de KARI, Ryool Lee, firmaron el Acuerdo Espec\u00edfico de Cooperaci\u00f3n, que permitir\u00e1 formalizar acciones de colaboraci\u00f3n para desarrollar infraestructura espacial en M\u00e9xico. Con base en ello, se realizar\u00e1 un estudio conjunto de viabilidad sobre plataformas de lanzamiento, buscando iniciar con esta infraestructura la incursi\u00f3n de M\u00e9xico&hellip;Leer m\u00e1s...\" \/>\n<meta property=\"og:url\" content=\"https:\/\/www.aliadospuebla.com\/?p=93309\" \/>\n<meta property=\"og:site_name\" content=\"AliadosPuebla\" \/>\n<meta property=\"article:author\" content=\"https:\/\/www.facebook.com\/Aliados17Pue\" \/>\n<meta property=\"article:published_time\" content=\"2024-06-17T16:56:55+00:00\" \/>\n<meta property=\"og:image\" content=\"https:\/\/www.aliadospuebla.com\/web2017\/wp-content\/uploads\/2024\/06\/descarga-35.jpg\" \/>\n\t<meta property=\"og:image:width\" content=\"1391\" \/>\n\t<meta property=\"og:image:height\" content=\"927\" \/>\n\t<meta property=\"og:image:type\" content=\"image\/jpeg\" \/>\n<meta name=\"author\" content=\"Aliados17\" \/>\n<meta name=\"twitter:card\" content=\"summary_large_image\" \/>\n<meta name=\"twitter:creator\" content=\"@AliadosPuebla\" \/>\n<meta name=\"twitter:label1\" content=\"Escrito por\" \/>\n\t<meta name=\"twitter:data1\" content=\"Aliados17\" \/>\n\t<meta name=\"twitter:label2\" content=\"Tiempo de lectura\" \/>\n\t<meta name=\"twitter:data2\" content=\"2 minutos\" \/>\n<script type=\"application\/ld+json\" class=\"yoast-schema-graph\">{\"@context\":\"https:\\\/\\\/schema.org\",\"@graph\":[{\"@type\":\"Article\",\"@id\":\"https:\\\/\\\/www.aliadospuebla.com\\\/?p=93309#article\",\"isPartOf\":{\"@id\":\"https:\\\/\\\/www.aliadospuebla.com\\\/?p=93309\"},\"author\":{\"name\":\"Aliados17\",\"@id\":\"https:\\\/\\\/www.aliadospuebla.com\\\/#\\\/schema\\\/person\\\/5da7dd09320bd4f392b710017ed5f8ad\"},\"headline\":\"DESARROLLAR\u00c1N INFRAESTRUCTURA ESPACIAL M\u00c9XICO Y COREA DEL SUR\",\"datePublished\":\"2024-06-17T16:56:55+00:00\",\"mainEntityOfPage\":{\"@id\":\"https:\\\/\\\/www.aliadospuebla.com\\\/?p=93309\"},\"wordCount\":371,\"commentCount\":0,\"image\":{\"@id\":\"https:\\\/\\\/www.aliadospuebla.com\\\/?p=93309#primaryimage\"},\"thumbnailUrl\":\"https:\\\/\\\/www.aliadospuebla.com\\\/web2017\\\/wp-content\\\/uploads\\\/2024\\\/06\\\/descarga-35.jpg\",\"keywords\":[\"ARMENTA\",\"BUAP\",\"Campa\u00f1a politica\",\"CIUDAD DE PUEBLA\",\"ESTADO DE PUEBLA\",\"GOBERNADOR DE PUEBLA\",\"GOBIERNO DE PUEBLA\",\"Mario puebla\",\"Mario Riestra\",\"PAN\",\"PARTIDOS POL\u00cdTICOS\",\"Politica Puebla\",\"PRI\",\"PSI\",\"Puebla Ciudad\",\"Puebla estado\",\"Puebla gobierno\",\"puebla politica\",\"Puebla Senadores\",\"Puebla UDLAP\",\"Puebla Universidad\",\"Puebla Universidades\",\"Senadores Puebla\",\"Sergio Salomon\",\"To\u00f1o L\u00f3pez\",\"Udlap\",\"Udlap cholula\",\"UDLAP Puebla\",\"Universidad de Puebla\",\"UPAEP\",\"UPAEP Puebla\"],\"articleSection\":[\"Universidades\"],\"inLanguage\":\"es\",\"potentialAction\":[{\"@type\":\"CommentAction\",\"name\":\"Comment\",\"target\":[\"https:\\\/\\\/www.aliadospuebla.com\\\/?p=93309#respond\"]}]},{\"@type\":\"WebPage\",\"@id\":\"https:\\\/\\\/www.aliadospuebla.com\\\/?p=93309\",\"url\":\"https:\\\/\\\/www.aliadospuebla.com\\\/?p=93309\",\"name\":\"DESARROLLAR\u00c1N INFRAESTRUCTURA ESPACIAL M\u00c9XICO Y COREA DEL SUR - AliadosPuebla\",\"isPartOf\":{\"@id\":\"https:\\\/\\\/www.aliadospuebla.com\\\/#website\"},\"primaryImageOfPage\":{\"@id\":\"https:\\\/\\\/www.aliadospuebla.com\\\/?p=93309#primaryimage\"},\"image\":{\"@id\":\"https:\\\/\\\/www.aliadospuebla.com\\\/?p=93309#primaryimage\"},\"thumbnailUrl\":\"https:\\\/\\\/www.aliadospuebla.com\\\/web2017\\\/wp-content\\\/uploads\\\/2024\\\/06\\\/descarga-35.jpg\",\"datePublished\":\"2024-06-17T16:56:55+00:00\",\"author\":{\"@id\":\"https:\\\/\\\/www.aliadospuebla.com\\\/#\\\/schema\\\/person\\\/5da7dd09320bd4f392b710017ed5f8ad\"},\"breadcrumb\":{\"@id\":\"https:\\\/\\\/www.aliadospuebla.com\\\/?p=93309#breadcrumb\"},\"inLanguage\":\"es\",\"potentialAction\":[{\"@type\":\"ReadAction\",\"target\":[\"https:\\\/\\\/www.aliadospuebla.com\\\/?p=93309\"]}]},{\"@type\":\"ImageObject\",\"inLanguage\":\"es\",\"@id\":\"https:\\\/\\\/www.aliadospuebla.com\\\/?p=93309#primaryimage\",\"url\":\"https:\\\/\\\/www.aliadospuebla.com\\\/web2017\\\/wp-content\\\/uploads\\\/2024\\\/06\\\/descarga-35.jpg\",\"contentUrl\":\"https:\\\/\\\/www.aliadospuebla.com\\\/web2017\\\/wp-content\\\/uploads\\\/2024\\\/06\\\/descarga-35.jpg\",\"width\":1391,\"height\":927},{\"@type\":\"BreadcrumbList\",\"@id\":\"https:\\\/\\\/www.aliadospuebla.com\\\/?p=93309#breadcrumb\",\"itemListElement\":[{\"@type\":\"ListItem\",\"position\":1,\"name\":\"Portada\",\"item\":\"https:\\\/\\\/www.aliadospuebla.com\\\/\"},{\"@type\":\"ListItem\",\"position\":2,\"name\":\"DESARROLLAR\u00c1N INFRAESTRUCTURA ESPACIAL M\u00c9XICO Y COREA DEL SUR\"}]},{\"@type\":\"WebSite\",\"@id\":\"https:\\\/\\\/www.aliadospuebla.com\\\/#website\",\"url\":\"https:\\\/\\\/www.aliadospuebla.com\\\/\",\"name\":\"AliadosPuebla\",\"description\":\"La informaci\u00f3n en tus manos\",\"potentialAction\":[{\"@type\":\"SearchAction\",\"target\":{\"@type\":\"EntryPoint\",\"urlTemplate\":\"https:\\\/\\\/www.aliadospuebla.com\\\/?s={search_term_string}\"},\"query-input\":{\"@type\":\"PropertyValueSpecification\",\"valueRequired\":true,\"valueName\":\"search_term_string\"}}],\"inLanguage\":\"es\"},{\"@type\":\"Person\",\"@id\":\"https:\\\/\\\/www.aliadospuebla.com\\\/#\\\/schema\\\/person\\\/5da7dd09320bd4f392b710017ed5f8ad\",\"name\":\"Aliados17\",\"image\":{\"@type\":\"ImageObject\",\"inLanguage\":\"es\",\"@id\":\"https:\\\/\\\/www.aliadospuebla.com\\\/web2017\\\/wp-content\\\/uploads\\\/2025\\\/03\\\/cropped-para-perfil-8-anos-1-96x96.jpg\",\"url\":\"https:\\\/\\\/www.aliadospuebla.com\\\/web2017\\\/wp-content\\\/uploads\\\/2025\\\/03\\\/cropped-para-perfil-8-anos-1-96x96.jpg\",\"contentUrl\":\"https:\\\/\\\/www.aliadospuebla.com\\\/web2017\\\/wp-content\\\/uploads\\\/2025\\\/03\\\/cropped-para-perfil-8-anos-1-96x96.jpg\",\"caption\":\"Aliados17\"},\"sameAs\":[\"https:\\\/\\\/www.aliados17.com\",\"https:\\\/\\\/www.facebook.com\\\/Aliados17Pue\",\"https:\\\/\\\/x.com\\\/AliadosPuebla\"],\"url\":\"https:\\\/\\\/www.aliadospuebla.com\\\/?author=2\"}]}<\/script>\n<!-- \/ Yoast SEO plugin. -->","yoast_head_json":{"title":"DESARROLLAR\u00c1N INFRAESTRUCTURA ESPACIAL M\u00c9XICO Y COREA DEL SUR - AliadosPuebla","robots":{"index":"index","follow":"follow","max-snippet":"max-snippet:-1","max-image-preview":"max-image-preview:large","max-video-preview":"max-video-preview:-1"},"canonical":"https:\/\/www.aliadospuebla.com\/?p=93309","og_locale":"es_ES","og_type":"article","og_title":"DESARROLLAR\u00c1N INFRAESTRUCTURA ESPACIAL M\u00c9XICO Y COREA DEL SUR - AliadosPuebla","og_description":"Tras reuniones de trabajo del secretario de Infraestructura, Comunicaciones y Transportes (SICT), Jorge Nu\u00f1o Lara, y el presidente de la agencia espacial de Corea del Sur, Korea Aerospace Research Institute (KARI), Sang-Ryool Lee, el d\u00eda de hoy se rubric\u00f3 el Convenio de Colaboraci\u00f3n para el desarrollo espacial con la Agencia Espacial Mexicana (AEM). Acompa\u00f1ados por el coordinador de Asesores de la Oficina del Secretario, Arturo Palacios Uribe, el director general de la AEM, Salvador Landeros Ayala, y el presidente de KARI, Ryool Lee, firmaron el Acuerdo Espec\u00edfico de Cooperaci\u00f3n, que permitir\u00e1 formalizar acciones de colaboraci\u00f3n para desarrollar infraestructura espacial en M\u00e9xico. Con base en ello, se realizar\u00e1 un estudio conjunto de viabilidad sobre plataformas de lanzamiento, buscando iniciar con esta infraestructura la incursi\u00f3n de M\u00e9xico&hellip;Leer m\u00e1s...","og_url":"https:\/\/www.aliadospuebla.com\/?p=93309","og_site_name":"AliadosPuebla","article_author":"https:\/\/www.facebook.com\/Aliados17Pue","article_published_time":"2024-06-17T16:56:55+00:00","og_image":[{"width":1391,"height":927,"url":"https:\/\/www.aliadospuebla.com\/web2017\/wp-content\/uploads\/2024\/06\/descarga-35.jpg","type":"image\/jpeg"}],"author":"Aliados17","twitter_card":"summary_large_image","twitter_creator":"@AliadosPuebla","twitter_misc":{"Escrito por":"Aliados17","Tiempo de lectura":"2 minutos"},"schema":{"@context":"https:\/\/schema.org","@graph":[{"@type":"Article","@id":"https:\/\/www.aliadospuebla.com\/?p=93309#article","isPartOf":{"@id":"https:\/\/www.aliadospuebla.com\/?p=93309"},"author":{"name":"Aliados17","@id":"https:\/\/www.aliadospuebla.com\/#\/schema\/person\/5da7dd09320bd4f392b710017ed5f8ad"},"headline":"DESARROLLAR\u00c1N INFRAESTRUCTURA ESPACIAL M\u00c9XICO Y COREA DEL SUR","datePublished":"2024-06-17T16:56:55+00:00","mainEntityOfPage":{"@id":"https:\/\/www.aliadospuebla.com\/?p=93309"},"wordCount":371,"commentCount":0,"image":{"@id":"https:\/\/www.aliadospuebla.com\/?p=93309#primaryimage"},"thumbnailUrl":"https:\/\/www.aliadospuebla.com\/web2017\/wp-content\/uploads\/2024\/06\/descarga-35.jpg","keywords":["ARMENTA","BUAP","Campa\u00f1a politica","CIUDAD DE PUEBLA","ESTADO DE PUEBLA","GOBERNADOR DE PUEBLA","GOBIERNO DE PUEBLA","Mario puebla","Mario Riestra","PAN","PARTIDOS POL\u00cdTICOS","Politica Puebla","PRI","PSI","Puebla Ciudad","Puebla estado","Puebla gobierno","puebla politica","Puebla Senadores","Puebla UDLAP","Puebla Universidad","Puebla Universidades","Senadores Puebla","Sergio Salomon","To\u00f1o L\u00f3pez","Udlap","Udlap cholula","UDLAP Puebla","Universidad de Puebla","UPAEP","UPAEP Puebla"],"articleSection":["Universidades"],"inLanguage":"es","potentialAction":[{"@type":"CommentAction","name":"Comment","target":["https:\/\/www.aliadospuebla.com\/?p=93309#respond"]}]},{"@type":"WebPage","@id":"https:\/\/www.aliadospuebla.com\/?p=93309","url":"https:\/\/www.aliadospuebla.com\/?p=93309","name":"DESARROLLAR\u00c1N INFRAESTRUCTURA ESPACIAL M\u00c9XICO Y COREA DEL SUR - AliadosPuebla","isPartOf":{"@id":"https:\/\/www.aliadospuebla.com\/#website"},"primaryImageOfPage":{"@id":"https:\/\/www.aliadospuebla.com\/?p=93309#primaryimage"},"image":{"@id":"https:\/\/www.aliadospuebla.com\/?p=93309#primaryimage"},"thumbnailUrl":"https:\/\/www.aliadospuebla.com\/web2017\/wp-content\/uploads\/2024\/06\/descarga-35.jpg","datePublished":"2024-06-17T16:56:55+00:00","author":{"@id":"https:\/\/www.aliadospuebla.com\/#\/schema\/person\/5da7dd09320bd4f392b710017ed5f8ad"},"breadcrumb":{"@id":"https:\/\/www.aliadospuebla.com\/?p=93309#breadcrumb"},"inLanguage":"es","potentialAction":[{"@type":"ReadAction","target":["https:\/\/www.aliadospuebla.com\/?p=93309"]}]},{"@type":"ImageObject","inLanguage":"es","@id":"https:\/\/www.aliadospuebla.com\/?p=93309#primaryimage","url":"https:\/\/www.aliadospuebla.com\/web2017\/wp-content\/uploads\/2024\/06\/descarga-35.jpg","contentUrl":"https:\/\/www.aliadospuebla.com\/web2017\/wp-content\/uploads\/2024\/06\/descarga-35.jpg","width":1391,"height":927},{"@type":"BreadcrumbList","@id":"https:\/\/www.aliadospuebla.com\/?p=93309#breadcrumb","itemListElement":[{"@type":"ListItem","position":1,"name":"Portada","item":"https:\/\/www.aliadospuebla.com\/"},{"@type":"ListItem","position":2,"name":"DESARROLLAR\u00c1N INFRAESTRUCTURA ESPACIAL M\u00c9XICO Y COREA DEL SUR"}]},{"@type":"WebSite","@id":"https:\/\/www.aliadospuebla.com\/#website","url":"https:\/\/www.aliadospuebla.com\/","name":"AliadosPuebla","description":"La informaci\u00f3n en tus manos","potentialAction":[{"@type":"SearchAction","target":{"@type":"EntryPoint","urlTemplate":"https:\/\/www.aliadospuebla.com\/?s={search_term_string}"},"query-input":{"@type":"PropertyValueSpecification","valueRequired":true,"valueName":"search_term_string"}}],"inLanguage":"es"},{"@type":"Person","@id":"https:\/\/www.aliadospuebla.com\/#\/schema\/person\/5da7dd09320bd4f392b710017ed5f8ad","name":"Aliados17","image":{"@type":"ImageObject","inLanguage":"es","@id":"https:\/\/www.aliadospuebla.com\/web2017\/wp-content\/uploads\/2025\/03\/cropped-para-perfil-8-anos-1-96x96.jpg","url":"https:\/\/www.aliadospuebla.com\/web2017\/wp-content\/uploads\/2025\/03\/cropped-para-perfil-8-anos-1-96x96.jpg","contentUrl":"https:\/\/www.aliadospuebla.com\/web2017\/wp-content\/uploads\/2025\/03\/cropped-para-perfil-8-anos-1-96x96.jpg","caption":"Aliados17"},"sameAs":["https:\/\/www.aliados17.com","https:\/\/www.facebook.com\/Aliados17Pue","https:\/\/x.com\/AliadosPuebla"],"url":"https:\/\/www.aliadospuebla.com\/?author=2"}]}},"views":10,"_links":{"self":[{"href":"https:\/\/www.aliadospuebla.com\/index.php?rest_route=\/wp\/v2\/posts\/93309","targetHints":{"allow":["GET"]}}],"collection":[{"href":"https:\/\/www.aliadospuebla.com\/index.php?rest_route=\/wp\/v2\/posts"}],"about":[{"href":"https:\/\/www.aliadospuebla.com\/index.php?rest_route=\/wp\/v2\/types\/post"}],"author":[{"embeddable":true,"href":"https:\/\/www.aliadospuebla.com\/index.php?rest_route=\/wp\/v2\/users\/2"}],"replies":[{"embeddable":true,"href":"https:\/\/www.aliadospuebla.com\/index.php?rest_route=%2Fwp%2Fv2%2Fcomments&post=93309"}],"version-history":[{"count":1,"href":"https:\/\/www.aliadospuebla.com\/index.php?rest_route=\/wp\/v2\/posts\/93309\/revisions"}],"predecessor-version":[{"id":93324,"href":"https:\/\/www.aliadospuebla.com\/index.php?rest_route=\/wp\/v2\/posts\/93309\/revisions\/93324"}],"wp:featuredmedia":[{"embeddable":true,"href":"https:\/\/www.aliadospuebla.com\/index.php?rest_route=\/wp\/v2\/media\/93323"}],"wp:attachment":[{"href":"https:\/\/www.aliadospuebla.com\/index.php?rest_route=%2Fwp%2Fv2%2Fmedia&parent=93309"}],"wp:term":[{"taxonomy":"category","embeddable":true,"href":"https:\/\/www.aliadospuebla.com\/index.php?rest_route=%2Fwp%2Fv2%2Fcategories&post=93309"},{"taxonomy":"post_tag","embeddable":true,"href":"https:\/\/www.aliadospuebla.com\/index.php?rest_route=%2Fwp%2Fv2%2Ftags&post=93309"}],"curies":[{"name":"wp","href":"https:\/\/api.w.org\/{rel}","templated":true}]}}