{"id":93267,"date":"2024-06-15T10:45:59","date_gmt":"2024-06-15T16:45:59","guid":{"rendered":"https:\/\/www.aliados17.com\/?p=93267"},"modified":"2024-06-15T10:45:59","modified_gmt":"2024-06-15T16:45:59","slug":"inauguran-sergio-salomon-y-gaby-bonilla-nueva-casa-del-adolescente","status":"publish","type":"post","link":"https:\/\/www.aliadospuebla.com\/?p=93267","title":{"rendered":"Inauguran Sergio Salom\u00f3n y Gaby Bonilla nueva Casa del Adolescente"},"content":{"rendered":"<p style=\"font-weight: 400;\"><strong>CIUDAD DE PUEBLA, Pue.-\u00a0<\/strong>Con el firme prop\u00f3sito de contar con un espacio digno y de calidad que procure el bienestar e integridad de<\/p>\n<p style=\"font-weight: 400;\">la juventud poblana, el gobernador Sergio Salom\u00f3n, y la presidenta honoraria del Patronato del Sistema Estatal DIF, Gaby Bonilla,<\/p>\n<p style=\"font-weight: 400;\">inauguraron la nueva Casa del Adolescente, ubicada en el municipio de Cuautlancingo, donde se fomenta el desarrollo integral de j\u00f3venes, de<\/p>\n<p style=\"font-weight: 400;\">13 a 17 a\u00f1os de edad, cuya situaci\u00f3n o circunstancias les impiden permanecer en el seno familiar.<\/p>\n<p style=\"font-weight: 400;\">El titular del Ejecutivo, Sergio Salom\u00f3n invit\u00f3 a los diferentes sectores de la poblaci\u00f3n a hacer comunidad con la finalidad de recomponer el<\/p>\n<p style=\"font-weight: 400;\">tejido social y que existan mejores condiciones de vida, en donde no haya desigualdad ni violencia. Reconoci\u00f3 a la presidenta honoraria,<\/p>\n<p style=\"font-weight: 400;\">Gaby Bonilla, as\u00ed como a las y los integrantes del Patronato por promover dicho proyecto para garantizar el bienestar de la poblaci\u00f3n en<\/p>\n<p style=\"font-weight: 400;\">situaci\u00f3n vulnerable. Agreg\u00f3 que, esta Casa del Adolescentes dar\u00e1 amor y cobijo a quien m\u00e1s lo necesita.<\/p>\n<p style=\"font-weight: 400;\">Por su parte la presidenta honoraria del SEDIF, Gaby Bonilla, resalt\u00f3 que es un proyecto impulsado por la necesidad de brindar un hogar a<\/p>\n<p style=\"font-weight: 400;\">j\u00f3venes bajo la custodia del Sistema Estatal DIF. Resalt\u00f3 que, la adolescencia es una etapa compleja llena de desaf\u00edos y cambios, por lo cual<\/p>\n<p style=\"font-weight: 400;\">fue prioritario consolidar un refugio digno, seguro y acogedor. De igual forma, puntualiz\u00f3 que se habilit\u00f3 un \u00e1rea de transici\u00f3n que consta de<\/p>\n<p style=\"font-weight: 400;\">ocho departamentos, denominados \u201cocho latidos, donde los egresados mayores a 18 a\u00f1os de edad y sin una red de apoyo puedan permanecer<\/p>\n<p style=\"font-weight: 400;\">durante seis meses con diversos servicios a su alcance.<\/p>\n<p style=\"font-weight: 400;\">Este inmueble ofrece una capacidad para albergar a 80 personas; actualmente, se brinda atenci\u00f3n a 37 mujeres y 17 hombres quienes reciben<\/p>\n<p style=\"font-weight: 400;\">servicios de: Acompa\u00f1amiento Legal, Tutor\u00eda, Educaci\u00f3n, Atenci\u00f3n M\u00e9dica, Enfermer\u00eda, Nutrici\u00f3n, Psicolog\u00eda, Trabajo Social; tambi\u00e9n,<\/p>\n<p style=\"font-weight: 400;\">talleres para su inclusi\u00f3n en el sector productivo, as\u00ed como actividades l\u00fadicas, deportivas y recreativas, gracias al apoyo de benefactores.<\/p>\n<p style=\"font-weight: 400;\">Finalmente, la nueva Casa del Adolescente cuenta con: \u00e1rea administrativa con cub\u00edculos, consultorios, salones de usos m\u00faltiples,<\/p>\n<p style=\"font-weight: 400;\">dormitorios, m\u00f3dulos sanitarios, guardarropa, \u00e1reas verdes, cocina, comedor, almac\u00e9n, lavander\u00eda y cancha de usos m\u00faltiples, por citar<\/p>\n<p style=\"font-weight: 400;\">algunos.<\/p>\n","protected":false},"excerpt":{"rendered":"<p>CIUDAD DE PUEBLA, Pue.-\u00a0Con el firme prop\u00f3sito de contar con un espacio digno y de calidad que procure el bienestar e integridad de la juventud poblana, el gobernador Sergio Salom\u00f3n, y la presidenta honoraria del Patronato del Sistema Estatal DIF, Gaby Bonilla, inauguraron la nueva Casa del Adolescente, ubicada en el municipio de Cuautlancingo, donde se fomenta el desarrollo integral de j\u00f3venes, de 13 a 17 a\u00f1os de edad, cuya situaci\u00f3n o circunstancias les impiden permanecer en el seno familiar. El titular del Ejecutivo, Sergio Salom\u00f3n invit\u00f3 a los diferentes sectores de la poblaci\u00f3n a hacer comunidad con la finalidad de recomponer el tejido social y que existan mejores condiciones de vida, en donde no haya desigualdad ni violencia. Reconoci\u00f3 a la presidenta honoraria, Gaby&hellip;<\/p>\n<p class=\"excerpt-more\"><a class=\"blog-excerpt button\" href=\"https:\/\/www.aliadospuebla.com\/?p=93267\">Leer m\u00e1s&#8230;<\/a><\/p>\n","protected":false},"author":2,"featured_media":93303,"comment_status":"open","ping_status":"open","sticky":false,"template":"","format":"standard","meta":{"_monsterinsights_skip_tracking":false,"footnotes":""},"categories":[61],"tags":[7532,653,23118,11026,10636,5244,8056,23119,170,251,2403,13188,45,3880,13158,17715,13795,13718,19795,14620,13467,13635,19794,13575,15430,63,19283,14621,13749,27,13508],"class_list":["post-93267","post","type-post","status-publish","format-standard","has-post-thumbnail","hentry","category-gobierno","tag-armenta","tag-buap","tag-campana-politica","tag-ciudad-de-puebla","tag-estado-de-puebla","tag-gobernador-de-puebla","tag-gobierno-de-puebla","tag-mario-puebla","tag-mario-riestra","tag-pan","tag-partidos-politicos","tag-politica-puebla","tag-pri","tag-psi","tag-puebla-ciudad","tag-puebla-estado","tag-puebla-gobierno","tag-puebla-politica","tag-puebla-senadores","tag-puebla-udlap","tag-puebla-universidad","tag-puebla-universidades","tag-senadores-puebla","tag-sergio-salomon","tag-tono-lopez","tag-udlap","tag-udlap-cholula","tag-udlap-puebla","tag-universidad-de-puebla","tag-upaep","tag-upaep-puebla"],"yoast_head":"<!-- This site is optimized with the Yoast SEO plugin v28.4 - https:\/\/yoast.com\/product\/yoast-seo-wordpress\/ -->\n<title>Inauguran Sergio Salom\u00f3n y Gaby Bonilla nueva Casa del Adolescente - AliadosPuebla<\/title>\n<meta name=\"robots\" content=\"index, follow, max-snippet:-1, max-image-preview:large, max-video-preview:-1\" \/>\n<link rel=\"canonical\" href=\"https:\/\/www.aliadospuebla.com\/?p=93267\" \/>\n<meta property=\"og:locale\" content=\"es_ES\" \/>\n<meta property=\"og:type\" content=\"article\" \/>\n<meta property=\"og:title\" content=\"Inauguran Sergio Salom\u00f3n y Gaby Bonilla nueva Casa del Adolescente - AliadosPuebla\" \/>\n<meta property=\"og:description\" content=\"CIUDAD DE PUEBLA, Pue.-\u00a0Con el firme prop\u00f3sito de contar con un espacio digno y de calidad que procure el bienestar e integridad de la juventud poblana, el gobernador Sergio Salom\u00f3n, y la presidenta honoraria del Patronato del Sistema Estatal DIF, Gaby Bonilla, inauguraron la nueva Casa del Adolescente, ubicada en el municipio de Cuautlancingo, donde se fomenta el desarrollo integral de j\u00f3venes, de 13 a 17 a\u00f1os de edad, cuya situaci\u00f3n o circunstancias les impiden permanecer en el seno familiar. El titular del Ejecutivo, Sergio Salom\u00f3n invit\u00f3 a los diferentes sectores de la poblaci\u00f3n a hacer comunidad con la finalidad de recomponer el tejido social y que existan mejores condiciones de vida, en donde no haya desigualdad ni violencia. Reconoci\u00f3 a la presidenta honoraria, Gaby&hellip;Leer m\u00e1s...\" \/>\n<meta property=\"og:url\" content=\"https:\/\/www.aliadospuebla.com\/?p=93267\" \/>\n<meta property=\"og:site_name\" content=\"AliadosPuebla\" \/>\n<meta property=\"article:author\" content=\"https:\/\/www.facebook.com\/Aliados17Pue\" \/>\n<meta property=\"article:published_time\" content=\"2024-06-15T16:45:59+00:00\" \/>\n<meta property=\"og:image\" content=\"https:\/\/www.aliadospuebla.com\/web2017\/wp-content\/uploads\/2024\/06\/descarga-2024-06-15T104445.431.jpeg\" \/>\n\t<meta property=\"og:image:width\" content=\"1390\" \/>\n\t<meta property=\"og:image:height\" content=\"927\" \/>\n\t<meta property=\"og:image:type\" content=\"image\/jpeg\" \/>\n<meta name=\"author\" content=\"Aliados17\" \/>\n<meta name=\"twitter:card\" content=\"summary_large_image\" \/>\n<meta name=\"twitter:creator\" content=\"@AliadosPuebla\" \/>\n<meta name=\"twitter:label1\" content=\"Escrito por\" \/>\n\t<meta name=\"twitter:data1\" content=\"Aliados17\" \/>\n\t<meta name=\"twitter:label2\" content=\"Tiempo de lectura\" \/>\n\t<meta name=\"twitter:data2\" content=\"2 minutos\" \/>\n<script type=\"application\/ld+json\" class=\"yoast-schema-graph\">{\"@context\":\"https:\\\/\\\/schema.org\",\"@graph\":[{\"@type\":\"Article\",\"@id\":\"https:\\\/\\\/www.aliadospuebla.com\\\/?p=93267#article\",\"isPartOf\":{\"@id\":\"https:\\\/\\\/www.aliadospuebla.com\\\/?p=93267\"},\"author\":{\"name\":\"Aliados17\",\"@id\":\"https:\\\/\\\/www.aliadospuebla.com\\\/#\\\/schema\\\/person\\\/5da7dd09320bd4f392b710017ed5f8ad\"},\"headline\":\"Inauguran Sergio Salom\u00f3n y Gaby Bonilla nueva Casa del Adolescente\",\"datePublished\":\"2024-06-15T16:45:59+00:00\",\"mainEntityOfPage\":{\"@id\":\"https:\\\/\\\/www.aliadospuebla.com\\\/?p=93267\"},\"wordCount\":396,\"commentCount\":0,\"image\":{\"@id\":\"https:\\\/\\\/www.aliadospuebla.com\\\/?p=93267#primaryimage\"},\"thumbnailUrl\":\"https:\\\/\\\/www.aliadospuebla.com\\\/web2017\\\/wp-content\\\/uploads\\\/2024\\\/06\\\/descarga-2024-06-15T104445.431.jpeg\",\"keywords\":[\"ARMENTA\",\"BUAP\",\"Campa\u00f1a politica\",\"CIUDAD DE PUEBLA\",\"ESTADO DE PUEBLA\",\"GOBERNADOR DE PUEBLA\",\"GOBIERNO DE PUEBLA\",\"Mario puebla\",\"Mario Riestra\",\"PAN\",\"PARTIDOS POL\u00cdTICOS\",\"Politica Puebla\",\"PRI\",\"PSI\",\"Puebla Ciudad\",\"Puebla estado\",\"Puebla gobierno\",\"puebla politica\",\"Puebla Senadores\",\"Puebla UDLAP\",\"Puebla Universidad\",\"Puebla Universidades\",\"Senadores Puebla\",\"Sergio Salomon\",\"To\u00f1o L\u00f3pez\",\"Udlap\",\"Udlap cholula\",\"UDLAP Puebla\",\"Universidad de Puebla\",\"UPAEP\",\"UPAEP Puebla\"],\"articleSection\":[\"Gobierno\"],\"inLanguage\":\"es\",\"potentialAction\":[{\"@type\":\"CommentAction\",\"name\":\"Comment\",\"target\":[\"https:\\\/\\\/www.aliadospuebla.com\\\/?p=93267#respond\"]}]},{\"@type\":\"WebPage\",\"@id\":\"https:\\\/\\\/www.aliadospuebla.com\\\/?p=93267\",\"url\":\"https:\\\/\\\/www.aliadospuebla.com\\\/?p=93267\",\"name\":\"Inauguran Sergio Salom\u00f3n y Gaby Bonilla nueva Casa del Adolescente - AliadosPuebla\",\"isPartOf\":{\"@id\":\"https:\\\/\\\/www.aliadospuebla.com\\\/#website\"},\"primaryImageOfPage\":{\"@id\":\"https:\\\/\\\/www.aliadospuebla.com\\\/?p=93267#primaryimage\"},\"image\":{\"@id\":\"https:\\\/\\\/www.aliadospuebla.com\\\/?p=93267#primaryimage\"},\"thumbnailUrl\":\"https:\\\/\\\/www.aliadospuebla.com\\\/web2017\\\/wp-content\\\/uploads\\\/2024\\\/06\\\/descarga-2024-06-15T104445.431.jpeg\",\"datePublished\":\"2024-06-15T16:45:59+00:00\",\"author\":{\"@id\":\"https:\\\/\\\/www.aliadospuebla.com\\\/#\\\/schema\\\/person\\\/5da7dd09320bd4f392b710017ed5f8ad\"},\"breadcrumb\":{\"@id\":\"https:\\\/\\\/www.aliadospuebla.com\\\/?p=93267#breadcrumb\"},\"inLanguage\":\"es\",\"potentialAction\":[{\"@type\":\"ReadAction\",\"target\":[\"https:\\\/\\\/www.aliadospuebla.com\\\/?p=93267\"]}]},{\"@type\":\"ImageObject\",\"inLanguage\":\"es\",\"@id\":\"https:\\\/\\\/www.aliadospuebla.com\\\/?p=93267#primaryimage\",\"url\":\"https:\\\/\\\/www.aliadospuebla.com\\\/web2017\\\/wp-content\\\/uploads\\\/2024\\\/06\\\/descarga-2024-06-15T104445.431.jpeg\",\"contentUrl\":\"https:\\\/\\\/www.aliadospuebla.com\\\/web2017\\\/wp-content\\\/uploads\\\/2024\\\/06\\\/descarga-2024-06-15T104445.431.jpeg\",\"width\":1390,\"height\":927},{\"@type\":\"BreadcrumbList\",\"@id\":\"https:\\\/\\\/www.aliadospuebla.com\\\/?p=93267#breadcrumb\",\"itemListElement\":[{\"@type\":\"ListItem\",\"position\":1,\"name\":\"Portada\",\"item\":\"https:\\\/\\\/www.aliadospuebla.com\\\/\"},{\"@type\":\"ListItem\",\"position\":2,\"name\":\"Inauguran Sergio Salom\u00f3n y Gaby Bonilla nueva Casa del Adolescente\"}]},{\"@type\":\"WebSite\",\"@id\":\"https:\\\/\\\/www.aliadospuebla.com\\\/#website\",\"url\":\"https:\\\/\\\/www.aliadospuebla.com\\\/\",\"name\":\"AliadosPuebla\",\"description\":\"La informaci\u00f3n en tus manos\",\"potentialAction\":[{\"@type\":\"SearchAction\",\"target\":{\"@type\":\"EntryPoint\",\"urlTemplate\":\"https:\\\/\\\/www.aliadospuebla.com\\\/?s={search_term_string}\"},\"query-input\":{\"@type\":\"PropertyValueSpecification\",\"valueRequired\":true,\"valueName\":\"search_term_string\"}}],\"inLanguage\":\"es\"},{\"@type\":\"Person\",\"@id\":\"https:\\\/\\\/www.aliadospuebla.com\\\/#\\\/schema\\\/person\\\/5da7dd09320bd4f392b710017ed5f8ad\",\"name\":\"Aliados17\",\"image\":{\"@type\":\"ImageObject\",\"inLanguage\":\"es\",\"@id\":\"https:\\\/\\\/www.aliadospuebla.com\\\/web2017\\\/wp-content\\\/uploads\\\/2025\\\/03\\\/cropped-para-perfil-8-anos-1-96x96.jpg\",\"url\":\"https:\\\/\\\/www.aliadospuebla.com\\\/web2017\\\/wp-content\\\/uploads\\\/2025\\\/03\\\/cropped-para-perfil-8-anos-1-96x96.jpg\",\"contentUrl\":\"https:\\\/\\\/www.aliadospuebla.com\\\/web2017\\\/wp-content\\\/uploads\\\/2025\\\/03\\\/cropped-para-perfil-8-anos-1-96x96.jpg\",\"caption\":\"Aliados17\"},\"sameAs\":[\"https:\\\/\\\/www.aliados17.com\",\"https:\\\/\\\/www.facebook.com\\\/Aliados17Pue\",\"https:\\\/\\\/x.com\\\/AliadosPuebla\"],\"url\":\"https:\\\/\\\/www.aliadospuebla.com\\\/?author=2\"}]}<\/script>\n<!-- \/ Yoast SEO plugin. -->","yoast_head_json":{"title":"Inauguran Sergio Salom\u00f3n y Gaby Bonilla nueva Casa del Adolescente - AliadosPuebla","robots":{"index":"index","follow":"follow","max-snippet":"max-snippet:-1","max-image-preview":"max-image-preview:large","max-video-preview":"max-video-preview:-1"},"canonical":"https:\/\/www.aliadospuebla.com\/?p=93267","og_locale":"es_ES","og_type":"article","og_title":"Inauguran Sergio Salom\u00f3n y Gaby Bonilla nueva Casa del Adolescente - AliadosPuebla","og_description":"CIUDAD DE PUEBLA, Pue.-\u00a0Con el firme prop\u00f3sito de contar con un espacio digno y de calidad que procure el bienestar e integridad de la juventud poblana, el gobernador Sergio Salom\u00f3n, y la presidenta honoraria del Patronato del Sistema Estatal DIF, Gaby Bonilla, inauguraron la nueva Casa del Adolescente, ubicada en el municipio de Cuautlancingo, donde se fomenta el desarrollo integral de j\u00f3venes, de 13 a 17 a\u00f1os de edad, cuya situaci\u00f3n o circunstancias les impiden permanecer en el seno familiar. El titular del Ejecutivo, Sergio Salom\u00f3n invit\u00f3 a los diferentes sectores de la poblaci\u00f3n a hacer comunidad con la finalidad de recomponer el tejido social y que existan mejores condiciones de vida, en donde no haya desigualdad ni violencia. Reconoci\u00f3 a la presidenta honoraria, Gaby&hellip;Leer m\u00e1s...","og_url":"https:\/\/www.aliadospuebla.com\/?p=93267","og_site_name":"AliadosPuebla","article_author":"https:\/\/www.facebook.com\/Aliados17Pue","article_published_time":"2024-06-15T16:45:59+00:00","og_image":[{"width":1390,"height":927,"url":"https:\/\/www.aliadospuebla.com\/web2017\/wp-content\/uploads\/2024\/06\/descarga-2024-06-15T104445.431.jpeg","type":"image\/jpeg"}],"author":"Aliados17","twitter_card":"summary_large_image","twitter_creator":"@AliadosPuebla","twitter_misc":{"Escrito por":"Aliados17","Tiempo de lectura":"2 minutos"},"schema":{"@context":"https:\/\/schema.org","@graph":[{"@type":"Article","@id":"https:\/\/www.aliadospuebla.com\/?p=93267#article","isPartOf":{"@id":"https:\/\/www.aliadospuebla.com\/?p=93267"},"author":{"name":"Aliados17","@id":"https:\/\/www.aliadospuebla.com\/#\/schema\/person\/5da7dd09320bd4f392b710017ed5f8ad"},"headline":"Inauguran Sergio Salom\u00f3n y Gaby Bonilla nueva Casa del Adolescente","datePublished":"2024-06-15T16:45:59+00:00","mainEntityOfPage":{"@id":"https:\/\/www.aliadospuebla.com\/?p=93267"},"wordCount":396,"commentCount":0,"image":{"@id":"https:\/\/www.aliadospuebla.com\/?p=93267#primaryimage"},"thumbnailUrl":"https:\/\/www.aliadospuebla.com\/web2017\/wp-content\/uploads\/2024\/06\/descarga-2024-06-15T104445.431.jpeg","keywords":["ARMENTA","BUAP","Campa\u00f1a politica","CIUDAD DE PUEBLA","ESTADO DE PUEBLA","GOBERNADOR DE PUEBLA","GOBIERNO DE PUEBLA","Mario puebla","Mario Riestra","PAN","PARTIDOS POL\u00cdTICOS","Politica Puebla","PRI","PSI","Puebla Ciudad","Puebla estado","Puebla gobierno","puebla politica","Puebla Senadores","Puebla UDLAP","Puebla Universidad","Puebla Universidades","Senadores Puebla","Sergio Salomon","To\u00f1o L\u00f3pez","Udlap","Udlap cholula","UDLAP Puebla","Universidad de Puebla","UPAEP","UPAEP Puebla"],"articleSection":["Gobierno"],"inLanguage":"es","potentialAction":[{"@type":"CommentAction","name":"Comment","target":["https:\/\/www.aliadospuebla.com\/?p=93267#respond"]}]},{"@type":"WebPage","@id":"https:\/\/www.aliadospuebla.com\/?p=93267","url":"https:\/\/www.aliadospuebla.com\/?p=93267","name":"Inauguran Sergio Salom\u00f3n y Gaby Bonilla nueva Casa del Adolescente - AliadosPuebla","isPartOf":{"@id":"https:\/\/www.aliadospuebla.com\/#website"},"primaryImageOfPage":{"@id":"https:\/\/www.aliadospuebla.com\/?p=93267#primaryimage"},"image":{"@id":"https:\/\/www.aliadospuebla.com\/?p=93267#primaryimage"},"thumbnailUrl":"https:\/\/www.aliadospuebla.com\/web2017\/wp-content\/uploads\/2024\/06\/descarga-2024-06-15T104445.431.jpeg","datePublished":"2024-06-15T16:45:59+00:00","author":{"@id":"https:\/\/www.aliadospuebla.com\/#\/schema\/person\/5da7dd09320bd4f392b710017ed5f8ad"},"breadcrumb":{"@id":"https:\/\/www.aliadospuebla.com\/?p=93267#breadcrumb"},"inLanguage":"es","potentialAction":[{"@type":"ReadAction","target":["https:\/\/www.aliadospuebla.com\/?p=93267"]}]},{"@type":"ImageObject","inLanguage":"es","@id":"https:\/\/www.aliadospuebla.com\/?p=93267#primaryimage","url":"https:\/\/www.aliadospuebla.com\/web2017\/wp-content\/uploads\/2024\/06\/descarga-2024-06-15T104445.431.jpeg","contentUrl":"https:\/\/www.aliadospuebla.com\/web2017\/wp-content\/uploads\/2024\/06\/descarga-2024-06-15T104445.431.jpeg","width":1390,"height":927},{"@type":"BreadcrumbList","@id":"https:\/\/www.aliadospuebla.com\/?p=93267#breadcrumb","itemListElement":[{"@type":"ListItem","position":1,"name":"Portada","item":"https:\/\/www.aliadospuebla.com\/"},{"@type":"ListItem","position":2,"name":"Inauguran Sergio Salom\u00f3n y Gaby Bonilla nueva Casa del Adolescente"}]},{"@type":"WebSite","@id":"https:\/\/www.aliadospuebla.com\/#website","url":"https:\/\/www.aliadospuebla.com\/","name":"AliadosPuebla","description":"La informaci\u00f3n en tus manos","potentialAction":[{"@type":"SearchAction","target":{"@type":"EntryPoint","urlTemplate":"https:\/\/www.aliadospuebla.com\/?s={search_term_string}"},"query-input":{"@type":"PropertyValueSpecification","valueRequired":true,"valueName":"search_term_string"}}],"inLanguage":"es"},{"@type":"Person","@id":"https:\/\/www.aliadospuebla.com\/#\/schema\/person\/5da7dd09320bd4f392b710017ed5f8ad","name":"Aliados17","image":{"@type":"ImageObject","inLanguage":"es","@id":"https:\/\/www.aliadospuebla.com\/web2017\/wp-content\/uploads\/2025\/03\/cropped-para-perfil-8-anos-1-96x96.jpg","url":"https:\/\/www.aliadospuebla.com\/web2017\/wp-content\/uploads\/2025\/03\/cropped-para-perfil-8-anos-1-96x96.jpg","contentUrl":"https:\/\/www.aliadospuebla.com\/web2017\/wp-content\/uploads\/2025\/03\/cropped-para-perfil-8-anos-1-96x96.jpg","caption":"Aliados17"},"sameAs":["https:\/\/www.aliados17.com","https:\/\/www.facebook.com\/Aliados17Pue","https:\/\/x.com\/AliadosPuebla"],"url":"https:\/\/www.aliadospuebla.com\/?author=2"}]}},"views":6,"_links":{"self":[{"href":"https:\/\/www.aliadospuebla.com\/index.php?rest_route=\/wp\/v2\/posts\/93267","targetHints":{"allow":["GET"]}}],"collection":[{"href":"https:\/\/www.aliadospuebla.com\/index.php?rest_route=\/wp\/v2\/posts"}],"about":[{"href":"https:\/\/www.aliadospuebla.com\/index.php?rest_route=\/wp\/v2\/types\/post"}],"author":[{"embeddable":true,"href":"https:\/\/www.aliadospuebla.com\/index.php?rest_route=\/wp\/v2\/users\/2"}],"replies":[{"embeddable":true,"href":"https:\/\/www.aliadospuebla.com\/index.php?rest_route=%2Fwp%2Fv2%2Fcomments&post=93267"}],"version-history":[{"count":1,"href":"https:\/\/www.aliadospuebla.com\/index.php?rest_route=\/wp\/v2\/posts\/93267\/revisions"}],"predecessor-version":[{"id":93304,"href":"https:\/\/www.aliadospuebla.com\/index.php?rest_route=\/wp\/v2\/posts\/93267\/revisions\/93304"}],"wp:featuredmedia":[{"embeddable":true,"href":"https:\/\/www.aliadospuebla.com\/index.php?rest_route=\/wp\/v2\/media\/93303"}],"wp:attachment":[{"href":"https:\/\/www.aliadospuebla.com\/index.php?rest_route=%2Fwp%2Fv2%2Fmedia&parent=93267"}],"wp:term":[{"taxonomy":"category","embeddable":true,"href":"https:\/\/www.aliadospuebla.com\/index.php?rest_route=%2Fwp%2Fv2%2Fcategories&post=93267"},{"taxonomy":"post_tag","embeddable":true,"href":"https:\/\/www.aliadospuebla.com\/index.php?rest_route=%2Fwp%2Fv2%2Ftags&post=93267"}],"curies":[{"name":"wp","href":"https:\/\/api.w.org\/{rel}","templated":true}]}}