{"id":92604,"date":"2024-05-26T21:07:38","date_gmt":"2024-05-27T03:07:38","guid":{"rendered":"https:\/\/www.aliados17.com\/?p=92604"},"modified":"2024-05-26T21:07:38","modified_gmt":"2024-05-27T03:07:38","slug":"mario-riestra-firma-compromisos-con-la-agenda-ciudadana-por-los-arboles-y-las-areas-verdes","status":"publish","type":"post","link":"https:\/\/www.aliadospuebla.com\/?p=92604","title":{"rendered":"MARIO RIESTRA FIRMA COMPROMISOS CON LA AGENDA CIUDADANA POR LOS \u00c1RBOLES Y LAS \u00c1REAS VERDES"},"content":{"rendered":"<p>Mario Riestra, candidato a la Presidencia Municipal de Puebla, en unidad PAN, PRI, PRD y PSI, inici\u00f3 el domingo con una activaci\u00f3n f\u00edsica en la Unidad Habitacional<\/p>\n<p>El Carmen, donde refrend\u00f3<\/p>\n<p>su compromiso con la promoci\u00f3n<\/p>\n<p>de la salud de las y los poblanos.<\/p>\n<p>&nbsp;<\/p>\n<p>Asimismo, firm\u00f3 una serie de compromisos con la Agenda Ciudadana por los \u00c1rboles y las \u00c1reas Verdes.<\/p>\n<p>Esta iniciativa, impulsada por ciudadanos y ciudadanas, as\u00ed como organizaciones de la sociedad civil, busca abordar el deterioro ambiental en la capital.<\/p>\n<p>&nbsp;<\/p>\n<p>La Agenda Ciudadana por los \u00c1rboles<\/p>\n<p>y las \u00c1reas Verdes fue dise\u00f1ada con la colaboraci\u00f3n de diversos actores preocupados por la conservaci\u00f3n del<\/p>\n<p>entorno natural de Puebla.<\/p>\n<h4>Consta de 24 puntos destinados a ser implementados durante el periodo 2024-2027.<\/h4>\n<p>Los 24 puntos de la Agenda incluyen:<\/p>\n<p>&nbsp;<\/p>\n<p>1.* Actualizar y sustituir los \u00abLineamientos Ambientales Municipales\u00bb por una \u00abNorma T\u00e9cnica para el Manejo del Arbolado en el Municipio de Puebla\u00bb.<\/p>\n<p>2.* Revisar y actualizar la \u00abNorma T\u00e9cnica de Dise\u00f1o e Imagen Urbana del Municipio de Puebla\u00bb en relaci\u00f3n a la paleta vegetal y los criterios de dise\u00f1o de \u00e1reas verdes.<\/p>\n<p>3.* Mantener la Secretar\u00eda del Medio Ambiente y reorientar sus actividades hacia la \u00abRestauraci\u00f3n de Ecosistemas\u00bb y \u00abEducaci\u00f3n Ambiental\u00bb.<\/p>\n<p>4.* Asegurar que los perfiles de los puestos en la Secretar\u00eda de Medio Ambiente cumplan con aptitudes profesionales y \u00e9ticas.<\/p>\n<p>5.* Incorporar la figura del \u00ab\u00c1rbol de Manejo Especial\u00bb en el marco normativo municipal.<\/p>\n<p>6.* Promover actividades ecol\u00f3gicas y de convivencia en las \u00e1reas verdes de barrios y colonias para fomentar un sentido de pertenencia.<\/p>\n<p>7.* Fomentar jornadas de arborizaci\u00f3n participativa utilizando especies nativas.<\/p>\n<p>8.* Crear un \u00abPrograma Municipal para la Gesti\u00f3n de \u00c1rboles de Manejo Especial\u00bb.<\/p>\n<p>9.* Implementar un programa de producci\u00f3n de especies nativas en viveros municipales.<\/p>\n<p>10.* Incorporar la participaci\u00f3n ciudadana en la gesti\u00f3n de arbolado y \u00e1reas verdes a trav\u00e9s de protocolos y estrategias espec\u00edficas.<\/p>\n<p>11.* Actualizar los programas y planes de manejo para las \u00e1reas naturales protegidas del municipio.<\/p>\n<p>12.* Crear un programa de mejora de suelo en torno al arbolado.<\/p>\n<p>13.* Promover la creaci\u00f3n de al menos un parque metropolitano de m\u00ednimo 10 hect\u00e1reas dentro de la mancha urbana, priorizando zonas desatendidas.<\/p>\n<p>14.* Implementar un programa de restauraci\u00f3n ecol\u00f3gica en el Cerro de Amalucan.<\/p>\n<p>15.* Desarrollar una estrategia para la creaci\u00f3n de corredores biol\u00f3gicos.<\/p>\n<p>16.* Convertir terrenos bald\u00edos en \u00e1reas verdes de uso p\u00fablico.<\/p>\n<p>17.* Implementar un programa anual de intervenci\u00f3n en camellones, parques y espacios residuales para incrementar la superficie verde.<\/p>\n<p>18.* Colaborar con otros niveles de gobierno para destinar \u00e1reas verdes federales a la restauraci\u00f3n ecosist\u00e9mica.<\/p>\n<p>19.* Habilitar parques de colonia, priorizando zonas socialmente vulnerables.<\/p>\n<p>20.* Lanzar campa\u00f1as de concientizaci\u00f3n sobre los beneficios de la vegetaci\u00f3n y el patrimonio biocultural de las comunidades.<\/p>\n<p>21.* Desarrollar una estrategia de especies bandera para promover el cuidado de la biodiversidad local.<\/p>\n<p>22.* Dar a conocer los servicios municipales relacionados con la gesti\u00f3n del arbolado y \u00e1reas verdes.<\/p>\n<p>23.* Publicar informes actualizados sobre el estado de la biodiversidad en el municipio.<\/p>\n<p>24.* Ofrecer cursos, talleres y diplomados anuales para la profesionalizaci\u00f3n en el manejo de arbolado y \u00e1reas verdes.<\/p>\n","protected":false},"excerpt":{"rendered":"<p>Mario Riestra, candidato a la Presidencia Municipal de Puebla, en unidad PAN, PRI, PRD y PSI, inici\u00f3 el domingo con una activaci\u00f3n f\u00edsica en la Unidad Habitacional El Carmen, donde refrend\u00f3 su compromiso con la promoci\u00f3n de la salud de las y los poblanos. &nbsp; Asimismo, firm\u00f3 una serie de compromisos con la Agenda Ciudadana por los \u00c1rboles y las \u00c1reas Verdes. Esta iniciativa, impulsada por ciudadanos y ciudadanas, as\u00ed como organizaciones de la sociedad civil, busca abordar el deterioro ambiental en la capital. &nbsp; La Agenda Ciudadana por los \u00c1rboles y las \u00c1reas Verdes fue dise\u00f1ada con la colaboraci\u00f3n de diversos actores preocupados por la conservaci\u00f3n del entorno natural de Puebla. Consta de 24 puntos destinados a ser implementados durante el periodo 2024-2027. Los&hellip;<\/p>\n<p class=\"excerpt-more\"><a class=\"blog-excerpt button\" href=\"https:\/\/www.aliadospuebla.com\/?p=92604\">Leer m\u00e1s&#8230;<\/a><\/p>\n","protected":false},"author":2,"featured_media":92605,"comment_status":"open","ping_status":"open","sticky":false,"template":"","format":"standard","meta":{"_monsterinsights_skip_tracking":false,"footnotes":""},"categories":[6],"tags":[23356,603,11100,269,170,584,365],"class_list":["post-92604","post","type-post","status-publish","format-standard","has-post-thumbnail","hentry","category-politica","tag-agenda-ciudadana","tag-arboles","tag-areas-verdes","tag-compromiso","tag-mario-riestra","tag-medio-ambiente","tag-salud"],"yoast_head":"<!-- This site is optimized with the Yoast SEO plugin v28.4 - https:\/\/yoast.com\/product\/yoast-seo-wordpress\/ -->\n<title>MARIO RIESTRA FIRMA COMPROMISOS CON LA AGENDA CIUDADANA POR LOS \u00c1RBOLES Y LAS \u00c1REAS VERDES - AliadosPuebla<\/title>\n<meta name=\"robots\" content=\"index, follow, max-snippet:-1, max-image-preview:large, max-video-preview:-1\" \/>\n<link rel=\"canonical\" href=\"https:\/\/www.aliadospuebla.com\/?p=92604\" \/>\n<meta property=\"og:locale\" content=\"es_ES\" \/>\n<meta property=\"og:type\" content=\"article\" \/>\n<meta property=\"og:title\" content=\"MARIO RIESTRA FIRMA COMPROMISOS CON LA AGENDA CIUDADANA POR LOS \u00c1RBOLES Y LAS \u00c1REAS VERDES - AliadosPuebla\" \/>\n<meta property=\"og:description\" content=\"Mario Riestra, candidato a la Presidencia Municipal de Puebla, en unidad PAN, PRI, PRD y PSI, inici\u00f3 el domingo con una activaci\u00f3n f\u00edsica en la Unidad Habitacional El Carmen, donde refrend\u00f3 su compromiso con la promoci\u00f3n de la salud de las y los poblanos. &nbsp; Asimismo, firm\u00f3 una serie de compromisos con la Agenda Ciudadana por los \u00c1rboles y las \u00c1reas Verdes. Esta iniciativa, impulsada por ciudadanos y ciudadanas, as\u00ed como organizaciones de la sociedad civil, busca abordar el deterioro ambiental en la capital. &nbsp; La Agenda Ciudadana por los \u00c1rboles y las \u00c1reas Verdes fue dise\u00f1ada con la colaboraci\u00f3n de diversos actores preocupados por la conservaci\u00f3n del entorno natural de Puebla. Consta de 24 puntos destinados a ser implementados durante el periodo 2024-2027. Los&hellip;Leer m\u00e1s...\" \/>\n<meta property=\"og:url\" content=\"https:\/\/www.aliadospuebla.com\/?p=92604\" \/>\n<meta property=\"og:site_name\" content=\"AliadosPuebla\" \/>\n<meta property=\"article:author\" content=\"https:\/\/www.facebook.com\/Aliados17Pue\" \/>\n<meta property=\"article:published_time\" content=\"2024-05-27T03:07:38+00:00\" \/>\n<meta property=\"og:image\" content=\"https:\/\/www.aliadospuebla.com\/web2017\/wp-content\/uploads\/2024\/05\/PSX_20240526_210701.jpg\" \/>\n\t<meta property=\"og:image:width\" content=\"600\" \/>\n\t<meta property=\"og:image:height\" content=\"450\" \/>\n\t<meta property=\"og:image:type\" content=\"image\/jpeg\" \/>\n<meta name=\"author\" content=\"Aliados17\" \/>\n<meta name=\"twitter:card\" content=\"summary_large_image\" \/>\n<meta name=\"twitter:creator\" content=\"@AliadosPuebla\" \/>\n<meta name=\"twitter:label1\" content=\"Escrito por\" \/>\n\t<meta name=\"twitter:data1\" content=\"Aliados17\" \/>\n\t<meta name=\"twitter:label2\" content=\"Tiempo de lectura\" \/>\n\t<meta name=\"twitter:data2\" content=\"3 minutos\" \/>\n<script type=\"application\/ld+json\" class=\"yoast-schema-graph\">{\"@context\":\"https:\\\/\\\/schema.org\",\"@graph\":[{\"@type\":\"Article\",\"@id\":\"https:\\\/\\\/www.aliadospuebla.com\\\/?p=92604#article\",\"isPartOf\":{\"@id\":\"https:\\\/\\\/www.aliadospuebla.com\\\/?p=92604\"},\"author\":{\"name\":\"Aliados17\",\"@id\":\"https:\\\/\\\/www.aliadospuebla.com\\\/#\\\/schema\\\/person\\\/5da7dd09320bd4f392b710017ed5f8ad\"},\"headline\":\"MARIO RIESTRA FIRMA COMPROMISOS CON LA AGENDA CIUDADANA POR LOS \u00c1RBOLES Y LAS \u00c1REAS VERDES\",\"datePublished\":\"2024-05-27T03:07:38+00:00\",\"mainEntityOfPage\":{\"@id\":\"https:\\\/\\\/www.aliadospuebla.com\\\/?p=92604\"},\"wordCount\":544,\"commentCount\":0,\"image\":{\"@id\":\"https:\\\/\\\/www.aliadospuebla.com\\\/?p=92604#primaryimage\"},\"thumbnailUrl\":\"https:\\\/\\\/www.aliadospuebla.com\\\/web2017\\\/wp-content\\\/uploads\\\/2024\\\/05\\\/PSX_20240526_210701.jpg\",\"keywords\":[\"Agenda ciudadana\",\"\u00c1RBOLES\",\"\u00c1REAS VERDES\",\"compromiso\",\"Mario Riestra\",\"MEDIO AMBIENTE\",\"SALUD\"],\"articleSection\":[\"Pol\u00edtica\"],\"inLanguage\":\"es\",\"potentialAction\":[{\"@type\":\"CommentAction\",\"name\":\"Comment\",\"target\":[\"https:\\\/\\\/www.aliadospuebla.com\\\/?p=92604#respond\"]}]},{\"@type\":\"WebPage\",\"@id\":\"https:\\\/\\\/www.aliadospuebla.com\\\/?p=92604\",\"url\":\"https:\\\/\\\/www.aliadospuebla.com\\\/?p=92604\",\"name\":\"MARIO RIESTRA FIRMA COMPROMISOS CON LA AGENDA CIUDADANA POR LOS \u00c1RBOLES Y LAS \u00c1REAS VERDES - AliadosPuebla\",\"isPartOf\":{\"@id\":\"https:\\\/\\\/www.aliadospuebla.com\\\/#website\"},\"primaryImageOfPage\":{\"@id\":\"https:\\\/\\\/www.aliadospuebla.com\\\/?p=92604#primaryimage\"},\"image\":{\"@id\":\"https:\\\/\\\/www.aliadospuebla.com\\\/?p=92604#primaryimage\"},\"thumbnailUrl\":\"https:\\\/\\\/www.aliadospuebla.com\\\/web2017\\\/wp-content\\\/uploads\\\/2024\\\/05\\\/PSX_20240526_210701.jpg\",\"datePublished\":\"2024-05-27T03:07:38+00:00\",\"author\":{\"@id\":\"https:\\\/\\\/www.aliadospuebla.com\\\/#\\\/schema\\\/person\\\/5da7dd09320bd4f392b710017ed5f8ad\"},\"breadcrumb\":{\"@id\":\"https:\\\/\\\/www.aliadospuebla.com\\\/?p=92604#breadcrumb\"},\"inLanguage\":\"es\",\"potentialAction\":[{\"@type\":\"ReadAction\",\"target\":[\"https:\\\/\\\/www.aliadospuebla.com\\\/?p=92604\"]}]},{\"@type\":\"ImageObject\",\"inLanguage\":\"es\",\"@id\":\"https:\\\/\\\/www.aliadospuebla.com\\\/?p=92604#primaryimage\",\"url\":\"https:\\\/\\\/www.aliadospuebla.com\\\/web2017\\\/wp-content\\\/uploads\\\/2024\\\/05\\\/PSX_20240526_210701.jpg\",\"contentUrl\":\"https:\\\/\\\/www.aliadospuebla.com\\\/web2017\\\/wp-content\\\/uploads\\\/2024\\\/05\\\/PSX_20240526_210701.jpg\",\"width\":600,\"height\":450},{\"@type\":\"BreadcrumbList\",\"@id\":\"https:\\\/\\\/www.aliadospuebla.com\\\/?p=92604#breadcrumb\",\"itemListElement\":[{\"@type\":\"ListItem\",\"position\":1,\"name\":\"Portada\",\"item\":\"https:\\\/\\\/www.aliadospuebla.com\\\/\"},{\"@type\":\"ListItem\",\"position\":2,\"name\":\"MARIO RIESTRA FIRMA COMPROMISOS CON LA AGENDA CIUDADANA POR LOS \u00c1RBOLES Y LAS \u00c1REAS VERDES\"}]},{\"@type\":\"WebSite\",\"@id\":\"https:\\\/\\\/www.aliadospuebla.com\\\/#website\",\"url\":\"https:\\\/\\\/www.aliadospuebla.com\\\/\",\"name\":\"AliadosPuebla\",\"description\":\"La informaci\u00f3n en tus manos\",\"potentialAction\":[{\"@type\":\"SearchAction\",\"target\":{\"@type\":\"EntryPoint\",\"urlTemplate\":\"https:\\\/\\\/www.aliadospuebla.com\\\/?s={search_term_string}\"},\"query-input\":{\"@type\":\"PropertyValueSpecification\",\"valueRequired\":true,\"valueName\":\"search_term_string\"}}],\"inLanguage\":\"es\"},{\"@type\":\"Person\",\"@id\":\"https:\\\/\\\/www.aliadospuebla.com\\\/#\\\/schema\\\/person\\\/5da7dd09320bd4f392b710017ed5f8ad\",\"name\":\"Aliados17\",\"image\":{\"@type\":\"ImageObject\",\"inLanguage\":\"es\",\"@id\":\"https:\\\/\\\/www.aliadospuebla.com\\\/web2017\\\/wp-content\\\/uploads\\\/2025\\\/03\\\/cropped-para-perfil-8-anos-1-96x96.jpg\",\"url\":\"https:\\\/\\\/www.aliadospuebla.com\\\/web2017\\\/wp-content\\\/uploads\\\/2025\\\/03\\\/cropped-para-perfil-8-anos-1-96x96.jpg\",\"contentUrl\":\"https:\\\/\\\/www.aliadospuebla.com\\\/web2017\\\/wp-content\\\/uploads\\\/2025\\\/03\\\/cropped-para-perfil-8-anos-1-96x96.jpg\",\"caption\":\"Aliados17\"},\"sameAs\":[\"https:\\\/\\\/www.aliados17.com\",\"https:\\\/\\\/www.facebook.com\\\/Aliados17Pue\",\"https:\\\/\\\/x.com\\\/AliadosPuebla\"],\"url\":\"https:\\\/\\\/www.aliadospuebla.com\\\/?author=2\"}]}<\/script>\n<!-- \/ Yoast SEO plugin. -->","yoast_head_json":{"title":"MARIO RIESTRA FIRMA COMPROMISOS CON LA AGENDA CIUDADANA POR LOS \u00c1RBOLES Y LAS \u00c1REAS VERDES - AliadosPuebla","robots":{"index":"index","follow":"follow","max-snippet":"max-snippet:-1","max-image-preview":"max-image-preview:large","max-video-preview":"max-video-preview:-1"},"canonical":"https:\/\/www.aliadospuebla.com\/?p=92604","og_locale":"es_ES","og_type":"article","og_title":"MARIO RIESTRA FIRMA COMPROMISOS CON LA AGENDA CIUDADANA POR LOS \u00c1RBOLES Y LAS \u00c1REAS VERDES - AliadosPuebla","og_description":"Mario Riestra, candidato a la Presidencia Municipal de Puebla, en unidad PAN, PRI, PRD y PSI, inici\u00f3 el domingo con una activaci\u00f3n f\u00edsica en la Unidad Habitacional El Carmen, donde refrend\u00f3 su compromiso con la promoci\u00f3n de la salud de las y los poblanos. &nbsp; Asimismo, firm\u00f3 una serie de compromisos con la Agenda Ciudadana por los \u00c1rboles y las \u00c1reas Verdes. Esta iniciativa, impulsada por ciudadanos y ciudadanas, as\u00ed como organizaciones de la sociedad civil, busca abordar el deterioro ambiental en la capital. &nbsp; La Agenda Ciudadana por los \u00c1rboles y las \u00c1reas Verdes fue dise\u00f1ada con la colaboraci\u00f3n de diversos actores preocupados por la conservaci\u00f3n del entorno natural de Puebla. Consta de 24 puntos destinados a ser implementados durante el periodo 2024-2027. Los&hellip;Leer m\u00e1s...","og_url":"https:\/\/www.aliadospuebla.com\/?p=92604","og_site_name":"AliadosPuebla","article_author":"https:\/\/www.facebook.com\/Aliados17Pue","article_published_time":"2024-05-27T03:07:38+00:00","og_image":[{"width":600,"height":450,"url":"https:\/\/www.aliadospuebla.com\/web2017\/wp-content\/uploads\/2024\/05\/PSX_20240526_210701.jpg","type":"image\/jpeg"}],"author":"Aliados17","twitter_card":"summary_large_image","twitter_creator":"@AliadosPuebla","twitter_misc":{"Escrito por":"Aliados17","Tiempo de lectura":"3 minutos"},"schema":{"@context":"https:\/\/schema.org","@graph":[{"@type":"Article","@id":"https:\/\/www.aliadospuebla.com\/?p=92604#article","isPartOf":{"@id":"https:\/\/www.aliadospuebla.com\/?p=92604"},"author":{"name":"Aliados17","@id":"https:\/\/www.aliadospuebla.com\/#\/schema\/person\/5da7dd09320bd4f392b710017ed5f8ad"},"headline":"MARIO RIESTRA FIRMA COMPROMISOS CON LA AGENDA CIUDADANA POR LOS \u00c1RBOLES Y LAS \u00c1REAS VERDES","datePublished":"2024-05-27T03:07:38+00:00","mainEntityOfPage":{"@id":"https:\/\/www.aliadospuebla.com\/?p=92604"},"wordCount":544,"commentCount":0,"image":{"@id":"https:\/\/www.aliadospuebla.com\/?p=92604#primaryimage"},"thumbnailUrl":"https:\/\/www.aliadospuebla.com\/web2017\/wp-content\/uploads\/2024\/05\/PSX_20240526_210701.jpg","keywords":["Agenda ciudadana","\u00c1RBOLES","\u00c1REAS VERDES","compromiso","Mario Riestra","MEDIO AMBIENTE","SALUD"],"articleSection":["Pol\u00edtica"],"inLanguage":"es","potentialAction":[{"@type":"CommentAction","name":"Comment","target":["https:\/\/www.aliadospuebla.com\/?p=92604#respond"]}]},{"@type":"WebPage","@id":"https:\/\/www.aliadospuebla.com\/?p=92604","url":"https:\/\/www.aliadospuebla.com\/?p=92604","name":"MARIO RIESTRA FIRMA COMPROMISOS CON LA AGENDA CIUDADANA POR LOS \u00c1RBOLES Y LAS \u00c1REAS VERDES - AliadosPuebla","isPartOf":{"@id":"https:\/\/www.aliadospuebla.com\/#website"},"primaryImageOfPage":{"@id":"https:\/\/www.aliadospuebla.com\/?p=92604#primaryimage"},"image":{"@id":"https:\/\/www.aliadospuebla.com\/?p=92604#primaryimage"},"thumbnailUrl":"https:\/\/www.aliadospuebla.com\/web2017\/wp-content\/uploads\/2024\/05\/PSX_20240526_210701.jpg","datePublished":"2024-05-27T03:07:38+00:00","author":{"@id":"https:\/\/www.aliadospuebla.com\/#\/schema\/person\/5da7dd09320bd4f392b710017ed5f8ad"},"breadcrumb":{"@id":"https:\/\/www.aliadospuebla.com\/?p=92604#breadcrumb"},"inLanguage":"es","potentialAction":[{"@type":"ReadAction","target":["https:\/\/www.aliadospuebla.com\/?p=92604"]}]},{"@type":"ImageObject","inLanguage":"es","@id":"https:\/\/www.aliadospuebla.com\/?p=92604#primaryimage","url":"https:\/\/www.aliadospuebla.com\/web2017\/wp-content\/uploads\/2024\/05\/PSX_20240526_210701.jpg","contentUrl":"https:\/\/www.aliadospuebla.com\/web2017\/wp-content\/uploads\/2024\/05\/PSX_20240526_210701.jpg","width":600,"height":450},{"@type":"BreadcrumbList","@id":"https:\/\/www.aliadospuebla.com\/?p=92604#breadcrumb","itemListElement":[{"@type":"ListItem","position":1,"name":"Portada","item":"https:\/\/www.aliadospuebla.com\/"},{"@type":"ListItem","position":2,"name":"MARIO RIESTRA FIRMA COMPROMISOS CON LA AGENDA CIUDADANA POR LOS \u00c1RBOLES Y LAS \u00c1REAS VERDES"}]},{"@type":"WebSite","@id":"https:\/\/www.aliadospuebla.com\/#website","url":"https:\/\/www.aliadospuebla.com\/","name":"AliadosPuebla","description":"La informaci\u00f3n en tus manos","potentialAction":[{"@type":"SearchAction","target":{"@type":"EntryPoint","urlTemplate":"https:\/\/www.aliadospuebla.com\/?s={search_term_string}"},"query-input":{"@type":"PropertyValueSpecification","valueRequired":true,"valueName":"search_term_string"}}],"inLanguage":"es"},{"@type":"Person","@id":"https:\/\/www.aliadospuebla.com\/#\/schema\/person\/5da7dd09320bd4f392b710017ed5f8ad","name":"Aliados17","image":{"@type":"ImageObject","inLanguage":"es","@id":"https:\/\/www.aliadospuebla.com\/web2017\/wp-content\/uploads\/2025\/03\/cropped-para-perfil-8-anos-1-96x96.jpg","url":"https:\/\/www.aliadospuebla.com\/web2017\/wp-content\/uploads\/2025\/03\/cropped-para-perfil-8-anos-1-96x96.jpg","contentUrl":"https:\/\/www.aliadospuebla.com\/web2017\/wp-content\/uploads\/2025\/03\/cropped-para-perfil-8-anos-1-96x96.jpg","caption":"Aliados17"},"sameAs":["https:\/\/www.aliados17.com","https:\/\/www.facebook.com\/Aliados17Pue","https:\/\/x.com\/AliadosPuebla"],"url":"https:\/\/www.aliadospuebla.com\/?author=2"}]}},"views":10,"_links":{"self":[{"href":"https:\/\/www.aliadospuebla.com\/index.php?rest_route=\/wp\/v2\/posts\/92604","targetHints":{"allow":["GET"]}}],"collection":[{"href":"https:\/\/www.aliadospuebla.com\/index.php?rest_route=\/wp\/v2\/posts"}],"about":[{"href":"https:\/\/www.aliadospuebla.com\/index.php?rest_route=\/wp\/v2\/types\/post"}],"author":[{"embeddable":true,"href":"https:\/\/www.aliadospuebla.com\/index.php?rest_route=\/wp\/v2\/users\/2"}],"replies":[{"embeddable":true,"href":"https:\/\/www.aliadospuebla.com\/index.php?rest_route=%2Fwp%2Fv2%2Fcomments&post=92604"}],"version-history":[{"count":1,"href":"https:\/\/www.aliadospuebla.com\/index.php?rest_route=\/wp\/v2\/posts\/92604\/revisions"}],"predecessor-version":[{"id":92606,"href":"https:\/\/www.aliadospuebla.com\/index.php?rest_route=\/wp\/v2\/posts\/92604\/revisions\/92606"}],"wp:featuredmedia":[{"embeddable":true,"href":"https:\/\/www.aliadospuebla.com\/index.php?rest_route=\/wp\/v2\/media\/92605"}],"wp:attachment":[{"href":"https:\/\/www.aliadospuebla.com\/index.php?rest_route=%2Fwp%2Fv2%2Fmedia&parent=92604"}],"wp:term":[{"taxonomy":"category","embeddable":true,"href":"https:\/\/www.aliadospuebla.com\/index.php?rest_route=%2Fwp%2Fv2%2Fcategories&post=92604"},{"taxonomy":"post_tag","embeddable":true,"href":"https:\/\/www.aliadospuebla.com\/index.php?rest_route=%2Fwp%2Fv2%2Ftags&post=92604"}],"curies":[{"name":"wp","href":"https:\/\/api.w.org\/{rel}","templated":true}]}}