{"id":92600,"date":"2024-05-26T20:51:26","date_gmt":"2024-05-27T02:51:26","guid":{"rendered":"https:\/\/www.aliados17.com\/?p=92600"},"modified":"2024-05-26T20:51:26","modified_gmt":"2024-05-27T02:51:26","slug":"tony-gali-lopez-cierra-campana-con-claudia-sheinbaum-y-alejandro-armenta","status":"publish","type":"post","link":"https:\/\/www.aliadospuebla.com\/?p=92600","title":{"rendered":"Tony Gali L\u00f3pez cierra campa\u00f1a con Claudia Sheinbaum y Alejandro Armenta"},"content":{"rendered":"<p>Tony Gali L\u00f3pez cierra campa\u00f1a con Claudia Sheinbaum y Alejandro Armenta<\/p>\n<p>&nbsp;<\/p>\n<p>Al sumarse al cierre masivo de la coalici\u00f3n Sigamos Haciendo Historia en la Plaza de la Victoria encabezado por la candidata presidencial Claudia Sheinbaum y Alejandro Armenta, Tony Gali L\u00f3pez culmin\u00f3 simb\u00f3licamente sus actividades tras 86 d\u00edas de campa\u00f1a.<\/p>\n<p>&nbsp;<\/p>\n<p>Gali L\u00f3pez refiri\u00f3 que en esta \u00faltima etapa de la contienda \u201cqued\u00f3 claro que la ciudadan\u00eda ya se ha decidido por la campa\u00f1a de las propuestas, la que tiene el proyecto ganador, el que junto con el pr\u00f3ximo gobernador Alejandro Armenta y Pepe Chedraui como presidente municipal consolidar\u00e1 la transformaci\u00f3n de Puebla\u201d.<\/p>\n<p>&nbsp;<\/p>\n<p>Adem\u00e1s, agradeci\u00f3 a Karla Castrej\u00f3n Trujillo, dirigente nacional del Partido Verde Ecologista de M\u00e9xico y a Manuel Velasco Coello, coordinador de Alianzas de la doctora Claudia Sheinbaum, su presencia en este acto, as\u00ed como el apoyo durante toda la etapa de campa\u00f1a, confiando en que en la pr\u00f3xima elecci\u00f3n el Partido Verde ser\u00e1 favorecido ampliamente por el electorado, pues sus propuestas buscan el bienestar de nuestra sociedad integrando el cuidado del medio ambiente.<\/p>\n<p>&nbsp;<\/p>\n<p>En los d\u00edas que restan de campa\u00f1a, Tony Gali sostendr\u00e1 reuniones privadas y encuentros ciudadanos para despu\u00e9s unirse al periodo de receso previo a las elecciones electorales, el domingo 2 de junio.<\/p>\n","protected":false},"excerpt":{"rendered":"<p>Tony Gali L\u00f3pez cierra campa\u00f1a con Claudia Sheinbaum y Alejandro Armenta &nbsp; Al sumarse al cierre masivo de la coalici\u00f3n Sigamos Haciendo Historia en la Plaza de la Victoria encabezado por la candidata presidencial Claudia Sheinbaum y Alejandro Armenta, Tony Gali L\u00f3pez culmin\u00f3 simb\u00f3licamente sus actividades tras 86 d\u00edas de campa\u00f1a. &nbsp; Gali L\u00f3pez refiri\u00f3 que en esta \u00faltima etapa de la contienda \u201cqued\u00f3 claro que la ciudadan\u00eda ya se ha decidido por la campa\u00f1a de las propuestas, la que tiene el proyecto ganador, el que junto con el pr\u00f3ximo gobernador Alejandro Armenta y Pepe Chedraui como presidente municipal consolidar\u00e1 la transformaci\u00f3n de Puebla\u201d. &nbsp; Adem\u00e1s, agradeci\u00f3 a Karla Castrej\u00f3n Trujillo, dirigente nacional del Partido Verde Ecologista de M\u00e9xico y a Manuel Velasco Coello, coordinador&hellip;<\/p>\n<p class=\"excerpt-more\"><a class=\"blog-excerpt button\" href=\"https:\/\/www.aliadospuebla.com\/?p=92600\">Leer m\u00e1s&#8230;<\/a><\/p>\n","protected":false},"author":2,"featured_media":92602,"comment_status":"open","ping_status":"open","sticky":false,"template":"","format":"standard","meta":{"_monsterinsights_skip_tracking":false,"footnotes":""},"categories":[6],"tags":[4780,999,2971,3562,19918,2380,66],"class_list":["post-92600","post","type-post","status-publish","format-standard","has-post-thumbnail","hentry","category-politica","tag-alejandro-armenta","tag-campana","tag-candidato","tag-cierre","tag-claudia-sheinbaum","tag-diputado-federal","tag-tony-gali"],"yoast_head":"<!-- This site is optimized with the Yoast SEO plugin v28.3 - https:\/\/yoast.com\/product\/yoast-seo-wordpress\/ -->\n<title>Tony Gali L\u00f3pez cierra campa\u00f1a con Claudia Sheinbaum y Alejandro Armenta - AliadosPuebla<\/title>\n<meta name=\"robots\" content=\"index, follow, max-snippet:-1, max-image-preview:large, max-video-preview:-1\" \/>\n<link rel=\"canonical\" href=\"https:\/\/www.aliadospuebla.com\/?p=92600\" \/>\n<meta property=\"og:locale\" content=\"es_ES\" \/>\n<meta property=\"og:type\" content=\"article\" \/>\n<meta property=\"og:title\" content=\"Tony Gali L\u00f3pez cierra campa\u00f1a con Claudia Sheinbaum y Alejandro Armenta - AliadosPuebla\" \/>\n<meta property=\"og:description\" content=\"Tony Gali L\u00f3pez cierra campa\u00f1a con Claudia Sheinbaum y Alejandro Armenta &nbsp; Al sumarse al cierre masivo de la coalici\u00f3n Sigamos Haciendo Historia en la Plaza de la Victoria encabezado por la candidata presidencial Claudia Sheinbaum y Alejandro Armenta, Tony Gali L\u00f3pez culmin\u00f3 simb\u00f3licamente sus actividades tras 86 d\u00edas de campa\u00f1a. &nbsp; Gali L\u00f3pez refiri\u00f3 que en esta \u00faltima etapa de la contienda \u201cqued\u00f3 claro que la ciudadan\u00eda ya se ha decidido por la campa\u00f1a de las propuestas, la que tiene el proyecto ganador, el que junto con el pr\u00f3ximo gobernador Alejandro Armenta y Pepe Chedraui como presidente municipal consolidar\u00e1 la transformaci\u00f3n de Puebla\u201d. &nbsp; Adem\u00e1s, agradeci\u00f3 a Karla Castrej\u00f3n Trujillo, dirigente nacional del Partido Verde Ecologista de M\u00e9xico y a Manuel Velasco Coello, coordinador&hellip;Leer m\u00e1s...\" \/>\n<meta property=\"og:url\" content=\"https:\/\/www.aliadospuebla.com\/?p=92600\" \/>\n<meta property=\"og:site_name\" content=\"AliadosPuebla\" \/>\n<meta property=\"article:author\" content=\"https:\/\/www.facebook.com\/Aliados17Pue\" \/>\n<meta property=\"article:published_time\" content=\"2024-05-27T02:51:26+00:00\" \/>\n<meta property=\"og:image\" content=\"https:\/\/www.aliadospuebla.com\/web2017\/wp-content\/uploads\/2024\/05\/PSX_20240526_204848.jpg\" \/>\n\t<meta property=\"og:image:width\" content=\"600\" \/>\n\t<meta property=\"og:image:height\" content=\"450\" \/>\n\t<meta property=\"og:image:type\" content=\"image\/jpeg\" \/>\n<meta name=\"author\" content=\"Aliados17\" \/>\n<meta name=\"twitter:card\" content=\"summary_large_image\" \/>\n<meta name=\"twitter:creator\" content=\"@AliadosPuebla\" \/>\n<meta name=\"twitter:label1\" content=\"Escrito por\" \/>\n\t<meta name=\"twitter:data1\" content=\"Aliados17\" \/>\n\t<meta name=\"twitter:label2\" content=\"Tiempo de lectura\" \/>\n\t<meta name=\"twitter:data2\" content=\"2 minutos\" \/>\n<script type=\"application\/ld+json\" class=\"yoast-schema-graph\">{\"@context\":\"https:\\\/\\\/schema.org\",\"@graph\":[{\"@type\":\"Article\",\"@id\":\"https:\\\/\\\/www.aliadospuebla.com\\\/?p=92600#article\",\"isPartOf\":{\"@id\":\"https:\\\/\\\/www.aliadospuebla.com\\\/?p=92600\"},\"author\":{\"name\":\"Aliados17\",\"@id\":\"https:\\\/\\\/www.aliadospuebla.com\\\/#\\\/schema\\\/person\\\/5da7dd09320bd4f392b710017ed5f8ad\"},\"headline\":\"Tony Gali L\u00f3pez cierra campa\u00f1a con Claudia Sheinbaum y Alejandro Armenta\",\"datePublished\":\"2024-05-27T02:51:26+00:00\",\"mainEntityOfPage\":{\"@id\":\"https:\\\/\\\/www.aliadospuebla.com\\\/?p=92600\"},\"wordCount\":243,\"commentCount\":0,\"image\":{\"@id\":\"https:\\\/\\\/www.aliadospuebla.com\\\/?p=92600#primaryimage\"},\"thumbnailUrl\":\"https:\\\/\\\/www.aliadospuebla.com\\\/web2017\\\/wp-content\\\/uploads\\\/2024\\\/05\\\/PSX_20240526_204848.jpg\",\"keywords\":[\"ALEJANDRO ARMENTA\",\"CAMPA\u00d1A\",\"CANDIDATO\",\"CIERRE\",\"Claudia Sheinbaum\",\"DIPUTADO FEDERAL\",\"Tony Gali\"],\"articleSection\":[\"Pol\u00edtica\"],\"inLanguage\":\"es\",\"potentialAction\":[{\"@type\":\"CommentAction\",\"name\":\"Comment\",\"target\":[\"https:\\\/\\\/www.aliadospuebla.com\\\/?p=92600#respond\"]}]},{\"@type\":\"WebPage\",\"@id\":\"https:\\\/\\\/www.aliadospuebla.com\\\/?p=92600\",\"url\":\"https:\\\/\\\/www.aliadospuebla.com\\\/?p=92600\",\"name\":\"Tony Gali L\u00f3pez cierra campa\u00f1a con Claudia Sheinbaum y Alejandro Armenta - AliadosPuebla\",\"isPartOf\":{\"@id\":\"https:\\\/\\\/www.aliadospuebla.com\\\/#website\"},\"primaryImageOfPage\":{\"@id\":\"https:\\\/\\\/www.aliadospuebla.com\\\/?p=92600#primaryimage\"},\"image\":{\"@id\":\"https:\\\/\\\/www.aliadospuebla.com\\\/?p=92600#primaryimage\"},\"thumbnailUrl\":\"https:\\\/\\\/www.aliadospuebla.com\\\/web2017\\\/wp-content\\\/uploads\\\/2024\\\/05\\\/PSX_20240526_204848.jpg\",\"datePublished\":\"2024-05-27T02:51:26+00:00\",\"author\":{\"@id\":\"https:\\\/\\\/www.aliadospuebla.com\\\/#\\\/schema\\\/person\\\/5da7dd09320bd4f392b710017ed5f8ad\"},\"breadcrumb\":{\"@id\":\"https:\\\/\\\/www.aliadospuebla.com\\\/?p=92600#breadcrumb\"},\"inLanguage\":\"es\",\"potentialAction\":[{\"@type\":\"ReadAction\",\"target\":[\"https:\\\/\\\/www.aliadospuebla.com\\\/?p=92600\"]}]},{\"@type\":\"ImageObject\",\"inLanguage\":\"es\",\"@id\":\"https:\\\/\\\/www.aliadospuebla.com\\\/?p=92600#primaryimage\",\"url\":\"https:\\\/\\\/www.aliadospuebla.com\\\/web2017\\\/wp-content\\\/uploads\\\/2024\\\/05\\\/PSX_20240526_204848.jpg\",\"contentUrl\":\"https:\\\/\\\/www.aliadospuebla.com\\\/web2017\\\/wp-content\\\/uploads\\\/2024\\\/05\\\/PSX_20240526_204848.jpg\",\"width\":600,\"height\":450},{\"@type\":\"BreadcrumbList\",\"@id\":\"https:\\\/\\\/www.aliadospuebla.com\\\/?p=92600#breadcrumb\",\"itemListElement\":[{\"@type\":\"ListItem\",\"position\":1,\"name\":\"Portada\",\"item\":\"https:\\\/\\\/www.aliadospuebla.com\\\/\"},{\"@type\":\"ListItem\",\"position\":2,\"name\":\"Tony Gali L\u00f3pez cierra campa\u00f1a con Claudia Sheinbaum y Alejandro Armenta\"}]},{\"@type\":\"WebSite\",\"@id\":\"https:\\\/\\\/www.aliadospuebla.com\\\/#website\",\"url\":\"https:\\\/\\\/www.aliadospuebla.com\\\/\",\"name\":\"AliadosPuebla\",\"description\":\"La informaci\u00f3n en tus manos\",\"potentialAction\":[{\"@type\":\"SearchAction\",\"target\":{\"@type\":\"EntryPoint\",\"urlTemplate\":\"https:\\\/\\\/www.aliadospuebla.com\\\/?s={search_term_string}\"},\"query-input\":{\"@type\":\"PropertyValueSpecification\",\"valueRequired\":true,\"valueName\":\"search_term_string\"}}],\"inLanguage\":\"es\"},{\"@type\":\"Person\",\"@id\":\"https:\\\/\\\/www.aliadospuebla.com\\\/#\\\/schema\\\/person\\\/5da7dd09320bd4f392b710017ed5f8ad\",\"name\":\"Aliados17\",\"image\":{\"@type\":\"ImageObject\",\"inLanguage\":\"es\",\"@id\":\"https:\\\/\\\/www.aliadospuebla.com\\\/web2017\\\/wp-content\\\/uploads\\\/2025\\\/03\\\/cropped-para-perfil-8-anos-1-96x96.jpg\",\"url\":\"https:\\\/\\\/www.aliadospuebla.com\\\/web2017\\\/wp-content\\\/uploads\\\/2025\\\/03\\\/cropped-para-perfil-8-anos-1-96x96.jpg\",\"contentUrl\":\"https:\\\/\\\/www.aliadospuebla.com\\\/web2017\\\/wp-content\\\/uploads\\\/2025\\\/03\\\/cropped-para-perfil-8-anos-1-96x96.jpg\",\"caption\":\"Aliados17\"},\"sameAs\":[\"https:\\\/\\\/www.aliados17.com\",\"https:\\\/\\\/www.facebook.com\\\/Aliados17Pue\",\"https:\\\/\\\/x.com\\\/AliadosPuebla\"],\"url\":\"https:\\\/\\\/www.aliadospuebla.com\\\/?author=2\"}]}<\/script>\n<!-- \/ Yoast SEO plugin. -->","yoast_head_json":{"title":"Tony Gali L\u00f3pez cierra campa\u00f1a con Claudia Sheinbaum y Alejandro Armenta - AliadosPuebla","robots":{"index":"index","follow":"follow","max-snippet":"max-snippet:-1","max-image-preview":"max-image-preview:large","max-video-preview":"max-video-preview:-1"},"canonical":"https:\/\/www.aliadospuebla.com\/?p=92600","og_locale":"es_ES","og_type":"article","og_title":"Tony Gali L\u00f3pez cierra campa\u00f1a con Claudia Sheinbaum y Alejandro Armenta - AliadosPuebla","og_description":"Tony Gali L\u00f3pez cierra campa\u00f1a con Claudia Sheinbaum y Alejandro Armenta &nbsp; Al sumarse al cierre masivo de la coalici\u00f3n Sigamos Haciendo Historia en la Plaza de la Victoria encabezado por la candidata presidencial Claudia Sheinbaum y Alejandro Armenta, Tony Gali L\u00f3pez culmin\u00f3 simb\u00f3licamente sus actividades tras 86 d\u00edas de campa\u00f1a. &nbsp; Gali L\u00f3pez refiri\u00f3 que en esta \u00faltima etapa de la contienda \u201cqued\u00f3 claro que la ciudadan\u00eda ya se ha decidido por la campa\u00f1a de las propuestas, la que tiene el proyecto ganador, el que junto con el pr\u00f3ximo gobernador Alejandro Armenta y Pepe Chedraui como presidente municipal consolidar\u00e1 la transformaci\u00f3n de Puebla\u201d. &nbsp; Adem\u00e1s, agradeci\u00f3 a Karla Castrej\u00f3n Trujillo, dirigente nacional del Partido Verde Ecologista de M\u00e9xico y a Manuel Velasco Coello, coordinador&hellip;Leer m\u00e1s...","og_url":"https:\/\/www.aliadospuebla.com\/?p=92600","og_site_name":"AliadosPuebla","article_author":"https:\/\/www.facebook.com\/Aliados17Pue","article_published_time":"2024-05-27T02:51:26+00:00","og_image":[{"width":600,"height":450,"url":"https:\/\/www.aliadospuebla.com\/web2017\/wp-content\/uploads\/2024\/05\/PSX_20240526_204848.jpg","type":"image\/jpeg"}],"author":"Aliados17","twitter_card":"summary_large_image","twitter_creator":"@AliadosPuebla","twitter_misc":{"Escrito por":"Aliados17","Tiempo de lectura":"2 minutos"},"schema":{"@context":"https:\/\/schema.org","@graph":[{"@type":"Article","@id":"https:\/\/www.aliadospuebla.com\/?p=92600#article","isPartOf":{"@id":"https:\/\/www.aliadospuebla.com\/?p=92600"},"author":{"name":"Aliados17","@id":"https:\/\/www.aliadospuebla.com\/#\/schema\/person\/5da7dd09320bd4f392b710017ed5f8ad"},"headline":"Tony Gali L\u00f3pez cierra campa\u00f1a con Claudia Sheinbaum y Alejandro Armenta","datePublished":"2024-05-27T02:51:26+00:00","mainEntityOfPage":{"@id":"https:\/\/www.aliadospuebla.com\/?p=92600"},"wordCount":243,"commentCount":0,"image":{"@id":"https:\/\/www.aliadospuebla.com\/?p=92600#primaryimage"},"thumbnailUrl":"https:\/\/www.aliadospuebla.com\/web2017\/wp-content\/uploads\/2024\/05\/PSX_20240526_204848.jpg","keywords":["ALEJANDRO ARMENTA","CAMPA\u00d1A","CANDIDATO","CIERRE","Claudia Sheinbaum","DIPUTADO FEDERAL","Tony Gali"],"articleSection":["Pol\u00edtica"],"inLanguage":"es","potentialAction":[{"@type":"CommentAction","name":"Comment","target":["https:\/\/www.aliadospuebla.com\/?p=92600#respond"]}]},{"@type":"WebPage","@id":"https:\/\/www.aliadospuebla.com\/?p=92600","url":"https:\/\/www.aliadospuebla.com\/?p=92600","name":"Tony Gali L\u00f3pez cierra campa\u00f1a con Claudia Sheinbaum y Alejandro Armenta - AliadosPuebla","isPartOf":{"@id":"https:\/\/www.aliadospuebla.com\/#website"},"primaryImageOfPage":{"@id":"https:\/\/www.aliadospuebla.com\/?p=92600#primaryimage"},"image":{"@id":"https:\/\/www.aliadospuebla.com\/?p=92600#primaryimage"},"thumbnailUrl":"https:\/\/www.aliadospuebla.com\/web2017\/wp-content\/uploads\/2024\/05\/PSX_20240526_204848.jpg","datePublished":"2024-05-27T02:51:26+00:00","author":{"@id":"https:\/\/www.aliadospuebla.com\/#\/schema\/person\/5da7dd09320bd4f392b710017ed5f8ad"},"breadcrumb":{"@id":"https:\/\/www.aliadospuebla.com\/?p=92600#breadcrumb"},"inLanguage":"es","potentialAction":[{"@type":"ReadAction","target":["https:\/\/www.aliadospuebla.com\/?p=92600"]}]},{"@type":"ImageObject","inLanguage":"es","@id":"https:\/\/www.aliadospuebla.com\/?p=92600#primaryimage","url":"https:\/\/www.aliadospuebla.com\/web2017\/wp-content\/uploads\/2024\/05\/PSX_20240526_204848.jpg","contentUrl":"https:\/\/www.aliadospuebla.com\/web2017\/wp-content\/uploads\/2024\/05\/PSX_20240526_204848.jpg","width":600,"height":450},{"@type":"BreadcrumbList","@id":"https:\/\/www.aliadospuebla.com\/?p=92600#breadcrumb","itemListElement":[{"@type":"ListItem","position":1,"name":"Portada","item":"https:\/\/www.aliadospuebla.com\/"},{"@type":"ListItem","position":2,"name":"Tony Gali L\u00f3pez cierra campa\u00f1a con Claudia Sheinbaum y Alejandro Armenta"}]},{"@type":"WebSite","@id":"https:\/\/www.aliadospuebla.com\/#website","url":"https:\/\/www.aliadospuebla.com\/","name":"AliadosPuebla","description":"La informaci\u00f3n en tus manos","potentialAction":[{"@type":"SearchAction","target":{"@type":"EntryPoint","urlTemplate":"https:\/\/www.aliadospuebla.com\/?s={search_term_string}"},"query-input":{"@type":"PropertyValueSpecification","valueRequired":true,"valueName":"search_term_string"}}],"inLanguage":"es"},{"@type":"Person","@id":"https:\/\/www.aliadospuebla.com\/#\/schema\/person\/5da7dd09320bd4f392b710017ed5f8ad","name":"Aliados17","image":{"@type":"ImageObject","inLanguage":"es","@id":"https:\/\/www.aliadospuebla.com\/web2017\/wp-content\/uploads\/2025\/03\/cropped-para-perfil-8-anos-1-96x96.jpg","url":"https:\/\/www.aliadospuebla.com\/web2017\/wp-content\/uploads\/2025\/03\/cropped-para-perfil-8-anos-1-96x96.jpg","contentUrl":"https:\/\/www.aliadospuebla.com\/web2017\/wp-content\/uploads\/2025\/03\/cropped-para-perfil-8-anos-1-96x96.jpg","caption":"Aliados17"},"sameAs":["https:\/\/www.aliados17.com","https:\/\/www.facebook.com\/Aliados17Pue","https:\/\/x.com\/AliadosPuebla"],"url":"https:\/\/www.aliadospuebla.com\/?author=2"}]}},"views":11,"_links":{"self":[{"href":"https:\/\/www.aliadospuebla.com\/index.php?rest_route=\/wp\/v2\/posts\/92600","targetHints":{"allow":["GET"]}}],"collection":[{"href":"https:\/\/www.aliadospuebla.com\/index.php?rest_route=\/wp\/v2\/posts"}],"about":[{"href":"https:\/\/www.aliadospuebla.com\/index.php?rest_route=\/wp\/v2\/types\/post"}],"author":[{"embeddable":true,"href":"https:\/\/www.aliadospuebla.com\/index.php?rest_route=\/wp\/v2\/users\/2"}],"replies":[{"embeddable":true,"href":"https:\/\/www.aliadospuebla.com\/index.php?rest_route=%2Fwp%2Fv2%2Fcomments&post=92600"}],"version-history":[{"count":1,"href":"https:\/\/www.aliadospuebla.com\/index.php?rest_route=\/wp\/v2\/posts\/92600\/revisions"}],"predecessor-version":[{"id":92603,"href":"https:\/\/www.aliadospuebla.com\/index.php?rest_route=\/wp\/v2\/posts\/92600\/revisions\/92603"}],"wp:featuredmedia":[{"embeddable":true,"href":"https:\/\/www.aliadospuebla.com\/index.php?rest_route=\/wp\/v2\/media\/92602"}],"wp:attachment":[{"href":"https:\/\/www.aliadospuebla.com\/index.php?rest_route=%2Fwp%2Fv2%2Fmedia&parent=92600"}],"wp:term":[{"taxonomy":"category","embeddable":true,"href":"https:\/\/www.aliadospuebla.com\/index.php?rest_route=%2Fwp%2Fv2%2Fcategories&post=92600"},{"taxonomy":"post_tag","embeddable":true,"href":"https:\/\/www.aliadospuebla.com\/index.php?rest_route=%2Fwp%2Fv2%2Ftags&post=92600"}],"curies":[{"name":"wp","href":"https:\/\/api.w.org\/{rel}","templated":true}]}}