{"id":92260,"date":"2024-05-17T21:26:10","date_gmt":"2024-05-18T03:26:10","guid":{"rendered":"https:\/\/www.aliados17.com\/?p=92260"},"modified":"2024-05-17T21:26:10","modified_gmt":"2024-05-18T03:26:10","slug":"pepe-chedraui-se-presento-con-exito-ante-el-consejo-universitario-de-la-buap","status":"publish","type":"post","link":"https:\/\/www.aliadospuebla.com\/?p=92260","title":{"rendered":"Pepe Chedraui se present\u00f3 con \u00e9xito ante el Consejo Universitario de la BUAP"},"content":{"rendered":"<p>La colaboraci\u00f3n entre universidades y Gobierno es la piedra angular para la transformaci\u00f3n, expres\u00f3 Pepe Chedraui, candidato a la<\/p>\n<p>Presidencia Municipal, quien asegur\u00f3 que juntas y juntos podr\u00e1n superar los desaf\u00edos actuales con un modelo de seguridad, innovaci\u00f3n,<\/p>\n<p>justicia e igualdad.<\/p>\n<p>&nbsp;<\/p>\n<p>As\u00ed lo expres\u00f3 al presentar su Plan de Gobierno para encabezar el Ayuntamiento de la ciudad, ante el Consejo Universitario de la Benem\u00e9rita<\/p>\n<p>Universidad Aut\u00f3noma de Puebla (BUAP), donde se comprometi\u00f3 a garantizar seguridad para las y los estudiantes, trabajadores y maestros<\/p>\n<p>de la m\u00e1xima casa de estudios.<\/p>\n<p>&nbsp;<\/p>\n<p>El abanderado por la Coalici\u00f3n Seguiremos Haciendo Historia en Puebla resalt\u00f3 que las demandas en materia de seguridad, de vialidades<\/p>\n<p>funcionales para los diferentes campus como CU 1, CU 2, Salud y el Complejo Cultural Universitario, ser\u00e1n atendidas como parte de su<\/p>\n<p>agenda de trabajo.<\/p>\n<p>&nbsp;<\/p>\n<p>\u00abCon su apoyo podremos construir la Puebla que todas y todos so\u00f1amos y merecemos\u00bb, expres\u00f3. Expuso sus proyectos en materia de<\/p>\n<p>seguridad y la generaci\u00f3n de senderos seguros para las mujeres, la implementaci\u00f3n de la Polic\u00eda Naranja, capacitaci\u00f3n y equipamiento con<\/p>\n<p>tecnolog\u00eda para las y los polic\u00edas, as\u00ed como atenci\u00f3n en la juntas auxiliares con los Centros de Reacci\u00f3n Inmediata.<\/p>\n<p>&nbsp;<\/p>\n<p>Respecto a la movilidad habl\u00f3 sobre las acciones de relaminaci\u00f3n de las calles en la capital poblana, la creaci\u00f3n de una nueva red de<\/p>\n<p>sem\u00e1foros actualizada y moderna, porque la actual es obsoleta y como consecuencia hay problemas de tr\u00e1nsito, proyectos sustentables y de<\/p>\n<p>desarrollo urbano, entre otros.<\/p>\n<p>&nbsp;<\/p>\n<p>Como parte de esta din\u00e1mica, las y los miembros del Consejo Universitario desahogaron algunas de sus principales dudas respecto al uso de<\/p>\n<p>la tecnolog\u00eda en el Gobierno Municipal, la seguridad en las calles y en el transporte p\u00fablico, desaf\u00edos como la corrupci\u00f3n, apoyos a las<\/p>\n<p>mujeres y compromisos con las\u00a0y\u00a0los\u00a0j\u00f3venes.<\/p>\n","protected":false},"excerpt":{"rendered":"<p>La colaboraci\u00f3n entre universidades y Gobierno es la piedra angular para la transformaci\u00f3n, expres\u00f3 Pepe Chedraui, candidato a la Presidencia Municipal, quien asegur\u00f3 que juntas y juntos podr\u00e1n superar los desaf\u00edos actuales con un modelo de seguridad, innovaci\u00f3n, justicia e igualdad. &nbsp; As\u00ed lo expres\u00f3 al presentar su Plan de Gobierno para encabezar el Ayuntamiento de la ciudad, ante el Consejo Universitario de la Benem\u00e9rita Universidad Aut\u00f3noma de Puebla (BUAP), donde se comprometi\u00f3 a garantizar seguridad para las y los estudiantes, trabajadores y maestros de la m\u00e1xima casa de estudios. &nbsp; El abanderado por la Coalici\u00f3n Seguiremos Haciendo Historia en Puebla resalt\u00f3 que las demandas en materia de seguridad, de vialidades funcionales para los diferentes campus como CU 1, CU 2, Salud y el Complejo&hellip;<\/p>\n<p class=\"excerpt-more\"><a class=\"blog-excerpt button\" href=\"https:\/\/www.aliadospuebla.com\/?p=92260\">Leer m\u00e1s&#8230;<\/a><\/p>\n","protected":false},"author":2,"featured_media":92269,"comment_status":"open","ping_status":"open","sticky":false,"template":"","format":"standard","meta":{"_monsterinsights_skip_tracking":false,"footnotes":""},"categories":[6],"tags":[7532,653,23118,11026,10636,5244,8056,23119,170,251,2403,20612,13188,45,3880,13158,17715,13795,13718,19795,14620,13467,13635,19794,13575,15430,63,19283,14621,13749,27,13508],"class_list":["post-92260","post","type-post","status-publish","format-standard","has-post-thumbnail","hentry","category-politica","tag-armenta","tag-buap","tag-campana-politica","tag-ciudad-de-puebla","tag-estado-de-puebla","tag-gobernador-de-puebla","tag-gobierno-de-puebla","tag-mario-puebla","tag-mario-riestra","tag-pan","tag-partidos-politicos","tag-pepe-chedraui","tag-politica-puebla","tag-pri","tag-psi","tag-puebla-ciudad","tag-puebla-estado","tag-puebla-gobierno","tag-puebla-politica","tag-puebla-senadores","tag-puebla-udlap","tag-puebla-universidad","tag-puebla-universidades","tag-senadores-puebla","tag-sergio-salomon","tag-tono-lopez","tag-udlap","tag-udlap-cholula","tag-udlap-puebla","tag-universidad-de-puebla","tag-upaep","tag-upaep-puebla"],"yoast_head":"<!-- This site is optimized with the Yoast SEO plugin v28.4 - https:\/\/yoast.com\/product\/yoast-seo-wordpress\/ -->\n<title>Pepe Chedraui se present\u00f3 con \u00e9xito ante el Consejo Universitario de la BUAP - AliadosPuebla<\/title>\n<meta name=\"robots\" content=\"index, follow, max-snippet:-1, max-image-preview:large, max-video-preview:-1\" \/>\n<link rel=\"canonical\" href=\"https:\/\/www.aliadospuebla.com\/?p=92260\" \/>\n<meta property=\"og:locale\" content=\"es_ES\" \/>\n<meta property=\"og:type\" content=\"article\" \/>\n<meta property=\"og:title\" content=\"Pepe Chedraui se present\u00f3 con \u00e9xito ante el Consejo Universitario de la BUAP - AliadosPuebla\" \/>\n<meta property=\"og:description\" content=\"La colaboraci\u00f3n entre universidades y Gobierno es la piedra angular para la transformaci\u00f3n, expres\u00f3 Pepe Chedraui, candidato a la Presidencia Municipal, quien asegur\u00f3 que juntas y juntos podr\u00e1n superar los desaf\u00edos actuales con un modelo de seguridad, innovaci\u00f3n, justicia e igualdad. &nbsp; As\u00ed lo expres\u00f3 al presentar su Plan de Gobierno para encabezar el Ayuntamiento de la ciudad, ante el Consejo Universitario de la Benem\u00e9rita Universidad Aut\u00f3noma de Puebla (BUAP), donde se comprometi\u00f3 a garantizar seguridad para las y los estudiantes, trabajadores y maestros de la m\u00e1xima casa de estudios. &nbsp; El abanderado por la Coalici\u00f3n Seguiremos Haciendo Historia en Puebla resalt\u00f3 que las demandas en materia de seguridad, de vialidades funcionales para los diferentes campus como CU 1, CU 2, Salud y el Complejo&hellip;Leer m\u00e1s...\" \/>\n<meta property=\"og:url\" content=\"https:\/\/www.aliadospuebla.com\/?p=92260\" \/>\n<meta property=\"og:site_name\" content=\"AliadosPuebla\" \/>\n<meta property=\"article:author\" content=\"https:\/\/www.facebook.com\/Aliados17Pue\" \/>\n<meta property=\"article:published_time\" content=\"2024-05-18T03:26:10+00:00\" \/>\n<meta property=\"og:image\" content=\"https:\/\/www.aliadospuebla.com\/web2017\/wp-content\/uploads\/2024\/05\/Imagen-de-WhatsApp-2024-05-17-a-las-19.15.05_7378905f-scaled.jpg\" \/>\n\t<meta property=\"og:image:width\" content=\"2560\" \/>\n\t<meta property=\"og:image:height\" content=\"1707\" \/>\n\t<meta property=\"og:image:type\" content=\"image\/jpeg\" \/>\n<meta name=\"author\" content=\"Aliados17\" \/>\n<meta name=\"twitter:card\" content=\"summary_large_image\" \/>\n<meta name=\"twitter:creator\" content=\"@AliadosPuebla\" \/>\n<meta name=\"twitter:label1\" content=\"Escrito por\" \/>\n\t<meta name=\"twitter:data1\" content=\"Aliados17\" \/>\n\t<meta name=\"twitter:label2\" content=\"Tiempo de lectura\" \/>\n\t<meta name=\"twitter:data2\" content=\"2 minutos\" \/>\n<script type=\"application\/ld+json\" class=\"yoast-schema-graph\">{\"@context\":\"https:\\\/\\\/schema.org\",\"@graph\":[{\"@type\":\"Article\",\"@id\":\"https:\\\/\\\/www.aliadospuebla.com\\\/?p=92260#article\",\"isPartOf\":{\"@id\":\"https:\\\/\\\/www.aliadospuebla.com\\\/?p=92260\"},\"author\":{\"name\":\"Aliados17\",\"@id\":\"https:\\\/\\\/www.aliadospuebla.com\\\/#\\\/schema\\\/person\\\/5da7dd09320bd4f392b710017ed5f8ad\"},\"headline\":\"Pepe Chedraui se present\u00f3 con \u00e9xito ante el Consejo Universitario de la BUAP\",\"datePublished\":\"2024-05-18T03:26:10+00:00\",\"mainEntityOfPage\":{\"@id\":\"https:\\\/\\\/www.aliadospuebla.com\\\/?p=92260\"},\"wordCount\":340,\"commentCount\":0,\"image\":{\"@id\":\"https:\\\/\\\/www.aliadospuebla.com\\\/?p=92260#primaryimage\"},\"thumbnailUrl\":\"https:\\\/\\\/www.aliadospuebla.com\\\/web2017\\\/wp-content\\\/uploads\\\/2024\\\/05\\\/Imagen-de-WhatsApp-2024-05-17-a-las-19.15.05_7378905f-scaled.jpg\",\"keywords\":[\"ARMENTA\",\"BUAP\",\"Campa\u00f1a politica\",\"CIUDAD DE PUEBLA\",\"ESTADO DE PUEBLA\",\"GOBERNADOR DE PUEBLA\",\"GOBIERNO DE PUEBLA\",\"Mario puebla\",\"Mario Riestra\",\"PAN\",\"PARTIDOS POL\u00cdTICOS\",\"Pepe Chedraui\",\"Politica Puebla\",\"PRI\",\"PSI\",\"Puebla Ciudad\",\"Puebla estado\",\"Puebla gobierno\",\"puebla politica\",\"Puebla Senadores\",\"Puebla UDLAP\",\"Puebla Universidad\",\"Puebla Universidades\",\"Senadores Puebla\",\"Sergio Salomon\",\"To\u00f1o L\u00f3pez\",\"Udlap\",\"Udlap cholula\",\"UDLAP Puebla\",\"Universidad de Puebla\",\"UPAEP\",\"UPAEP Puebla\"],\"articleSection\":[\"Pol\u00edtica\"],\"inLanguage\":\"es\",\"potentialAction\":[{\"@type\":\"CommentAction\",\"name\":\"Comment\",\"target\":[\"https:\\\/\\\/www.aliadospuebla.com\\\/?p=92260#respond\"]}]},{\"@type\":\"WebPage\",\"@id\":\"https:\\\/\\\/www.aliadospuebla.com\\\/?p=92260\",\"url\":\"https:\\\/\\\/www.aliadospuebla.com\\\/?p=92260\",\"name\":\"Pepe Chedraui se present\u00f3 con \u00e9xito ante el Consejo Universitario de la BUAP - AliadosPuebla\",\"isPartOf\":{\"@id\":\"https:\\\/\\\/www.aliadospuebla.com\\\/#website\"},\"primaryImageOfPage\":{\"@id\":\"https:\\\/\\\/www.aliadospuebla.com\\\/?p=92260#primaryimage\"},\"image\":{\"@id\":\"https:\\\/\\\/www.aliadospuebla.com\\\/?p=92260#primaryimage\"},\"thumbnailUrl\":\"https:\\\/\\\/www.aliadospuebla.com\\\/web2017\\\/wp-content\\\/uploads\\\/2024\\\/05\\\/Imagen-de-WhatsApp-2024-05-17-a-las-19.15.05_7378905f-scaled.jpg\",\"datePublished\":\"2024-05-18T03:26:10+00:00\",\"author\":{\"@id\":\"https:\\\/\\\/www.aliadospuebla.com\\\/#\\\/schema\\\/person\\\/5da7dd09320bd4f392b710017ed5f8ad\"},\"breadcrumb\":{\"@id\":\"https:\\\/\\\/www.aliadospuebla.com\\\/?p=92260#breadcrumb\"},\"inLanguage\":\"es\",\"potentialAction\":[{\"@type\":\"ReadAction\",\"target\":[\"https:\\\/\\\/www.aliadospuebla.com\\\/?p=92260\"]}]},{\"@type\":\"ImageObject\",\"inLanguage\":\"es\",\"@id\":\"https:\\\/\\\/www.aliadospuebla.com\\\/?p=92260#primaryimage\",\"url\":\"https:\\\/\\\/www.aliadospuebla.com\\\/web2017\\\/wp-content\\\/uploads\\\/2024\\\/05\\\/Imagen-de-WhatsApp-2024-05-17-a-las-19.15.05_7378905f-scaled.jpg\",\"contentUrl\":\"https:\\\/\\\/www.aliadospuebla.com\\\/web2017\\\/wp-content\\\/uploads\\\/2024\\\/05\\\/Imagen-de-WhatsApp-2024-05-17-a-las-19.15.05_7378905f-scaled.jpg\",\"width\":2560,\"height\":1707},{\"@type\":\"BreadcrumbList\",\"@id\":\"https:\\\/\\\/www.aliadospuebla.com\\\/?p=92260#breadcrumb\",\"itemListElement\":[{\"@type\":\"ListItem\",\"position\":1,\"name\":\"Portada\",\"item\":\"https:\\\/\\\/www.aliadospuebla.com\\\/\"},{\"@type\":\"ListItem\",\"position\":2,\"name\":\"Pepe Chedraui se present\u00f3 con \u00e9xito ante el Consejo Universitario de la BUAP\"}]},{\"@type\":\"WebSite\",\"@id\":\"https:\\\/\\\/www.aliadospuebla.com\\\/#website\",\"url\":\"https:\\\/\\\/www.aliadospuebla.com\\\/\",\"name\":\"AliadosPuebla\",\"description\":\"La informaci\u00f3n en tus manos\",\"potentialAction\":[{\"@type\":\"SearchAction\",\"target\":{\"@type\":\"EntryPoint\",\"urlTemplate\":\"https:\\\/\\\/www.aliadospuebla.com\\\/?s={search_term_string}\"},\"query-input\":{\"@type\":\"PropertyValueSpecification\",\"valueRequired\":true,\"valueName\":\"search_term_string\"}}],\"inLanguage\":\"es\"},{\"@type\":\"Person\",\"@id\":\"https:\\\/\\\/www.aliadospuebla.com\\\/#\\\/schema\\\/person\\\/5da7dd09320bd4f392b710017ed5f8ad\",\"name\":\"Aliados17\",\"image\":{\"@type\":\"ImageObject\",\"inLanguage\":\"es\",\"@id\":\"https:\\\/\\\/www.aliadospuebla.com\\\/web2017\\\/wp-content\\\/uploads\\\/2025\\\/03\\\/cropped-para-perfil-8-anos-1-96x96.jpg\",\"url\":\"https:\\\/\\\/www.aliadospuebla.com\\\/web2017\\\/wp-content\\\/uploads\\\/2025\\\/03\\\/cropped-para-perfil-8-anos-1-96x96.jpg\",\"contentUrl\":\"https:\\\/\\\/www.aliadospuebla.com\\\/web2017\\\/wp-content\\\/uploads\\\/2025\\\/03\\\/cropped-para-perfil-8-anos-1-96x96.jpg\",\"caption\":\"Aliados17\"},\"sameAs\":[\"https:\\\/\\\/www.aliados17.com\",\"https:\\\/\\\/www.facebook.com\\\/Aliados17Pue\",\"https:\\\/\\\/x.com\\\/AliadosPuebla\"],\"url\":\"https:\\\/\\\/www.aliadospuebla.com\\\/?author=2\"}]}<\/script>\n<!-- \/ Yoast SEO plugin. -->","yoast_head_json":{"title":"Pepe Chedraui se present\u00f3 con \u00e9xito ante el Consejo Universitario de la BUAP - AliadosPuebla","robots":{"index":"index","follow":"follow","max-snippet":"max-snippet:-1","max-image-preview":"max-image-preview:large","max-video-preview":"max-video-preview:-1"},"canonical":"https:\/\/www.aliadospuebla.com\/?p=92260","og_locale":"es_ES","og_type":"article","og_title":"Pepe Chedraui se present\u00f3 con \u00e9xito ante el Consejo Universitario de la BUAP - AliadosPuebla","og_description":"La colaboraci\u00f3n entre universidades y Gobierno es la piedra angular para la transformaci\u00f3n, expres\u00f3 Pepe Chedraui, candidato a la Presidencia Municipal, quien asegur\u00f3 que juntas y juntos podr\u00e1n superar los desaf\u00edos actuales con un modelo de seguridad, innovaci\u00f3n, justicia e igualdad. &nbsp; As\u00ed lo expres\u00f3 al presentar su Plan de Gobierno para encabezar el Ayuntamiento de la ciudad, ante el Consejo Universitario de la Benem\u00e9rita Universidad Aut\u00f3noma de Puebla (BUAP), donde se comprometi\u00f3 a garantizar seguridad para las y los estudiantes, trabajadores y maestros de la m\u00e1xima casa de estudios. &nbsp; El abanderado por la Coalici\u00f3n Seguiremos Haciendo Historia en Puebla resalt\u00f3 que las demandas en materia de seguridad, de vialidades funcionales para los diferentes campus como CU 1, CU 2, Salud y el Complejo&hellip;Leer m\u00e1s...","og_url":"https:\/\/www.aliadospuebla.com\/?p=92260","og_site_name":"AliadosPuebla","article_author":"https:\/\/www.facebook.com\/Aliados17Pue","article_published_time":"2024-05-18T03:26:10+00:00","og_image":[{"width":2560,"height":1707,"url":"https:\/\/www.aliadospuebla.com\/web2017\/wp-content\/uploads\/2024\/05\/Imagen-de-WhatsApp-2024-05-17-a-las-19.15.05_7378905f-scaled.jpg","type":"image\/jpeg"}],"author":"Aliados17","twitter_card":"summary_large_image","twitter_creator":"@AliadosPuebla","twitter_misc":{"Escrito por":"Aliados17","Tiempo de lectura":"2 minutos"},"schema":{"@context":"https:\/\/schema.org","@graph":[{"@type":"Article","@id":"https:\/\/www.aliadospuebla.com\/?p=92260#article","isPartOf":{"@id":"https:\/\/www.aliadospuebla.com\/?p=92260"},"author":{"name":"Aliados17","@id":"https:\/\/www.aliadospuebla.com\/#\/schema\/person\/5da7dd09320bd4f392b710017ed5f8ad"},"headline":"Pepe Chedraui se present\u00f3 con \u00e9xito ante el Consejo Universitario de la BUAP","datePublished":"2024-05-18T03:26:10+00:00","mainEntityOfPage":{"@id":"https:\/\/www.aliadospuebla.com\/?p=92260"},"wordCount":340,"commentCount":0,"image":{"@id":"https:\/\/www.aliadospuebla.com\/?p=92260#primaryimage"},"thumbnailUrl":"https:\/\/www.aliadospuebla.com\/web2017\/wp-content\/uploads\/2024\/05\/Imagen-de-WhatsApp-2024-05-17-a-las-19.15.05_7378905f-scaled.jpg","keywords":["ARMENTA","BUAP","Campa\u00f1a politica","CIUDAD DE PUEBLA","ESTADO DE PUEBLA","GOBERNADOR DE PUEBLA","GOBIERNO DE PUEBLA","Mario puebla","Mario Riestra","PAN","PARTIDOS POL\u00cdTICOS","Pepe Chedraui","Politica Puebla","PRI","PSI","Puebla Ciudad","Puebla estado","Puebla gobierno","puebla politica","Puebla Senadores","Puebla UDLAP","Puebla Universidad","Puebla Universidades","Senadores Puebla","Sergio Salomon","To\u00f1o L\u00f3pez","Udlap","Udlap cholula","UDLAP Puebla","Universidad de Puebla","UPAEP","UPAEP Puebla"],"articleSection":["Pol\u00edtica"],"inLanguage":"es","potentialAction":[{"@type":"CommentAction","name":"Comment","target":["https:\/\/www.aliadospuebla.com\/?p=92260#respond"]}]},{"@type":"WebPage","@id":"https:\/\/www.aliadospuebla.com\/?p=92260","url":"https:\/\/www.aliadospuebla.com\/?p=92260","name":"Pepe Chedraui se present\u00f3 con \u00e9xito ante el Consejo Universitario de la BUAP - AliadosPuebla","isPartOf":{"@id":"https:\/\/www.aliadospuebla.com\/#website"},"primaryImageOfPage":{"@id":"https:\/\/www.aliadospuebla.com\/?p=92260#primaryimage"},"image":{"@id":"https:\/\/www.aliadospuebla.com\/?p=92260#primaryimage"},"thumbnailUrl":"https:\/\/www.aliadospuebla.com\/web2017\/wp-content\/uploads\/2024\/05\/Imagen-de-WhatsApp-2024-05-17-a-las-19.15.05_7378905f-scaled.jpg","datePublished":"2024-05-18T03:26:10+00:00","author":{"@id":"https:\/\/www.aliadospuebla.com\/#\/schema\/person\/5da7dd09320bd4f392b710017ed5f8ad"},"breadcrumb":{"@id":"https:\/\/www.aliadospuebla.com\/?p=92260#breadcrumb"},"inLanguage":"es","potentialAction":[{"@type":"ReadAction","target":["https:\/\/www.aliadospuebla.com\/?p=92260"]}]},{"@type":"ImageObject","inLanguage":"es","@id":"https:\/\/www.aliadospuebla.com\/?p=92260#primaryimage","url":"https:\/\/www.aliadospuebla.com\/web2017\/wp-content\/uploads\/2024\/05\/Imagen-de-WhatsApp-2024-05-17-a-las-19.15.05_7378905f-scaled.jpg","contentUrl":"https:\/\/www.aliadospuebla.com\/web2017\/wp-content\/uploads\/2024\/05\/Imagen-de-WhatsApp-2024-05-17-a-las-19.15.05_7378905f-scaled.jpg","width":2560,"height":1707},{"@type":"BreadcrumbList","@id":"https:\/\/www.aliadospuebla.com\/?p=92260#breadcrumb","itemListElement":[{"@type":"ListItem","position":1,"name":"Portada","item":"https:\/\/www.aliadospuebla.com\/"},{"@type":"ListItem","position":2,"name":"Pepe Chedraui se present\u00f3 con \u00e9xito ante el Consejo Universitario de la BUAP"}]},{"@type":"WebSite","@id":"https:\/\/www.aliadospuebla.com\/#website","url":"https:\/\/www.aliadospuebla.com\/","name":"AliadosPuebla","description":"La informaci\u00f3n en tus manos","potentialAction":[{"@type":"SearchAction","target":{"@type":"EntryPoint","urlTemplate":"https:\/\/www.aliadospuebla.com\/?s={search_term_string}"},"query-input":{"@type":"PropertyValueSpecification","valueRequired":true,"valueName":"search_term_string"}}],"inLanguage":"es"},{"@type":"Person","@id":"https:\/\/www.aliadospuebla.com\/#\/schema\/person\/5da7dd09320bd4f392b710017ed5f8ad","name":"Aliados17","image":{"@type":"ImageObject","inLanguage":"es","@id":"https:\/\/www.aliadospuebla.com\/web2017\/wp-content\/uploads\/2025\/03\/cropped-para-perfil-8-anos-1-96x96.jpg","url":"https:\/\/www.aliadospuebla.com\/web2017\/wp-content\/uploads\/2025\/03\/cropped-para-perfil-8-anos-1-96x96.jpg","contentUrl":"https:\/\/www.aliadospuebla.com\/web2017\/wp-content\/uploads\/2025\/03\/cropped-para-perfil-8-anos-1-96x96.jpg","caption":"Aliados17"},"sameAs":["https:\/\/www.aliados17.com","https:\/\/www.facebook.com\/Aliados17Pue","https:\/\/x.com\/AliadosPuebla"],"url":"https:\/\/www.aliadospuebla.com\/?author=2"}]}},"views":9,"_links":{"self":[{"href":"https:\/\/www.aliadospuebla.com\/index.php?rest_route=\/wp\/v2\/posts\/92260","targetHints":{"allow":["GET"]}}],"collection":[{"href":"https:\/\/www.aliadospuebla.com\/index.php?rest_route=\/wp\/v2\/posts"}],"about":[{"href":"https:\/\/www.aliadospuebla.com\/index.php?rest_route=\/wp\/v2\/types\/post"}],"author":[{"embeddable":true,"href":"https:\/\/www.aliadospuebla.com\/index.php?rest_route=\/wp\/v2\/users\/2"}],"replies":[{"embeddable":true,"href":"https:\/\/www.aliadospuebla.com\/index.php?rest_route=%2Fwp%2Fv2%2Fcomments&post=92260"}],"version-history":[{"count":1,"href":"https:\/\/www.aliadospuebla.com\/index.php?rest_route=\/wp\/v2\/posts\/92260\/revisions"}],"predecessor-version":[{"id":92286,"href":"https:\/\/www.aliadospuebla.com\/index.php?rest_route=\/wp\/v2\/posts\/92260\/revisions\/92286"}],"wp:featuredmedia":[{"embeddable":true,"href":"https:\/\/www.aliadospuebla.com\/index.php?rest_route=\/wp\/v2\/media\/92269"}],"wp:attachment":[{"href":"https:\/\/www.aliadospuebla.com\/index.php?rest_route=%2Fwp%2Fv2%2Fmedia&parent=92260"}],"wp:term":[{"taxonomy":"category","embeddable":true,"href":"https:\/\/www.aliadospuebla.com\/index.php?rest_route=%2Fwp%2Fv2%2Fcategories&post=92260"},{"taxonomy":"post_tag","embeddable":true,"href":"https:\/\/www.aliadospuebla.com\/index.php?rest_route=%2Fwp%2Fv2%2Ftags&post=92260"}],"curies":[{"name":"wp","href":"https:\/\/api.w.org\/{rel}","templated":true}]}}