{"id":92218,"date":"2024-05-16T16:09:59","date_gmt":"2024-05-16T22:09:59","guid":{"rendered":"https:\/\/www.aliados17.com\/?p=92218"},"modified":"2024-05-16T16:09:59","modified_gmt":"2024-05-16T22:09:59","slug":"se-suma-catem-al-equipo-ganador-de-tonantzin-fernandez","status":"publish","type":"post","link":"https:\/\/www.aliadospuebla.com\/?p=92218","title":{"rendered":"Se suma CATEM al equipo ganador de Tonantzin Fern\u00e1ndez"},"content":{"rendered":"<h4>Externaron su apoyo y el respaldo de m\u00e1s de 200 Comit\u00e9s en Defensa de la 4T<\/h4>\n<p>16 de mayo, 2024. San Pedro Cholula, Pue.- La Confederaci\u00f3n Aut\u00f3noma de Trabajadores y Empleados de M\u00e9xico (CATEM), representada en San Pedro y San Andr\u00e9s Cholula por Margarita Tlapa, sum\u00f3 su apoyo y estructura a la candidata de la coalici\u00f3n \u00abSigamos Haciendo Historia\u00bb, Tonantzin Fern\u00e1ndez, por la presidencia municipal cholulteca.<\/p>\n<p>Al respecto, Margarita Tlapa detall\u00f3 que son m\u00e1s de 200 Comit\u00e9s en Defensa de la Cuarta Transformaci\u00f3n los que suman su apoyo no s\u00f3lo a Tonantzin Fern\u00e1ndez, sino tambi\u00e9n a Alejandro Armenta y Claudia Sheinbaum, para consolidar el segundo piso de la 4T a nivel nacional.<\/p>\n<p>A nombre de Pedro Haces, l\u00edder de la CATEM, trabajadores expresaron su total respaldo y apoyo a Morena y aliados en las pr\u00f3ximas elecciones.<\/p>\n<p>Por su parte, Tonantzin Fern\u00e1ndez agradeci\u00f3 esta muestra de apoyo y la suma de las y los trabajadores de la CATEM, al tiempo de afirmar que se encuentran del lado correcto de la historia, \u00abcon el apoyo de la CATEM Cholula y sus m\u00e1s de 200 Comit\u00e9s, vamos a ganar este 2 de junio\u00bb.<\/p>\n","protected":false},"excerpt":{"rendered":"<p>Externaron su apoyo y el respaldo de m\u00e1s de 200 Comit\u00e9s en Defensa de la 4T 16 de mayo, 2024. San Pedro Cholula, Pue.- La Confederaci\u00f3n Aut\u00f3noma de Trabajadores y Empleados de M\u00e9xico (CATEM), representada en San Pedro y San Andr\u00e9s Cholula por Margarita Tlapa, sum\u00f3 su apoyo y estructura a la candidata de la coalici\u00f3n \u00abSigamos Haciendo Historia\u00bb, Tonantzin Fern\u00e1ndez, por la presidencia municipal cholulteca. Al respecto, Margarita Tlapa detall\u00f3 que son m\u00e1s de 200 Comit\u00e9s en Defensa de la Cuarta Transformaci\u00f3n los que suman su apoyo no s\u00f3lo a Tonantzin Fern\u00e1ndez, sino tambi\u00e9n a Alejandro Armenta y Claudia Sheinbaum, para consolidar el segundo piso de la 4T a nivel nacional. A nombre de Pedro Haces, l\u00edder de la CATEM, trabajadores expresaron su total&hellip;<\/p>\n<p class=\"excerpt-more\"><a class=\"blog-excerpt button\" href=\"https:\/\/www.aliadospuebla.com\/?p=92218\">Leer m\u00e1s&#8230;<\/a><\/p>\n","protected":false},"author":2,"featured_media":92219,"comment_status":"open","ping_status":"open","sticky":false,"template":"","format":"standard","meta":{"_monsterinsights_skip_tracking":false,"footnotes":""},"categories":[6],"tags":[2972,23328,666,3229,5210,387,7394],"class_list":["post-92218","post","type-post","status-publish","format-standard","has-post-thumbnail","hentry","category-politica","tag-candidata","tag-catem","tag-morena","tag-presidencia-municipal","tag-respaldo","tag-san-pedro-cholula","tag-tonantzin-fernandez"],"yoast_head":"<!-- This site is optimized with the Yoast SEO plugin v28.4 - https:\/\/yoast.com\/product\/yoast-seo-wordpress\/ -->\n<title>Se suma CATEM al equipo ganador de Tonantzin Fern\u00e1ndez - AliadosPuebla<\/title>\n<meta name=\"robots\" content=\"index, follow, max-snippet:-1, max-image-preview:large, max-video-preview:-1\" \/>\n<link rel=\"canonical\" href=\"https:\/\/www.aliadospuebla.com\/?p=92218\" \/>\n<meta property=\"og:locale\" content=\"es_ES\" \/>\n<meta property=\"og:type\" content=\"article\" \/>\n<meta property=\"og:title\" content=\"Se suma CATEM al equipo ganador de Tonantzin Fern\u00e1ndez - AliadosPuebla\" \/>\n<meta property=\"og:description\" content=\"Externaron su apoyo y el respaldo de m\u00e1s de 200 Comit\u00e9s en Defensa de la 4T 16 de mayo, 2024. San Pedro Cholula, Pue.- La Confederaci\u00f3n Aut\u00f3noma de Trabajadores y Empleados de M\u00e9xico (CATEM), representada en San Pedro y San Andr\u00e9s Cholula por Margarita Tlapa, sum\u00f3 su apoyo y estructura a la candidata de la coalici\u00f3n \u00abSigamos Haciendo Historia\u00bb, Tonantzin Fern\u00e1ndez, por la presidencia municipal cholulteca. Al respecto, Margarita Tlapa detall\u00f3 que son m\u00e1s de 200 Comit\u00e9s en Defensa de la Cuarta Transformaci\u00f3n los que suman su apoyo no s\u00f3lo a Tonantzin Fern\u00e1ndez, sino tambi\u00e9n a Alejandro Armenta y Claudia Sheinbaum, para consolidar el segundo piso de la 4T a nivel nacional. A nombre de Pedro Haces, l\u00edder de la CATEM, trabajadores expresaron su total&hellip;Leer m\u00e1s...\" \/>\n<meta property=\"og:url\" content=\"https:\/\/www.aliadospuebla.com\/?p=92218\" \/>\n<meta property=\"og:site_name\" content=\"AliadosPuebla\" \/>\n<meta property=\"article:author\" content=\"https:\/\/www.facebook.com\/Aliados17Pue\" \/>\n<meta property=\"article:published_time\" content=\"2024-05-16T22:09:59+00:00\" \/>\n<meta property=\"og:image\" content=\"https:\/\/www.aliadospuebla.com\/web2017\/wp-content\/uploads\/2024\/05\/504.jpg\" \/>\n\t<meta property=\"og:image:width\" content=\"600\" \/>\n\t<meta property=\"og:image:height\" content=\"450\" \/>\n\t<meta property=\"og:image:type\" content=\"image\/jpeg\" \/>\n<meta name=\"author\" content=\"Aliados17\" \/>\n<meta name=\"twitter:card\" content=\"summary_large_image\" \/>\n<meta name=\"twitter:creator\" content=\"@AliadosPuebla\" \/>\n<meta name=\"twitter:label1\" content=\"Escrito por\" \/>\n\t<meta name=\"twitter:data1\" content=\"Aliados17\" \/>\n\t<meta name=\"twitter:label2\" content=\"Tiempo de lectura\" \/>\n\t<meta name=\"twitter:data2\" content=\"1 minuto\" \/>\n<script type=\"application\/ld+json\" class=\"yoast-schema-graph\">{\"@context\":\"https:\\\/\\\/schema.org\",\"@graph\":[{\"@type\":\"Article\",\"@id\":\"https:\\\/\\\/www.aliadospuebla.com\\\/?p=92218#article\",\"isPartOf\":{\"@id\":\"https:\\\/\\\/www.aliadospuebla.com\\\/?p=92218\"},\"author\":{\"name\":\"Aliados17\",\"@id\":\"https:\\\/\\\/www.aliadospuebla.com\\\/#\\\/schema\\\/person\\\/5da7dd09320bd4f392b710017ed5f8ad\"},\"headline\":\"Se suma CATEM al equipo ganador de Tonantzin Fern\u00e1ndez\",\"datePublished\":\"2024-05-16T22:09:59+00:00\",\"mainEntityOfPage\":{\"@id\":\"https:\\\/\\\/www.aliadospuebla.com\\\/?p=92218\"},\"wordCount\":214,\"commentCount\":0,\"image\":{\"@id\":\"https:\\\/\\\/www.aliadospuebla.com\\\/?p=92218#primaryimage\"},\"thumbnailUrl\":\"https:\\\/\\\/www.aliadospuebla.com\\\/web2017\\\/wp-content\\\/uploads\\\/2024\\\/05\\\/504.jpg\",\"keywords\":[\"CANDIDATA\",\"CATEM\",\"MORENA\",\"PRESIDENCIA MUNICIPAL\",\"RESPALDO\",\"SAN PEDRO CHOLULA\",\"TONANTZIN FERN\u00c1NDEZ\"],\"articleSection\":[\"Pol\u00edtica\"],\"inLanguage\":\"es\",\"potentialAction\":[{\"@type\":\"CommentAction\",\"name\":\"Comment\",\"target\":[\"https:\\\/\\\/www.aliadospuebla.com\\\/?p=92218#respond\"]}]},{\"@type\":\"WebPage\",\"@id\":\"https:\\\/\\\/www.aliadospuebla.com\\\/?p=92218\",\"url\":\"https:\\\/\\\/www.aliadospuebla.com\\\/?p=92218\",\"name\":\"Se suma CATEM al equipo ganador de Tonantzin Fern\u00e1ndez - AliadosPuebla\",\"isPartOf\":{\"@id\":\"https:\\\/\\\/www.aliadospuebla.com\\\/#website\"},\"primaryImageOfPage\":{\"@id\":\"https:\\\/\\\/www.aliadospuebla.com\\\/?p=92218#primaryimage\"},\"image\":{\"@id\":\"https:\\\/\\\/www.aliadospuebla.com\\\/?p=92218#primaryimage\"},\"thumbnailUrl\":\"https:\\\/\\\/www.aliadospuebla.com\\\/web2017\\\/wp-content\\\/uploads\\\/2024\\\/05\\\/504.jpg\",\"datePublished\":\"2024-05-16T22:09:59+00:00\",\"author\":{\"@id\":\"https:\\\/\\\/www.aliadospuebla.com\\\/#\\\/schema\\\/person\\\/5da7dd09320bd4f392b710017ed5f8ad\"},\"breadcrumb\":{\"@id\":\"https:\\\/\\\/www.aliadospuebla.com\\\/?p=92218#breadcrumb\"},\"inLanguage\":\"es\",\"potentialAction\":[{\"@type\":\"ReadAction\",\"target\":[\"https:\\\/\\\/www.aliadospuebla.com\\\/?p=92218\"]}]},{\"@type\":\"ImageObject\",\"inLanguage\":\"es\",\"@id\":\"https:\\\/\\\/www.aliadospuebla.com\\\/?p=92218#primaryimage\",\"url\":\"https:\\\/\\\/www.aliadospuebla.com\\\/web2017\\\/wp-content\\\/uploads\\\/2024\\\/05\\\/504.jpg\",\"contentUrl\":\"https:\\\/\\\/www.aliadospuebla.com\\\/web2017\\\/wp-content\\\/uploads\\\/2024\\\/05\\\/504.jpg\",\"width\":600,\"height\":450},{\"@type\":\"BreadcrumbList\",\"@id\":\"https:\\\/\\\/www.aliadospuebla.com\\\/?p=92218#breadcrumb\",\"itemListElement\":[{\"@type\":\"ListItem\",\"position\":1,\"name\":\"Portada\",\"item\":\"https:\\\/\\\/www.aliadospuebla.com\\\/\"},{\"@type\":\"ListItem\",\"position\":2,\"name\":\"Se suma CATEM al equipo ganador de Tonantzin Fern\u00e1ndez\"}]},{\"@type\":\"WebSite\",\"@id\":\"https:\\\/\\\/www.aliadospuebla.com\\\/#website\",\"url\":\"https:\\\/\\\/www.aliadospuebla.com\\\/\",\"name\":\"AliadosPuebla\",\"description\":\"La informaci\u00f3n en tus manos\",\"potentialAction\":[{\"@type\":\"SearchAction\",\"target\":{\"@type\":\"EntryPoint\",\"urlTemplate\":\"https:\\\/\\\/www.aliadospuebla.com\\\/?s={search_term_string}\"},\"query-input\":{\"@type\":\"PropertyValueSpecification\",\"valueRequired\":true,\"valueName\":\"search_term_string\"}}],\"inLanguage\":\"es\"},{\"@type\":\"Person\",\"@id\":\"https:\\\/\\\/www.aliadospuebla.com\\\/#\\\/schema\\\/person\\\/5da7dd09320bd4f392b710017ed5f8ad\",\"name\":\"Aliados17\",\"image\":{\"@type\":\"ImageObject\",\"inLanguage\":\"es\",\"@id\":\"https:\\\/\\\/www.aliadospuebla.com\\\/web2017\\\/wp-content\\\/uploads\\\/2025\\\/03\\\/cropped-para-perfil-8-anos-1-96x96.jpg\",\"url\":\"https:\\\/\\\/www.aliadospuebla.com\\\/web2017\\\/wp-content\\\/uploads\\\/2025\\\/03\\\/cropped-para-perfil-8-anos-1-96x96.jpg\",\"contentUrl\":\"https:\\\/\\\/www.aliadospuebla.com\\\/web2017\\\/wp-content\\\/uploads\\\/2025\\\/03\\\/cropped-para-perfil-8-anos-1-96x96.jpg\",\"caption\":\"Aliados17\"},\"sameAs\":[\"https:\\\/\\\/www.aliados17.com\",\"https:\\\/\\\/www.facebook.com\\\/Aliados17Pue\",\"https:\\\/\\\/x.com\\\/AliadosPuebla\"],\"url\":\"https:\\\/\\\/www.aliadospuebla.com\\\/?author=2\"}]}<\/script>\n<!-- \/ Yoast SEO plugin. -->","yoast_head_json":{"title":"Se suma CATEM al equipo ganador de Tonantzin Fern\u00e1ndez - AliadosPuebla","robots":{"index":"index","follow":"follow","max-snippet":"max-snippet:-1","max-image-preview":"max-image-preview:large","max-video-preview":"max-video-preview:-1"},"canonical":"https:\/\/www.aliadospuebla.com\/?p=92218","og_locale":"es_ES","og_type":"article","og_title":"Se suma CATEM al equipo ganador de Tonantzin Fern\u00e1ndez - AliadosPuebla","og_description":"Externaron su apoyo y el respaldo de m\u00e1s de 200 Comit\u00e9s en Defensa de la 4T 16 de mayo, 2024. San Pedro Cholula, Pue.- La Confederaci\u00f3n Aut\u00f3noma de Trabajadores y Empleados de M\u00e9xico (CATEM), representada en San Pedro y San Andr\u00e9s Cholula por Margarita Tlapa, sum\u00f3 su apoyo y estructura a la candidata de la coalici\u00f3n \u00abSigamos Haciendo Historia\u00bb, Tonantzin Fern\u00e1ndez, por la presidencia municipal cholulteca. Al respecto, Margarita Tlapa detall\u00f3 que son m\u00e1s de 200 Comit\u00e9s en Defensa de la Cuarta Transformaci\u00f3n los que suman su apoyo no s\u00f3lo a Tonantzin Fern\u00e1ndez, sino tambi\u00e9n a Alejandro Armenta y Claudia Sheinbaum, para consolidar el segundo piso de la 4T a nivel nacional. A nombre de Pedro Haces, l\u00edder de la CATEM, trabajadores expresaron su total&hellip;Leer m\u00e1s...","og_url":"https:\/\/www.aliadospuebla.com\/?p=92218","og_site_name":"AliadosPuebla","article_author":"https:\/\/www.facebook.com\/Aliados17Pue","article_published_time":"2024-05-16T22:09:59+00:00","og_image":[{"width":600,"height":450,"url":"https:\/\/www.aliadospuebla.com\/web2017\/wp-content\/uploads\/2024\/05\/504.jpg","type":"image\/jpeg"}],"author":"Aliados17","twitter_card":"summary_large_image","twitter_creator":"@AliadosPuebla","twitter_misc":{"Escrito por":"Aliados17","Tiempo de lectura":"1 minuto"},"schema":{"@context":"https:\/\/schema.org","@graph":[{"@type":"Article","@id":"https:\/\/www.aliadospuebla.com\/?p=92218#article","isPartOf":{"@id":"https:\/\/www.aliadospuebla.com\/?p=92218"},"author":{"name":"Aliados17","@id":"https:\/\/www.aliadospuebla.com\/#\/schema\/person\/5da7dd09320bd4f392b710017ed5f8ad"},"headline":"Se suma CATEM al equipo ganador de Tonantzin Fern\u00e1ndez","datePublished":"2024-05-16T22:09:59+00:00","mainEntityOfPage":{"@id":"https:\/\/www.aliadospuebla.com\/?p=92218"},"wordCount":214,"commentCount":0,"image":{"@id":"https:\/\/www.aliadospuebla.com\/?p=92218#primaryimage"},"thumbnailUrl":"https:\/\/www.aliadospuebla.com\/web2017\/wp-content\/uploads\/2024\/05\/504.jpg","keywords":["CANDIDATA","CATEM","MORENA","PRESIDENCIA MUNICIPAL","RESPALDO","SAN PEDRO CHOLULA","TONANTZIN FERN\u00c1NDEZ"],"articleSection":["Pol\u00edtica"],"inLanguage":"es","potentialAction":[{"@type":"CommentAction","name":"Comment","target":["https:\/\/www.aliadospuebla.com\/?p=92218#respond"]}]},{"@type":"WebPage","@id":"https:\/\/www.aliadospuebla.com\/?p=92218","url":"https:\/\/www.aliadospuebla.com\/?p=92218","name":"Se suma CATEM al equipo ganador de Tonantzin Fern\u00e1ndez - AliadosPuebla","isPartOf":{"@id":"https:\/\/www.aliadospuebla.com\/#website"},"primaryImageOfPage":{"@id":"https:\/\/www.aliadospuebla.com\/?p=92218#primaryimage"},"image":{"@id":"https:\/\/www.aliadospuebla.com\/?p=92218#primaryimage"},"thumbnailUrl":"https:\/\/www.aliadospuebla.com\/web2017\/wp-content\/uploads\/2024\/05\/504.jpg","datePublished":"2024-05-16T22:09:59+00:00","author":{"@id":"https:\/\/www.aliadospuebla.com\/#\/schema\/person\/5da7dd09320bd4f392b710017ed5f8ad"},"breadcrumb":{"@id":"https:\/\/www.aliadospuebla.com\/?p=92218#breadcrumb"},"inLanguage":"es","potentialAction":[{"@type":"ReadAction","target":["https:\/\/www.aliadospuebla.com\/?p=92218"]}]},{"@type":"ImageObject","inLanguage":"es","@id":"https:\/\/www.aliadospuebla.com\/?p=92218#primaryimage","url":"https:\/\/www.aliadospuebla.com\/web2017\/wp-content\/uploads\/2024\/05\/504.jpg","contentUrl":"https:\/\/www.aliadospuebla.com\/web2017\/wp-content\/uploads\/2024\/05\/504.jpg","width":600,"height":450},{"@type":"BreadcrumbList","@id":"https:\/\/www.aliadospuebla.com\/?p=92218#breadcrumb","itemListElement":[{"@type":"ListItem","position":1,"name":"Portada","item":"https:\/\/www.aliadospuebla.com\/"},{"@type":"ListItem","position":2,"name":"Se suma CATEM al equipo ganador de Tonantzin Fern\u00e1ndez"}]},{"@type":"WebSite","@id":"https:\/\/www.aliadospuebla.com\/#website","url":"https:\/\/www.aliadospuebla.com\/","name":"AliadosPuebla","description":"La informaci\u00f3n en tus manos","potentialAction":[{"@type":"SearchAction","target":{"@type":"EntryPoint","urlTemplate":"https:\/\/www.aliadospuebla.com\/?s={search_term_string}"},"query-input":{"@type":"PropertyValueSpecification","valueRequired":true,"valueName":"search_term_string"}}],"inLanguage":"es"},{"@type":"Person","@id":"https:\/\/www.aliadospuebla.com\/#\/schema\/person\/5da7dd09320bd4f392b710017ed5f8ad","name":"Aliados17","image":{"@type":"ImageObject","inLanguage":"es","@id":"https:\/\/www.aliadospuebla.com\/web2017\/wp-content\/uploads\/2025\/03\/cropped-para-perfil-8-anos-1-96x96.jpg","url":"https:\/\/www.aliadospuebla.com\/web2017\/wp-content\/uploads\/2025\/03\/cropped-para-perfil-8-anos-1-96x96.jpg","contentUrl":"https:\/\/www.aliadospuebla.com\/web2017\/wp-content\/uploads\/2025\/03\/cropped-para-perfil-8-anos-1-96x96.jpg","caption":"Aliados17"},"sameAs":["https:\/\/www.aliados17.com","https:\/\/www.facebook.com\/Aliados17Pue","https:\/\/x.com\/AliadosPuebla"],"url":"https:\/\/www.aliadospuebla.com\/?author=2"}]}},"views":11,"_links":{"self":[{"href":"https:\/\/www.aliadospuebla.com\/index.php?rest_route=\/wp\/v2\/posts\/92218","targetHints":{"allow":["GET"]}}],"collection":[{"href":"https:\/\/www.aliadospuebla.com\/index.php?rest_route=\/wp\/v2\/posts"}],"about":[{"href":"https:\/\/www.aliadospuebla.com\/index.php?rest_route=\/wp\/v2\/types\/post"}],"author":[{"embeddable":true,"href":"https:\/\/www.aliadospuebla.com\/index.php?rest_route=\/wp\/v2\/users\/2"}],"replies":[{"embeddable":true,"href":"https:\/\/www.aliadospuebla.com\/index.php?rest_route=%2Fwp%2Fv2%2Fcomments&post=92218"}],"version-history":[{"count":1,"href":"https:\/\/www.aliadospuebla.com\/index.php?rest_route=\/wp\/v2\/posts\/92218\/revisions"}],"predecessor-version":[{"id":92220,"href":"https:\/\/www.aliadospuebla.com\/index.php?rest_route=\/wp\/v2\/posts\/92218\/revisions\/92220"}],"wp:featuredmedia":[{"embeddable":true,"href":"https:\/\/www.aliadospuebla.com\/index.php?rest_route=\/wp\/v2\/media\/92219"}],"wp:attachment":[{"href":"https:\/\/www.aliadospuebla.com\/index.php?rest_route=%2Fwp%2Fv2%2Fmedia&parent=92218"}],"wp:term":[{"taxonomy":"category","embeddable":true,"href":"https:\/\/www.aliadospuebla.com\/index.php?rest_route=%2Fwp%2Fv2%2Fcategories&post=92218"},{"taxonomy":"post_tag","embeddable":true,"href":"https:\/\/www.aliadospuebla.com\/index.php?rest_route=%2Fwp%2Fv2%2Ftags&post=92218"}],"curies":[{"name":"wp","href":"https:\/\/api.w.org\/{rel}","templated":true}]}}