{"id":91768,"date":"2024-05-06T21:56:02","date_gmt":"2024-05-07T03:56:02","guid":{"rendered":"https:\/\/www.aliados17.com\/?p=91768"},"modified":"2024-05-06T21:56:02","modified_gmt":"2024-05-07T03:56:02","slug":"estremece-feria-de-puebla-con-maluma","status":"publish","type":"post","link":"https:\/\/www.aliadospuebla.com\/?p=91768","title":{"rendered":"ESTREMECE FERIA DE PUEBLA CON MALUMA"},"content":{"rendered":"<p style=\"font-weight: 400;\"><strong>CIUDAD DE PUEBLA, Pue.-<\/strong>\u00a0Con sus m\u00e1s reconocidos \u00e9xitos como \u00abFelices los 4\u00bb\u00a0 \u00abVente pa&#8217; aca\u00bb, \u00abAmigos con derechos\u00bb, \u00abHawai\u00bb, \u00abHP\u00bb y \u00abEl perdedor\u00bb, el cantante colombiano, Maluma estremeci\u00f3 al Teatro de Pueblo de la Feria de Puebla 2024.<\/p>\n<p style=\"font-weight: 400;\">\n<p style=\"font-weight: 400;\">Desde el primer minuto que pis\u00f3 el escenario con el tema \u00abCoco loco\u00bb,\u00a0 el tambi\u00e9n compositor derroch\u00f3 energ\u00eda y cautiv\u00f3 al p\u00fablico con su voz y coreograf\u00edas \u00fanicas para cada canci\u00f3n que interpret\u00f3.<\/p>\n<p style=\"font-weight: 400;\">\n<p style=\"font-weight: 400;\">Uno de los momentos m\u00e1s ic\u00f3nicos fue cuando Maluma cant\u00f3 \u00abHaw\u00e1i\u00bb y \u00abFelices los 4\u00bb con una combinaci\u00f3n de ritmos ac\u00fasticos, salsa, reggaeton y la voz de cada uno de los presentes.<\/p>\n<p style=\"font-weight: 400;\">\n<p style=\"font-weight: 400;\">Maluma agradeci\u00f3 la respuesta del p\u00fablico poblano y la calidez con la que fue recibido: \u00abGracias Puebla y M\u00e9xico por apoyar mi carrera. Desde que comenz\u00f3 mi carrera en M\u00e9xico ha ido en ascenso, el aplauso es para ustedes\u00bb, expres\u00f3.<\/p>\n<p style=\"font-weight: 400;\">\n<p style=\"font-weight: 400;\">Previo a la presentaci\u00f3n del cantante colombiano y ante un foro completamente lleno, las y los asistentes al Teatro del Pueblo disfrutaron de un espect\u00e1culo de pirotecnia como parte de la conmemoraci\u00f3n del 05 de Mayo.<\/p>\n<p style=\"font-weight: 400;\">\n","protected":false},"excerpt":{"rendered":"<p>CIUDAD DE PUEBLA, Pue.-\u00a0Con sus m\u00e1s reconocidos \u00e9xitos como \u00abFelices los 4\u00bb\u00a0 \u00abVente pa&#8217; aca\u00bb, \u00abAmigos con derechos\u00bb, \u00abHawai\u00bb, \u00abHP\u00bb y \u00abEl perdedor\u00bb, el cantante colombiano, Maluma estremeci\u00f3 al Teatro de Pueblo de la Feria de Puebla 2024. Desde el primer minuto que pis\u00f3 el escenario con el tema \u00abCoco loco\u00bb,\u00a0 el tambi\u00e9n compositor derroch\u00f3 energ\u00eda y cautiv\u00f3 al p\u00fablico con su voz y coreograf\u00edas \u00fanicas para cada canci\u00f3n que interpret\u00f3. Uno de los momentos m\u00e1s ic\u00f3nicos fue cuando Maluma cant\u00f3 \u00abHaw\u00e1i\u00bb y \u00abFelices los 4\u00bb con una combinaci\u00f3n de ritmos ac\u00fasticos, salsa, reggaeton y la voz de cada uno de los presentes. Maluma agradeci\u00f3 la respuesta del p\u00fablico poblano y la calidez con la que fue recibido: \u00abGracias Puebla y M\u00e9xico por apoyar mi&hellip;<\/p>\n<p class=\"excerpt-more\"><a class=\"blog-excerpt button\" href=\"https:\/\/www.aliadospuebla.com\/?p=91768\">Leer m\u00e1s&#8230;<\/a><\/p>\n","protected":false},"author":2,"featured_media":91785,"comment_status":"open","ping_status":"open","sticky":false,"template":"","format":"standard","meta":{"_monsterinsights_skip_tracking":false,"footnotes":""},"categories":[61],"tags":[7532,653,23118,11026,10636,5244,8056,23119,170,251,2403,13188,45,3880,13158,17715,13795,13718,19795,14620,13467,13635,19794,13575,15430,63,19283,14621,13749,27,13508],"class_list":["post-91768","post","type-post","status-publish","format-standard","has-post-thumbnail","hentry","category-gobierno","tag-armenta","tag-buap","tag-campana-politica","tag-ciudad-de-puebla","tag-estado-de-puebla","tag-gobernador-de-puebla","tag-gobierno-de-puebla","tag-mario-puebla","tag-mario-riestra","tag-pan","tag-partidos-politicos","tag-politica-puebla","tag-pri","tag-psi","tag-puebla-ciudad","tag-puebla-estado","tag-puebla-gobierno","tag-puebla-politica","tag-puebla-senadores","tag-puebla-udlap","tag-puebla-universidad","tag-puebla-universidades","tag-senadores-puebla","tag-sergio-salomon","tag-tono-lopez","tag-udlap","tag-udlap-cholula","tag-udlap-puebla","tag-universidad-de-puebla","tag-upaep","tag-upaep-puebla"],"yoast_head":"<!-- This site is optimized with the Yoast SEO plugin v28.4 - https:\/\/yoast.com\/product\/yoast-seo-wordpress\/ -->\n<title>ESTREMECE FERIA DE PUEBLA CON MALUMA - AliadosPuebla<\/title>\n<meta name=\"robots\" content=\"index, follow, max-snippet:-1, max-image-preview:large, max-video-preview:-1\" \/>\n<link rel=\"canonical\" href=\"https:\/\/www.aliadospuebla.com\/?p=91768\" \/>\n<meta property=\"og:locale\" content=\"es_ES\" \/>\n<meta property=\"og:type\" content=\"article\" \/>\n<meta property=\"og:title\" content=\"ESTREMECE FERIA DE PUEBLA CON MALUMA - AliadosPuebla\" \/>\n<meta property=\"og:description\" content=\"CIUDAD DE PUEBLA, Pue.-\u00a0Con sus m\u00e1s reconocidos \u00e9xitos como \u00abFelices los 4\u00bb\u00a0 \u00abVente pa&#8217; aca\u00bb, \u00abAmigos con derechos\u00bb, \u00abHawai\u00bb, \u00abHP\u00bb y \u00abEl perdedor\u00bb, el cantante colombiano, Maluma estremeci\u00f3 al Teatro de Pueblo de la Feria de Puebla 2024. Desde el primer minuto que pis\u00f3 el escenario con el tema \u00abCoco loco\u00bb,\u00a0 el tambi\u00e9n compositor derroch\u00f3 energ\u00eda y cautiv\u00f3 al p\u00fablico con su voz y coreograf\u00edas \u00fanicas para cada canci\u00f3n que interpret\u00f3. Uno de los momentos m\u00e1s ic\u00f3nicos fue cuando Maluma cant\u00f3 \u00abHaw\u00e1i\u00bb y \u00abFelices los 4\u00bb con una combinaci\u00f3n de ritmos ac\u00fasticos, salsa, reggaeton y la voz de cada uno de los presentes. Maluma agradeci\u00f3 la respuesta del p\u00fablico poblano y la calidez con la que fue recibido: \u00abGracias Puebla y M\u00e9xico por apoyar mi&hellip;Leer m\u00e1s...\" \/>\n<meta property=\"og:url\" content=\"https:\/\/www.aliadospuebla.com\/?p=91768\" \/>\n<meta property=\"og:site_name\" content=\"AliadosPuebla\" \/>\n<meta property=\"article:author\" content=\"https:\/\/www.facebook.com\/Aliados17Pue\" \/>\n<meta property=\"article:published_time\" content=\"2024-05-07T03:56:02+00:00\" \/>\n<meta property=\"og:image\" content=\"https:\/\/www.aliadospuebla.com\/web2017\/wp-content\/uploads\/2024\/05\/descarga-2024-05-06T215501.851.jpeg\" \/>\n\t<meta property=\"og:image:width\" content=\"800\" \/>\n\t<meta property=\"og:image:height\" content=\"533\" \/>\n\t<meta property=\"og:image:type\" content=\"image\/jpeg\" \/>\n<meta name=\"author\" content=\"Aliados17\" \/>\n<meta name=\"twitter:card\" content=\"summary_large_image\" \/>\n<meta name=\"twitter:creator\" content=\"@AliadosPuebla\" \/>\n<meta name=\"twitter:label1\" content=\"Escrito por\" \/>\n\t<meta name=\"twitter:data1\" content=\"Aliados17\" \/>\n\t<meta name=\"twitter:label2\" content=\"Tiempo de lectura\" \/>\n\t<meta name=\"twitter:data2\" content=\"2 minutos\" \/>\n<script type=\"application\/ld+json\" class=\"yoast-schema-graph\">{\"@context\":\"https:\\\/\\\/schema.org\",\"@graph\":[{\"@type\":\"Article\",\"@id\":\"https:\\\/\\\/www.aliadospuebla.com\\\/?p=91768#article\",\"isPartOf\":{\"@id\":\"https:\\\/\\\/www.aliadospuebla.com\\\/?p=91768\"},\"author\":{\"name\":\"Aliados17\",\"@id\":\"https:\\\/\\\/www.aliadospuebla.com\\\/#\\\/schema\\\/person\\\/5da7dd09320bd4f392b710017ed5f8ad\"},\"headline\":\"ESTREMECE FERIA DE PUEBLA CON MALUMA\",\"datePublished\":\"2024-05-07T03:56:02+00:00\",\"mainEntityOfPage\":{\"@id\":\"https:\\\/\\\/www.aliadospuebla.com\\\/?p=91768\"},\"wordCount\":200,\"commentCount\":0,\"image\":{\"@id\":\"https:\\\/\\\/www.aliadospuebla.com\\\/?p=91768#primaryimage\"},\"thumbnailUrl\":\"https:\\\/\\\/www.aliadospuebla.com\\\/web2017\\\/wp-content\\\/uploads\\\/2024\\\/05\\\/descarga-2024-05-06T215501.851.jpeg\",\"keywords\":[\"ARMENTA\",\"BUAP\",\"Campa\u00f1a politica\",\"CIUDAD DE PUEBLA\",\"ESTADO DE PUEBLA\",\"GOBERNADOR DE PUEBLA\",\"GOBIERNO DE PUEBLA\",\"Mario puebla\",\"Mario Riestra\",\"PAN\",\"PARTIDOS POL\u00cdTICOS\",\"Politica Puebla\",\"PRI\",\"PSI\",\"Puebla Ciudad\",\"Puebla estado\",\"Puebla gobierno\",\"puebla politica\",\"Puebla Senadores\",\"Puebla UDLAP\",\"Puebla Universidad\",\"Puebla Universidades\",\"Senadores Puebla\",\"Sergio Salomon\",\"To\u00f1o L\u00f3pez\",\"Udlap\",\"Udlap cholula\",\"UDLAP Puebla\",\"Universidad de Puebla\",\"UPAEP\",\"UPAEP Puebla\"],\"articleSection\":[\"Gobierno\"],\"inLanguage\":\"es\",\"potentialAction\":[{\"@type\":\"CommentAction\",\"name\":\"Comment\",\"target\":[\"https:\\\/\\\/www.aliadospuebla.com\\\/?p=91768#respond\"]}]},{\"@type\":\"WebPage\",\"@id\":\"https:\\\/\\\/www.aliadospuebla.com\\\/?p=91768\",\"url\":\"https:\\\/\\\/www.aliadospuebla.com\\\/?p=91768\",\"name\":\"ESTREMECE FERIA DE PUEBLA CON MALUMA - AliadosPuebla\",\"isPartOf\":{\"@id\":\"https:\\\/\\\/www.aliadospuebla.com\\\/#website\"},\"primaryImageOfPage\":{\"@id\":\"https:\\\/\\\/www.aliadospuebla.com\\\/?p=91768#primaryimage\"},\"image\":{\"@id\":\"https:\\\/\\\/www.aliadospuebla.com\\\/?p=91768#primaryimage\"},\"thumbnailUrl\":\"https:\\\/\\\/www.aliadospuebla.com\\\/web2017\\\/wp-content\\\/uploads\\\/2024\\\/05\\\/descarga-2024-05-06T215501.851.jpeg\",\"datePublished\":\"2024-05-07T03:56:02+00:00\",\"author\":{\"@id\":\"https:\\\/\\\/www.aliadospuebla.com\\\/#\\\/schema\\\/person\\\/5da7dd09320bd4f392b710017ed5f8ad\"},\"breadcrumb\":{\"@id\":\"https:\\\/\\\/www.aliadospuebla.com\\\/?p=91768#breadcrumb\"},\"inLanguage\":\"es\",\"potentialAction\":[{\"@type\":\"ReadAction\",\"target\":[\"https:\\\/\\\/www.aliadospuebla.com\\\/?p=91768\"]}]},{\"@type\":\"ImageObject\",\"inLanguage\":\"es\",\"@id\":\"https:\\\/\\\/www.aliadospuebla.com\\\/?p=91768#primaryimage\",\"url\":\"https:\\\/\\\/www.aliadospuebla.com\\\/web2017\\\/wp-content\\\/uploads\\\/2024\\\/05\\\/descarga-2024-05-06T215501.851.jpeg\",\"contentUrl\":\"https:\\\/\\\/www.aliadospuebla.com\\\/web2017\\\/wp-content\\\/uploads\\\/2024\\\/05\\\/descarga-2024-05-06T215501.851.jpeg\",\"width\":800,\"height\":533},{\"@type\":\"BreadcrumbList\",\"@id\":\"https:\\\/\\\/www.aliadospuebla.com\\\/?p=91768#breadcrumb\",\"itemListElement\":[{\"@type\":\"ListItem\",\"position\":1,\"name\":\"Portada\",\"item\":\"https:\\\/\\\/www.aliadospuebla.com\\\/\"},{\"@type\":\"ListItem\",\"position\":2,\"name\":\"ESTREMECE FERIA DE PUEBLA CON MALUMA\"}]},{\"@type\":\"WebSite\",\"@id\":\"https:\\\/\\\/www.aliadospuebla.com\\\/#website\",\"url\":\"https:\\\/\\\/www.aliadospuebla.com\\\/\",\"name\":\"AliadosPuebla\",\"description\":\"La informaci\u00f3n en tus manos\",\"potentialAction\":[{\"@type\":\"SearchAction\",\"target\":{\"@type\":\"EntryPoint\",\"urlTemplate\":\"https:\\\/\\\/www.aliadospuebla.com\\\/?s={search_term_string}\"},\"query-input\":{\"@type\":\"PropertyValueSpecification\",\"valueRequired\":true,\"valueName\":\"search_term_string\"}}],\"inLanguage\":\"es\"},{\"@type\":\"Person\",\"@id\":\"https:\\\/\\\/www.aliadospuebla.com\\\/#\\\/schema\\\/person\\\/5da7dd09320bd4f392b710017ed5f8ad\",\"name\":\"Aliados17\",\"image\":{\"@type\":\"ImageObject\",\"inLanguage\":\"es\",\"@id\":\"https:\\\/\\\/www.aliadospuebla.com\\\/web2017\\\/wp-content\\\/uploads\\\/2025\\\/03\\\/cropped-para-perfil-8-anos-1-96x96.jpg\",\"url\":\"https:\\\/\\\/www.aliadospuebla.com\\\/web2017\\\/wp-content\\\/uploads\\\/2025\\\/03\\\/cropped-para-perfil-8-anos-1-96x96.jpg\",\"contentUrl\":\"https:\\\/\\\/www.aliadospuebla.com\\\/web2017\\\/wp-content\\\/uploads\\\/2025\\\/03\\\/cropped-para-perfil-8-anos-1-96x96.jpg\",\"caption\":\"Aliados17\"},\"sameAs\":[\"https:\\\/\\\/www.aliados17.com\",\"https:\\\/\\\/www.facebook.com\\\/Aliados17Pue\",\"https:\\\/\\\/x.com\\\/AliadosPuebla\"],\"url\":\"https:\\\/\\\/www.aliadospuebla.com\\\/?author=2\"}]}<\/script>\n<!-- \/ Yoast SEO plugin. -->","yoast_head_json":{"title":"ESTREMECE FERIA DE PUEBLA CON MALUMA - AliadosPuebla","robots":{"index":"index","follow":"follow","max-snippet":"max-snippet:-1","max-image-preview":"max-image-preview:large","max-video-preview":"max-video-preview:-1"},"canonical":"https:\/\/www.aliadospuebla.com\/?p=91768","og_locale":"es_ES","og_type":"article","og_title":"ESTREMECE FERIA DE PUEBLA CON MALUMA - AliadosPuebla","og_description":"CIUDAD DE PUEBLA, Pue.-\u00a0Con sus m\u00e1s reconocidos \u00e9xitos como \u00abFelices los 4\u00bb\u00a0 \u00abVente pa&#8217; aca\u00bb, \u00abAmigos con derechos\u00bb, \u00abHawai\u00bb, \u00abHP\u00bb y \u00abEl perdedor\u00bb, el cantante colombiano, Maluma estremeci\u00f3 al Teatro de Pueblo de la Feria de Puebla 2024. Desde el primer minuto que pis\u00f3 el escenario con el tema \u00abCoco loco\u00bb,\u00a0 el tambi\u00e9n compositor derroch\u00f3 energ\u00eda y cautiv\u00f3 al p\u00fablico con su voz y coreograf\u00edas \u00fanicas para cada canci\u00f3n que interpret\u00f3. Uno de los momentos m\u00e1s ic\u00f3nicos fue cuando Maluma cant\u00f3 \u00abHaw\u00e1i\u00bb y \u00abFelices los 4\u00bb con una combinaci\u00f3n de ritmos ac\u00fasticos, salsa, reggaeton y la voz de cada uno de los presentes. Maluma agradeci\u00f3 la respuesta del p\u00fablico poblano y la calidez con la que fue recibido: \u00abGracias Puebla y M\u00e9xico por apoyar mi&hellip;Leer m\u00e1s...","og_url":"https:\/\/www.aliadospuebla.com\/?p=91768","og_site_name":"AliadosPuebla","article_author":"https:\/\/www.facebook.com\/Aliados17Pue","article_published_time":"2024-05-07T03:56:02+00:00","og_image":[{"width":800,"height":533,"url":"https:\/\/www.aliadospuebla.com\/web2017\/wp-content\/uploads\/2024\/05\/descarga-2024-05-06T215501.851.jpeg","type":"image\/jpeg"}],"author":"Aliados17","twitter_card":"summary_large_image","twitter_creator":"@AliadosPuebla","twitter_misc":{"Escrito por":"Aliados17","Tiempo de lectura":"2 minutos"},"schema":{"@context":"https:\/\/schema.org","@graph":[{"@type":"Article","@id":"https:\/\/www.aliadospuebla.com\/?p=91768#article","isPartOf":{"@id":"https:\/\/www.aliadospuebla.com\/?p=91768"},"author":{"name":"Aliados17","@id":"https:\/\/www.aliadospuebla.com\/#\/schema\/person\/5da7dd09320bd4f392b710017ed5f8ad"},"headline":"ESTREMECE FERIA DE PUEBLA CON MALUMA","datePublished":"2024-05-07T03:56:02+00:00","mainEntityOfPage":{"@id":"https:\/\/www.aliadospuebla.com\/?p=91768"},"wordCount":200,"commentCount":0,"image":{"@id":"https:\/\/www.aliadospuebla.com\/?p=91768#primaryimage"},"thumbnailUrl":"https:\/\/www.aliadospuebla.com\/web2017\/wp-content\/uploads\/2024\/05\/descarga-2024-05-06T215501.851.jpeg","keywords":["ARMENTA","BUAP","Campa\u00f1a politica","CIUDAD DE PUEBLA","ESTADO DE PUEBLA","GOBERNADOR DE PUEBLA","GOBIERNO DE PUEBLA","Mario puebla","Mario Riestra","PAN","PARTIDOS POL\u00cdTICOS","Politica Puebla","PRI","PSI","Puebla Ciudad","Puebla estado","Puebla gobierno","puebla politica","Puebla Senadores","Puebla UDLAP","Puebla Universidad","Puebla Universidades","Senadores Puebla","Sergio Salomon","To\u00f1o L\u00f3pez","Udlap","Udlap cholula","UDLAP Puebla","Universidad de Puebla","UPAEP","UPAEP Puebla"],"articleSection":["Gobierno"],"inLanguage":"es","potentialAction":[{"@type":"CommentAction","name":"Comment","target":["https:\/\/www.aliadospuebla.com\/?p=91768#respond"]}]},{"@type":"WebPage","@id":"https:\/\/www.aliadospuebla.com\/?p=91768","url":"https:\/\/www.aliadospuebla.com\/?p=91768","name":"ESTREMECE FERIA DE PUEBLA CON MALUMA - AliadosPuebla","isPartOf":{"@id":"https:\/\/www.aliadospuebla.com\/#website"},"primaryImageOfPage":{"@id":"https:\/\/www.aliadospuebla.com\/?p=91768#primaryimage"},"image":{"@id":"https:\/\/www.aliadospuebla.com\/?p=91768#primaryimage"},"thumbnailUrl":"https:\/\/www.aliadospuebla.com\/web2017\/wp-content\/uploads\/2024\/05\/descarga-2024-05-06T215501.851.jpeg","datePublished":"2024-05-07T03:56:02+00:00","author":{"@id":"https:\/\/www.aliadospuebla.com\/#\/schema\/person\/5da7dd09320bd4f392b710017ed5f8ad"},"breadcrumb":{"@id":"https:\/\/www.aliadospuebla.com\/?p=91768#breadcrumb"},"inLanguage":"es","potentialAction":[{"@type":"ReadAction","target":["https:\/\/www.aliadospuebla.com\/?p=91768"]}]},{"@type":"ImageObject","inLanguage":"es","@id":"https:\/\/www.aliadospuebla.com\/?p=91768#primaryimage","url":"https:\/\/www.aliadospuebla.com\/web2017\/wp-content\/uploads\/2024\/05\/descarga-2024-05-06T215501.851.jpeg","contentUrl":"https:\/\/www.aliadospuebla.com\/web2017\/wp-content\/uploads\/2024\/05\/descarga-2024-05-06T215501.851.jpeg","width":800,"height":533},{"@type":"BreadcrumbList","@id":"https:\/\/www.aliadospuebla.com\/?p=91768#breadcrumb","itemListElement":[{"@type":"ListItem","position":1,"name":"Portada","item":"https:\/\/www.aliadospuebla.com\/"},{"@type":"ListItem","position":2,"name":"ESTREMECE FERIA DE PUEBLA CON MALUMA"}]},{"@type":"WebSite","@id":"https:\/\/www.aliadospuebla.com\/#website","url":"https:\/\/www.aliadospuebla.com\/","name":"AliadosPuebla","description":"La informaci\u00f3n en tus manos","potentialAction":[{"@type":"SearchAction","target":{"@type":"EntryPoint","urlTemplate":"https:\/\/www.aliadospuebla.com\/?s={search_term_string}"},"query-input":{"@type":"PropertyValueSpecification","valueRequired":true,"valueName":"search_term_string"}}],"inLanguage":"es"},{"@type":"Person","@id":"https:\/\/www.aliadospuebla.com\/#\/schema\/person\/5da7dd09320bd4f392b710017ed5f8ad","name":"Aliados17","image":{"@type":"ImageObject","inLanguage":"es","@id":"https:\/\/www.aliadospuebla.com\/web2017\/wp-content\/uploads\/2025\/03\/cropped-para-perfil-8-anos-1-96x96.jpg","url":"https:\/\/www.aliadospuebla.com\/web2017\/wp-content\/uploads\/2025\/03\/cropped-para-perfil-8-anos-1-96x96.jpg","contentUrl":"https:\/\/www.aliadospuebla.com\/web2017\/wp-content\/uploads\/2025\/03\/cropped-para-perfil-8-anos-1-96x96.jpg","caption":"Aliados17"},"sameAs":["https:\/\/www.aliados17.com","https:\/\/www.facebook.com\/Aliados17Pue","https:\/\/x.com\/AliadosPuebla"],"url":"https:\/\/www.aliadospuebla.com\/?author=2"}]}},"views":8,"_links":{"self":[{"href":"https:\/\/www.aliadospuebla.com\/index.php?rest_route=\/wp\/v2\/posts\/91768","targetHints":{"allow":["GET"]}}],"collection":[{"href":"https:\/\/www.aliadospuebla.com\/index.php?rest_route=\/wp\/v2\/posts"}],"about":[{"href":"https:\/\/www.aliadospuebla.com\/index.php?rest_route=\/wp\/v2\/types\/post"}],"author":[{"embeddable":true,"href":"https:\/\/www.aliadospuebla.com\/index.php?rest_route=\/wp\/v2\/users\/2"}],"replies":[{"embeddable":true,"href":"https:\/\/www.aliadospuebla.com\/index.php?rest_route=%2Fwp%2Fv2%2Fcomments&post=91768"}],"version-history":[{"count":1,"href":"https:\/\/www.aliadospuebla.com\/index.php?rest_route=\/wp\/v2\/posts\/91768\/revisions"}],"predecessor-version":[{"id":91786,"href":"https:\/\/www.aliadospuebla.com\/index.php?rest_route=\/wp\/v2\/posts\/91768\/revisions\/91786"}],"wp:featuredmedia":[{"embeddable":true,"href":"https:\/\/www.aliadospuebla.com\/index.php?rest_route=\/wp\/v2\/media\/91785"}],"wp:attachment":[{"href":"https:\/\/www.aliadospuebla.com\/index.php?rest_route=%2Fwp%2Fv2%2Fmedia&parent=91768"}],"wp:term":[{"taxonomy":"category","embeddable":true,"href":"https:\/\/www.aliadospuebla.com\/index.php?rest_route=%2Fwp%2Fv2%2Fcategories&post=91768"},{"taxonomy":"post_tag","embeddable":true,"href":"https:\/\/www.aliadospuebla.com\/index.php?rest_route=%2Fwp%2Fv2%2Ftags&post=91768"}],"curies":[{"name":"wp","href":"https:\/\/api.w.org\/{rel}","templated":true}]}}