{"id":91715,"date":"2024-05-05T20:14:10","date_gmt":"2024-05-06T02:14:10","guid":{"rendered":"https:\/\/www.aliados17.com\/?p=91715"},"modified":"2024-05-05T20:14:10","modified_gmt":"2024-05-06T02:14:10","slug":"pepe-chedraui-encabeza-encuestas-en-la-capital-poblana","status":"publish","type":"post","link":"https:\/\/www.aliadospuebla.com\/?p=91715","title":{"rendered":"Pepe Chedraui encabeza encuestas en la capital poblana"},"content":{"rendered":"<p>A 29 d\u00edas de las elecciones, Pepe Chedraui, candidato a la Presidencia Municipal de Puebla, se mantiene en el primer lugar en la preferencia<\/p>\n<p>entre las y los votantes con hasta 28.3 por ciento sobre su m\u00e1s cercano competidor, reflejaron cuatro encuestas registradas ante el Instituto<\/p>\n<p>Nacional Electoral (INE).<\/p>\n<p>&nbsp;<\/p>\n<p>Con corte a los primeros d\u00edas de mayo y a la pregunta \u201c\u00bfPor qu\u00e9 candidato votar\u00eda para elegir presidente municipal en Puebla?\u201d, las y los<\/p>\n<p>poblanos respondieron que su favorito es el abanderado por la Coalici\u00f3n Seguiremos Haciendo Historia en Puebla.<\/p>\n<p>&nbsp;<\/p>\n<p>En la medici\u00f3n realizada por la encuesta Indicadores, Pepe Chedraui, tiene la preferencia de 15.9 puntos sobre su contrincante; mientras que<\/p>\n<p>BEAP lo posiciona hasta con 25.1 puntos porcentuales respecto a su oponente.<\/p>\n<p>&nbsp;<\/p>\n<p>Por su parte, el ejercicio de medici\u00f3n elaborado por M\u00e1s Data posiciona a Pepe Chedraui a la cabeza con 14.1 puntos porcentuales arriba. En<\/p>\n<p>tanto que el Centro de Estudios Consultivos revel\u00f3 la amplia ventaja de 28.3 puntos, siendo la m\u00e1s alta de las cuatro.<\/p>\n<p>&nbsp;<\/p>\n<p>Todas estas casas encuestadoras reflejan las preferencias electorales de las y los poblanos una vez que comienza la segunda mitad de la<\/p>\n<p>campa\u00f1a y tras el trabajo y recorridos de Pepe Chedraui en la capital\u00a0poblana.<\/p>\n","protected":false},"excerpt":{"rendered":"<p>A 29 d\u00edas de las elecciones, Pepe Chedraui, candidato a la Presidencia Municipal de Puebla, se mantiene en el primer lugar en la preferencia entre las y los votantes con hasta 28.3 por ciento sobre su m\u00e1s cercano competidor, reflejaron cuatro encuestas registradas ante el Instituto Nacional Electoral (INE). &nbsp; Con corte a los primeros d\u00edas de mayo y a la pregunta \u201c\u00bfPor qu\u00e9 candidato votar\u00eda para elegir presidente municipal en Puebla?\u201d, las y los poblanos respondieron que su favorito es el abanderado por la Coalici\u00f3n Seguiremos Haciendo Historia en Puebla. &nbsp; En la medici\u00f3n realizada por la encuesta Indicadores, Pepe Chedraui, tiene la preferencia de 15.9 puntos sobre su contrincante; mientras que BEAP lo posiciona hasta con 25.1 puntos porcentuales respecto a su oponente.&hellip;<\/p>\n<p class=\"excerpt-more\"><a class=\"blog-excerpt button\" href=\"https:\/\/www.aliadospuebla.com\/?p=91715\">Leer m\u00e1s&#8230;<\/a><\/p>\n","protected":false},"author":2,"featured_media":91716,"comment_status":"open","ping_status":"open","sticky":false,"template":"","format":"standard","meta":{"_monsterinsights_skip_tracking":false,"footnotes":""},"categories":[6],"tags":[7532,653,23118,11026,10636,5244,8056,23119,170,251,2403,13188,45,3880,13158,17715,13795,13718,19795,14620,13467,13635,19794,13575,15430,63,19283,14621,13749,27,13508],"class_list":["post-91715","post","type-post","status-publish","format-standard","has-post-thumbnail","hentry","category-politica","tag-armenta","tag-buap","tag-campana-politica","tag-ciudad-de-puebla","tag-estado-de-puebla","tag-gobernador-de-puebla","tag-gobierno-de-puebla","tag-mario-puebla","tag-mario-riestra","tag-pan","tag-partidos-politicos","tag-politica-puebla","tag-pri","tag-psi","tag-puebla-ciudad","tag-puebla-estado","tag-puebla-gobierno","tag-puebla-politica","tag-puebla-senadores","tag-puebla-udlap","tag-puebla-universidad","tag-puebla-universidades","tag-senadores-puebla","tag-sergio-salomon","tag-tono-lopez","tag-udlap","tag-udlap-cholula","tag-udlap-puebla","tag-universidad-de-puebla","tag-upaep","tag-upaep-puebla"],"yoast_head":"<!-- This site is optimized with the Yoast SEO plugin v28.4 - https:\/\/yoast.com\/product\/yoast-seo-wordpress\/ -->\n<title>Pepe Chedraui encabeza encuestas en la capital poblana - AliadosPuebla<\/title>\n<meta name=\"robots\" content=\"index, follow, max-snippet:-1, max-image-preview:large, max-video-preview:-1\" \/>\n<link rel=\"canonical\" href=\"https:\/\/www.aliadospuebla.com\/?p=91715\" \/>\n<meta property=\"og:locale\" content=\"es_ES\" \/>\n<meta property=\"og:type\" content=\"article\" \/>\n<meta property=\"og:title\" content=\"Pepe Chedraui encabeza encuestas en la capital poblana - AliadosPuebla\" \/>\n<meta property=\"og:description\" content=\"A 29 d\u00edas de las elecciones, Pepe Chedraui, candidato a la Presidencia Municipal de Puebla, se mantiene en el primer lugar en la preferencia entre las y los votantes con hasta 28.3 por ciento sobre su m\u00e1s cercano competidor, reflejaron cuatro encuestas registradas ante el Instituto Nacional Electoral (INE). &nbsp; Con corte a los primeros d\u00edas de mayo y a la pregunta \u201c\u00bfPor qu\u00e9 candidato votar\u00eda para elegir presidente municipal en Puebla?\u201d, las y los poblanos respondieron que su favorito es el abanderado por la Coalici\u00f3n Seguiremos Haciendo Historia en Puebla. &nbsp; En la medici\u00f3n realizada por la encuesta Indicadores, Pepe Chedraui, tiene la preferencia de 15.9 puntos sobre su contrincante; mientras que BEAP lo posiciona hasta con 25.1 puntos porcentuales respecto a su oponente.&hellip;Leer m\u00e1s...\" \/>\n<meta property=\"og:url\" content=\"https:\/\/www.aliadospuebla.com\/?p=91715\" \/>\n<meta property=\"og:site_name\" content=\"AliadosPuebla\" \/>\n<meta property=\"article:author\" content=\"https:\/\/www.facebook.com\/Aliados17Pue\" \/>\n<meta property=\"article:published_time\" content=\"2024-05-06T02:14:10+00:00\" \/>\n<meta property=\"og:image\" content=\"https:\/\/www.aliadospuebla.com\/web2017\/wp-content\/uploads\/2024\/05\/Imagen-de-WhatsApp-2024-05-05-a-las-17.47.08_7caf2bc3.jpg\" \/>\n\t<meta property=\"og:image:width\" content=\"1000\" \/>\n\t<meta property=\"og:image:height\" content=\"1103\" \/>\n\t<meta property=\"og:image:type\" content=\"image\/jpeg\" \/>\n<meta name=\"author\" content=\"Aliados17\" \/>\n<meta name=\"twitter:card\" content=\"summary_large_image\" \/>\n<meta name=\"twitter:creator\" content=\"@AliadosPuebla\" \/>\n<meta name=\"twitter:label1\" content=\"Escrito por\" \/>\n\t<meta name=\"twitter:data1\" content=\"Aliados17\" \/>\n\t<meta name=\"twitter:label2\" content=\"Tiempo de lectura\" \/>\n\t<meta name=\"twitter:data2\" content=\"2 minutos\" \/>\n<script type=\"application\/ld+json\" class=\"yoast-schema-graph\">{\"@context\":\"https:\\\/\\\/schema.org\",\"@graph\":[{\"@type\":\"Article\",\"@id\":\"https:\\\/\\\/www.aliadospuebla.com\\\/?p=91715#article\",\"isPartOf\":{\"@id\":\"https:\\\/\\\/www.aliadospuebla.com\\\/?p=91715\"},\"author\":{\"name\":\"Aliados17\",\"@id\":\"https:\\\/\\\/www.aliadospuebla.com\\\/#\\\/schema\\\/person\\\/5da7dd09320bd4f392b710017ed5f8ad\"},\"headline\":\"Pepe Chedraui encabeza encuestas en la capital poblana\",\"datePublished\":\"2024-05-06T02:14:10+00:00\",\"mainEntityOfPage\":{\"@id\":\"https:\\\/\\\/www.aliadospuebla.com\\\/?p=91715\"},\"wordCount\":220,\"commentCount\":0,\"image\":{\"@id\":\"https:\\\/\\\/www.aliadospuebla.com\\\/?p=91715#primaryimage\"},\"thumbnailUrl\":\"https:\\\/\\\/www.aliadospuebla.com\\\/web2017\\\/wp-content\\\/uploads\\\/2024\\\/05\\\/Imagen-de-WhatsApp-2024-05-05-a-las-17.47.08_7caf2bc3.jpg\",\"keywords\":[\"ARMENTA\",\"BUAP\",\"Campa\u00f1a politica\",\"CIUDAD DE PUEBLA\",\"ESTADO DE PUEBLA\",\"GOBERNADOR DE PUEBLA\",\"GOBIERNO DE PUEBLA\",\"Mario puebla\",\"Mario Riestra\",\"PAN\",\"PARTIDOS POL\u00cdTICOS\",\"Politica Puebla\",\"PRI\",\"PSI\",\"Puebla Ciudad\",\"Puebla estado\",\"Puebla gobierno\",\"puebla politica\",\"Puebla Senadores\",\"Puebla UDLAP\",\"Puebla Universidad\",\"Puebla Universidades\",\"Senadores Puebla\",\"Sergio Salomon\",\"To\u00f1o L\u00f3pez\",\"Udlap\",\"Udlap cholula\",\"UDLAP Puebla\",\"Universidad de Puebla\",\"UPAEP\",\"UPAEP Puebla\"],\"articleSection\":[\"Pol\u00edtica\"],\"inLanguage\":\"es\",\"potentialAction\":[{\"@type\":\"CommentAction\",\"name\":\"Comment\",\"target\":[\"https:\\\/\\\/www.aliadospuebla.com\\\/?p=91715#respond\"]}]},{\"@type\":\"WebPage\",\"@id\":\"https:\\\/\\\/www.aliadospuebla.com\\\/?p=91715\",\"url\":\"https:\\\/\\\/www.aliadospuebla.com\\\/?p=91715\",\"name\":\"Pepe Chedraui encabeza encuestas en la capital poblana - AliadosPuebla\",\"isPartOf\":{\"@id\":\"https:\\\/\\\/www.aliadospuebla.com\\\/#website\"},\"primaryImageOfPage\":{\"@id\":\"https:\\\/\\\/www.aliadospuebla.com\\\/?p=91715#primaryimage\"},\"image\":{\"@id\":\"https:\\\/\\\/www.aliadospuebla.com\\\/?p=91715#primaryimage\"},\"thumbnailUrl\":\"https:\\\/\\\/www.aliadospuebla.com\\\/web2017\\\/wp-content\\\/uploads\\\/2024\\\/05\\\/Imagen-de-WhatsApp-2024-05-05-a-las-17.47.08_7caf2bc3.jpg\",\"datePublished\":\"2024-05-06T02:14:10+00:00\",\"author\":{\"@id\":\"https:\\\/\\\/www.aliadospuebla.com\\\/#\\\/schema\\\/person\\\/5da7dd09320bd4f392b710017ed5f8ad\"},\"breadcrumb\":{\"@id\":\"https:\\\/\\\/www.aliadospuebla.com\\\/?p=91715#breadcrumb\"},\"inLanguage\":\"es\",\"potentialAction\":[{\"@type\":\"ReadAction\",\"target\":[\"https:\\\/\\\/www.aliadospuebla.com\\\/?p=91715\"]}]},{\"@type\":\"ImageObject\",\"inLanguage\":\"es\",\"@id\":\"https:\\\/\\\/www.aliadospuebla.com\\\/?p=91715#primaryimage\",\"url\":\"https:\\\/\\\/www.aliadospuebla.com\\\/web2017\\\/wp-content\\\/uploads\\\/2024\\\/05\\\/Imagen-de-WhatsApp-2024-05-05-a-las-17.47.08_7caf2bc3.jpg\",\"contentUrl\":\"https:\\\/\\\/www.aliadospuebla.com\\\/web2017\\\/wp-content\\\/uploads\\\/2024\\\/05\\\/Imagen-de-WhatsApp-2024-05-05-a-las-17.47.08_7caf2bc3.jpg\",\"width\":1000,\"height\":1103},{\"@type\":\"BreadcrumbList\",\"@id\":\"https:\\\/\\\/www.aliadospuebla.com\\\/?p=91715#breadcrumb\",\"itemListElement\":[{\"@type\":\"ListItem\",\"position\":1,\"name\":\"Portada\",\"item\":\"https:\\\/\\\/www.aliadospuebla.com\\\/\"},{\"@type\":\"ListItem\",\"position\":2,\"name\":\"Pepe Chedraui encabeza encuestas en la capital poblana\"}]},{\"@type\":\"WebSite\",\"@id\":\"https:\\\/\\\/www.aliadospuebla.com\\\/#website\",\"url\":\"https:\\\/\\\/www.aliadospuebla.com\\\/\",\"name\":\"AliadosPuebla\",\"description\":\"La informaci\u00f3n en tus manos\",\"potentialAction\":[{\"@type\":\"SearchAction\",\"target\":{\"@type\":\"EntryPoint\",\"urlTemplate\":\"https:\\\/\\\/www.aliadospuebla.com\\\/?s={search_term_string}\"},\"query-input\":{\"@type\":\"PropertyValueSpecification\",\"valueRequired\":true,\"valueName\":\"search_term_string\"}}],\"inLanguage\":\"es\"},{\"@type\":\"Person\",\"@id\":\"https:\\\/\\\/www.aliadospuebla.com\\\/#\\\/schema\\\/person\\\/5da7dd09320bd4f392b710017ed5f8ad\",\"name\":\"Aliados17\",\"image\":{\"@type\":\"ImageObject\",\"inLanguage\":\"es\",\"@id\":\"https:\\\/\\\/www.aliadospuebla.com\\\/web2017\\\/wp-content\\\/uploads\\\/2025\\\/03\\\/cropped-para-perfil-8-anos-1-96x96.jpg\",\"url\":\"https:\\\/\\\/www.aliadospuebla.com\\\/web2017\\\/wp-content\\\/uploads\\\/2025\\\/03\\\/cropped-para-perfil-8-anos-1-96x96.jpg\",\"contentUrl\":\"https:\\\/\\\/www.aliadospuebla.com\\\/web2017\\\/wp-content\\\/uploads\\\/2025\\\/03\\\/cropped-para-perfil-8-anos-1-96x96.jpg\",\"caption\":\"Aliados17\"},\"sameAs\":[\"https:\\\/\\\/www.aliados17.com\",\"https:\\\/\\\/www.facebook.com\\\/Aliados17Pue\",\"https:\\\/\\\/x.com\\\/AliadosPuebla\"],\"url\":\"https:\\\/\\\/www.aliadospuebla.com\\\/?author=2\"}]}<\/script>\n<!-- \/ Yoast SEO plugin. -->","yoast_head_json":{"title":"Pepe Chedraui encabeza encuestas en la capital poblana - AliadosPuebla","robots":{"index":"index","follow":"follow","max-snippet":"max-snippet:-1","max-image-preview":"max-image-preview:large","max-video-preview":"max-video-preview:-1"},"canonical":"https:\/\/www.aliadospuebla.com\/?p=91715","og_locale":"es_ES","og_type":"article","og_title":"Pepe Chedraui encabeza encuestas en la capital poblana - AliadosPuebla","og_description":"A 29 d\u00edas de las elecciones, Pepe Chedraui, candidato a la Presidencia Municipal de Puebla, se mantiene en el primer lugar en la preferencia entre las y los votantes con hasta 28.3 por ciento sobre su m\u00e1s cercano competidor, reflejaron cuatro encuestas registradas ante el Instituto Nacional Electoral (INE). &nbsp; Con corte a los primeros d\u00edas de mayo y a la pregunta \u201c\u00bfPor qu\u00e9 candidato votar\u00eda para elegir presidente municipal en Puebla?\u201d, las y los poblanos respondieron que su favorito es el abanderado por la Coalici\u00f3n Seguiremos Haciendo Historia en Puebla. &nbsp; En la medici\u00f3n realizada por la encuesta Indicadores, Pepe Chedraui, tiene la preferencia de 15.9 puntos sobre su contrincante; mientras que BEAP lo posiciona hasta con 25.1 puntos porcentuales respecto a su oponente.&hellip;Leer m\u00e1s...","og_url":"https:\/\/www.aliadospuebla.com\/?p=91715","og_site_name":"AliadosPuebla","article_author":"https:\/\/www.facebook.com\/Aliados17Pue","article_published_time":"2024-05-06T02:14:10+00:00","og_image":[{"width":1000,"height":1103,"url":"https:\/\/www.aliadospuebla.com\/web2017\/wp-content\/uploads\/2024\/05\/Imagen-de-WhatsApp-2024-05-05-a-las-17.47.08_7caf2bc3.jpg","type":"image\/jpeg"}],"author":"Aliados17","twitter_card":"summary_large_image","twitter_creator":"@AliadosPuebla","twitter_misc":{"Escrito por":"Aliados17","Tiempo de lectura":"2 minutos"},"schema":{"@context":"https:\/\/schema.org","@graph":[{"@type":"Article","@id":"https:\/\/www.aliadospuebla.com\/?p=91715#article","isPartOf":{"@id":"https:\/\/www.aliadospuebla.com\/?p=91715"},"author":{"name":"Aliados17","@id":"https:\/\/www.aliadospuebla.com\/#\/schema\/person\/5da7dd09320bd4f392b710017ed5f8ad"},"headline":"Pepe Chedraui encabeza encuestas en la capital poblana","datePublished":"2024-05-06T02:14:10+00:00","mainEntityOfPage":{"@id":"https:\/\/www.aliadospuebla.com\/?p=91715"},"wordCount":220,"commentCount":0,"image":{"@id":"https:\/\/www.aliadospuebla.com\/?p=91715#primaryimage"},"thumbnailUrl":"https:\/\/www.aliadospuebla.com\/web2017\/wp-content\/uploads\/2024\/05\/Imagen-de-WhatsApp-2024-05-05-a-las-17.47.08_7caf2bc3.jpg","keywords":["ARMENTA","BUAP","Campa\u00f1a politica","CIUDAD DE PUEBLA","ESTADO DE PUEBLA","GOBERNADOR DE PUEBLA","GOBIERNO DE PUEBLA","Mario puebla","Mario Riestra","PAN","PARTIDOS POL\u00cdTICOS","Politica Puebla","PRI","PSI","Puebla Ciudad","Puebla estado","Puebla gobierno","puebla politica","Puebla Senadores","Puebla UDLAP","Puebla Universidad","Puebla Universidades","Senadores Puebla","Sergio Salomon","To\u00f1o L\u00f3pez","Udlap","Udlap cholula","UDLAP Puebla","Universidad de Puebla","UPAEP","UPAEP Puebla"],"articleSection":["Pol\u00edtica"],"inLanguage":"es","potentialAction":[{"@type":"CommentAction","name":"Comment","target":["https:\/\/www.aliadospuebla.com\/?p=91715#respond"]}]},{"@type":"WebPage","@id":"https:\/\/www.aliadospuebla.com\/?p=91715","url":"https:\/\/www.aliadospuebla.com\/?p=91715","name":"Pepe Chedraui encabeza encuestas en la capital poblana - AliadosPuebla","isPartOf":{"@id":"https:\/\/www.aliadospuebla.com\/#website"},"primaryImageOfPage":{"@id":"https:\/\/www.aliadospuebla.com\/?p=91715#primaryimage"},"image":{"@id":"https:\/\/www.aliadospuebla.com\/?p=91715#primaryimage"},"thumbnailUrl":"https:\/\/www.aliadospuebla.com\/web2017\/wp-content\/uploads\/2024\/05\/Imagen-de-WhatsApp-2024-05-05-a-las-17.47.08_7caf2bc3.jpg","datePublished":"2024-05-06T02:14:10+00:00","author":{"@id":"https:\/\/www.aliadospuebla.com\/#\/schema\/person\/5da7dd09320bd4f392b710017ed5f8ad"},"breadcrumb":{"@id":"https:\/\/www.aliadospuebla.com\/?p=91715#breadcrumb"},"inLanguage":"es","potentialAction":[{"@type":"ReadAction","target":["https:\/\/www.aliadospuebla.com\/?p=91715"]}]},{"@type":"ImageObject","inLanguage":"es","@id":"https:\/\/www.aliadospuebla.com\/?p=91715#primaryimage","url":"https:\/\/www.aliadospuebla.com\/web2017\/wp-content\/uploads\/2024\/05\/Imagen-de-WhatsApp-2024-05-05-a-las-17.47.08_7caf2bc3.jpg","contentUrl":"https:\/\/www.aliadospuebla.com\/web2017\/wp-content\/uploads\/2024\/05\/Imagen-de-WhatsApp-2024-05-05-a-las-17.47.08_7caf2bc3.jpg","width":1000,"height":1103},{"@type":"BreadcrumbList","@id":"https:\/\/www.aliadospuebla.com\/?p=91715#breadcrumb","itemListElement":[{"@type":"ListItem","position":1,"name":"Portada","item":"https:\/\/www.aliadospuebla.com\/"},{"@type":"ListItem","position":2,"name":"Pepe Chedraui encabeza encuestas en la capital poblana"}]},{"@type":"WebSite","@id":"https:\/\/www.aliadospuebla.com\/#website","url":"https:\/\/www.aliadospuebla.com\/","name":"AliadosPuebla","description":"La informaci\u00f3n en tus manos","potentialAction":[{"@type":"SearchAction","target":{"@type":"EntryPoint","urlTemplate":"https:\/\/www.aliadospuebla.com\/?s={search_term_string}"},"query-input":{"@type":"PropertyValueSpecification","valueRequired":true,"valueName":"search_term_string"}}],"inLanguage":"es"},{"@type":"Person","@id":"https:\/\/www.aliadospuebla.com\/#\/schema\/person\/5da7dd09320bd4f392b710017ed5f8ad","name":"Aliados17","image":{"@type":"ImageObject","inLanguage":"es","@id":"https:\/\/www.aliadospuebla.com\/web2017\/wp-content\/uploads\/2025\/03\/cropped-para-perfil-8-anos-1-96x96.jpg","url":"https:\/\/www.aliadospuebla.com\/web2017\/wp-content\/uploads\/2025\/03\/cropped-para-perfil-8-anos-1-96x96.jpg","contentUrl":"https:\/\/www.aliadospuebla.com\/web2017\/wp-content\/uploads\/2025\/03\/cropped-para-perfil-8-anos-1-96x96.jpg","caption":"Aliados17"},"sameAs":["https:\/\/www.aliados17.com","https:\/\/www.facebook.com\/Aliados17Pue","https:\/\/x.com\/AliadosPuebla"],"url":"https:\/\/www.aliadospuebla.com\/?author=2"}]}},"views":7,"_links":{"self":[{"href":"https:\/\/www.aliadospuebla.com\/index.php?rest_route=\/wp\/v2\/posts\/91715","targetHints":{"allow":["GET"]}}],"collection":[{"href":"https:\/\/www.aliadospuebla.com\/index.php?rest_route=\/wp\/v2\/posts"}],"about":[{"href":"https:\/\/www.aliadospuebla.com\/index.php?rest_route=\/wp\/v2\/types\/post"}],"author":[{"embeddable":true,"href":"https:\/\/www.aliadospuebla.com\/index.php?rest_route=\/wp\/v2\/users\/2"}],"replies":[{"embeddable":true,"href":"https:\/\/www.aliadospuebla.com\/index.php?rest_route=%2Fwp%2Fv2%2Fcomments&post=91715"}],"version-history":[{"count":1,"href":"https:\/\/www.aliadospuebla.com\/index.php?rest_route=\/wp\/v2\/posts\/91715\/revisions"}],"predecessor-version":[{"id":91717,"href":"https:\/\/www.aliadospuebla.com\/index.php?rest_route=\/wp\/v2\/posts\/91715\/revisions\/91717"}],"wp:featuredmedia":[{"embeddable":true,"href":"https:\/\/www.aliadospuebla.com\/index.php?rest_route=\/wp\/v2\/media\/91716"}],"wp:attachment":[{"href":"https:\/\/www.aliadospuebla.com\/index.php?rest_route=%2Fwp%2Fv2%2Fmedia&parent=91715"}],"wp:term":[{"taxonomy":"category","embeddable":true,"href":"https:\/\/www.aliadospuebla.com\/index.php?rest_route=%2Fwp%2Fv2%2Fcategories&post=91715"},{"taxonomy":"post_tag","embeddable":true,"href":"https:\/\/www.aliadospuebla.com\/index.php?rest_route=%2Fwp%2Fv2%2Ftags&post=91715"}],"curies":[{"name":"wp","href":"https:\/\/api.w.org\/{rel}","templated":true}]}}