{"id":91700,"date":"2024-05-05T20:14:37","date_gmt":"2024-05-06T02:14:37","guid":{"rendered":"https:\/\/www.aliados17.com\/?p=91700"},"modified":"2024-05-05T20:14:37","modified_gmt":"2024-05-06T02:14:37","slug":"posicionamiento-de-lalo-rivera-candidato-a-la-gubernatura-de-puebla","status":"publish","type":"post","link":"https:\/\/www.aliadospuebla.com\/?p=91700","title":{"rendered":"POSICIONAMIENTO DE LALO RIVERA, CANDIDATO A LA GUBERNATURA DE PUEBLA"},"content":{"rendered":"<p>Lalo Rivera, candidato a la Gubernatura por la Coalici\u00f3n &#8216;Mejor Rumbo para Puebla&#8217; emiti\u00f3 un posicionamiento respecto a los hechos<\/p>\n<p>ocurridos la tarde de ayer en inmediaciones de su domicilio familiar, que afectaron a tres mujeres, vecinas.<\/p>\n<p>&nbsp;<\/p>\n<p>En los siguientes p\u00e1rrafos el posicionamiento que ley\u00f3:<\/p>\n<p>&nbsp;<\/p>\n<p>El pasado 2 de mayo, advert\u00ed la falta de condiciones de seguridad en el proceso electoral.<\/p>\n<p>&nbsp;<\/p>\n<p>Durante la semana, he alertado de una escalada de violencia criminal y pol\u00edtica en la entidad.<\/p>\n<p>&nbsp;<\/p>\n<p>Ayer por la noche, lamentablemente esa preocupaci\u00f3n se materializ\u00f3 en un ataque directo dentro del fraccionamiento donde vivo con mi<\/p>\n<p>familia.<\/p>\n<p>&nbsp;<\/p>\n<p>Con tristeza informo que de tal ataque resultaron con lesiones f\u00edsicas mis vecinas, madre e hijas , quienes son completamente ajenas a mi<\/p>\n<p>actividad pol\u00edtica. Ellas sufrieron lesiones delicadas en su rostro y en su cuerpo.<\/p>\n<p>&nbsp;<\/p>\n<p>Con ellas he mantenido comunicaci\u00f3n directa, ya que para mi en este momento lo m\u00e1s importante es el restablecimiento de su salud, la<\/p>\n<p>recuperaci\u00f3n de sus lesiones, su salud emocional y su tranquilidad.<\/p>\n<p>&nbsp;<\/p>\n<p>Informo que mi familia se encuentra f\u00edsicamente bien, aunque con las afectaciones psicol\u00f3gicas de haber vivido las consecuencias de estos<\/p>\n<p>hechos de violencia. Aprovecho para agradecer todas las muestras de afecto, oraciones, preocupaci\u00f3n y solidaridad para conmigo, mi familia<\/p>\n<p>y mis vecinos.<\/p>\n<p>&nbsp;<\/p>\n<p>Con indignaci\u00f3n pero con responsabilidad hago p\u00fablico lo que mis vecinas directamente afectadas me han informado y que ya han declarado<\/p>\n<p>ante las autoridades respecto a los detalles de la cobarde agresi\u00f3n.<\/p>\n<p>&nbsp;<\/p>\n<p>Entre otras cosas que al llegar los agresores preguntaron directamente por mi, y que luego en repetidas ocasiones por el pol\u00edtico, y dijeron<\/p>\n<p>que cuando llegue lo recibiremos con un plomazo en la cabeza.<\/p>\n<p>&nbsp;<\/p>\n<p>Esta informaci\u00f3n y la manera en como.se dieron los hechos es una muestra evidente de que se trat\u00f3 de un atentado directamente contra mi<\/p>\n<p>persona, no puede haber, ni admito otra interpretaci\u00f3n.<\/p>\n<p>&nbsp;<\/p>\n<p>Y hago un en\u00e9rgico llamado al Presidente de la Rep\u00fablica, Andr\u00e9s Manuel L\u00f3pez Obrador; al Gobernador del Estado, Sergio Salom\u00f3n<\/p>\n<p>C\u00e9spedes para que cumplan con su obligaci\u00f3n constitucional de garantizar la paz y las condiciones elementales para el desarrollo de un<\/p>\n<p>proceso democr\u00e1tico.<\/p>\n<p>&nbsp;<\/p>\n<p>Los hago responsables de la integridad de mi familia, de mi persona, de mis vecinos, de mi equipo y de todos y cada uno de los candidatos y<\/p>\n<p>las candidatas de la alianza Mejor Rumbo por Puebla.<\/p>\n<p>&nbsp;<\/p>\n<p>El estado de derecho y no el estado de terror debe ser la norma que viva en Puebla y en el pa\u00eds y para lograrlo necesitamos una sociedad<\/p>\n<p>demandante, activa, participativa que reclame y haga valer sus derechos, a ellas y a ellos los convoco a asumirse de inmediato como<\/p>\n<p>protagonistas de un mejor futuro.<\/p>\n<p>&nbsp;<\/p>\n<p>A mis adversarios pol\u00edticos les digo que no me van a doblar, no cansar\u00e1n mella con estos actos cobardes; mi \u00e1nimo y mi determinaci\u00f3n es<\/p>\n<p>continuar con esta lucha por un mejor Puebla y por un mejor M\u00e9xico para que todas nuestras familias sin excepci\u00f3n vivan\u00a0sin\u00a0miedo.<\/p>\n","protected":false},"excerpt":{"rendered":"<p>Lalo Rivera, candidato a la Gubernatura por la Coalici\u00f3n &#8216;Mejor Rumbo para Puebla&#8217; emiti\u00f3 un posicionamiento respecto a los hechos ocurridos la tarde de ayer en inmediaciones de su domicilio familiar, que afectaron a tres mujeres, vecinas. &nbsp; En los siguientes p\u00e1rrafos el posicionamiento que ley\u00f3: &nbsp; El pasado 2 de mayo, advert\u00ed la falta de condiciones de seguridad en el proceso electoral. &nbsp; Durante la semana, he alertado de una escalada de violencia criminal y pol\u00edtica en la entidad. &nbsp; Ayer por la noche, lamentablemente esa preocupaci\u00f3n se materializ\u00f3 en un ataque directo dentro del fraccionamiento donde vivo con mi familia. &nbsp; Con tristeza informo que de tal ataque resultaron con lesiones f\u00edsicas mis vecinas, madre e hijas , quienes son completamente ajenas a&hellip;<\/p>\n<p class=\"excerpt-more\"><a class=\"blog-excerpt button\" href=\"https:\/\/www.aliadospuebla.com\/?p=91700\">Leer m\u00e1s&#8230;<\/a><\/p>\n","protected":false},"author":2,"featured_media":91709,"comment_status":"open","ping_status":"open","sticky":false,"template":"","format":"standard","meta":{"_monsterinsights_skip_tracking":false,"footnotes":""},"categories":[6],"tags":[7532,653,23118,11026,10636,5244,8056,23119,170,251,2403,13188,45,3880,13158,17715,13795,13718,19795,14620,13467,13635,19794,13575,15430,63,19283,14621,13749,27,13508],"class_list":["post-91700","post","type-post","status-publish","format-standard","has-post-thumbnail","hentry","category-politica","tag-armenta","tag-buap","tag-campana-politica","tag-ciudad-de-puebla","tag-estado-de-puebla","tag-gobernador-de-puebla","tag-gobierno-de-puebla","tag-mario-puebla","tag-mario-riestra","tag-pan","tag-partidos-politicos","tag-politica-puebla","tag-pri","tag-psi","tag-puebla-ciudad","tag-puebla-estado","tag-puebla-gobierno","tag-puebla-politica","tag-puebla-senadores","tag-puebla-udlap","tag-puebla-universidad","tag-puebla-universidades","tag-senadores-puebla","tag-sergio-salomon","tag-tono-lopez","tag-udlap","tag-udlap-cholula","tag-udlap-puebla","tag-universidad-de-puebla","tag-upaep","tag-upaep-puebla"],"yoast_head":"<!-- This site is optimized with the Yoast SEO plugin v28.4 - https:\/\/yoast.com\/product\/yoast-seo-wordpress\/ -->\n<title>POSICIONAMIENTO DE LALO RIVERA, CANDIDATO A LA GUBERNATURA DE PUEBLA - AliadosPuebla<\/title>\n<meta name=\"robots\" content=\"index, follow, max-snippet:-1, max-image-preview:large, max-video-preview:-1\" \/>\n<link rel=\"canonical\" href=\"https:\/\/www.aliadospuebla.com\/?p=91700\" \/>\n<meta property=\"og:locale\" content=\"es_ES\" \/>\n<meta property=\"og:type\" content=\"article\" \/>\n<meta property=\"og:title\" content=\"POSICIONAMIENTO DE LALO RIVERA, CANDIDATO A LA GUBERNATURA DE PUEBLA - AliadosPuebla\" \/>\n<meta property=\"og:description\" content=\"Lalo Rivera, candidato a la Gubernatura por la Coalici\u00f3n &#8216;Mejor Rumbo para Puebla&#8217; emiti\u00f3 un posicionamiento respecto a los hechos ocurridos la tarde de ayer en inmediaciones de su domicilio familiar, que afectaron a tres mujeres, vecinas. &nbsp; En los siguientes p\u00e1rrafos el posicionamiento que ley\u00f3: &nbsp; El pasado 2 de mayo, advert\u00ed la falta de condiciones de seguridad en el proceso electoral. &nbsp; Durante la semana, he alertado de una escalada de violencia criminal y pol\u00edtica en la entidad. &nbsp; Ayer por la noche, lamentablemente esa preocupaci\u00f3n se materializ\u00f3 en un ataque directo dentro del fraccionamiento donde vivo con mi familia. &nbsp; Con tristeza informo que de tal ataque resultaron con lesiones f\u00edsicas mis vecinas, madre e hijas , quienes son completamente ajenas a&hellip;Leer m\u00e1s...\" \/>\n<meta property=\"og:url\" content=\"https:\/\/www.aliadospuebla.com\/?p=91700\" \/>\n<meta property=\"og:site_name\" content=\"AliadosPuebla\" \/>\n<meta property=\"article:author\" content=\"https:\/\/www.facebook.com\/Aliados17Pue\" \/>\n<meta property=\"article:published_time\" content=\"2024-05-06T02:14:37+00:00\" \/>\n<meta property=\"og:image\" content=\"https:\/\/www.aliadospuebla.com\/web2017\/wp-content\/uploads\/2024\/05\/Imagen-de-WhatsApp-2024-05-05-a-las-14.31.55_922dd7e6.jpg\" \/>\n\t<meta property=\"og:image:width\" content=\"1280\" \/>\n\t<meta property=\"og:image:height\" content=\"853\" \/>\n\t<meta property=\"og:image:type\" content=\"image\/jpeg\" \/>\n<meta name=\"author\" content=\"Aliados17\" \/>\n<meta name=\"twitter:card\" content=\"summary_large_image\" \/>\n<meta name=\"twitter:creator\" content=\"@AliadosPuebla\" \/>\n<meta name=\"twitter:label1\" content=\"Escrito por\" \/>\n\t<meta name=\"twitter:data1\" content=\"Aliados17\" \/>\n\t<meta name=\"twitter:label2\" content=\"Tiempo de lectura\" \/>\n\t<meta name=\"twitter:data2\" content=\"3 minutos\" \/>\n<script type=\"application\/ld+json\" class=\"yoast-schema-graph\">{\"@context\":\"https:\\\/\\\/schema.org\",\"@graph\":[{\"@type\":\"Article\",\"@id\":\"https:\\\/\\\/www.aliadospuebla.com\\\/?p=91700#article\",\"isPartOf\":{\"@id\":\"https:\\\/\\\/www.aliadospuebla.com\\\/?p=91700\"},\"author\":{\"name\":\"Aliados17\",\"@id\":\"https:\\\/\\\/www.aliadospuebla.com\\\/#\\\/schema\\\/person\\\/5da7dd09320bd4f392b710017ed5f8ad\"},\"headline\":\"POSICIONAMIENTO DE LALO RIVERA, CANDIDATO A LA GUBERNATURA DE PUEBLA\",\"datePublished\":\"2024-05-06T02:14:37+00:00\",\"mainEntityOfPage\":{\"@id\":\"https:\\\/\\\/www.aliadospuebla.com\\\/?p=91700\"},\"wordCount\":545,\"commentCount\":0,\"image\":{\"@id\":\"https:\\\/\\\/www.aliadospuebla.com\\\/?p=91700#primaryimage\"},\"thumbnailUrl\":\"https:\\\/\\\/www.aliadospuebla.com\\\/web2017\\\/wp-content\\\/uploads\\\/2024\\\/05\\\/Imagen-de-WhatsApp-2024-05-05-a-las-14.31.55_922dd7e6.jpg\",\"keywords\":[\"ARMENTA\",\"BUAP\",\"Campa\u00f1a politica\",\"CIUDAD DE PUEBLA\",\"ESTADO DE PUEBLA\",\"GOBERNADOR DE PUEBLA\",\"GOBIERNO DE PUEBLA\",\"Mario puebla\",\"Mario Riestra\",\"PAN\",\"PARTIDOS POL\u00cdTICOS\",\"Politica Puebla\",\"PRI\",\"PSI\",\"Puebla Ciudad\",\"Puebla estado\",\"Puebla gobierno\",\"puebla politica\",\"Puebla Senadores\",\"Puebla UDLAP\",\"Puebla Universidad\",\"Puebla Universidades\",\"Senadores Puebla\",\"Sergio Salomon\",\"To\u00f1o L\u00f3pez\",\"Udlap\",\"Udlap cholula\",\"UDLAP Puebla\",\"Universidad de Puebla\",\"UPAEP\",\"UPAEP Puebla\"],\"articleSection\":[\"Pol\u00edtica\"],\"inLanguage\":\"es\",\"potentialAction\":[{\"@type\":\"CommentAction\",\"name\":\"Comment\",\"target\":[\"https:\\\/\\\/www.aliadospuebla.com\\\/?p=91700#respond\"]}]},{\"@type\":\"WebPage\",\"@id\":\"https:\\\/\\\/www.aliadospuebla.com\\\/?p=91700\",\"url\":\"https:\\\/\\\/www.aliadospuebla.com\\\/?p=91700\",\"name\":\"POSICIONAMIENTO DE LALO RIVERA, CANDIDATO A LA GUBERNATURA DE PUEBLA - AliadosPuebla\",\"isPartOf\":{\"@id\":\"https:\\\/\\\/www.aliadospuebla.com\\\/#website\"},\"primaryImageOfPage\":{\"@id\":\"https:\\\/\\\/www.aliadospuebla.com\\\/?p=91700#primaryimage\"},\"image\":{\"@id\":\"https:\\\/\\\/www.aliadospuebla.com\\\/?p=91700#primaryimage\"},\"thumbnailUrl\":\"https:\\\/\\\/www.aliadospuebla.com\\\/web2017\\\/wp-content\\\/uploads\\\/2024\\\/05\\\/Imagen-de-WhatsApp-2024-05-05-a-las-14.31.55_922dd7e6.jpg\",\"datePublished\":\"2024-05-06T02:14:37+00:00\",\"author\":{\"@id\":\"https:\\\/\\\/www.aliadospuebla.com\\\/#\\\/schema\\\/person\\\/5da7dd09320bd4f392b710017ed5f8ad\"},\"breadcrumb\":{\"@id\":\"https:\\\/\\\/www.aliadospuebla.com\\\/?p=91700#breadcrumb\"},\"inLanguage\":\"es\",\"potentialAction\":[{\"@type\":\"ReadAction\",\"target\":[\"https:\\\/\\\/www.aliadospuebla.com\\\/?p=91700\"]}]},{\"@type\":\"ImageObject\",\"inLanguage\":\"es\",\"@id\":\"https:\\\/\\\/www.aliadospuebla.com\\\/?p=91700#primaryimage\",\"url\":\"https:\\\/\\\/www.aliadospuebla.com\\\/web2017\\\/wp-content\\\/uploads\\\/2024\\\/05\\\/Imagen-de-WhatsApp-2024-05-05-a-las-14.31.55_922dd7e6.jpg\",\"contentUrl\":\"https:\\\/\\\/www.aliadospuebla.com\\\/web2017\\\/wp-content\\\/uploads\\\/2024\\\/05\\\/Imagen-de-WhatsApp-2024-05-05-a-las-14.31.55_922dd7e6.jpg\",\"width\":1280,\"height\":853},{\"@type\":\"BreadcrumbList\",\"@id\":\"https:\\\/\\\/www.aliadospuebla.com\\\/?p=91700#breadcrumb\",\"itemListElement\":[{\"@type\":\"ListItem\",\"position\":1,\"name\":\"Portada\",\"item\":\"https:\\\/\\\/www.aliadospuebla.com\\\/\"},{\"@type\":\"ListItem\",\"position\":2,\"name\":\"POSICIONAMIENTO DE LALO RIVERA, CANDIDATO A LA GUBERNATURA DE PUEBLA\"}]},{\"@type\":\"WebSite\",\"@id\":\"https:\\\/\\\/www.aliadospuebla.com\\\/#website\",\"url\":\"https:\\\/\\\/www.aliadospuebla.com\\\/\",\"name\":\"AliadosPuebla\",\"description\":\"La informaci\u00f3n en tus manos\",\"potentialAction\":[{\"@type\":\"SearchAction\",\"target\":{\"@type\":\"EntryPoint\",\"urlTemplate\":\"https:\\\/\\\/www.aliadospuebla.com\\\/?s={search_term_string}\"},\"query-input\":{\"@type\":\"PropertyValueSpecification\",\"valueRequired\":true,\"valueName\":\"search_term_string\"}}],\"inLanguage\":\"es\"},{\"@type\":\"Person\",\"@id\":\"https:\\\/\\\/www.aliadospuebla.com\\\/#\\\/schema\\\/person\\\/5da7dd09320bd4f392b710017ed5f8ad\",\"name\":\"Aliados17\",\"image\":{\"@type\":\"ImageObject\",\"inLanguage\":\"es\",\"@id\":\"https:\\\/\\\/www.aliadospuebla.com\\\/web2017\\\/wp-content\\\/uploads\\\/2025\\\/03\\\/cropped-para-perfil-8-anos-1-96x96.jpg\",\"url\":\"https:\\\/\\\/www.aliadospuebla.com\\\/web2017\\\/wp-content\\\/uploads\\\/2025\\\/03\\\/cropped-para-perfil-8-anos-1-96x96.jpg\",\"contentUrl\":\"https:\\\/\\\/www.aliadospuebla.com\\\/web2017\\\/wp-content\\\/uploads\\\/2025\\\/03\\\/cropped-para-perfil-8-anos-1-96x96.jpg\",\"caption\":\"Aliados17\"},\"sameAs\":[\"https:\\\/\\\/www.aliados17.com\",\"https:\\\/\\\/www.facebook.com\\\/Aliados17Pue\",\"https:\\\/\\\/x.com\\\/AliadosPuebla\"],\"url\":\"https:\\\/\\\/www.aliadospuebla.com\\\/?author=2\"}]}<\/script>\n<!-- \/ Yoast SEO plugin. -->","yoast_head_json":{"title":"POSICIONAMIENTO DE LALO RIVERA, CANDIDATO A LA GUBERNATURA DE PUEBLA - AliadosPuebla","robots":{"index":"index","follow":"follow","max-snippet":"max-snippet:-1","max-image-preview":"max-image-preview:large","max-video-preview":"max-video-preview:-1"},"canonical":"https:\/\/www.aliadospuebla.com\/?p=91700","og_locale":"es_ES","og_type":"article","og_title":"POSICIONAMIENTO DE LALO RIVERA, CANDIDATO A LA GUBERNATURA DE PUEBLA - AliadosPuebla","og_description":"Lalo Rivera, candidato a la Gubernatura por la Coalici\u00f3n &#8216;Mejor Rumbo para Puebla&#8217; emiti\u00f3 un posicionamiento respecto a los hechos ocurridos la tarde de ayer en inmediaciones de su domicilio familiar, que afectaron a tres mujeres, vecinas. &nbsp; En los siguientes p\u00e1rrafos el posicionamiento que ley\u00f3: &nbsp; El pasado 2 de mayo, advert\u00ed la falta de condiciones de seguridad en el proceso electoral. &nbsp; Durante la semana, he alertado de una escalada de violencia criminal y pol\u00edtica en la entidad. &nbsp; Ayer por la noche, lamentablemente esa preocupaci\u00f3n se materializ\u00f3 en un ataque directo dentro del fraccionamiento donde vivo con mi familia. &nbsp; Con tristeza informo que de tal ataque resultaron con lesiones f\u00edsicas mis vecinas, madre e hijas , quienes son completamente ajenas a&hellip;Leer m\u00e1s...","og_url":"https:\/\/www.aliadospuebla.com\/?p=91700","og_site_name":"AliadosPuebla","article_author":"https:\/\/www.facebook.com\/Aliados17Pue","article_published_time":"2024-05-06T02:14:37+00:00","og_image":[{"width":1280,"height":853,"url":"https:\/\/www.aliadospuebla.com\/web2017\/wp-content\/uploads\/2024\/05\/Imagen-de-WhatsApp-2024-05-05-a-las-14.31.55_922dd7e6.jpg","type":"image\/jpeg"}],"author":"Aliados17","twitter_card":"summary_large_image","twitter_creator":"@AliadosPuebla","twitter_misc":{"Escrito por":"Aliados17","Tiempo de lectura":"3 minutos"},"schema":{"@context":"https:\/\/schema.org","@graph":[{"@type":"Article","@id":"https:\/\/www.aliadospuebla.com\/?p=91700#article","isPartOf":{"@id":"https:\/\/www.aliadospuebla.com\/?p=91700"},"author":{"name":"Aliados17","@id":"https:\/\/www.aliadospuebla.com\/#\/schema\/person\/5da7dd09320bd4f392b710017ed5f8ad"},"headline":"POSICIONAMIENTO DE LALO RIVERA, CANDIDATO A LA GUBERNATURA DE PUEBLA","datePublished":"2024-05-06T02:14:37+00:00","mainEntityOfPage":{"@id":"https:\/\/www.aliadospuebla.com\/?p=91700"},"wordCount":545,"commentCount":0,"image":{"@id":"https:\/\/www.aliadospuebla.com\/?p=91700#primaryimage"},"thumbnailUrl":"https:\/\/www.aliadospuebla.com\/web2017\/wp-content\/uploads\/2024\/05\/Imagen-de-WhatsApp-2024-05-05-a-las-14.31.55_922dd7e6.jpg","keywords":["ARMENTA","BUAP","Campa\u00f1a politica","CIUDAD DE PUEBLA","ESTADO DE PUEBLA","GOBERNADOR DE PUEBLA","GOBIERNO DE PUEBLA","Mario puebla","Mario Riestra","PAN","PARTIDOS POL\u00cdTICOS","Politica Puebla","PRI","PSI","Puebla Ciudad","Puebla estado","Puebla gobierno","puebla politica","Puebla Senadores","Puebla UDLAP","Puebla Universidad","Puebla Universidades","Senadores Puebla","Sergio Salomon","To\u00f1o L\u00f3pez","Udlap","Udlap cholula","UDLAP Puebla","Universidad de Puebla","UPAEP","UPAEP Puebla"],"articleSection":["Pol\u00edtica"],"inLanguage":"es","potentialAction":[{"@type":"CommentAction","name":"Comment","target":["https:\/\/www.aliadospuebla.com\/?p=91700#respond"]}]},{"@type":"WebPage","@id":"https:\/\/www.aliadospuebla.com\/?p=91700","url":"https:\/\/www.aliadospuebla.com\/?p=91700","name":"POSICIONAMIENTO DE LALO RIVERA, CANDIDATO A LA GUBERNATURA DE PUEBLA - AliadosPuebla","isPartOf":{"@id":"https:\/\/www.aliadospuebla.com\/#website"},"primaryImageOfPage":{"@id":"https:\/\/www.aliadospuebla.com\/?p=91700#primaryimage"},"image":{"@id":"https:\/\/www.aliadospuebla.com\/?p=91700#primaryimage"},"thumbnailUrl":"https:\/\/www.aliadospuebla.com\/web2017\/wp-content\/uploads\/2024\/05\/Imagen-de-WhatsApp-2024-05-05-a-las-14.31.55_922dd7e6.jpg","datePublished":"2024-05-06T02:14:37+00:00","author":{"@id":"https:\/\/www.aliadospuebla.com\/#\/schema\/person\/5da7dd09320bd4f392b710017ed5f8ad"},"breadcrumb":{"@id":"https:\/\/www.aliadospuebla.com\/?p=91700#breadcrumb"},"inLanguage":"es","potentialAction":[{"@type":"ReadAction","target":["https:\/\/www.aliadospuebla.com\/?p=91700"]}]},{"@type":"ImageObject","inLanguage":"es","@id":"https:\/\/www.aliadospuebla.com\/?p=91700#primaryimage","url":"https:\/\/www.aliadospuebla.com\/web2017\/wp-content\/uploads\/2024\/05\/Imagen-de-WhatsApp-2024-05-05-a-las-14.31.55_922dd7e6.jpg","contentUrl":"https:\/\/www.aliadospuebla.com\/web2017\/wp-content\/uploads\/2024\/05\/Imagen-de-WhatsApp-2024-05-05-a-las-14.31.55_922dd7e6.jpg","width":1280,"height":853},{"@type":"BreadcrumbList","@id":"https:\/\/www.aliadospuebla.com\/?p=91700#breadcrumb","itemListElement":[{"@type":"ListItem","position":1,"name":"Portada","item":"https:\/\/www.aliadospuebla.com\/"},{"@type":"ListItem","position":2,"name":"POSICIONAMIENTO DE LALO RIVERA, CANDIDATO A LA GUBERNATURA DE PUEBLA"}]},{"@type":"WebSite","@id":"https:\/\/www.aliadospuebla.com\/#website","url":"https:\/\/www.aliadospuebla.com\/","name":"AliadosPuebla","description":"La informaci\u00f3n en tus manos","potentialAction":[{"@type":"SearchAction","target":{"@type":"EntryPoint","urlTemplate":"https:\/\/www.aliadospuebla.com\/?s={search_term_string}"},"query-input":{"@type":"PropertyValueSpecification","valueRequired":true,"valueName":"search_term_string"}}],"inLanguage":"es"},{"@type":"Person","@id":"https:\/\/www.aliadospuebla.com\/#\/schema\/person\/5da7dd09320bd4f392b710017ed5f8ad","name":"Aliados17","image":{"@type":"ImageObject","inLanguage":"es","@id":"https:\/\/www.aliadospuebla.com\/web2017\/wp-content\/uploads\/2025\/03\/cropped-para-perfil-8-anos-1-96x96.jpg","url":"https:\/\/www.aliadospuebla.com\/web2017\/wp-content\/uploads\/2025\/03\/cropped-para-perfil-8-anos-1-96x96.jpg","contentUrl":"https:\/\/www.aliadospuebla.com\/web2017\/wp-content\/uploads\/2025\/03\/cropped-para-perfil-8-anos-1-96x96.jpg","caption":"Aliados17"},"sameAs":["https:\/\/www.aliados17.com","https:\/\/www.facebook.com\/Aliados17Pue","https:\/\/x.com\/AliadosPuebla"],"url":"https:\/\/www.aliadospuebla.com\/?author=2"}]}},"views":9,"_links":{"self":[{"href":"https:\/\/www.aliadospuebla.com\/index.php?rest_route=\/wp\/v2\/posts\/91700","targetHints":{"allow":["GET"]}}],"collection":[{"href":"https:\/\/www.aliadospuebla.com\/index.php?rest_route=\/wp\/v2\/posts"}],"about":[{"href":"https:\/\/www.aliadospuebla.com\/index.php?rest_route=\/wp\/v2\/types\/post"}],"author":[{"embeddable":true,"href":"https:\/\/www.aliadospuebla.com\/index.php?rest_route=\/wp\/v2\/users\/2"}],"replies":[{"embeddable":true,"href":"https:\/\/www.aliadospuebla.com\/index.php?rest_route=%2Fwp%2Fv2%2Fcomments&post=91700"}],"version-history":[{"count":1,"href":"https:\/\/www.aliadospuebla.com\/index.php?rest_route=\/wp\/v2\/posts\/91700\/revisions"}],"predecessor-version":[{"id":91720,"href":"https:\/\/www.aliadospuebla.com\/index.php?rest_route=\/wp\/v2\/posts\/91700\/revisions\/91720"}],"wp:featuredmedia":[{"embeddable":true,"href":"https:\/\/www.aliadospuebla.com\/index.php?rest_route=\/wp\/v2\/media\/91709"}],"wp:attachment":[{"href":"https:\/\/www.aliadospuebla.com\/index.php?rest_route=%2Fwp%2Fv2%2Fmedia&parent=91700"}],"wp:term":[{"taxonomy":"category","embeddable":true,"href":"https:\/\/www.aliadospuebla.com\/index.php?rest_route=%2Fwp%2Fv2%2Fcategories&post=91700"},{"taxonomy":"post_tag","embeddable":true,"href":"https:\/\/www.aliadospuebla.com\/index.php?rest_route=%2Fwp%2Fv2%2Ftags&post=91700"}],"curies":[{"name":"wp","href":"https:\/\/api.w.org\/{rel}","templated":true}]}}