{"id":91686,"date":"2024-05-04T22:37:21","date_gmt":"2024-05-05T04:37:21","guid":{"rendered":"https:\/\/www.aliados17.com\/?p=91686"},"modified":"2024-05-04T22:37:21","modified_gmt":"2024-05-05T04:37:21","slug":"puebla-cuautinchan-tecali-y-tepeaca-con-carreteras-doble-carril-armenta","status":"publish","type":"post","link":"https:\/\/www.aliadospuebla.com\/?p=91686","title":{"rendered":"Puebla, Cuautinch\u00e1n, Tecali y Tepeaca con carreteras doble carril: Armenta"},"content":{"rendered":"<h4>Tecali de Herrera, Puebla. Desde el municipio que encabeza la ruta de los conventos, corredor m\u00e1gico, el candidato a la gubernatura de Puebla por la Megacoalci\u00f3n \u201cSigamos Haciendo Historia\u201d Alejandro Armenta, anunci\u00f3 que con su gobierno concluir\u00e1 la carretera Puebla-Cuautinch\u00e1n-Tecali y Tepeaca, a doble carril.<\/h4>\n<p>El candidato mencion\u00f3 que con el apoyo<\/p>\n<p>de la doctora Claudia Sheinbaum,<\/p>\n<p>se invertir\u00e1 en v\u00edas de comunicaci\u00f3n<\/p>\n<p>como las de Atlixco, Iz\u00facar de Matamoros, Acatl\u00e1n, Tepexi de Rodr\u00edguez y Tehuac\u00e1n, \u00abporque las carreteras son promotoras de desarrollo\u00bb, asegur\u00f3.<\/p>\n<p>&nbsp;<\/p>\n<p>Desde este lugar labrador de artesan\u00edas<\/p>\n<p>de onix y m\u00e1rmol, Armenta dijo que impulsar\u00e1 a los artesanos y a los productores del campo, al tiempo de comprometerse<\/p>\n<p>a convertir este municipio en Pueblo M\u00e1gico, \u00abporque la gente de Tecali de Herrera<\/p>\n<p>se lo merece, porque son personas trabajadoras y aliadas de la Cuarta Transformaci\u00f3n\u00bb.<\/p>\n<p>&nbsp;<\/p>\n<p>El candidato morenista indic\u00f3 que en este municipio habr\u00e1 un programa de fomento estatal a los artesanos de Puebla \u00abnecesitamos tener el padr\u00f3n de todos los artesanos y artesanas porque los tenemos que empoderar, con maquinaria y vamos a dotar de seguridad con el mando \u00fanico e inteligencia policial y reacci\u00f3n inmediata para su protecci\u00f3n\u201d<\/p>\n<p>&nbsp;<\/p>\n<p>De la mano de la doctora Claudia Sheinbaum pr\u00f3xima presidenta de M\u00e9xico, en todos los municipios, se llevar\u00e1 a cabo el programa de obra comunitaria m\u00e1s grande de la historia de Puebla, y el presupuesto lo manejar\u00e1n los ciudadanos, y elegir\u00e1n las obras con desarrollo de faenas, asegur\u00f3 Armenta.<\/p>\n<p>&nbsp;<\/p>\n<p>Obra comunitaria pidi\u00f3 el candidato a presidente municipal de Tecali de Herrera, Alan Amador, y ante esto, el candidato de Morena Alejandro Armenta respondi\u00f3 que habr\u00e1 tecnificaci\u00f3n del campo con paneles solares y con esto que paguen menos por la energ\u00eda el\u00e9ctrica y tengan m\u00e1s dinero para sus familias.<\/p>\n<p>&nbsp;<\/p>\n<p>En el evento estuvieron presentes los candidatos a diputados federales y locales: Claudia Rivera Vivanco, Sandra de Yta y Miguel Trujillo, as\u00ed como la presidenta estatal de Morena, Olga Luc\u00eda Romero Garci-Crespo y en representaci\u00f3n del candidato al Senado Ignacio Mier; estuvo Daniel Mier.<\/p>\n","protected":false},"excerpt":{"rendered":"<p>Tecali de Herrera, Puebla. Desde el municipio que encabeza la ruta de los conventos, corredor m\u00e1gico, el candidato a la gubernatura de Puebla por la Megacoalci\u00f3n \u201cSigamos Haciendo Historia\u201d Alejandro Armenta, anunci\u00f3 que con su gobierno concluir\u00e1 la carretera Puebla-Cuautinch\u00e1n-Tecali y Tepeaca, a doble carril. El candidato mencion\u00f3 que con el apoyo de la doctora Claudia Sheinbaum, se invertir\u00e1 en v\u00edas de comunicaci\u00f3n como las de Atlixco, Iz\u00facar de Matamoros, Acatl\u00e1n, Tepexi de Rodr\u00edguez y Tehuac\u00e1n, \u00abporque las carreteras son promotoras de desarrollo\u00bb, asegur\u00f3. &nbsp; Desde este lugar labrador de artesan\u00edas de onix y m\u00e1rmol, Armenta dijo que impulsar\u00e1 a los artesanos y a los productores del campo, al tiempo de comprometerse a convertir este municipio en Pueblo M\u00e1gico, \u00abporque la gente de Tecali de&hellip;<\/p>\n<p class=\"excerpt-more\"><a class=\"blog-excerpt button\" href=\"https:\/\/www.aliadospuebla.com\/?p=91686\">Leer m\u00e1s&#8230;<\/a><\/p>\n","protected":false},"author":2,"featured_media":91687,"comment_status":"open","ping_status":"open","sticky":false,"template":"","format":"standard","meta":{"_monsterinsights_skip_tracking":false,"footnotes":""},"categories":[6],"tags":[4780,2971,3514,23268,23267,2579,23160],"class_list":["post-91686","post","type-post","status-publish","format-standard","has-post-thumbnail","hentry","category-politica","tag-alejandro-armenta","tag-candidato","tag-carreteras","tag-corredor-magico","tag-doble-carril","tag-gubernatura","tag-mando-unico"],"yoast_head":"<!-- This site is optimized with the Yoast SEO plugin v28.4 - https:\/\/yoast.com\/product\/yoast-seo-wordpress\/ -->\n<title>Puebla, Cuautinch\u00e1n, Tecali y Tepeaca con carreteras doble carril: Armenta - AliadosPuebla<\/title>\n<meta name=\"robots\" content=\"index, follow, max-snippet:-1, max-image-preview:large, max-video-preview:-1\" \/>\n<link rel=\"canonical\" href=\"https:\/\/www.aliadospuebla.com\/?p=91686\" \/>\n<meta property=\"og:locale\" content=\"es_ES\" \/>\n<meta property=\"og:type\" content=\"article\" \/>\n<meta property=\"og:title\" content=\"Puebla, Cuautinch\u00e1n, Tecali y Tepeaca con carreteras doble carril: Armenta - AliadosPuebla\" \/>\n<meta property=\"og:description\" content=\"Tecali de Herrera, Puebla. Desde el municipio que encabeza la ruta de los conventos, corredor m\u00e1gico, el candidato a la gubernatura de Puebla por la Megacoalci\u00f3n \u201cSigamos Haciendo Historia\u201d Alejandro Armenta, anunci\u00f3 que con su gobierno concluir\u00e1 la carretera Puebla-Cuautinch\u00e1n-Tecali y Tepeaca, a doble carril. El candidato mencion\u00f3 que con el apoyo de la doctora Claudia Sheinbaum, se invertir\u00e1 en v\u00edas de comunicaci\u00f3n como las de Atlixco, Iz\u00facar de Matamoros, Acatl\u00e1n, Tepexi de Rodr\u00edguez y Tehuac\u00e1n, \u00abporque las carreteras son promotoras de desarrollo\u00bb, asegur\u00f3. &nbsp; Desde este lugar labrador de artesan\u00edas de onix y m\u00e1rmol, Armenta dijo que impulsar\u00e1 a los artesanos y a los productores del campo, al tiempo de comprometerse a convertir este municipio en Pueblo M\u00e1gico, \u00abporque la gente de Tecali de&hellip;Leer m\u00e1s...\" \/>\n<meta property=\"og:url\" content=\"https:\/\/www.aliadospuebla.com\/?p=91686\" \/>\n<meta property=\"og:site_name\" content=\"AliadosPuebla\" \/>\n<meta property=\"article:author\" content=\"https:\/\/www.facebook.com\/Aliados17Pue\" \/>\n<meta property=\"article:published_time\" content=\"2024-05-05T04:37:21+00:00\" \/>\n<meta property=\"og:image\" content=\"https:\/\/www.aliadospuebla.com\/web2017\/wp-content\/uploads\/2024\/05\/PSX_20240504_223654.jpg\" \/>\n\t<meta property=\"og:image:width\" content=\"600\" \/>\n\t<meta property=\"og:image:height\" content=\"450\" \/>\n\t<meta property=\"og:image:type\" content=\"image\/jpeg\" \/>\n<meta name=\"author\" content=\"Aliados17\" \/>\n<meta name=\"twitter:card\" content=\"summary_large_image\" \/>\n<meta name=\"twitter:creator\" content=\"@AliadosPuebla\" \/>\n<meta name=\"twitter:label1\" content=\"Escrito por\" \/>\n\t<meta name=\"twitter:data1\" content=\"Aliados17\" \/>\n\t<meta name=\"twitter:label2\" content=\"Tiempo de lectura\" \/>\n\t<meta name=\"twitter:data2\" content=\"2 minutos\" \/>\n<script type=\"application\/ld+json\" class=\"yoast-schema-graph\">{\"@context\":\"https:\\\/\\\/schema.org\",\"@graph\":[{\"@type\":\"Article\",\"@id\":\"https:\\\/\\\/www.aliadospuebla.com\\\/?p=91686#article\",\"isPartOf\":{\"@id\":\"https:\\\/\\\/www.aliadospuebla.com\\\/?p=91686\"},\"author\":{\"name\":\"Aliados17\",\"@id\":\"https:\\\/\\\/www.aliadospuebla.com\\\/#\\\/schema\\\/person\\\/5da7dd09320bd4f392b710017ed5f8ad\"},\"headline\":\"Puebla, Cuautinch\u00e1n, Tecali y Tepeaca con carreteras doble carril: Armenta\",\"datePublished\":\"2024-05-05T04:37:21+00:00\",\"mainEntityOfPage\":{\"@id\":\"https:\\\/\\\/www.aliadospuebla.com\\\/?p=91686\"},\"wordCount\":378,\"commentCount\":0,\"image\":{\"@id\":\"https:\\\/\\\/www.aliadospuebla.com\\\/?p=91686#primaryimage\"},\"thumbnailUrl\":\"https:\\\/\\\/www.aliadospuebla.com\\\/web2017\\\/wp-content\\\/uploads\\\/2024\\\/05\\\/PSX_20240504_223654.jpg\",\"keywords\":[\"ALEJANDRO ARMENTA\",\"CANDIDATO\",\"CARRETERAS\",\"Corredor m\u00e1gico\",\"doble carril\",\"GUBERNATURA\",\"mando \u00fanico\"],\"articleSection\":[\"Pol\u00edtica\"],\"inLanguage\":\"es\",\"potentialAction\":[{\"@type\":\"CommentAction\",\"name\":\"Comment\",\"target\":[\"https:\\\/\\\/www.aliadospuebla.com\\\/?p=91686#respond\"]}]},{\"@type\":\"WebPage\",\"@id\":\"https:\\\/\\\/www.aliadospuebla.com\\\/?p=91686\",\"url\":\"https:\\\/\\\/www.aliadospuebla.com\\\/?p=91686\",\"name\":\"Puebla, Cuautinch\u00e1n, Tecali y Tepeaca con carreteras doble carril: Armenta - AliadosPuebla\",\"isPartOf\":{\"@id\":\"https:\\\/\\\/www.aliadospuebla.com\\\/#website\"},\"primaryImageOfPage\":{\"@id\":\"https:\\\/\\\/www.aliadospuebla.com\\\/?p=91686#primaryimage\"},\"image\":{\"@id\":\"https:\\\/\\\/www.aliadospuebla.com\\\/?p=91686#primaryimage\"},\"thumbnailUrl\":\"https:\\\/\\\/www.aliadospuebla.com\\\/web2017\\\/wp-content\\\/uploads\\\/2024\\\/05\\\/PSX_20240504_223654.jpg\",\"datePublished\":\"2024-05-05T04:37:21+00:00\",\"author\":{\"@id\":\"https:\\\/\\\/www.aliadospuebla.com\\\/#\\\/schema\\\/person\\\/5da7dd09320bd4f392b710017ed5f8ad\"},\"breadcrumb\":{\"@id\":\"https:\\\/\\\/www.aliadospuebla.com\\\/?p=91686#breadcrumb\"},\"inLanguage\":\"es\",\"potentialAction\":[{\"@type\":\"ReadAction\",\"target\":[\"https:\\\/\\\/www.aliadospuebla.com\\\/?p=91686\"]}]},{\"@type\":\"ImageObject\",\"inLanguage\":\"es\",\"@id\":\"https:\\\/\\\/www.aliadospuebla.com\\\/?p=91686#primaryimage\",\"url\":\"https:\\\/\\\/www.aliadospuebla.com\\\/web2017\\\/wp-content\\\/uploads\\\/2024\\\/05\\\/PSX_20240504_223654.jpg\",\"contentUrl\":\"https:\\\/\\\/www.aliadospuebla.com\\\/web2017\\\/wp-content\\\/uploads\\\/2024\\\/05\\\/PSX_20240504_223654.jpg\",\"width\":600,\"height\":450},{\"@type\":\"BreadcrumbList\",\"@id\":\"https:\\\/\\\/www.aliadospuebla.com\\\/?p=91686#breadcrumb\",\"itemListElement\":[{\"@type\":\"ListItem\",\"position\":1,\"name\":\"Portada\",\"item\":\"https:\\\/\\\/www.aliadospuebla.com\\\/\"},{\"@type\":\"ListItem\",\"position\":2,\"name\":\"Puebla, Cuautinch\u00e1n, Tecali y Tepeaca con carreteras doble carril: Armenta\"}]},{\"@type\":\"WebSite\",\"@id\":\"https:\\\/\\\/www.aliadospuebla.com\\\/#website\",\"url\":\"https:\\\/\\\/www.aliadospuebla.com\\\/\",\"name\":\"AliadosPuebla\",\"description\":\"La informaci\u00f3n en tus manos\",\"potentialAction\":[{\"@type\":\"SearchAction\",\"target\":{\"@type\":\"EntryPoint\",\"urlTemplate\":\"https:\\\/\\\/www.aliadospuebla.com\\\/?s={search_term_string}\"},\"query-input\":{\"@type\":\"PropertyValueSpecification\",\"valueRequired\":true,\"valueName\":\"search_term_string\"}}],\"inLanguage\":\"es\"},{\"@type\":\"Person\",\"@id\":\"https:\\\/\\\/www.aliadospuebla.com\\\/#\\\/schema\\\/person\\\/5da7dd09320bd4f392b710017ed5f8ad\",\"name\":\"Aliados17\",\"image\":{\"@type\":\"ImageObject\",\"inLanguage\":\"es\",\"@id\":\"https:\\\/\\\/www.aliadospuebla.com\\\/web2017\\\/wp-content\\\/uploads\\\/2025\\\/03\\\/cropped-para-perfil-8-anos-1-96x96.jpg\",\"url\":\"https:\\\/\\\/www.aliadospuebla.com\\\/web2017\\\/wp-content\\\/uploads\\\/2025\\\/03\\\/cropped-para-perfil-8-anos-1-96x96.jpg\",\"contentUrl\":\"https:\\\/\\\/www.aliadospuebla.com\\\/web2017\\\/wp-content\\\/uploads\\\/2025\\\/03\\\/cropped-para-perfil-8-anos-1-96x96.jpg\",\"caption\":\"Aliados17\"},\"sameAs\":[\"https:\\\/\\\/www.aliados17.com\",\"https:\\\/\\\/www.facebook.com\\\/Aliados17Pue\",\"https:\\\/\\\/x.com\\\/AliadosPuebla\"],\"url\":\"https:\\\/\\\/www.aliadospuebla.com\\\/?author=2\"}]}<\/script>\n<!-- \/ Yoast SEO plugin. -->","yoast_head_json":{"title":"Puebla, Cuautinch\u00e1n, Tecali y Tepeaca con carreteras doble carril: Armenta - AliadosPuebla","robots":{"index":"index","follow":"follow","max-snippet":"max-snippet:-1","max-image-preview":"max-image-preview:large","max-video-preview":"max-video-preview:-1"},"canonical":"https:\/\/www.aliadospuebla.com\/?p=91686","og_locale":"es_ES","og_type":"article","og_title":"Puebla, Cuautinch\u00e1n, Tecali y Tepeaca con carreteras doble carril: Armenta - AliadosPuebla","og_description":"Tecali de Herrera, Puebla. Desde el municipio que encabeza la ruta de los conventos, corredor m\u00e1gico, el candidato a la gubernatura de Puebla por la Megacoalci\u00f3n \u201cSigamos Haciendo Historia\u201d Alejandro Armenta, anunci\u00f3 que con su gobierno concluir\u00e1 la carretera Puebla-Cuautinch\u00e1n-Tecali y Tepeaca, a doble carril. El candidato mencion\u00f3 que con el apoyo de la doctora Claudia Sheinbaum, se invertir\u00e1 en v\u00edas de comunicaci\u00f3n como las de Atlixco, Iz\u00facar de Matamoros, Acatl\u00e1n, Tepexi de Rodr\u00edguez y Tehuac\u00e1n, \u00abporque las carreteras son promotoras de desarrollo\u00bb, asegur\u00f3. &nbsp; Desde este lugar labrador de artesan\u00edas de onix y m\u00e1rmol, Armenta dijo que impulsar\u00e1 a los artesanos y a los productores del campo, al tiempo de comprometerse a convertir este municipio en Pueblo M\u00e1gico, \u00abporque la gente de Tecali de&hellip;Leer m\u00e1s...","og_url":"https:\/\/www.aliadospuebla.com\/?p=91686","og_site_name":"AliadosPuebla","article_author":"https:\/\/www.facebook.com\/Aliados17Pue","article_published_time":"2024-05-05T04:37:21+00:00","og_image":[{"width":600,"height":450,"url":"https:\/\/www.aliadospuebla.com\/web2017\/wp-content\/uploads\/2024\/05\/PSX_20240504_223654.jpg","type":"image\/jpeg"}],"author":"Aliados17","twitter_card":"summary_large_image","twitter_creator":"@AliadosPuebla","twitter_misc":{"Escrito por":"Aliados17","Tiempo de lectura":"2 minutos"},"schema":{"@context":"https:\/\/schema.org","@graph":[{"@type":"Article","@id":"https:\/\/www.aliadospuebla.com\/?p=91686#article","isPartOf":{"@id":"https:\/\/www.aliadospuebla.com\/?p=91686"},"author":{"name":"Aliados17","@id":"https:\/\/www.aliadospuebla.com\/#\/schema\/person\/5da7dd09320bd4f392b710017ed5f8ad"},"headline":"Puebla, Cuautinch\u00e1n, Tecali y Tepeaca con carreteras doble carril: Armenta","datePublished":"2024-05-05T04:37:21+00:00","mainEntityOfPage":{"@id":"https:\/\/www.aliadospuebla.com\/?p=91686"},"wordCount":378,"commentCount":0,"image":{"@id":"https:\/\/www.aliadospuebla.com\/?p=91686#primaryimage"},"thumbnailUrl":"https:\/\/www.aliadospuebla.com\/web2017\/wp-content\/uploads\/2024\/05\/PSX_20240504_223654.jpg","keywords":["ALEJANDRO ARMENTA","CANDIDATO","CARRETERAS","Corredor m\u00e1gico","doble carril","GUBERNATURA","mando \u00fanico"],"articleSection":["Pol\u00edtica"],"inLanguage":"es","potentialAction":[{"@type":"CommentAction","name":"Comment","target":["https:\/\/www.aliadospuebla.com\/?p=91686#respond"]}]},{"@type":"WebPage","@id":"https:\/\/www.aliadospuebla.com\/?p=91686","url":"https:\/\/www.aliadospuebla.com\/?p=91686","name":"Puebla, Cuautinch\u00e1n, Tecali y Tepeaca con carreteras doble carril: Armenta - AliadosPuebla","isPartOf":{"@id":"https:\/\/www.aliadospuebla.com\/#website"},"primaryImageOfPage":{"@id":"https:\/\/www.aliadospuebla.com\/?p=91686#primaryimage"},"image":{"@id":"https:\/\/www.aliadospuebla.com\/?p=91686#primaryimage"},"thumbnailUrl":"https:\/\/www.aliadospuebla.com\/web2017\/wp-content\/uploads\/2024\/05\/PSX_20240504_223654.jpg","datePublished":"2024-05-05T04:37:21+00:00","author":{"@id":"https:\/\/www.aliadospuebla.com\/#\/schema\/person\/5da7dd09320bd4f392b710017ed5f8ad"},"breadcrumb":{"@id":"https:\/\/www.aliadospuebla.com\/?p=91686#breadcrumb"},"inLanguage":"es","potentialAction":[{"@type":"ReadAction","target":["https:\/\/www.aliadospuebla.com\/?p=91686"]}]},{"@type":"ImageObject","inLanguage":"es","@id":"https:\/\/www.aliadospuebla.com\/?p=91686#primaryimage","url":"https:\/\/www.aliadospuebla.com\/web2017\/wp-content\/uploads\/2024\/05\/PSX_20240504_223654.jpg","contentUrl":"https:\/\/www.aliadospuebla.com\/web2017\/wp-content\/uploads\/2024\/05\/PSX_20240504_223654.jpg","width":600,"height":450},{"@type":"BreadcrumbList","@id":"https:\/\/www.aliadospuebla.com\/?p=91686#breadcrumb","itemListElement":[{"@type":"ListItem","position":1,"name":"Portada","item":"https:\/\/www.aliadospuebla.com\/"},{"@type":"ListItem","position":2,"name":"Puebla, Cuautinch\u00e1n, Tecali y Tepeaca con carreteras doble carril: Armenta"}]},{"@type":"WebSite","@id":"https:\/\/www.aliadospuebla.com\/#website","url":"https:\/\/www.aliadospuebla.com\/","name":"AliadosPuebla","description":"La informaci\u00f3n en tus manos","potentialAction":[{"@type":"SearchAction","target":{"@type":"EntryPoint","urlTemplate":"https:\/\/www.aliadospuebla.com\/?s={search_term_string}"},"query-input":{"@type":"PropertyValueSpecification","valueRequired":true,"valueName":"search_term_string"}}],"inLanguage":"es"},{"@type":"Person","@id":"https:\/\/www.aliadospuebla.com\/#\/schema\/person\/5da7dd09320bd4f392b710017ed5f8ad","name":"Aliados17","image":{"@type":"ImageObject","inLanguage":"es","@id":"https:\/\/www.aliadospuebla.com\/web2017\/wp-content\/uploads\/2025\/03\/cropped-para-perfil-8-anos-1-96x96.jpg","url":"https:\/\/www.aliadospuebla.com\/web2017\/wp-content\/uploads\/2025\/03\/cropped-para-perfil-8-anos-1-96x96.jpg","contentUrl":"https:\/\/www.aliadospuebla.com\/web2017\/wp-content\/uploads\/2025\/03\/cropped-para-perfil-8-anos-1-96x96.jpg","caption":"Aliados17"},"sameAs":["https:\/\/www.aliados17.com","https:\/\/www.facebook.com\/Aliados17Pue","https:\/\/x.com\/AliadosPuebla"],"url":"https:\/\/www.aliadospuebla.com\/?author=2"}]}},"views":9,"_links":{"self":[{"href":"https:\/\/www.aliadospuebla.com\/index.php?rest_route=\/wp\/v2\/posts\/91686","targetHints":{"allow":["GET"]}}],"collection":[{"href":"https:\/\/www.aliadospuebla.com\/index.php?rest_route=\/wp\/v2\/posts"}],"about":[{"href":"https:\/\/www.aliadospuebla.com\/index.php?rest_route=\/wp\/v2\/types\/post"}],"author":[{"embeddable":true,"href":"https:\/\/www.aliadospuebla.com\/index.php?rest_route=\/wp\/v2\/users\/2"}],"replies":[{"embeddable":true,"href":"https:\/\/www.aliadospuebla.com\/index.php?rest_route=%2Fwp%2Fv2%2Fcomments&post=91686"}],"version-history":[{"count":1,"href":"https:\/\/www.aliadospuebla.com\/index.php?rest_route=\/wp\/v2\/posts\/91686\/revisions"}],"predecessor-version":[{"id":91688,"href":"https:\/\/www.aliadospuebla.com\/index.php?rest_route=\/wp\/v2\/posts\/91686\/revisions\/91688"}],"wp:featuredmedia":[{"embeddable":true,"href":"https:\/\/www.aliadospuebla.com\/index.php?rest_route=\/wp\/v2\/media\/91687"}],"wp:attachment":[{"href":"https:\/\/www.aliadospuebla.com\/index.php?rest_route=%2Fwp%2Fv2%2Fmedia&parent=91686"}],"wp:term":[{"taxonomy":"category","embeddable":true,"href":"https:\/\/www.aliadospuebla.com\/index.php?rest_route=%2Fwp%2Fv2%2Fcategories&post=91686"},{"taxonomy":"post_tag","embeddable":true,"href":"https:\/\/www.aliadospuebla.com\/index.php?rest_route=%2Fwp%2Fv2%2Ftags&post=91686"}],"curies":[{"name":"wp","href":"https:\/\/api.w.org\/{rel}","templated":true}]}}