{"id":91661,"date":"2024-05-03T21:40:02","date_gmt":"2024-05-04T03:40:02","guid":{"rendered":"https:\/\/www.aliados17.com\/?p=91661"},"modified":"2024-05-03T21:40:02","modified_gmt":"2024-05-04T03:40:02","slug":"armenta-va-por-la-reactivacion-de-los-constructores-poblanos","status":"publish","type":"post","link":"https:\/\/www.aliadospuebla.com\/?p=91661","title":{"rendered":"Armenta va por la reactivaci\u00f3n de los constructores poblanos"},"content":{"rendered":"<p>Ciudad de Puebla. El candidato a la gubernatura de Puebla por la Megacoalici\u00f3n \u00abSigamos Haciendo Historia\u00bb, Alejandro Armenta, sostuvo<\/p>\n<p>un di\u00e1logo con el sector de la construcci\u00f3n de Puebla. Destac\u00f3 que el Plan Estatal contempla una visi\u00f3n gubernamental inclusiva para el<\/p>\n<p>sexenio, hacen falta acciones que permitan recuperar el dinamismo que Puebla merece, lejos de la corrupci\u00f3n, \u201cyo s\u00ed me la voy a jugar con los<\/p>\n<p>constructores poblanos, soy poblano, mal har\u00eda si fuera toluque\u00f1o, pues me la jugar\u00eda con los toluque\u00f1os\u201d<\/p>\n<p>&nbsp;<\/p>\n<p>Partiendo del humanismo mexicano, para conseguir justicia, seguridad y riqueza comunitaria, tenemos 16 proyectos insignia, mencion\u00f3<\/p>\n<p>Armenta. Entre las grandes obras que la doctora Claudia Sheinbaum tiene para el estado destacan conectar la Sierra Norte con la Sierra<\/p>\n<p>Nororiental, el tren de pasajeros Ciudad de M\u00e9xico-Puebla-Veracruz, rutas que buscan detonar y fortalecer el turismo en toda esta regi\u00f3n,<\/p>\n<p>donde se ubican m\u00e1s de 100 municipios pujantes con un gran desarrollo industrial, arqueol\u00f3gico, gastron\u00f3mico, arquitect\u00f3nico con una<\/p>\n<p>formaci\u00f3n pluricultural y \u00e9tnica.<\/p>\n<p>&nbsp;<\/p>\n<p>En el marco del d\u00eda de los trabajadores de la construcci\u00f3n, el candidato Alejandro Armenta mencion\u00f3 otros proyectos, como el Valle de la<\/p>\n<p>Tecnolog\u00eda y la Electromovilidad, \u00abpara subirnos al tren interoce\u00e1nico y las aldeas sustentables en las zonas de las monta\u00f1as de Puebla, y de<\/p>\n<p>una vez les digo, no habr\u00e1 trabas para la inversi\u00f3n privada, siempre y cuando sea de origen limpio y bien dirigido\u00bb. Ante los empresarios<\/p>\n<p>constructores poblanos, dijo que las grandes obras se tendr\u00e1n que convertir en pol\u00edticas p\u00fablicas, con consejos ciudadanos.<\/p>\n<p>&nbsp;<\/p>\n<p>Por su parte, Gustavo David Vargas Constantini, presidente estatal de la C\u00e1mara Mexicana de la Industria de la Construcci\u00f3n (CMIC) Puebla,<\/p>\n<p>coincidi\u00f3 que la infraestructura p\u00fablica es un motor de desarrollo y bienestar para Puebla. \u00abLa construcci\u00f3n de infraestructura y edificaci\u00f3n,<\/p>\n<p>adem\u00e1s de ser un motor de crecimiento econ\u00f3mico, tambi\u00e9n es un pilar fundamental para el bienestar social\u00bb. Esto permitir\u00e1 obtener un<\/p>\n<p>mayor presupuesto en la inversi\u00f3n en infraestructura p\u00fablica, ya que en el 2024 el monto asignado a la inversi\u00f3n p\u00fablica a nivel nacional es<\/p>\n<p>un 11.1% menor en t\u00e9rminos reales al aprobado en 2023 y un 35% menor a lo aprobado y ejercido\u00a0en\u00a02016.<\/p>\n","protected":false},"excerpt":{"rendered":"<p>Ciudad de Puebla. El candidato a la gubernatura de Puebla por la Megacoalici\u00f3n \u00abSigamos Haciendo Historia\u00bb, Alejandro Armenta, sostuvo un di\u00e1logo con el sector de la construcci\u00f3n de Puebla. Destac\u00f3 que el Plan Estatal contempla una visi\u00f3n gubernamental inclusiva para el sexenio, hacen falta acciones que permitan recuperar el dinamismo que Puebla merece, lejos de la corrupci\u00f3n, \u201cyo s\u00ed me la voy a jugar con los constructores poblanos, soy poblano, mal har\u00eda si fuera toluque\u00f1o, pues me la jugar\u00eda con los toluque\u00f1os\u201d &nbsp; Partiendo del humanismo mexicano, para conseguir justicia, seguridad y riqueza comunitaria, tenemos 16 proyectos insignia, mencion\u00f3 Armenta. Entre las grandes obras que la doctora Claudia Sheinbaum tiene para el estado destacan conectar la Sierra Norte con la Sierra Nororiental, el tren de&hellip;<\/p>\n<p class=\"excerpt-more\"><a class=\"blog-excerpt button\" href=\"https:\/\/www.aliadospuebla.com\/?p=91661\">Leer m\u00e1s&#8230;<\/a><\/p>\n","protected":false},"author":2,"featured_media":91665,"comment_status":"open","ping_status":"open","sticky":false,"template":"","format":"standard","meta":{"_monsterinsights_skip_tracking":false,"footnotes":""},"categories":[6],"tags":[7532,653,23118,11026,10636,5244,8056,23119,170,251,2403,13188,45,3880,13158,17715,13795,13718,19795,14620,13467,13635,19794,13575,15430,63,19283,14621,13749,27,13508],"class_list":["post-91661","post","type-post","status-publish","format-standard","has-post-thumbnail","hentry","category-politica","tag-armenta","tag-buap","tag-campana-politica","tag-ciudad-de-puebla","tag-estado-de-puebla","tag-gobernador-de-puebla","tag-gobierno-de-puebla","tag-mario-puebla","tag-mario-riestra","tag-pan","tag-partidos-politicos","tag-politica-puebla","tag-pri","tag-psi","tag-puebla-ciudad","tag-puebla-estado","tag-puebla-gobierno","tag-puebla-politica","tag-puebla-senadores","tag-puebla-udlap","tag-puebla-universidad","tag-puebla-universidades","tag-senadores-puebla","tag-sergio-salomon","tag-tono-lopez","tag-udlap","tag-udlap-cholula","tag-udlap-puebla","tag-universidad-de-puebla","tag-upaep","tag-upaep-puebla"],"yoast_head":"<!-- This site is optimized with the Yoast SEO plugin v28.4 - https:\/\/yoast.com\/product\/yoast-seo-wordpress\/ -->\n<title>Armenta va por la reactivaci\u00f3n de los constructores poblanos - AliadosPuebla<\/title>\n<meta name=\"robots\" content=\"index, follow, max-snippet:-1, max-image-preview:large, max-video-preview:-1\" \/>\n<link rel=\"canonical\" href=\"https:\/\/www.aliadospuebla.com\/?p=91661\" \/>\n<meta property=\"og:locale\" content=\"es_ES\" \/>\n<meta property=\"og:type\" content=\"article\" \/>\n<meta property=\"og:title\" content=\"Armenta va por la reactivaci\u00f3n de los constructores poblanos - AliadosPuebla\" \/>\n<meta property=\"og:description\" content=\"Ciudad de Puebla. El candidato a la gubernatura de Puebla por la Megacoalici\u00f3n \u00abSigamos Haciendo Historia\u00bb, Alejandro Armenta, sostuvo un di\u00e1logo con el sector de la construcci\u00f3n de Puebla. Destac\u00f3 que el Plan Estatal contempla una visi\u00f3n gubernamental inclusiva para el sexenio, hacen falta acciones que permitan recuperar el dinamismo que Puebla merece, lejos de la corrupci\u00f3n, \u201cyo s\u00ed me la voy a jugar con los constructores poblanos, soy poblano, mal har\u00eda si fuera toluque\u00f1o, pues me la jugar\u00eda con los toluque\u00f1os\u201d &nbsp; Partiendo del humanismo mexicano, para conseguir justicia, seguridad y riqueza comunitaria, tenemos 16 proyectos insignia, mencion\u00f3 Armenta. Entre las grandes obras que la doctora Claudia Sheinbaum tiene para el estado destacan conectar la Sierra Norte con la Sierra Nororiental, el tren de&hellip;Leer m\u00e1s...\" \/>\n<meta property=\"og:url\" content=\"https:\/\/www.aliadospuebla.com\/?p=91661\" \/>\n<meta property=\"og:site_name\" content=\"AliadosPuebla\" \/>\n<meta property=\"article:author\" content=\"https:\/\/www.facebook.com\/Aliados17Pue\" \/>\n<meta property=\"article:published_time\" content=\"2024-05-04T03:40:02+00:00\" \/>\n<meta property=\"og:image\" content=\"https:\/\/www.aliadospuebla.com\/web2017\/wp-content\/uploads\/2024\/05\/Imagen-de-WhatsApp-2024-05-03-a-las-21.25.17_53e952cf-scaled.jpg\" \/>\n\t<meta property=\"og:image:width\" content=\"2560\" \/>\n\t<meta property=\"og:image:height\" content=\"1707\" \/>\n\t<meta property=\"og:image:type\" content=\"image\/jpeg\" \/>\n<meta name=\"author\" content=\"Aliados17\" \/>\n<meta name=\"twitter:card\" content=\"summary_large_image\" \/>\n<meta name=\"twitter:creator\" content=\"@AliadosPuebla\" \/>\n<meta name=\"twitter:label1\" content=\"Escrito por\" \/>\n\t<meta name=\"twitter:data1\" content=\"Aliados17\" \/>\n\t<meta name=\"twitter:label2\" content=\"Tiempo de lectura\" \/>\n\t<meta name=\"twitter:data2\" content=\"2 minutos\" \/>\n<script type=\"application\/ld+json\" class=\"yoast-schema-graph\">{\"@context\":\"https:\\\/\\\/schema.org\",\"@graph\":[{\"@type\":\"Article\",\"@id\":\"https:\\\/\\\/www.aliadospuebla.com\\\/?p=91661#article\",\"isPartOf\":{\"@id\":\"https:\\\/\\\/www.aliadospuebla.com\\\/?p=91661\"},\"author\":{\"name\":\"Aliados17\",\"@id\":\"https:\\\/\\\/www.aliadospuebla.com\\\/#\\\/schema\\\/person\\\/5da7dd09320bd4f392b710017ed5f8ad\"},\"headline\":\"Armenta va por la reactivaci\u00f3n de los constructores poblanos\",\"datePublished\":\"2024-05-04T03:40:02+00:00\",\"mainEntityOfPage\":{\"@id\":\"https:\\\/\\\/www.aliadospuebla.com\\\/?p=91661\"},\"wordCount\":400,\"commentCount\":0,\"image\":{\"@id\":\"https:\\\/\\\/www.aliadospuebla.com\\\/?p=91661#primaryimage\"},\"thumbnailUrl\":\"https:\\\/\\\/www.aliadospuebla.com\\\/web2017\\\/wp-content\\\/uploads\\\/2024\\\/05\\\/Imagen-de-WhatsApp-2024-05-03-a-las-21.25.17_53e952cf-scaled.jpg\",\"keywords\":[\"ARMENTA\",\"BUAP\",\"Campa\u00f1a politica\",\"CIUDAD DE PUEBLA\",\"ESTADO DE PUEBLA\",\"GOBERNADOR DE PUEBLA\",\"GOBIERNO DE PUEBLA\",\"Mario puebla\",\"Mario Riestra\",\"PAN\",\"PARTIDOS POL\u00cdTICOS\",\"Politica Puebla\",\"PRI\",\"PSI\",\"Puebla Ciudad\",\"Puebla estado\",\"Puebla gobierno\",\"puebla politica\",\"Puebla Senadores\",\"Puebla UDLAP\",\"Puebla Universidad\",\"Puebla Universidades\",\"Senadores Puebla\",\"Sergio Salomon\",\"To\u00f1o L\u00f3pez\",\"Udlap\",\"Udlap cholula\",\"UDLAP Puebla\",\"Universidad de Puebla\",\"UPAEP\",\"UPAEP Puebla\"],\"articleSection\":[\"Pol\u00edtica\"],\"inLanguage\":\"es\",\"potentialAction\":[{\"@type\":\"CommentAction\",\"name\":\"Comment\",\"target\":[\"https:\\\/\\\/www.aliadospuebla.com\\\/?p=91661#respond\"]}]},{\"@type\":\"WebPage\",\"@id\":\"https:\\\/\\\/www.aliadospuebla.com\\\/?p=91661\",\"url\":\"https:\\\/\\\/www.aliadospuebla.com\\\/?p=91661\",\"name\":\"Armenta va por la reactivaci\u00f3n de los constructores poblanos - AliadosPuebla\",\"isPartOf\":{\"@id\":\"https:\\\/\\\/www.aliadospuebla.com\\\/#website\"},\"primaryImageOfPage\":{\"@id\":\"https:\\\/\\\/www.aliadospuebla.com\\\/?p=91661#primaryimage\"},\"image\":{\"@id\":\"https:\\\/\\\/www.aliadospuebla.com\\\/?p=91661#primaryimage\"},\"thumbnailUrl\":\"https:\\\/\\\/www.aliadospuebla.com\\\/web2017\\\/wp-content\\\/uploads\\\/2024\\\/05\\\/Imagen-de-WhatsApp-2024-05-03-a-las-21.25.17_53e952cf-scaled.jpg\",\"datePublished\":\"2024-05-04T03:40:02+00:00\",\"author\":{\"@id\":\"https:\\\/\\\/www.aliadospuebla.com\\\/#\\\/schema\\\/person\\\/5da7dd09320bd4f392b710017ed5f8ad\"},\"breadcrumb\":{\"@id\":\"https:\\\/\\\/www.aliadospuebla.com\\\/?p=91661#breadcrumb\"},\"inLanguage\":\"es\",\"potentialAction\":[{\"@type\":\"ReadAction\",\"target\":[\"https:\\\/\\\/www.aliadospuebla.com\\\/?p=91661\"]}]},{\"@type\":\"ImageObject\",\"inLanguage\":\"es\",\"@id\":\"https:\\\/\\\/www.aliadospuebla.com\\\/?p=91661#primaryimage\",\"url\":\"https:\\\/\\\/www.aliadospuebla.com\\\/web2017\\\/wp-content\\\/uploads\\\/2024\\\/05\\\/Imagen-de-WhatsApp-2024-05-03-a-las-21.25.17_53e952cf-scaled.jpg\",\"contentUrl\":\"https:\\\/\\\/www.aliadospuebla.com\\\/web2017\\\/wp-content\\\/uploads\\\/2024\\\/05\\\/Imagen-de-WhatsApp-2024-05-03-a-las-21.25.17_53e952cf-scaled.jpg\",\"width\":2560,\"height\":1707},{\"@type\":\"BreadcrumbList\",\"@id\":\"https:\\\/\\\/www.aliadospuebla.com\\\/?p=91661#breadcrumb\",\"itemListElement\":[{\"@type\":\"ListItem\",\"position\":1,\"name\":\"Portada\",\"item\":\"https:\\\/\\\/www.aliadospuebla.com\\\/\"},{\"@type\":\"ListItem\",\"position\":2,\"name\":\"Armenta va por la reactivaci\u00f3n de los constructores poblanos\"}]},{\"@type\":\"WebSite\",\"@id\":\"https:\\\/\\\/www.aliadospuebla.com\\\/#website\",\"url\":\"https:\\\/\\\/www.aliadospuebla.com\\\/\",\"name\":\"AliadosPuebla\",\"description\":\"La informaci\u00f3n en tus manos\",\"potentialAction\":[{\"@type\":\"SearchAction\",\"target\":{\"@type\":\"EntryPoint\",\"urlTemplate\":\"https:\\\/\\\/www.aliadospuebla.com\\\/?s={search_term_string}\"},\"query-input\":{\"@type\":\"PropertyValueSpecification\",\"valueRequired\":true,\"valueName\":\"search_term_string\"}}],\"inLanguage\":\"es\"},{\"@type\":\"Person\",\"@id\":\"https:\\\/\\\/www.aliadospuebla.com\\\/#\\\/schema\\\/person\\\/5da7dd09320bd4f392b710017ed5f8ad\",\"name\":\"Aliados17\",\"image\":{\"@type\":\"ImageObject\",\"inLanguage\":\"es\",\"@id\":\"https:\\\/\\\/www.aliadospuebla.com\\\/web2017\\\/wp-content\\\/uploads\\\/2025\\\/03\\\/cropped-para-perfil-8-anos-1-96x96.jpg\",\"url\":\"https:\\\/\\\/www.aliadospuebla.com\\\/web2017\\\/wp-content\\\/uploads\\\/2025\\\/03\\\/cropped-para-perfil-8-anos-1-96x96.jpg\",\"contentUrl\":\"https:\\\/\\\/www.aliadospuebla.com\\\/web2017\\\/wp-content\\\/uploads\\\/2025\\\/03\\\/cropped-para-perfil-8-anos-1-96x96.jpg\",\"caption\":\"Aliados17\"},\"sameAs\":[\"https:\\\/\\\/www.aliados17.com\",\"https:\\\/\\\/www.facebook.com\\\/Aliados17Pue\",\"https:\\\/\\\/x.com\\\/AliadosPuebla\"],\"url\":\"https:\\\/\\\/www.aliadospuebla.com\\\/?author=2\"}]}<\/script>\n<!-- \/ Yoast SEO plugin. -->","yoast_head_json":{"title":"Armenta va por la reactivaci\u00f3n de los constructores poblanos - AliadosPuebla","robots":{"index":"index","follow":"follow","max-snippet":"max-snippet:-1","max-image-preview":"max-image-preview:large","max-video-preview":"max-video-preview:-1"},"canonical":"https:\/\/www.aliadospuebla.com\/?p=91661","og_locale":"es_ES","og_type":"article","og_title":"Armenta va por la reactivaci\u00f3n de los constructores poblanos - AliadosPuebla","og_description":"Ciudad de Puebla. El candidato a la gubernatura de Puebla por la Megacoalici\u00f3n \u00abSigamos Haciendo Historia\u00bb, Alejandro Armenta, sostuvo un di\u00e1logo con el sector de la construcci\u00f3n de Puebla. Destac\u00f3 que el Plan Estatal contempla una visi\u00f3n gubernamental inclusiva para el sexenio, hacen falta acciones que permitan recuperar el dinamismo que Puebla merece, lejos de la corrupci\u00f3n, \u201cyo s\u00ed me la voy a jugar con los constructores poblanos, soy poblano, mal har\u00eda si fuera toluque\u00f1o, pues me la jugar\u00eda con los toluque\u00f1os\u201d &nbsp; Partiendo del humanismo mexicano, para conseguir justicia, seguridad y riqueza comunitaria, tenemos 16 proyectos insignia, mencion\u00f3 Armenta. Entre las grandes obras que la doctora Claudia Sheinbaum tiene para el estado destacan conectar la Sierra Norte con la Sierra Nororiental, el tren de&hellip;Leer m\u00e1s...","og_url":"https:\/\/www.aliadospuebla.com\/?p=91661","og_site_name":"AliadosPuebla","article_author":"https:\/\/www.facebook.com\/Aliados17Pue","article_published_time":"2024-05-04T03:40:02+00:00","og_image":[{"width":2560,"height":1707,"url":"https:\/\/www.aliadospuebla.com\/web2017\/wp-content\/uploads\/2024\/05\/Imagen-de-WhatsApp-2024-05-03-a-las-21.25.17_53e952cf-scaled.jpg","type":"image\/jpeg"}],"author":"Aliados17","twitter_card":"summary_large_image","twitter_creator":"@AliadosPuebla","twitter_misc":{"Escrito por":"Aliados17","Tiempo de lectura":"2 minutos"},"schema":{"@context":"https:\/\/schema.org","@graph":[{"@type":"Article","@id":"https:\/\/www.aliadospuebla.com\/?p=91661#article","isPartOf":{"@id":"https:\/\/www.aliadospuebla.com\/?p=91661"},"author":{"name":"Aliados17","@id":"https:\/\/www.aliadospuebla.com\/#\/schema\/person\/5da7dd09320bd4f392b710017ed5f8ad"},"headline":"Armenta va por la reactivaci\u00f3n de los constructores poblanos","datePublished":"2024-05-04T03:40:02+00:00","mainEntityOfPage":{"@id":"https:\/\/www.aliadospuebla.com\/?p=91661"},"wordCount":400,"commentCount":0,"image":{"@id":"https:\/\/www.aliadospuebla.com\/?p=91661#primaryimage"},"thumbnailUrl":"https:\/\/www.aliadospuebla.com\/web2017\/wp-content\/uploads\/2024\/05\/Imagen-de-WhatsApp-2024-05-03-a-las-21.25.17_53e952cf-scaled.jpg","keywords":["ARMENTA","BUAP","Campa\u00f1a politica","CIUDAD DE PUEBLA","ESTADO DE PUEBLA","GOBERNADOR DE PUEBLA","GOBIERNO DE PUEBLA","Mario puebla","Mario Riestra","PAN","PARTIDOS POL\u00cdTICOS","Politica Puebla","PRI","PSI","Puebla Ciudad","Puebla estado","Puebla gobierno","puebla politica","Puebla Senadores","Puebla UDLAP","Puebla Universidad","Puebla Universidades","Senadores Puebla","Sergio Salomon","To\u00f1o L\u00f3pez","Udlap","Udlap cholula","UDLAP Puebla","Universidad de Puebla","UPAEP","UPAEP Puebla"],"articleSection":["Pol\u00edtica"],"inLanguage":"es","potentialAction":[{"@type":"CommentAction","name":"Comment","target":["https:\/\/www.aliadospuebla.com\/?p=91661#respond"]}]},{"@type":"WebPage","@id":"https:\/\/www.aliadospuebla.com\/?p=91661","url":"https:\/\/www.aliadospuebla.com\/?p=91661","name":"Armenta va por la reactivaci\u00f3n de los constructores poblanos - AliadosPuebla","isPartOf":{"@id":"https:\/\/www.aliadospuebla.com\/#website"},"primaryImageOfPage":{"@id":"https:\/\/www.aliadospuebla.com\/?p=91661#primaryimage"},"image":{"@id":"https:\/\/www.aliadospuebla.com\/?p=91661#primaryimage"},"thumbnailUrl":"https:\/\/www.aliadospuebla.com\/web2017\/wp-content\/uploads\/2024\/05\/Imagen-de-WhatsApp-2024-05-03-a-las-21.25.17_53e952cf-scaled.jpg","datePublished":"2024-05-04T03:40:02+00:00","author":{"@id":"https:\/\/www.aliadospuebla.com\/#\/schema\/person\/5da7dd09320bd4f392b710017ed5f8ad"},"breadcrumb":{"@id":"https:\/\/www.aliadospuebla.com\/?p=91661#breadcrumb"},"inLanguage":"es","potentialAction":[{"@type":"ReadAction","target":["https:\/\/www.aliadospuebla.com\/?p=91661"]}]},{"@type":"ImageObject","inLanguage":"es","@id":"https:\/\/www.aliadospuebla.com\/?p=91661#primaryimage","url":"https:\/\/www.aliadospuebla.com\/web2017\/wp-content\/uploads\/2024\/05\/Imagen-de-WhatsApp-2024-05-03-a-las-21.25.17_53e952cf-scaled.jpg","contentUrl":"https:\/\/www.aliadospuebla.com\/web2017\/wp-content\/uploads\/2024\/05\/Imagen-de-WhatsApp-2024-05-03-a-las-21.25.17_53e952cf-scaled.jpg","width":2560,"height":1707},{"@type":"BreadcrumbList","@id":"https:\/\/www.aliadospuebla.com\/?p=91661#breadcrumb","itemListElement":[{"@type":"ListItem","position":1,"name":"Portada","item":"https:\/\/www.aliadospuebla.com\/"},{"@type":"ListItem","position":2,"name":"Armenta va por la reactivaci\u00f3n de los constructores poblanos"}]},{"@type":"WebSite","@id":"https:\/\/www.aliadospuebla.com\/#website","url":"https:\/\/www.aliadospuebla.com\/","name":"AliadosPuebla","description":"La informaci\u00f3n en tus manos","potentialAction":[{"@type":"SearchAction","target":{"@type":"EntryPoint","urlTemplate":"https:\/\/www.aliadospuebla.com\/?s={search_term_string}"},"query-input":{"@type":"PropertyValueSpecification","valueRequired":true,"valueName":"search_term_string"}}],"inLanguage":"es"},{"@type":"Person","@id":"https:\/\/www.aliadospuebla.com\/#\/schema\/person\/5da7dd09320bd4f392b710017ed5f8ad","name":"Aliados17","image":{"@type":"ImageObject","inLanguage":"es","@id":"https:\/\/www.aliadospuebla.com\/web2017\/wp-content\/uploads\/2025\/03\/cropped-para-perfil-8-anos-1-96x96.jpg","url":"https:\/\/www.aliadospuebla.com\/web2017\/wp-content\/uploads\/2025\/03\/cropped-para-perfil-8-anos-1-96x96.jpg","contentUrl":"https:\/\/www.aliadospuebla.com\/web2017\/wp-content\/uploads\/2025\/03\/cropped-para-perfil-8-anos-1-96x96.jpg","caption":"Aliados17"},"sameAs":["https:\/\/www.aliados17.com","https:\/\/www.facebook.com\/Aliados17Pue","https:\/\/x.com\/AliadosPuebla"],"url":"https:\/\/www.aliadospuebla.com\/?author=2"}]}},"views":6,"_links":{"self":[{"href":"https:\/\/www.aliadospuebla.com\/index.php?rest_route=\/wp\/v2\/posts\/91661","targetHints":{"allow":["GET"]}}],"collection":[{"href":"https:\/\/www.aliadospuebla.com\/index.php?rest_route=\/wp\/v2\/posts"}],"about":[{"href":"https:\/\/www.aliadospuebla.com\/index.php?rest_route=\/wp\/v2\/types\/post"}],"author":[{"embeddable":true,"href":"https:\/\/www.aliadospuebla.com\/index.php?rest_route=\/wp\/v2\/users\/2"}],"replies":[{"embeddable":true,"href":"https:\/\/www.aliadospuebla.com\/index.php?rest_route=%2Fwp%2Fv2%2Fcomments&post=91661"}],"version-history":[{"count":1,"href":"https:\/\/www.aliadospuebla.com\/index.php?rest_route=\/wp\/v2\/posts\/91661\/revisions"}],"predecessor-version":[{"id":91668,"href":"https:\/\/www.aliadospuebla.com\/index.php?rest_route=\/wp\/v2\/posts\/91661\/revisions\/91668"}],"wp:featuredmedia":[{"embeddable":true,"href":"https:\/\/www.aliadospuebla.com\/index.php?rest_route=\/wp\/v2\/media\/91665"}],"wp:attachment":[{"href":"https:\/\/www.aliadospuebla.com\/index.php?rest_route=%2Fwp%2Fv2%2Fmedia&parent=91661"}],"wp:term":[{"taxonomy":"category","embeddable":true,"href":"https:\/\/www.aliadospuebla.com\/index.php?rest_route=%2Fwp%2Fv2%2Fcategories&post=91661"},{"taxonomy":"post_tag","embeddable":true,"href":"https:\/\/www.aliadospuebla.com\/index.php?rest_route=%2Fwp%2Fv2%2Ftags&post=91661"}],"curies":[{"name":"wp","href":"https:\/\/api.w.org\/{rel}","templated":true}]}}