{"id":91520,"date":"2024-05-01T18:49:33","date_gmt":"2024-05-02T00:49:33","guid":{"rendered":"https:\/\/www.aliados17.com\/?p=91520"},"modified":"2024-05-01T18:49:33","modified_gmt":"2024-05-02T00:49:33","slug":"con-exito-se-realiza-el-primer-concurso-debate-udlap","status":"publish","type":"post","link":"https:\/\/www.aliadospuebla.com\/?p=91520","title":{"rendered":"Con \u00e9xito se realiza el Primer Concurso Debate UDLAP"},"content":{"rendered":"<p><b>Cholula, Puebla; a 1 de mayo de 2024.-<\/b>\u00a0Con el objetivo de fomentar en los j\u00f3venes preparatorianos la creatividad, el di\u00e1logo, la<\/p>\n<p>argumentaci\u00f3n, la reflexi\u00f3n, as\u00ed como el inter\u00e9s en debatir; la Universidad de las Am\u00e9ricas Puebla (UDLAP), a trav\u00e9s de su Direcci\u00f3n General<\/p>\n<p>de Incorporaci\u00f3n Estudiantil y Egresados, y el Departamento en Derecho, llev\u00f3 a cabo durante una semana, el Primer Concurso Debate<\/p>\n<p>UDLAP.<\/p>\n<p>&nbsp;<\/p>\n<p>\u201cEste concurso tuvo una gran aceptaci\u00f3n entre los j\u00f3venes preparatorianos ya que en \u00e9l se inscribieron 30 equipos de diferentes colegios de la<\/p>\n<p>ciudad de Puebla, por lo que de acuerdo a la convocatoria, se realiz\u00f3 una primera ronda de defensa de posturas, para despu\u00e9s proceder a una<\/p>\n<p>segunda ronda por debates entre 2 equipos, hasta tener a los dos equipos con mejor puntuaci\u00f3n, para disputar la final\u201d, explic\u00f3 en entrevista<\/p>\n<p>la Mtra. Patricia Ben\u00edtez, directora de Incorporaci\u00f3n de la Universidad de las Am\u00e9ricas Puebla.<\/p>\n<p>&nbsp;<\/p>\n<p>En la primera ronda eliminatoria, los jueces, acad\u00e9micos de la UDLAP, escucharon los argumentos a favor y en contra de cada uno de los<\/p>\n<p>equipos participantes, los cuales fueron pasando de acuerdo con un sorteo previo mediante el cual se les asign\u00f3 el lugar, el tema y la postura<\/p>\n<p>a debatir. Los argumentos por debatir a favor y en contra en este concurso, giraron en torno a tres temas: prohibici\u00f3n de corrida de toros,<\/p>\n<p>regulaci\u00f3n de corridos tumbados y elecci\u00f3n popular de los ministros de la suprema corte de la naci\u00f3n.<\/p>\n<p>&nbsp;<\/p>\n<p>En la segunda ronda los equipos seleccionados volvieron a enfrentarse para as\u00ed obtener a\u00a0los dos equipos con la mayor puntuaci\u00f3n, los cuales<\/p>\n<p>estuvieron conformados por Yinfief Hoeflich Caro y Ulises Emiliano Aguilera Casta\u00f1eda representantes del Colegio Oviedo Sh\u00f6ntal de Puebla<\/p>\n<p>y el equipo integrado por Mar\u00eda Andrea Rueda Gallardo de la Prepa UPAEP Lomas y Galia Escobedo Alvarado, de Trinity School; quienes en<\/p>\n<p>una ronda final se enfrentaron para defender su postura a favor y en contra en el tema de prohibici\u00f3n de corrida de toros, resultando<\/p>\n<p>ganadoras absolutas del\u00a0Primer Concurso Debate UDLAP: Mar\u00eda Andrea y Galia, quienes se hicieron acreedoras a un apoyo educativo del<\/p>\n<p>70% para continuar sus estudios de Licenciatura en la UDLAP. Los otros finalistas, al quedar en segundo lugar, se hicieron acreedores a un<\/p>\n<p>apoyo educativo del 50% para continuar sus estudios de Licenciatura en la UDLAP.<\/p>\n<p>&nbsp;<\/p>\n<p>Cabe comentar que este concurso se llev\u00f3 a cabo en el marco del estreno de la nueva Sala de Juicios Orales de la UDLAP, espacio en el que los<\/p>\n<p>estudiantes de la Licenciatura en Derecho de la Universidad de las Am\u00e9ricas Puebla podr\u00e1n practicar el desarrollo de sus habilidades de<\/p>\n<p>expresi\u00f3n oral. Es importante destacar que esta sala est\u00e1 equipada con la m\u00e1s alta tecnolog\u00eda y \u00faltima en su generaci\u00f3n que permitir\u00e1 a los<\/p>\n<p>j\u00f3venes sentirse en un verdadero escenario de juicio oral. Algunas de las caracter\u00edsticas que en ella encontrar\u00e1s son: \u00e1rea de estrado de juicios<\/p>\n<p>con capacidad para 13 personas; butacas en audiencia con capacidad para 54 personas; sistema de videoconferencia interactivo, con control<\/p>\n<p>de c\u00e1maras, pantallas, y proyector; cinco pantallas de led, 2 de 75\u201d y 3 de 43\u201d que permiten observar detalles de la simulaci\u00f3n en estrado; 10<\/p>\n<p>bocinas de alta fidelidad distribuidos en toda la sala; catorce micr\u00f3fonos de alta fidelidad; entre otros.<\/p>\n","protected":false},"excerpt":{"rendered":"<p>Cholula, Puebla; a 1 de mayo de 2024.-\u00a0Con el objetivo de fomentar en los j\u00f3venes preparatorianos la creatividad, el di\u00e1logo, la argumentaci\u00f3n, la reflexi\u00f3n, as\u00ed como el inter\u00e9s en debatir; la Universidad de las Am\u00e9ricas Puebla (UDLAP), a trav\u00e9s de su Direcci\u00f3n General de Incorporaci\u00f3n Estudiantil y Egresados, y el Departamento en Derecho, llev\u00f3 a cabo durante una semana, el Primer Concurso Debate UDLAP. &nbsp; \u201cEste concurso tuvo una gran aceptaci\u00f3n entre los j\u00f3venes preparatorianos ya que en \u00e9l se inscribieron 30 equipos de diferentes colegios de la ciudad de Puebla, por lo que de acuerdo a la convocatoria, se realiz\u00f3 una primera ronda de defensa de posturas, para despu\u00e9s proceder a una segunda ronda por debates entre 2 equipos, hasta tener a los dos&hellip;<\/p>\n<p class=\"excerpt-more\"><a class=\"blog-excerpt button\" href=\"https:\/\/www.aliadospuebla.com\/?p=91520\">Leer m\u00e1s&#8230;<\/a><\/p>\n","protected":false},"author":2,"featured_media":91525,"comment_status":"open","ping_status":"open","sticky":false,"template":"","format":"standard","meta":{"_monsterinsights_skip_tracking":false,"footnotes":""},"categories":[5],"tags":[7532,653,23118,11026,10636,5244,8056,23119,170,251,2403,13188,45,3880,13158,17715,13795,13718,19795,14620,13467,13635,19794,13575,15430,63,19283,14621,13749,27,13508],"class_list":["post-91520","post","type-post","status-publish","format-standard","has-post-thumbnail","hentry","category-universidades","tag-armenta","tag-buap","tag-campana-politica","tag-ciudad-de-puebla","tag-estado-de-puebla","tag-gobernador-de-puebla","tag-gobierno-de-puebla","tag-mario-puebla","tag-mario-riestra","tag-pan","tag-partidos-politicos","tag-politica-puebla","tag-pri","tag-psi","tag-puebla-ciudad","tag-puebla-estado","tag-puebla-gobierno","tag-puebla-politica","tag-puebla-senadores","tag-puebla-udlap","tag-puebla-universidad","tag-puebla-universidades","tag-senadores-puebla","tag-sergio-salomon","tag-tono-lopez","tag-udlap","tag-udlap-cholula","tag-udlap-puebla","tag-universidad-de-puebla","tag-upaep","tag-upaep-puebla"],"yoast_head":"<!-- This site is optimized with the Yoast SEO plugin v28.4 - https:\/\/yoast.com\/product\/yoast-seo-wordpress\/ -->\n<title>Con \u00e9xito se realiza el Primer Concurso Debate UDLAP - AliadosPuebla<\/title>\n<meta name=\"robots\" content=\"index, follow, max-snippet:-1, max-image-preview:large, max-video-preview:-1\" \/>\n<link rel=\"canonical\" href=\"https:\/\/www.aliadospuebla.com\/?p=91520\" \/>\n<meta property=\"og:locale\" content=\"es_ES\" \/>\n<meta property=\"og:type\" content=\"article\" \/>\n<meta property=\"og:title\" content=\"Con \u00e9xito se realiza el Primer Concurso Debate UDLAP - AliadosPuebla\" \/>\n<meta property=\"og:description\" content=\"Cholula, Puebla; a 1 de mayo de 2024.-\u00a0Con el objetivo de fomentar en los j\u00f3venes preparatorianos la creatividad, el di\u00e1logo, la argumentaci\u00f3n, la reflexi\u00f3n, as\u00ed como el inter\u00e9s en debatir; la Universidad de las Am\u00e9ricas Puebla (UDLAP), a trav\u00e9s de su Direcci\u00f3n General de Incorporaci\u00f3n Estudiantil y Egresados, y el Departamento en Derecho, llev\u00f3 a cabo durante una semana, el Primer Concurso Debate UDLAP. &nbsp; \u201cEste concurso tuvo una gran aceptaci\u00f3n entre los j\u00f3venes preparatorianos ya que en \u00e9l se inscribieron 30 equipos de diferentes colegios de la ciudad de Puebla, por lo que de acuerdo a la convocatoria, se realiz\u00f3 una primera ronda de defensa de posturas, para despu\u00e9s proceder a una segunda ronda por debates entre 2 equipos, hasta tener a los dos&hellip;Leer m\u00e1s...\" \/>\n<meta property=\"og:url\" content=\"https:\/\/www.aliadospuebla.com\/?p=91520\" \/>\n<meta property=\"og:site_name\" content=\"AliadosPuebla\" \/>\n<meta property=\"article:author\" content=\"https:\/\/www.facebook.com\/Aliados17Pue\" \/>\n<meta property=\"article:published_time\" content=\"2024-05-02T00:49:33+00:00\" \/>\n<meta property=\"og:image\" content=\"https:\/\/www.aliadospuebla.com\/web2017\/wp-content\/uploads\/2024\/05\/descarga-2024-05-01T184630.439.jpeg\" \/>\n\t<meta property=\"og:image:width\" content=\"1589\" \/>\n\t<meta property=\"og:image:height\" content=\"927\" \/>\n\t<meta property=\"og:image:type\" content=\"image\/jpeg\" \/>\n<meta name=\"author\" content=\"Aliados17\" \/>\n<meta name=\"twitter:card\" content=\"summary_large_image\" \/>\n<meta name=\"twitter:creator\" content=\"@AliadosPuebla\" \/>\n<meta name=\"twitter:label1\" content=\"Escrito por\" \/>\n\t<meta name=\"twitter:data1\" content=\"Aliados17\" \/>\n\t<meta name=\"twitter:label2\" content=\"Tiempo de lectura\" \/>\n\t<meta name=\"twitter:data2\" content=\"3 minutos\" \/>\n<script type=\"application\/ld+json\" class=\"yoast-schema-graph\">{\"@context\":\"https:\\\/\\\/schema.org\",\"@graph\":[{\"@type\":\"Article\",\"@id\":\"https:\\\/\\\/www.aliadospuebla.com\\\/?p=91520#article\",\"isPartOf\":{\"@id\":\"https:\\\/\\\/www.aliadospuebla.com\\\/?p=91520\"},\"author\":{\"name\":\"Aliados17\",\"@id\":\"https:\\\/\\\/www.aliadospuebla.com\\\/#\\\/schema\\\/person\\\/5da7dd09320bd4f392b710017ed5f8ad\"},\"headline\":\"Con \u00e9xito se realiza el Primer Concurso Debate UDLAP\",\"datePublished\":\"2024-05-02T00:49:33+00:00\",\"mainEntityOfPage\":{\"@id\":\"https:\\\/\\\/www.aliadospuebla.com\\\/?p=91520\"},\"wordCount\":583,\"commentCount\":0,\"image\":{\"@id\":\"https:\\\/\\\/www.aliadospuebla.com\\\/?p=91520#primaryimage\"},\"thumbnailUrl\":\"https:\\\/\\\/www.aliadospuebla.com\\\/web2017\\\/wp-content\\\/uploads\\\/2024\\\/05\\\/descarga-2024-05-01T184630.439.jpeg\",\"keywords\":[\"ARMENTA\",\"BUAP\",\"Campa\u00f1a politica\",\"CIUDAD DE PUEBLA\",\"ESTADO DE PUEBLA\",\"GOBERNADOR DE PUEBLA\",\"GOBIERNO DE PUEBLA\",\"Mario puebla\",\"Mario Riestra\",\"PAN\",\"PARTIDOS POL\u00cdTICOS\",\"Politica Puebla\",\"PRI\",\"PSI\",\"Puebla Ciudad\",\"Puebla estado\",\"Puebla gobierno\",\"puebla politica\",\"Puebla Senadores\",\"Puebla UDLAP\",\"Puebla Universidad\",\"Puebla Universidades\",\"Senadores Puebla\",\"Sergio Salomon\",\"To\u00f1o L\u00f3pez\",\"Udlap\",\"Udlap cholula\",\"UDLAP Puebla\",\"Universidad de Puebla\",\"UPAEP\",\"UPAEP Puebla\"],\"articleSection\":[\"Universidades\"],\"inLanguage\":\"es\",\"potentialAction\":[{\"@type\":\"CommentAction\",\"name\":\"Comment\",\"target\":[\"https:\\\/\\\/www.aliadospuebla.com\\\/?p=91520#respond\"]}]},{\"@type\":\"WebPage\",\"@id\":\"https:\\\/\\\/www.aliadospuebla.com\\\/?p=91520\",\"url\":\"https:\\\/\\\/www.aliadospuebla.com\\\/?p=91520\",\"name\":\"Con \u00e9xito se realiza el Primer Concurso Debate UDLAP - AliadosPuebla\",\"isPartOf\":{\"@id\":\"https:\\\/\\\/www.aliadospuebla.com\\\/#website\"},\"primaryImageOfPage\":{\"@id\":\"https:\\\/\\\/www.aliadospuebla.com\\\/?p=91520#primaryimage\"},\"image\":{\"@id\":\"https:\\\/\\\/www.aliadospuebla.com\\\/?p=91520#primaryimage\"},\"thumbnailUrl\":\"https:\\\/\\\/www.aliadospuebla.com\\\/web2017\\\/wp-content\\\/uploads\\\/2024\\\/05\\\/descarga-2024-05-01T184630.439.jpeg\",\"datePublished\":\"2024-05-02T00:49:33+00:00\",\"author\":{\"@id\":\"https:\\\/\\\/www.aliadospuebla.com\\\/#\\\/schema\\\/person\\\/5da7dd09320bd4f392b710017ed5f8ad\"},\"breadcrumb\":{\"@id\":\"https:\\\/\\\/www.aliadospuebla.com\\\/?p=91520#breadcrumb\"},\"inLanguage\":\"es\",\"potentialAction\":[{\"@type\":\"ReadAction\",\"target\":[\"https:\\\/\\\/www.aliadospuebla.com\\\/?p=91520\"]}]},{\"@type\":\"ImageObject\",\"inLanguage\":\"es\",\"@id\":\"https:\\\/\\\/www.aliadospuebla.com\\\/?p=91520#primaryimage\",\"url\":\"https:\\\/\\\/www.aliadospuebla.com\\\/web2017\\\/wp-content\\\/uploads\\\/2024\\\/05\\\/descarga-2024-05-01T184630.439.jpeg\",\"contentUrl\":\"https:\\\/\\\/www.aliadospuebla.com\\\/web2017\\\/wp-content\\\/uploads\\\/2024\\\/05\\\/descarga-2024-05-01T184630.439.jpeg\",\"width\":1589,\"height\":927},{\"@type\":\"BreadcrumbList\",\"@id\":\"https:\\\/\\\/www.aliadospuebla.com\\\/?p=91520#breadcrumb\",\"itemListElement\":[{\"@type\":\"ListItem\",\"position\":1,\"name\":\"Portada\",\"item\":\"https:\\\/\\\/www.aliadospuebla.com\\\/\"},{\"@type\":\"ListItem\",\"position\":2,\"name\":\"Con \u00e9xito se realiza el Primer Concurso Debate UDLAP\"}]},{\"@type\":\"WebSite\",\"@id\":\"https:\\\/\\\/www.aliadospuebla.com\\\/#website\",\"url\":\"https:\\\/\\\/www.aliadospuebla.com\\\/\",\"name\":\"AliadosPuebla\",\"description\":\"La informaci\u00f3n en tus manos\",\"potentialAction\":[{\"@type\":\"SearchAction\",\"target\":{\"@type\":\"EntryPoint\",\"urlTemplate\":\"https:\\\/\\\/www.aliadospuebla.com\\\/?s={search_term_string}\"},\"query-input\":{\"@type\":\"PropertyValueSpecification\",\"valueRequired\":true,\"valueName\":\"search_term_string\"}}],\"inLanguage\":\"es\"},{\"@type\":\"Person\",\"@id\":\"https:\\\/\\\/www.aliadospuebla.com\\\/#\\\/schema\\\/person\\\/5da7dd09320bd4f392b710017ed5f8ad\",\"name\":\"Aliados17\",\"image\":{\"@type\":\"ImageObject\",\"inLanguage\":\"es\",\"@id\":\"https:\\\/\\\/www.aliadospuebla.com\\\/web2017\\\/wp-content\\\/uploads\\\/2025\\\/03\\\/cropped-para-perfil-8-anos-1-96x96.jpg\",\"url\":\"https:\\\/\\\/www.aliadospuebla.com\\\/web2017\\\/wp-content\\\/uploads\\\/2025\\\/03\\\/cropped-para-perfil-8-anos-1-96x96.jpg\",\"contentUrl\":\"https:\\\/\\\/www.aliadospuebla.com\\\/web2017\\\/wp-content\\\/uploads\\\/2025\\\/03\\\/cropped-para-perfil-8-anos-1-96x96.jpg\",\"caption\":\"Aliados17\"},\"sameAs\":[\"https:\\\/\\\/www.aliados17.com\",\"https:\\\/\\\/www.facebook.com\\\/Aliados17Pue\",\"https:\\\/\\\/x.com\\\/AliadosPuebla\"],\"url\":\"https:\\\/\\\/www.aliadospuebla.com\\\/?author=2\"}]}<\/script>\n<!-- \/ Yoast SEO plugin. -->","yoast_head_json":{"title":"Con \u00e9xito se realiza el Primer Concurso Debate UDLAP - AliadosPuebla","robots":{"index":"index","follow":"follow","max-snippet":"max-snippet:-1","max-image-preview":"max-image-preview:large","max-video-preview":"max-video-preview:-1"},"canonical":"https:\/\/www.aliadospuebla.com\/?p=91520","og_locale":"es_ES","og_type":"article","og_title":"Con \u00e9xito se realiza el Primer Concurso Debate UDLAP - AliadosPuebla","og_description":"Cholula, Puebla; a 1 de mayo de 2024.-\u00a0Con el objetivo de fomentar en los j\u00f3venes preparatorianos la creatividad, el di\u00e1logo, la argumentaci\u00f3n, la reflexi\u00f3n, as\u00ed como el inter\u00e9s en debatir; la Universidad de las Am\u00e9ricas Puebla (UDLAP), a trav\u00e9s de su Direcci\u00f3n General de Incorporaci\u00f3n Estudiantil y Egresados, y el Departamento en Derecho, llev\u00f3 a cabo durante una semana, el Primer Concurso Debate UDLAP. &nbsp; \u201cEste concurso tuvo una gran aceptaci\u00f3n entre los j\u00f3venes preparatorianos ya que en \u00e9l se inscribieron 30 equipos de diferentes colegios de la ciudad de Puebla, por lo que de acuerdo a la convocatoria, se realiz\u00f3 una primera ronda de defensa de posturas, para despu\u00e9s proceder a una segunda ronda por debates entre 2 equipos, hasta tener a los dos&hellip;Leer m\u00e1s...","og_url":"https:\/\/www.aliadospuebla.com\/?p=91520","og_site_name":"AliadosPuebla","article_author":"https:\/\/www.facebook.com\/Aliados17Pue","article_published_time":"2024-05-02T00:49:33+00:00","og_image":[{"width":1589,"height":927,"url":"https:\/\/www.aliadospuebla.com\/web2017\/wp-content\/uploads\/2024\/05\/descarga-2024-05-01T184630.439.jpeg","type":"image\/jpeg"}],"author":"Aliados17","twitter_card":"summary_large_image","twitter_creator":"@AliadosPuebla","twitter_misc":{"Escrito por":"Aliados17","Tiempo de lectura":"3 minutos"},"schema":{"@context":"https:\/\/schema.org","@graph":[{"@type":"Article","@id":"https:\/\/www.aliadospuebla.com\/?p=91520#article","isPartOf":{"@id":"https:\/\/www.aliadospuebla.com\/?p=91520"},"author":{"name":"Aliados17","@id":"https:\/\/www.aliadospuebla.com\/#\/schema\/person\/5da7dd09320bd4f392b710017ed5f8ad"},"headline":"Con \u00e9xito se realiza el Primer Concurso Debate UDLAP","datePublished":"2024-05-02T00:49:33+00:00","mainEntityOfPage":{"@id":"https:\/\/www.aliadospuebla.com\/?p=91520"},"wordCount":583,"commentCount":0,"image":{"@id":"https:\/\/www.aliadospuebla.com\/?p=91520#primaryimage"},"thumbnailUrl":"https:\/\/www.aliadospuebla.com\/web2017\/wp-content\/uploads\/2024\/05\/descarga-2024-05-01T184630.439.jpeg","keywords":["ARMENTA","BUAP","Campa\u00f1a politica","CIUDAD DE PUEBLA","ESTADO DE PUEBLA","GOBERNADOR DE PUEBLA","GOBIERNO DE PUEBLA","Mario puebla","Mario Riestra","PAN","PARTIDOS POL\u00cdTICOS","Politica Puebla","PRI","PSI","Puebla Ciudad","Puebla estado","Puebla gobierno","puebla politica","Puebla Senadores","Puebla UDLAP","Puebla Universidad","Puebla Universidades","Senadores Puebla","Sergio Salomon","To\u00f1o L\u00f3pez","Udlap","Udlap cholula","UDLAP Puebla","Universidad de Puebla","UPAEP","UPAEP Puebla"],"articleSection":["Universidades"],"inLanguage":"es","potentialAction":[{"@type":"CommentAction","name":"Comment","target":["https:\/\/www.aliadospuebla.com\/?p=91520#respond"]}]},{"@type":"WebPage","@id":"https:\/\/www.aliadospuebla.com\/?p=91520","url":"https:\/\/www.aliadospuebla.com\/?p=91520","name":"Con \u00e9xito se realiza el Primer Concurso Debate UDLAP - AliadosPuebla","isPartOf":{"@id":"https:\/\/www.aliadospuebla.com\/#website"},"primaryImageOfPage":{"@id":"https:\/\/www.aliadospuebla.com\/?p=91520#primaryimage"},"image":{"@id":"https:\/\/www.aliadospuebla.com\/?p=91520#primaryimage"},"thumbnailUrl":"https:\/\/www.aliadospuebla.com\/web2017\/wp-content\/uploads\/2024\/05\/descarga-2024-05-01T184630.439.jpeg","datePublished":"2024-05-02T00:49:33+00:00","author":{"@id":"https:\/\/www.aliadospuebla.com\/#\/schema\/person\/5da7dd09320bd4f392b710017ed5f8ad"},"breadcrumb":{"@id":"https:\/\/www.aliadospuebla.com\/?p=91520#breadcrumb"},"inLanguage":"es","potentialAction":[{"@type":"ReadAction","target":["https:\/\/www.aliadospuebla.com\/?p=91520"]}]},{"@type":"ImageObject","inLanguage":"es","@id":"https:\/\/www.aliadospuebla.com\/?p=91520#primaryimage","url":"https:\/\/www.aliadospuebla.com\/web2017\/wp-content\/uploads\/2024\/05\/descarga-2024-05-01T184630.439.jpeg","contentUrl":"https:\/\/www.aliadospuebla.com\/web2017\/wp-content\/uploads\/2024\/05\/descarga-2024-05-01T184630.439.jpeg","width":1589,"height":927},{"@type":"BreadcrumbList","@id":"https:\/\/www.aliadospuebla.com\/?p=91520#breadcrumb","itemListElement":[{"@type":"ListItem","position":1,"name":"Portada","item":"https:\/\/www.aliadospuebla.com\/"},{"@type":"ListItem","position":2,"name":"Con \u00e9xito se realiza el Primer Concurso Debate UDLAP"}]},{"@type":"WebSite","@id":"https:\/\/www.aliadospuebla.com\/#website","url":"https:\/\/www.aliadospuebla.com\/","name":"AliadosPuebla","description":"La informaci\u00f3n en tus manos","potentialAction":[{"@type":"SearchAction","target":{"@type":"EntryPoint","urlTemplate":"https:\/\/www.aliadospuebla.com\/?s={search_term_string}"},"query-input":{"@type":"PropertyValueSpecification","valueRequired":true,"valueName":"search_term_string"}}],"inLanguage":"es"},{"@type":"Person","@id":"https:\/\/www.aliadospuebla.com\/#\/schema\/person\/5da7dd09320bd4f392b710017ed5f8ad","name":"Aliados17","image":{"@type":"ImageObject","inLanguage":"es","@id":"https:\/\/www.aliadospuebla.com\/web2017\/wp-content\/uploads\/2025\/03\/cropped-para-perfil-8-anos-1-96x96.jpg","url":"https:\/\/www.aliadospuebla.com\/web2017\/wp-content\/uploads\/2025\/03\/cropped-para-perfil-8-anos-1-96x96.jpg","contentUrl":"https:\/\/www.aliadospuebla.com\/web2017\/wp-content\/uploads\/2025\/03\/cropped-para-perfil-8-anos-1-96x96.jpg","caption":"Aliados17"},"sameAs":["https:\/\/www.aliados17.com","https:\/\/www.facebook.com\/Aliados17Pue","https:\/\/x.com\/AliadosPuebla"],"url":"https:\/\/www.aliadospuebla.com\/?author=2"}]}},"views":7,"_links":{"self":[{"href":"https:\/\/www.aliadospuebla.com\/index.php?rest_route=\/wp\/v2\/posts\/91520","targetHints":{"allow":["GET"]}}],"collection":[{"href":"https:\/\/www.aliadospuebla.com\/index.php?rest_route=\/wp\/v2\/posts"}],"about":[{"href":"https:\/\/www.aliadospuebla.com\/index.php?rest_route=\/wp\/v2\/types\/post"}],"author":[{"embeddable":true,"href":"https:\/\/www.aliadospuebla.com\/index.php?rest_route=\/wp\/v2\/users\/2"}],"replies":[{"embeddable":true,"href":"https:\/\/www.aliadospuebla.com\/index.php?rest_route=%2Fwp%2Fv2%2Fcomments&post=91520"}],"version-history":[{"count":1,"href":"https:\/\/www.aliadospuebla.com\/index.php?rest_route=\/wp\/v2\/posts\/91520\/revisions"}],"predecessor-version":[{"id":91526,"href":"https:\/\/www.aliadospuebla.com\/index.php?rest_route=\/wp\/v2\/posts\/91520\/revisions\/91526"}],"wp:featuredmedia":[{"embeddable":true,"href":"https:\/\/www.aliadospuebla.com\/index.php?rest_route=\/wp\/v2\/media\/91525"}],"wp:attachment":[{"href":"https:\/\/www.aliadospuebla.com\/index.php?rest_route=%2Fwp%2Fv2%2Fmedia&parent=91520"}],"wp:term":[{"taxonomy":"category","embeddable":true,"href":"https:\/\/www.aliadospuebla.com\/index.php?rest_route=%2Fwp%2Fv2%2Fcategories&post=91520"},{"taxonomy":"post_tag","embeddable":true,"href":"https:\/\/www.aliadospuebla.com\/index.php?rest_route=%2Fwp%2Fv2%2Ftags&post=91520"}],"curies":[{"name":"wp","href":"https:\/\/api.w.org\/{rel}","templated":true}]}}