{"id":91490,"date":"2024-04-30T22:00:42","date_gmt":"2024-05-01T04:00:42","guid":{"rendered":"https:\/\/www.aliados17.com\/?p=91490"},"modified":"2024-04-30T22:10:56","modified_gmt":"2024-05-01T04:10:56","slug":"en-el-marco-del-dia-mundial-de-la-seguridad-y-salud-en-el-trabajo-el-instituto-mexicano-del-seguro-social-imss-lanzo-la-campana-de-prevencion-de-accidentes-de-trabajo-en-mano-y-tobillo-a-fin-de-fo","status":"publish","type":"post","link":"https:\/\/www.aliadospuebla.com\/?p=91490","title":{"rendered":"IMSS Lanza campa\u00f1a de prevenci\u00f3n de accidentes"},"content":{"rendered":"<p style=\"font-weight: 400;\">En el marco del D\u00eda Mundial de la Seguridad y Salud en el Trabajo, el Instituto Mexicano del Seguro Social (IMSS) lanz\u00f3 la Campa\u00f1a de<\/p>\n<p style=\"font-weight: 400;\">Prevenci\u00f3n de Accidentes de Trabajo en Mano y Tobillo, a fin de fortalecer la cultura de prevenci\u00f3n y promover las mejores pr\u00e1cticas en<\/p>\n<p style=\"font-weight: 400;\">materia de seguridad y salud en el trabajo, como parte del Programa Entornos Laborales Seguros y Saludables (ELSSA).<\/p>\n<p>&nbsp;<\/p>\n<p style=\"font-weight: 400;\">Durante la Jornada Nacional de la Seguridad y Salud en el Trabajo, realizada del 22 al 29 de abril, se entregaron 577 Distintivos ELSSA a<\/p>\n<p style=\"font-weight: 400;\">empresas afiliadas que participan en el Programa, adem\u00e1s se llevaron a cabo 31 eventos simult\u00e1neos con la participaci\u00f3n de 2 mil 410<\/p>\n<p style=\"font-weight: 400;\">personas de forma presencial y 782 v\u00eda remota.<\/p>\n<p style=\"font-weight: 400;\">Al realizarse el evento protocolario en el Teatro Reforma \u00abJuan Mois\u00e9s Calleja Garc\u00eda\u00bb, el secretario general del IMSS, Marcos Bucio, se\u00f1al\u00f3<\/p>\n<p style=\"font-weight: 400;\">que el Seguro Social, a sus 81 a\u00f1os de existencia, atiende a 70 millones de mexicanos, de manera que el esfuerzo que ha hecho la instituci\u00f3n<\/p>\n<p style=\"font-weight: 400;\">ha sido fundamental para mejora en la calidad de vida, dentro y fuera de sus zonas de trabajo.<\/p>\n<p style=\"font-weight: 400;\">Abund\u00f3 que el 60 por ciento de las incapacidades es traumatolog\u00eda y ortopedia, por ello \u201cla importancia de la salud en el trabajo que tiene<\/p>\n<p style=\"font-weight: 400;\">que ver con la capacitaci\u00f3n de identificar cu\u00e1les son, de cada una de las empresas, los factores de causas de riesgo y disminuirlos\u201d.<\/p>\n<p style=\"font-weight: 400;\">Agreg\u00f3 que se realizan esfuerzos para hacer a los empresarios m\u00e1s competitivos, por ello se les apoya para que los trabajadores tengan una<\/p>\n<p style=\"font-weight: 400;\">mejor calidad de vida y un sistema de salud m\u00e1s s\u00f3lido.<\/p>\n<p style=\"font-weight: 400;\">Reconoci\u00f3 al director de Prestaciones Econ\u00f3micas y Sociales del IMSS, Mauricio Hern\u00e1ndez \u00c1vila, por su perseverancia, disciplina y<\/p>\n<p style=\"font-weight: 400;\">creatividad para construir el programa ELSSA en las empresas. \u201cHa hecho algo extraordinario despu\u00e9s del COVID-19, que es darnos cuenta<\/p>\n<p style=\"font-weight: 400;\">que la salud preventiva vuelve a ser una prioridad\u201d.<\/p>\n<p style=\"font-weight: 400;\">Por su parte, el director de Prestaciones Econ\u00f3micas y Sociales del IMSS inform\u00f3 que durante 2023 se registraron casi 201 mil accidentes de<\/p>\n<p style=\"font-weight: 400;\">mano en trabajadores que reclamaron una incapacidad temporal, lo cual equivale a 3.9 millones de d\u00edas perdidos y en t\u00e9rminos de costo para<\/p>\n<p style=\"font-weight: 400;\">la seguridad social 739 millones de pesos; y en lesiones de tobillo se tuvieron en 176 mil trabajadores, lo cual represent\u00f3 3.7 millones de d\u00edas<\/p>\n<p style=\"font-weight: 400;\">perdidos y 613 millones de pesos.<\/p>\n<p>&nbsp;<\/p>\n<p style=\"font-weight: 400;\">En ese sentido, Hern\u00e1ndez \u00c1vila destac\u00f3 que la Campa\u00f1a de Prevenci\u00f3n de Accidentes de Trabajo en Mano y Tobillo enfoca esfuerzos en<\/p>\n<p style=\"font-weight: 400;\">estos dos sitios anat\u00f3micos porque son f\u00e1ciles de prevenir, existe ciencia detr\u00e1s de la prevenci\u00f3n y juntos son el 40 por ciento de las<\/p>\n<p style=\"font-weight: 400;\">incapacidades temporales de todo trauma en el Seguro Social, \u201cestamos enfocados verdaderamente en el \u00e1rea de oportunidad\u201d.<\/p>\n<p style=\"font-weight: 400;\">Dijo que dentro de esta acci\u00f3n se promueve que las empresas realicen semanas de concientizaci\u00f3n a trav\u00e9s de carteles, tr\u00edpticos, establecer<\/p>\n<p style=\"font-weight: 400;\">mediante el Programa ELSSA una serie de materiales educativo de dominio p\u00fablico, llevar registro de accidentes, entrevistar a los<\/p>\n<p style=\"font-weight: 400;\">trabajadores para conocer d\u00f3nde tienen mayor riesgo y hacer acciones de prevenci\u00f3n, tendencias y an\u00e1lisis ergon\u00f3micos a fin de identificar<\/p>\n<p style=\"font-weight: 400;\">sitios de mayores incidentes.<\/p>\n<p style=\"font-weight: 400;\">Asimismo, al presentar el reporte de la Jornada Nacional de Seguridad y Salud en el Trabajo indic\u00f3 que hubo seis regiones que coordinaron<\/p>\n<p style=\"font-weight: 400;\">las distintas actividades y se hicieron entrega de 180 Distintivos ELSSA en Jalisco, 136 en Baja California, 68 en Nuevo Le\u00f3n, 90 en Yucat\u00e1n y<\/p>\n<p style=\"font-weight: 400;\">44 en Puebla.<\/p>\n<p style=\"font-weight: 400;\">A su vez, la titular de la Coordinaci\u00f3n de Salud en el Trabajo del IMSS, doctora Rebeca Velasco Reyna, destac\u00f3 que en esta administraci\u00f3n se<\/p>\n<p style=\"font-weight: 400;\">remodelaron los cuatro laboratorios de seguridad de Salud en el Trabajo y Ambiental, se adquirieron 47 equipos fijos para los laboratorios y<\/p>\n<p style=\"font-weight: 400;\">336 equipos de campo de higiene industrial.<\/p>\n<p style=\"font-weight: 400;\">Inform\u00f3 que el a\u00f1o pasado fue la primera vez que se entreg\u00f3 el Premio Nacional ELSSA a seis categor\u00edas a las empresas que se resaltaron por<\/p>\n<p style=\"font-weight: 400;\">las actividades provisorias que realizaron, y la Organizaci\u00f3n Internacional del Trabajo (OIT) considera al Programa como referencia respecto<\/p>\n<p style=\"font-weight: 400;\">a actividades preventivas.<\/p>\n<p style=\"font-weight: 400;\">Agreg\u00f3 que se cuenta con el Programa Nacional de Vigilancia Fisiol\u00f3gica y Ambiental, se cre\u00f3 la Red Nacional de Laboratorios en Salud en el<\/p>\n<p style=\"font-weight: 400;\">Trabajo, se participa en el Laboratorio Central y de la regi\u00f3n sureste en el Programa de Laboratorio de Control de Calidad con Espa\u00f1a,<\/p>\n<p style=\"font-weight: 400;\">adem\u00e1s ELSSA ya cuenta con la herramienta para el reconocimiento de agentes qu\u00edmicos, entre otros.<\/p>\n<p style=\"font-weight: 400;\">Asistieron el consejero Jos\u00e9 Luis Carazo Preciado ante el H. Consejo T\u00e9cnico del IMSS en representaci\u00f3n de Carlos Humberto Aceves del<\/p>\n<p style=\"font-weight: 400;\">Olmo, secretario general de la Confederaci\u00f3n de Trabajadores de M\u00e9xico (CTM); Yessica Calvario Casarrubias, coordinadora del Proyecto<\/p>\n<p style=\"font-weight: 400;\">Mejora en la Seguridad y Salud en el Trabajo en la cadena del chile y el tomate, en representaci\u00f3n de Pedro Am\u00e9rico Furtado de Oliveira,<\/p>\n<p style=\"font-weight: 400;\">director de la Oficina de la Organizaci\u00f3n Internacional del Trabajo para M\u00e9xico y Cuba; los titulares de los \u00d3rganos de Operaci\u00f3n<\/p>\n<p style=\"font-weight: 400;\">Administraci\u00f3n Desconcentrada (OOAD) del IMSS en Ciudad de M\u00e9xico Norte y Sur, Patricia Soto M\u00e1rquez y Luis Rafael L\u00f3pez Oca\u00f1a,<\/p>\n<p style=\"font-weight: 400;\">respectivamente; directores generales de empresas galardonadas con el Distintivo ELSSA y trabajadores de compa\u00f1\u00edas afiliadas al Seguro<\/p>\n<p style=\"font-weight: 400;\">Social.<\/p>\n<p style=\"font-weight: 400;\">Adem\u00e1s, Citlalli Contreras, subdirectora a Nivel Nacional de Servicio M\u00e9dico, en representaci\u00f3n de Eulalia Rodr\u00edguez P\u00e9rez, directora<\/p>\n<p style=\"font-weight: 400;\">ejecutiva de Relaciones con el Personal, Scotiabank Inverlat, SA; y Miguel Freire, presidente de Novartis M\u00e9xico y director general de<\/p>\n<p style=\"font-weight: 400;\">Innovative Medicines, Novartis Farmac\u00e9utica, S.A. de C.V., empresas galardonadas con el Distintivo ELSSA junto a otras 10 compa\u00f1\u00edas de los<\/p>\n<p style=\"font-weight: 400;\">OOAD del IMSS en Hidalgo, Quer\u00e9taro, Edomex Oriente y Poniente, y CDMX Norte y Sur.<\/p>\n","protected":false},"excerpt":{"rendered":"<p>En el marco del D\u00eda Mundial de la Seguridad y Salud en el Trabajo, el Instituto Mexicano del Seguro Social (IMSS) lanz\u00f3 la Campa\u00f1a de Prevenci\u00f3n de Accidentes de Trabajo en Mano y Tobillo, a fin de fortalecer la cultura de prevenci\u00f3n y promover las mejores pr\u00e1cticas en materia de seguridad y salud en el trabajo, como parte del Programa Entornos Laborales Seguros y Saludables (ELSSA). &nbsp; Durante la Jornada Nacional de la Seguridad y Salud en el Trabajo, realizada del 22 al 29 de abril, se entregaron 577 Distintivos ELSSA a empresas afiliadas que participan en el Programa, adem\u00e1s se llevaron a cabo 31 eventos simult\u00e1neos con la participaci\u00f3n de 2 mil 410 personas de forma presencial y 782 v\u00eda remota. Al realizarse el&hellip;<\/p>\n<p class=\"excerpt-more\"><a class=\"blog-excerpt button\" href=\"https:\/\/www.aliadospuebla.com\/?p=91490\">Leer m\u00e1s&#8230;<\/a><\/p>\n","protected":false},"author":2,"featured_media":91495,"comment_status":"open","ping_status":"open","sticky":false,"template":"","format":"standard","meta":{"_monsterinsights_skip_tracking":false,"footnotes":""},"categories":[62],"tags":[7532,653,23118,11026,10636,5244,8056,23119,170,251,2403,13188,45,3880,13158,17715,13795,13718,19795,14620,13467,13635,19794,13575,15430,63,19283,14621,13749,27,13508],"class_list":["post-91490","post","type-post","status-publish","format-standard","has-post-thumbnail","hentry","category-capital","tag-armenta","tag-buap","tag-campana-politica","tag-ciudad-de-puebla","tag-estado-de-puebla","tag-gobernador-de-puebla","tag-gobierno-de-puebla","tag-mario-puebla","tag-mario-riestra","tag-pan","tag-partidos-politicos","tag-politica-puebla","tag-pri","tag-psi","tag-puebla-ciudad","tag-puebla-estado","tag-puebla-gobierno","tag-puebla-politica","tag-puebla-senadores","tag-puebla-udlap","tag-puebla-universidad","tag-puebla-universidades","tag-senadores-puebla","tag-sergio-salomon","tag-tono-lopez","tag-udlap","tag-udlap-cholula","tag-udlap-puebla","tag-universidad-de-puebla","tag-upaep","tag-upaep-puebla"],"yoast_head":"<!-- This site is optimized with the Yoast SEO plugin v28.4 - https:\/\/yoast.com\/product\/yoast-seo-wordpress\/ -->\n<title>IMSS Lanza campa\u00f1a de prevenci\u00f3n de accidentes - AliadosPuebla<\/title>\n<meta name=\"robots\" content=\"index, follow, max-snippet:-1, max-image-preview:large, max-video-preview:-1\" \/>\n<link rel=\"canonical\" href=\"https:\/\/www.aliadospuebla.com\/?p=91490\" \/>\n<meta property=\"og:locale\" content=\"es_ES\" \/>\n<meta property=\"og:type\" content=\"article\" \/>\n<meta property=\"og:title\" content=\"IMSS Lanza campa\u00f1a de prevenci\u00f3n de accidentes - AliadosPuebla\" \/>\n<meta property=\"og:description\" content=\"En el marco del D\u00eda Mundial de la Seguridad y Salud en el Trabajo, el Instituto Mexicano del Seguro Social (IMSS) lanz\u00f3 la Campa\u00f1a de Prevenci\u00f3n de Accidentes de Trabajo en Mano y Tobillo, a fin de fortalecer la cultura de prevenci\u00f3n y promover las mejores pr\u00e1cticas en materia de seguridad y salud en el trabajo, como parte del Programa Entornos Laborales Seguros y Saludables (ELSSA). &nbsp; Durante la Jornada Nacional de la Seguridad y Salud en el Trabajo, realizada del 22 al 29 de abril, se entregaron 577 Distintivos ELSSA a empresas afiliadas que participan en el Programa, adem\u00e1s se llevaron a cabo 31 eventos simult\u00e1neos con la participaci\u00f3n de 2 mil 410 personas de forma presencial y 782 v\u00eda remota. Al realizarse el&hellip;Leer m\u00e1s...\" \/>\n<meta property=\"og:url\" content=\"https:\/\/www.aliadospuebla.com\/?p=91490\" \/>\n<meta property=\"og:site_name\" content=\"AliadosPuebla\" \/>\n<meta property=\"article:author\" content=\"https:\/\/www.facebook.com\/Aliados17Pue\" \/>\n<meta property=\"article:published_time\" content=\"2024-05-01T04:00:42+00:00\" \/>\n<meta property=\"article:modified_time\" content=\"2024-05-01T04:10:56+00:00\" \/>\n<meta property=\"og:image\" content=\"https:\/\/www.aliadospuebla.com\/web2017\/wp-content\/uploads\/2024\/04\/229A2615-scaled.jpg\" \/>\n\t<meta property=\"og:image:width\" content=\"2560\" \/>\n\t<meta property=\"og:image:height\" content=\"1670\" \/>\n\t<meta property=\"og:image:type\" content=\"image\/jpeg\" \/>\n<meta name=\"author\" content=\"Aliados17\" \/>\n<meta name=\"twitter:card\" content=\"summary_large_image\" \/>\n<meta name=\"twitter:creator\" content=\"@AliadosPuebla\" \/>\n<meta name=\"twitter:label1\" content=\"Escrito por\" \/>\n\t<meta name=\"twitter:data1\" content=\"Aliados17\" \/>\n\t<meta name=\"twitter:label2\" content=\"Tiempo de lectura\" \/>\n\t<meta name=\"twitter:data2\" content=\"5 minutos\" \/>\n<script type=\"application\/ld+json\" class=\"yoast-schema-graph\">{\"@context\":\"https:\\\/\\\/schema.org\",\"@graph\":[{\"@type\":\"Article\",\"@id\":\"https:\\\/\\\/www.aliadospuebla.com\\\/?p=91490#article\",\"isPartOf\":{\"@id\":\"https:\\\/\\\/www.aliadospuebla.com\\\/?p=91490\"},\"author\":{\"name\":\"Aliados17\",\"@id\":\"https:\\\/\\\/www.aliadospuebla.com\\\/#\\\/schema\\\/person\\\/5da7dd09320bd4f392b710017ed5f8ad\"},\"headline\":\"IMSS Lanza campa\u00f1a de prevenci\u00f3n de accidentes\",\"datePublished\":\"2024-05-01T04:00:42+00:00\",\"dateModified\":\"2024-05-01T04:10:56+00:00\",\"mainEntityOfPage\":{\"@id\":\"https:\\\/\\\/www.aliadospuebla.com\\\/?p=91490\"},\"wordCount\":993,\"commentCount\":0,\"image\":{\"@id\":\"https:\\\/\\\/www.aliadospuebla.com\\\/?p=91490#primaryimage\"},\"thumbnailUrl\":\"https:\\\/\\\/www.aliadospuebla.com\\\/web2017\\\/wp-content\\\/uploads\\\/2024\\\/04\\\/229A2615-scaled.jpg\",\"keywords\":[\"ARMENTA\",\"BUAP\",\"Campa\u00f1a politica\",\"CIUDAD DE PUEBLA\",\"ESTADO DE PUEBLA\",\"GOBERNADOR DE PUEBLA\",\"GOBIERNO DE PUEBLA\",\"Mario puebla\",\"Mario Riestra\",\"PAN\",\"PARTIDOS POL\u00cdTICOS\",\"Politica Puebla\",\"PRI\",\"PSI\",\"Puebla Ciudad\",\"Puebla estado\",\"Puebla gobierno\",\"puebla politica\",\"Puebla Senadores\",\"Puebla UDLAP\",\"Puebla Universidad\",\"Puebla Universidades\",\"Senadores Puebla\",\"Sergio Salomon\",\"To\u00f1o L\u00f3pez\",\"Udlap\",\"Udlap cholula\",\"UDLAP Puebla\",\"Universidad de Puebla\",\"UPAEP\",\"UPAEP Puebla\"],\"articleSection\":[\"Capital\"],\"inLanguage\":\"es\",\"potentialAction\":[{\"@type\":\"CommentAction\",\"name\":\"Comment\",\"target\":[\"https:\\\/\\\/www.aliadospuebla.com\\\/?p=91490#respond\"]}]},{\"@type\":\"WebPage\",\"@id\":\"https:\\\/\\\/www.aliadospuebla.com\\\/?p=91490\",\"url\":\"https:\\\/\\\/www.aliadospuebla.com\\\/?p=91490\",\"name\":\"IMSS Lanza campa\u00f1a de prevenci\u00f3n de accidentes - AliadosPuebla\",\"isPartOf\":{\"@id\":\"https:\\\/\\\/www.aliadospuebla.com\\\/#website\"},\"primaryImageOfPage\":{\"@id\":\"https:\\\/\\\/www.aliadospuebla.com\\\/?p=91490#primaryimage\"},\"image\":{\"@id\":\"https:\\\/\\\/www.aliadospuebla.com\\\/?p=91490#primaryimage\"},\"thumbnailUrl\":\"https:\\\/\\\/www.aliadospuebla.com\\\/web2017\\\/wp-content\\\/uploads\\\/2024\\\/04\\\/229A2615-scaled.jpg\",\"datePublished\":\"2024-05-01T04:00:42+00:00\",\"dateModified\":\"2024-05-01T04:10:56+00:00\",\"author\":{\"@id\":\"https:\\\/\\\/www.aliadospuebla.com\\\/#\\\/schema\\\/person\\\/5da7dd09320bd4f392b710017ed5f8ad\"},\"breadcrumb\":{\"@id\":\"https:\\\/\\\/www.aliadospuebla.com\\\/?p=91490#breadcrumb\"},\"inLanguage\":\"es\",\"potentialAction\":[{\"@type\":\"ReadAction\",\"target\":[\"https:\\\/\\\/www.aliadospuebla.com\\\/?p=91490\"]}]},{\"@type\":\"ImageObject\",\"inLanguage\":\"es\",\"@id\":\"https:\\\/\\\/www.aliadospuebla.com\\\/?p=91490#primaryimage\",\"url\":\"https:\\\/\\\/www.aliadospuebla.com\\\/web2017\\\/wp-content\\\/uploads\\\/2024\\\/04\\\/229A2615-scaled.jpg\",\"contentUrl\":\"https:\\\/\\\/www.aliadospuebla.com\\\/web2017\\\/wp-content\\\/uploads\\\/2024\\\/04\\\/229A2615-scaled.jpg\",\"width\":2560,\"height\":1670},{\"@type\":\"BreadcrumbList\",\"@id\":\"https:\\\/\\\/www.aliadospuebla.com\\\/?p=91490#breadcrumb\",\"itemListElement\":[{\"@type\":\"ListItem\",\"position\":1,\"name\":\"Portada\",\"item\":\"https:\\\/\\\/www.aliadospuebla.com\\\/\"},{\"@type\":\"ListItem\",\"position\":2,\"name\":\"IMSS Lanza campa\u00f1a de prevenci\u00f3n de accidentes\"}]},{\"@type\":\"WebSite\",\"@id\":\"https:\\\/\\\/www.aliadospuebla.com\\\/#website\",\"url\":\"https:\\\/\\\/www.aliadospuebla.com\\\/\",\"name\":\"AliadosPuebla\",\"description\":\"La informaci\u00f3n en tus manos\",\"potentialAction\":[{\"@type\":\"SearchAction\",\"target\":{\"@type\":\"EntryPoint\",\"urlTemplate\":\"https:\\\/\\\/www.aliadospuebla.com\\\/?s={search_term_string}\"},\"query-input\":{\"@type\":\"PropertyValueSpecification\",\"valueRequired\":true,\"valueName\":\"search_term_string\"}}],\"inLanguage\":\"es\"},{\"@type\":\"Person\",\"@id\":\"https:\\\/\\\/www.aliadospuebla.com\\\/#\\\/schema\\\/person\\\/5da7dd09320bd4f392b710017ed5f8ad\",\"name\":\"Aliados17\",\"image\":{\"@type\":\"ImageObject\",\"inLanguage\":\"es\",\"@id\":\"https:\\\/\\\/www.aliadospuebla.com\\\/web2017\\\/wp-content\\\/uploads\\\/2025\\\/03\\\/cropped-para-perfil-8-anos-1-96x96.jpg\",\"url\":\"https:\\\/\\\/www.aliadospuebla.com\\\/web2017\\\/wp-content\\\/uploads\\\/2025\\\/03\\\/cropped-para-perfil-8-anos-1-96x96.jpg\",\"contentUrl\":\"https:\\\/\\\/www.aliadospuebla.com\\\/web2017\\\/wp-content\\\/uploads\\\/2025\\\/03\\\/cropped-para-perfil-8-anos-1-96x96.jpg\",\"caption\":\"Aliados17\"},\"sameAs\":[\"https:\\\/\\\/www.aliados17.com\",\"https:\\\/\\\/www.facebook.com\\\/Aliados17Pue\",\"https:\\\/\\\/x.com\\\/AliadosPuebla\"],\"url\":\"https:\\\/\\\/www.aliadospuebla.com\\\/?author=2\"}]}<\/script>\n<!-- \/ Yoast SEO plugin. -->","yoast_head_json":{"title":"IMSS Lanza campa\u00f1a de prevenci\u00f3n de accidentes - AliadosPuebla","robots":{"index":"index","follow":"follow","max-snippet":"max-snippet:-1","max-image-preview":"max-image-preview:large","max-video-preview":"max-video-preview:-1"},"canonical":"https:\/\/www.aliadospuebla.com\/?p=91490","og_locale":"es_ES","og_type":"article","og_title":"IMSS Lanza campa\u00f1a de prevenci\u00f3n de accidentes - AliadosPuebla","og_description":"En el marco del D\u00eda Mundial de la Seguridad y Salud en el Trabajo, el Instituto Mexicano del Seguro Social (IMSS) lanz\u00f3 la Campa\u00f1a de Prevenci\u00f3n de Accidentes de Trabajo en Mano y Tobillo, a fin de fortalecer la cultura de prevenci\u00f3n y promover las mejores pr\u00e1cticas en materia de seguridad y salud en el trabajo, como parte del Programa Entornos Laborales Seguros y Saludables (ELSSA). &nbsp; Durante la Jornada Nacional de la Seguridad y Salud en el Trabajo, realizada del 22 al 29 de abril, se entregaron 577 Distintivos ELSSA a empresas afiliadas que participan en el Programa, adem\u00e1s se llevaron a cabo 31 eventos simult\u00e1neos con la participaci\u00f3n de 2 mil 410 personas de forma presencial y 782 v\u00eda remota. Al realizarse el&hellip;Leer m\u00e1s...","og_url":"https:\/\/www.aliadospuebla.com\/?p=91490","og_site_name":"AliadosPuebla","article_author":"https:\/\/www.facebook.com\/Aliados17Pue","article_published_time":"2024-05-01T04:00:42+00:00","article_modified_time":"2024-05-01T04:10:56+00:00","og_image":[{"width":2560,"height":1670,"url":"https:\/\/www.aliadospuebla.com\/web2017\/wp-content\/uploads\/2024\/04\/229A2615-scaled.jpg","type":"image\/jpeg"}],"author":"Aliados17","twitter_card":"summary_large_image","twitter_creator":"@AliadosPuebla","twitter_misc":{"Escrito por":"Aliados17","Tiempo de lectura":"5 minutos"},"schema":{"@context":"https:\/\/schema.org","@graph":[{"@type":"Article","@id":"https:\/\/www.aliadospuebla.com\/?p=91490#article","isPartOf":{"@id":"https:\/\/www.aliadospuebla.com\/?p=91490"},"author":{"name":"Aliados17","@id":"https:\/\/www.aliadospuebla.com\/#\/schema\/person\/5da7dd09320bd4f392b710017ed5f8ad"},"headline":"IMSS Lanza campa\u00f1a de prevenci\u00f3n de accidentes","datePublished":"2024-05-01T04:00:42+00:00","dateModified":"2024-05-01T04:10:56+00:00","mainEntityOfPage":{"@id":"https:\/\/www.aliadospuebla.com\/?p=91490"},"wordCount":993,"commentCount":0,"image":{"@id":"https:\/\/www.aliadospuebla.com\/?p=91490#primaryimage"},"thumbnailUrl":"https:\/\/www.aliadospuebla.com\/web2017\/wp-content\/uploads\/2024\/04\/229A2615-scaled.jpg","keywords":["ARMENTA","BUAP","Campa\u00f1a politica","CIUDAD DE PUEBLA","ESTADO DE PUEBLA","GOBERNADOR DE PUEBLA","GOBIERNO DE PUEBLA","Mario puebla","Mario Riestra","PAN","PARTIDOS POL\u00cdTICOS","Politica Puebla","PRI","PSI","Puebla Ciudad","Puebla estado","Puebla gobierno","puebla politica","Puebla Senadores","Puebla UDLAP","Puebla Universidad","Puebla Universidades","Senadores Puebla","Sergio Salomon","To\u00f1o L\u00f3pez","Udlap","Udlap cholula","UDLAP Puebla","Universidad de Puebla","UPAEP","UPAEP Puebla"],"articleSection":["Capital"],"inLanguage":"es","potentialAction":[{"@type":"CommentAction","name":"Comment","target":["https:\/\/www.aliadospuebla.com\/?p=91490#respond"]}]},{"@type":"WebPage","@id":"https:\/\/www.aliadospuebla.com\/?p=91490","url":"https:\/\/www.aliadospuebla.com\/?p=91490","name":"IMSS Lanza campa\u00f1a de prevenci\u00f3n de accidentes - AliadosPuebla","isPartOf":{"@id":"https:\/\/www.aliadospuebla.com\/#website"},"primaryImageOfPage":{"@id":"https:\/\/www.aliadospuebla.com\/?p=91490#primaryimage"},"image":{"@id":"https:\/\/www.aliadospuebla.com\/?p=91490#primaryimage"},"thumbnailUrl":"https:\/\/www.aliadospuebla.com\/web2017\/wp-content\/uploads\/2024\/04\/229A2615-scaled.jpg","datePublished":"2024-05-01T04:00:42+00:00","dateModified":"2024-05-01T04:10:56+00:00","author":{"@id":"https:\/\/www.aliadospuebla.com\/#\/schema\/person\/5da7dd09320bd4f392b710017ed5f8ad"},"breadcrumb":{"@id":"https:\/\/www.aliadospuebla.com\/?p=91490#breadcrumb"},"inLanguage":"es","potentialAction":[{"@type":"ReadAction","target":["https:\/\/www.aliadospuebla.com\/?p=91490"]}]},{"@type":"ImageObject","inLanguage":"es","@id":"https:\/\/www.aliadospuebla.com\/?p=91490#primaryimage","url":"https:\/\/www.aliadospuebla.com\/web2017\/wp-content\/uploads\/2024\/04\/229A2615-scaled.jpg","contentUrl":"https:\/\/www.aliadospuebla.com\/web2017\/wp-content\/uploads\/2024\/04\/229A2615-scaled.jpg","width":2560,"height":1670},{"@type":"BreadcrumbList","@id":"https:\/\/www.aliadospuebla.com\/?p=91490#breadcrumb","itemListElement":[{"@type":"ListItem","position":1,"name":"Portada","item":"https:\/\/www.aliadospuebla.com\/"},{"@type":"ListItem","position":2,"name":"IMSS Lanza campa\u00f1a de prevenci\u00f3n de accidentes"}]},{"@type":"WebSite","@id":"https:\/\/www.aliadospuebla.com\/#website","url":"https:\/\/www.aliadospuebla.com\/","name":"AliadosPuebla","description":"La informaci\u00f3n en tus manos","potentialAction":[{"@type":"SearchAction","target":{"@type":"EntryPoint","urlTemplate":"https:\/\/www.aliadospuebla.com\/?s={search_term_string}"},"query-input":{"@type":"PropertyValueSpecification","valueRequired":true,"valueName":"search_term_string"}}],"inLanguage":"es"},{"@type":"Person","@id":"https:\/\/www.aliadospuebla.com\/#\/schema\/person\/5da7dd09320bd4f392b710017ed5f8ad","name":"Aliados17","image":{"@type":"ImageObject","inLanguage":"es","@id":"https:\/\/www.aliadospuebla.com\/web2017\/wp-content\/uploads\/2025\/03\/cropped-para-perfil-8-anos-1-96x96.jpg","url":"https:\/\/www.aliadospuebla.com\/web2017\/wp-content\/uploads\/2025\/03\/cropped-para-perfil-8-anos-1-96x96.jpg","contentUrl":"https:\/\/www.aliadospuebla.com\/web2017\/wp-content\/uploads\/2025\/03\/cropped-para-perfil-8-anos-1-96x96.jpg","caption":"Aliados17"},"sameAs":["https:\/\/www.aliados17.com","https:\/\/www.facebook.com\/Aliados17Pue","https:\/\/x.com\/AliadosPuebla"],"url":"https:\/\/www.aliadospuebla.com\/?author=2"}]}},"views":8,"_links":{"self":[{"href":"https:\/\/www.aliadospuebla.com\/index.php?rest_route=\/wp\/v2\/posts\/91490","targetHints":{"allow":["GET"]}}],"collection":[{"href":"https:\/\/www.aliadospuebla.com\/index.php?rest_route=\/wp\/v2\/posts"}],"about":[{"href":"https:\/\/www.aliadospuebla.com\/index.php?rest_route=\/wp\/v2\/types\/post"}],"author":[{"embeddable":true,"href":"https:\/\/www.aliadospuebla.com\/index.php?rest_route=\/wp\/v2\/users\/2"}],"replies":[{"embeddable":true,"href":"https:\/\/www.aliadospuebla.com\/index.php?rest_route=%2Fwp%2Fv2%2Fcomments&post=91490"}],"version-history":[{"count":1,"href":"https:\/\/www.aliadospuebla.com\/index.php?rest_route=\/wp\/v2\/posts\/91490\/revisions"}],"predecessor-version":[{"id":91505,"href":"https:\/\/www.aliadospuebla.com\/index.php?rest_route=\/wp\/v2\/posts\/91490\/revisions\/91505"}],"wp:featuredmedia":[{"embeddable":true,"href":"https:\/\/www.aliadospuebla.com\/index.php?rest_route=\/wp\/v2\/media\/91495"}],"wp:attachment":[{"href":"https:\/\/www.aliadospuebla.com\/index.php?rest_route=%2Fwp%2Fv2%2Fmedia&parent=91490"}],"wp:term":[{"taxonomy":"category","embeddable":true,"href":"https:\/\/www.aliadospuebla.com\/index.php?rest_route=%2Fwp%2Fv2%2Fcategories&post=91490"},{"taxonomy":"post_tag","embeddable":true,"href":"https:\/\/www.aliadospuebla.com\/index.php?rest_route=%2Fwp%2Fv2%2Ftags&post=91490"}],"curies":[{"name":"wp","href":"https:\/\/api.w.org\/{rel}","templated":true}]}}