{"id":90794,"date":"2024-04-15T22:18:55","date_gmt":"2024-04-16T04:18:55","guid":{"rendered":"https:\/\/www.aliados17.com\/?p=90794"},"modified":"2024-04-15T22:18:55","modified_gmt":"2024-04-16T04:18:55","slug":"el-segundo-piso-de-la-cuarta-transformacion-sigue-su-curso-en-san-pedro-cholula-puebla-y-mexico-tonantzin-fernandez","status":"publish","type":"post","link":"https:\/\/www.aliadospuebla.com\/?p=90794","title":{"rendered":"El segundo piso de la Cuarta Transformaci\u00f3n sigue su curso en San Pedro Cholula, Puebla y M\u00e9xico: Tonantzin Fern\u00e1ndez"},"content":{"rendered":"<h4>La candidata municipal asegur\u00f3 que, quienes est\u00e1n en Morena, luchan por la consolidaci\u00f3n del movimiento, no por un cargo<\/h4>\n<p>San Pedro Cholula, Pue.- La candidata de la coalici\u00f3n \u00abSigamos Haciendo Historia\u00bb a la presidencia municipal de San Pedro Cholula, Tonantzin Fern\u00e1ndez, sentenci\u00f3 que, quienes se encuentran dentro del movimiento est\u00e1n comprometidos con la consolidaci\u00f3n del segundo piso de la 4T, independientemente de la salida o declinaci\u00f3n de algunos personajes.<\/p>\n<p>Lo anterior, ante las declaraciones de Abundio Sandre Popoca, candidato del partido Nueva Alianza, al declinar sus aspiraciones hacia Movimiento Ciudadano y su candidato, Isauro L\u00f3pez Chawaro, por la presidencia municipal de San Pedro Cholula.<\/p>\n<p>Al respecto, Tonantzin Fern\u00e1ndez afirm\u00f3 respetar la decisi\u00f3n de cada uno de los contendientes que buscan la presidencia municipal, \u00abla gente a fin al movimiento, los que son obradoristas, se van a quedar con nosotros porque siguen creyendo en el proyecto de la Dra. Claudia Sheinbaum y el de nuestro futuro gobernador, Alejandro Armenta\u00bb.<\/p>\n<p>Asever\u00f3 que, en la coalici\u00f3n \u201cSigamos Haciendo Historia\u201d, tienen claro en defender la transformaci\u00f3n y consolidar el segundo piso de la 4T, \u00absi bien, con esta declinaci\u00f3n no est\u00e1n abonando en nada al movimiento de transformaci\u00f3n, lo respetamos; sin embargo, los simpatizantes se quedan dentro y seguiremos trabajando juntos\u00bb.<\/p>\n<p>Finalmente, afirm\u00f3 que los partidos que componen la coalici\u00f3n (Morena, PT, Fuerza x M\u00e9xico y Nueva Alianza) contin\u00faan con la misma ruta y el objetivo de hacer llegar la 4T a San Pedro Cholula, as\u00ed como sumar su apoyo a Claudia Sheinbaum hacia la presidencia de M\u00e9xico y a Alejandro Armenta como candidato a gobernador.<\/p>\n","protected":false},"excerpt":{"rendered":"<p>La candidata municipal asegur\u00f3 que, quienes est\u00e1n en Morena, luchan por la consolidaci\u00f3n del movimiento, no por un cargo San Pedro Cholula, Pue.- La candidata de la coalici\u00f3n \u00abSigamos Haciendo Historia\u00bb a la presidencia municipal de San Pedro Cholula, Tonantzin Fern\u00e1ndez, sentenci\u00f3 que, quienes se encuentran dentro del movimiento est\u00e1n comprometidos con la consolidaci\u00f3n del segundo piso de la 4T, independientemente de la salida o declinaci\u00f3n de algunos personajes. Lo anterior, ante las declaraciones de Abundio Sandre Popoca, candidato del partido Nueva Alianza, al declinar sus aspiraciones hacia Movimiento Ciudadano y su candidato, Isauro L\u00f3pez Chawaro, por la presidencia municipal de San Pedro Cholula. Al respecto, Tonantzin Fern\u00e1ndez afirm\u00f3 respetar la decisi\u00f3n de cada uno de los contendientes que buscan la presidencia municipal, \u00abla gente&hellip;<\/p>\n<p class=\"excerpt-more\"><a class=\"blog-excerpt button\" href=\"https:\/\/www.aliadospuebla.com\/?p=90794\">Leer m\u00e1s&#8230;<\/a><\/p>\n","protected":false},"author":2,"featured_media":90795,"comment_status":"open","ping_status":"open","sticky":false,"template":"","format":"standard","meta":{"_monsterinsights_skip_tracking":false,"footnotes":""},"categories":[6],"tags":[2972,666,3229,156,387,7394],"class_list":["post-90794","post","type-post","status-publish","format-standard","has-post-thumbnail","hentry","category-politica","tag-candidata","tag-morena","tag-presidencia-municipal","tag-proyecto","tag-san-pedro-cholula","tag-tonantzin-fernandez"],"yoast_head":"<!-- This site is optimized with the Yoast SEO plugin v28.4 - https:\/\/yoast.com\/product\/yoast-seo-wordpress\/ -->\n<title>El segundo piso de la Cuarta Transformaci\u00f3n sigue su curso en San Pedro Cholula, Puebla y M\u00e9xico: Tonantzin Fern\u00e1ndez - AliadosPuebla<\/title>\n<meta name=\"robots\" content=\"index, follow, max-snippet:-1, max-image-preview:large, max-video-preview:-1\" \/>\n<link rel=\"canonical\" href=\"https:\/\/www.aliadospuebla.com\/?p=90794\" \/>\n<meta property=\"og:locale\" content=\"es_ES\" \/>\n<meta property=\"og:type\" content=\"article\" \/>\n<meta property=\"og:title\" content=\"El segundo piso de la Cuarta Transformaci\u00f3n sigue su curso en San Pedro Cholula, Puebla y M\u00e9xico: Tonantzin Fern\u00e1ndez - AliadosPuebla\" \/>\n<meta property=\"og:description\" content=\"La candidata municipal asegur\u00f3 que, quienes est\u00e1n en Morena, luchan por la consolidaci\u00f3n del movimiento, no por un cargo San Pedro Cholula, Pue.- La candidata de la coalici\u00f3n \u00abSigamos Haciendo Historia\u00bb a la presidencia municipal de San Pedro Cholula, Tonantzin Fern\u00e1ndez, sentenci\u00f3 que, quienes se encuentran dentro del movimiento est\u00e1n comprometidos con la consolidaci\u00f3n del segundo piso de la 4T, independientemente de la salida o declinaci\u00f3n de algunos personajes. Lo anterior, ante las declaraciones de Abundio Sandre Popoca, candidato del partido Nueva Alianza, al declinar sus aspiraciones hacia Movimiento Ciudadano y su candidato, Isauro L\u00f3pez Chawaro, por la presidencia municipal de San Pedro Cholula. Al respecto, Tonantzin Fern\u00e1ndez afirm\u00f3 respetar la decisi\u00f3n de cada uno de los contendientes que buscan la presidencia municipal, \u00abla gente&hellip;Leer m\u00e1s...\" \/>\n<meta property=\"og:url\" content=\"https:\/\/www.aliadospuebla.com\/?p=90794\" \/>\n<meta property=\"og:site_name\" content=\"AliadosPuebla\" \/>\n<meta property=\"article:author\" content=\"https:\/\/www.facebook.com\/Aliados17Pue\" \/>\n<meta property=\"article:published_time\" content=\"2024-04-16T04:18:55+00:00\" \/>\n<meta property=\"og:image\" content=\"https:\/\/www.aliadospuebla.com\/web2017\/wp-content\/uploads\/2024\/04\/347.jpg\" \/>\n\t<meta property=\"og:image:width\" content=\"600\" \/>\n\t<meta property=\"og:image:height\" content=\"450\" \/>\n\t<meta property=\"og:image:type\" content=\"image\/jpeg\" \/>\n<meta name=\"author\" content=\"Aliados17\" \/>\n<meta name=\"twitter:card\" content=\"summary_large_image\" \/>\n<meta name=\"twitter:creator\" content=\"@AliadosPuebla\" \/>\n<meta name=\"twitter:label1\" content=\"Escrito por\" \/>\n\t<meta name=\"twitter:data1\" content=\"Aliados17\" \/>\n\t<meta name=\"twitter:label2\" content=\"Tiempo de lectura\" \/>\n\t<meta name=\"twitter:data2\" content=\"2 minutos\" \/>\n<script type=\"application\/ld+json\" class=\"yoast-schema-graph\">{\"@context\":\"https:\\\/\\\/schema.org\",\"@graph\":[{\"@type\":\"Article\",\"@id\":\"https:\\\/\\\/www.aliadospuebla.com\\\/?p=90794#article\",\"isPartOf\":{\"@id\":\"https:\\\/\\\/www.aliadospuebla.com\\\/?p=90794\"},\"author\":{\"name\":\"Aliados17\",\"@id\":\"https:\\\/\\\/www.aliadospuebla.com\\\/#\\\/schema\\\/person\\\/5da7dd09320bd4f392b710017ed5f8ad\"},\"headline\":\"El segundo piso de la Cuarta Transformaci\u00f3n sigue su curso en San Pedro Cholula, Puebla y M\u00e9xico: Tonantzin Fern\u00e1ndez\",\"datePublished\":\"2024-04-16T04:18:55+00:00\",\"mainEntityOfPage\":{\"@id\":\"https:\\\/\\\/www.aliadospuebla.com\\\/?p=90794\"},\"wordCount\":304,\"commentCount\":0,\"image\":{\"@id\":\"https:\\\/\\\/www.aliadospuebla.com\\\/?p=90794#primaryimage\"},\"thumbnailUrl\":\"https:\\\/\\\/www.aliadospuebla.com\\\/web2017\\\/wp-content\\\/uploads\\\/2024\\\/04\\\/347.jpg\",\"keywords\":[\"CANDIDATA\",\"MORENA\",\"PRESIDENCIA MUNICIPAL\",\"Proyecto\",\"SAN PEDRO CHOLULA\",\"TONANTZIN FERN\u00c1NDEZ\"],\"articleSection\":[\"Pol\u00edtica\"],\"inLanguage\":\"es\",\"potentialAction\":[{\"@type\":\"CommentAction\",\"name\":\"Comment\",\"target\":[\"https:\\\/\\\/www.aliadospuebla.com\\\/?p=90794#respond\"]}]},{\"@type\":\"WebPage\",\"@id\":\"https:\\\/\\\/www.aliadospuebla.com\\\/?p=90794\",\"url\":\"https:\\\/\\\/www.aliadospuebla.com\\\/?p=90794\",\"name\":\"El segundo piso de la Cuarta Transformaci\u00f3n sigue su curso en San Pedro Cholula, Puebla y M\u00e9xico: Tonantzin Fern\u00e1ndez - AliadosPuebla\",\"isPartOf\":{\"@id\":\"https:\\\/\\\/www.aliadospuebla.com\\\/#website\"},\"primaryImageOfPage\":{\"@id\":\"https:\\\/\\\/www.aliadospuebla.com\\\/?p=90794#primaryimage\"},\"image\":{\"@id\":\"https:\\\/\\\/www.aliadospuebla.com\\\/?p=90794#primaryimage\"},\"thumbnailUrl\":\"https:\\\/\\\/www.aliadospuebla.com\\\/web2017\\\/wp-content\\\/uploads\\\/2024\\\/04\\\/347.jpg\",\"datePublished\":\"2024-04-16T04:18:55+00:00\",\"author\":{\"@id\":\"https:\\\/\\\/www.aliadospuebla.com\\\/#\\\/schema\\\/person\\\/5da7dd09320bd4f392b710017ed5f8ad\"},\"breadcrumb\":{\"@id\":\"https:\\\/\\\/www.aliadospuebla.com\\\/?p=90794#breadcrumb\"},\"inLanguage\":\"es\",\"potentialAction\":[{\"@type\":\"ReadAction\",\"target\":[\"https:\\\/\\\/www.aliadospuebla.com\\\/?p=90794\"]}]},{\"@type\":\"ImageObject\",\"inLanguage\":\"es\",\"@id\":\"https:\\\/\\\/www.aliadospuebla.com\\\/?p=90794#primaryimage\",\"url\":\"https:\\\/\\\/www.aliadospuebla.com\\\/web2017\\\/wp-content\\\/uploads\\\/2024\\\/04\\\/347.jpg\",\"contentUrl\":\"https:\\\/\\\/www.aliadospuebla.com\\\/web2017\\\/wp-content\\\/uploads\\\/2024\\\/04\\\/347.jpg\",\"width\":600,\"height\":450},{\"@type\":\"BreadcrumbList\",\"@id\":\"https:\\\/\\\/www.aliadospuebla.com\\\/?p=90794#breadcrumb\",\"itemListElement\":[{\"@type\":\"ListItem\",\"position\":1,\"name\":\"Portada\",\"item\":\"https:\\\/\\\/www.aliadospuebla.com\\\/\"},{\"@type\":\"ListItem\",\"position\":2,\"name\":\"El segundo piso de la Cuarta Transformaci\u00f3n sigue su curso en San Pedro Cholula, Puebla y M\u00e9xico: Tonantzin Fern\u00e1ndez\"}]},{\"@type\":\"WebSite\",\"@id\":\"https:\\\/\\\/www.aliadospuebla.com\\\/#website\",\"url\":\"https:\\\/\\\/www.aliadospuebla.com\\\/\",\"name\":\"AliadosPuebla\",\"description\":\"La informaci\u00f3n en tus manos\",\"potentialAction\":[{\"@type\":\"SearchAction\",\"target\":{\"@type\":\"EntryPoint\",\"urlTemplate\":\"https:\\\/\\\/www.aliadospuebla.com\\\/?s={search_term_string}\"},\"query-input\":{\"@type\":\"PropertyValueSpecification\",\"valueRequired\":true,\"valueName\":\"search_term_string\"}}],\"inLanguage\":\"es\"},{\"@type\":\"Person\",\"@id\":\"https:\\\/\\\/www.aliadospuebla.com\\\/#\\\/schema\\\/person\\\/5da7dd09320bd4f392b710017ed5f8ad\",\"name\":\"Aliados17\",\"image\":{\"@type\":\"ImageObject\",\"inLanguage\":\"es\",\"@id\":\"https:\\\/\\\/www.aliadospuebla.com\\\/web2017\\\/wp-content\\\/uploads\\\/2025\\\/03\\\/cropped-para-perfil-8-anos-1-96x96.jpg\",\"url\":\"https:\\\/\\\/www.aliadospuebla.com\\\/web2017\\\/wp-content\\\/uploads\\\/2025\\\/03\\\/cropped-para-perfil-8-anos-1-96x96.jpg\",\"contentUrl\":\"https:\\\/\\\/www.aliadospuebla.com\\\/web2017\\\/wp-content\\\/uploads\\\/2025\\\/03\\\/cropped-para-perfil-8-anos-1-96x96.jpg\",\"caption\":\"Aliados17\"},\"sameAs\":[\"https:\\\/\\\/www.aliados17.com\",\"https:\\\/\\\/www.facebook.com\\\/Aliados17Pue\",\"https:\\\/\\\/x.com\\\/AliadosPuebla\"],\"url\":\"https:\\\/\\\/www.aliadospuebla.com\\\/?author=2\"}]}<\/script>\n<!-- \/ Yoast SEO plugin. -->","yoast_head_json":{"title":"El segundo piso de la Cuarta Transformaci\u00f3n sigue su curso en San Pedro Cholula, Puebla y M\u00e9xico: Tonantzin Fern\u00e1ndez - AliadosPuebla","robots":{"index":"index","follow":"follow","max-snippet":"max-snippet:-1","max-image-preview":"max-image-preview:large","max-video-preview":"max-video-preview:-1"},"canonical":"https:\/\/www.aliadospuebla.com\/?p=90794","og_locale":"es_ES","og_type":"article","og_title":"El segundo piso de la Cuarta Transformaci\u00f3n sigue su curso en San Pedro Cholula, Puebla y M\u00e9xico: Tonantzin Fern\u00e1ndez - AliadosPuebla","og_description":"La candidata municipal asegur\u00f3 que, quienes est\u00e1n en Morena, luchan por la consolidaci\u00f3n del movimiento, no por un cargo San Pedro Cholula, Pue.- La candidata de la coalici\u00f3n \u00abSigamos Haciendo Historia\u00bb a la presidencia municipal de San Pedro Cholula, Tonantzin Fern\u00e1ndez, sentenci\u00f3 que, quienes se encuentran dentro del movimiento est\u00e1n comprometidos con la consolidaci\u00f3n del segundo piso de la 4T, independientemente de la salida o declinaci\u00f3n de algunos personajes. Lo anterior, ante las declaraciones de Abundio Sandre Popoca, candidato del partido Nueva Alianza, al declinar sus aspiraciones hacia Movimiento Ciudadano y su candidato, Isauro L\u00f3pez Chawaro, por la presidencia municipal de San Pedro Cholula. Al respecto, Tonantzin Fern\u00e1ndez afirm\u00f3 respetar la decisi\u00f3n de cada uno de los contendientes que buscan la presidencia municipal, \u00abla gente&hellip;Leer m\u00e1s...","og_url":"https:\/\/www.aliadospuebla.com\/?p=90794","og_site_name":"AliadosPuebla","article_author":"https:\/\/www.facebook.com\/Aliados17Pue","article_published_time":"2024-04-16T04:18:55+00:00","og_image":[{"width":600,"height":450,"url":"https:\/\/www.aliadospuebla.com\/web2017\/wp-content\/uploads\/2024\/04\/347.jpg","type":"image\/jpeg"}],"author":"Aliados17","twitter_card":"summary_large_image","twitter_creator":"@AliadosPuebla","twitter_misc":{"Escrito por":"Aliados17","Tiempo de lectura":"2 minutos"},"schema":{"@context":"https:\/\/schema.org","@graph":[{"@type":"Article","@id":"https:\/\/www.aliadospuebla.com\/?p=90794#article","isPartOf":{"@id":"https:\/\/www.aliadospuebla.com\/?p=90794"},"author":{"name":"Aliados17","@id":"https:\/\/www.aliadospuebla.com\/#\/schema\/person\/5da7dd09320bd4f392b710017ed5f8ad"},"headline":"El segundo piso de la Cuarta Transformaci\u00f3n sigue su curso en San Pedro Cholula, Puebla y M\u00e9xico: Tonantzin Fern\u00e1ndez","datePublished":"2024-04-16T04:18:55+00:00","mainEntityOfPage":{"@id":"https:\/\/www.aliadospuebla.com\/?p=90794"},"wordCount":304,"commentCount":0,"image":{"@id":"https:\/\/www.aliadospuebla.com\/?p=90794#primaryimage"},"thumbnailUrl":"https:\/\/www.aliadospuebla.com\/web2017\/wp-content\/uploads\/2024\/04\/347.jpg","keywords":["CANDIDATA","MORENA","PRESIDENCIA MUNICIPAL","Proyecto","SAN PEDRO CHOLULA","TONANTZIN FERN\u00c1NDEZ"],"articleSection":["Pol\u00edtica"],"inLanguage":"es","potentialAction":[{"@type":"CommentAction","name":"Comment","target":["https:\/\/www.aliadospuebla.com\/?p=90794#respond"]}]},{"@type":"WebPage","@id":"https:\/\/www.aliadospuebla.com\/?p=90794","url":"https:\/\/www.aliadospuebla.com\/?p=90794","name":"El segundo piso de la Cuarta Transformaci\u00f3n sigue su curso en San Pedro Cholula, Puebla y M\u00e9xico: Tonantzin Fern\u00e1ndez - AliadosPuebla","isPartOf":{"@id":"https:\/\/www.aliadospuebla.com\/#website"},"primaryImageOfPage":{"@id":"https:\/\/www.aliadospuebla.com\/?p=90794#primaryimage"},"image":{"@id":"https:\/\/www.aliadospuebla.com\/?p=90794#primaryimage"},"thumbnailUrl":"https:\/\/www.aliadospuebla.com\/web2017\/wp-content\/uploads\/2024\/04\/347.jpg","datePublished":"2024-04-16T04:18:55+00:00","author":{"@id":"https:\/\/www.aliadospuebla.com\/#\/schema\/person\/5da7dd09320bd4f392b710017ed5f8ad"},"breadcrumb":{"@id":"https:\/\/www.aliadospuebla.com\/?p=90794#breadcrumb"},"inLanguage":"es","potentialAction":[{"@type":"ReadAction","target":["https:\/\/www.aliadospuebla.com\/?p=90794"]}]},{"@type":"ImageObject","inLanguage":"es","@id":"https:\/\/www.aliadospuebla.com\/?p=90794#primaryimage","url":"https:\/\/www.aliadospuebla.com\/web2017\/wp-content\/uploads\/2024\/04\/347.jpg","contentUrl":"https:\/\/www.aliadospuebla.com\/web2017\/wp-content\/uploads\/2024\/04\/347.jpg","width":600,"height":450},{"@type":"BreadcrumbList","@id":"https:\/\/www.aliadospuebla.com\/?p=90794#breadcrumb","itemListElement":[{"@type":"ListItem","position":1,"name":"Portada","item":"https:\/\/www.aliadospuebla.com\/"},{"@type":"ListItem","position":2,"name":"El segundo piso de la Cuarta Transformaci\u00f3n sigue su curso en San Pedro Cholula, Puebla y M\u00e9xico: Tonantzin Fern\u00e1ndez"}]},{"@type":"WebSite","@id":"https:\/\/www.aliadospuebla.com\/#website","url":"https:\/\/www.aliadospuebla.com\/","name":"AliadosPuebla","description":"La informaci\u00f3n en tus manos","potentialAction":[{"@type":"SearchAction","target":{"@type":"EntryPoint","urlTemplate":"https:\/\/www.aliadospuebla.com\/?s={search_term_string}"},"query-input":{"@type":"PropertyValueSpecification","valueRequired":true,"valueName":"search_term_string"}}],"inLanguage":"es"},{"@type":"Person","@id":"https:\/\/www.aliadospuebla.com\/#\/schema\/person\/5da7dd09320bd4f392b710017ed5f8ad","name":"Aliados17","image":{"@type":"ImageObject","inLanguage":"es","@id":"https:\/\/www.aliadospuebla.com\/web2017\/wp-content\/uploads\/2025\/03\/cropped-para-perfil-8-anos-1-96x96.jpg","url":"https:\/\/www.aliadospuebla.com\/web2017\/wp-content\/uploads\/2025\/03\/cropped-para-perfil-8-anos-1-96x96.jpg","contentUrl":"https:\/\/www.aliadospuebla.com\/web2017\/wp-content\/uploads\/2025\/03\/cropped-para-perfil-8-anos-1-96x96.jpg","caption":"Aliados17"},"sameAs":["https:\/\/www.aliados17.com","https:\/\/www.facebook.com\/Aliados17Pue","https:\/\/x.com\/AliadosPuebla"],"url":"https:\/\/www.aliadospuebla.com\/?author=2"}]}},"views":9,"_links":{"self":[{"href":"https:\/\/www.aliadospuebla.com\/index.php?rest_route=\/wp\/v2\/posts\/90794","targetHints":{"allow":["GET"]}}],"collection":[{"href":"https:\/\/www.aliadospuebla.com\/index.php?rest_route=\/wp\/v2\/posts"}],"about":[{"href":"https:\/\/www.aliadospuebla.com\/index.php?rest_route=\/wp\/v2\/types\/post"}],"author":[{"embeddable":true,"href":"https:\/\/www.aliadospuebla.com\/index.php?rest_route=\/wp\/v2\/users\/2"}],"replies":[{"embeddable":true,"href":"https:\/\/www.aliadospuebla.com\/index.php?rest_route=%2Fwp%2Fv2%2Fcomments&post=90794"}],"version-history":[{"count":1,"href":"https:\/\/www.aliadospuebla.com\/index.php?rest_route=\/wp\/v2\/posts\/90794\/revisions"}],"predecessor-version":[{"id":90796,"href":"https:\/\/www.aliadospuebla.com\/index.php?rest_route=\/wp\/v2\/posts\/90794\/revisions\/90796"}],"wp:featuredmedia":[{"embeddable":true,"href":"https:\/\/www.aliadospuebla.com\/index.php?rest_route=\/wp\/v2\/media\/90795"}],"wp:attachment":[{"href":"https:\/\/www.aliadospuebla.com\/index.php?rest_route=%2Fwp%2Fv2%2Fmedia&parent=90794"}],"wp:term":[{"taxonomy":"category","embeddable":true,"href":"https:\/\/www.aliadospuebla.com\/index.php?rest_route=%2Fwp%2Fv2%2Fcategories&post=90794"},{"taxonomy":"post_tag","embeddable":true,"href":"https:\/\/www.aliadospuebla.com\/index.php?rest_route=%2Fwp%2Fv2%2Ftags&post=90794"}],"curies":[{"name":"wp","href":"https:\/\/api.w.org\/{rel}","templated":true}]}}