{"id":90690,"date":"2024-04-12T23:10:45","date_gmt":"2024-04-13T05:10:45","guid":{"rendered":"https:\/\/www.aliados17.com\/?p=90690"},"modified":"2024-04-12T23:10:45","modified_gmt":"2024-04-13T05:10:45","slug":"la-fuerza-universitaria-con-armenta-y-chedraui-2","status":"publish","type":"post","link":"https:\/\/www.aliadospuebla.com\/?p=90690","title":{"rendered":"La fuerza universitaria con Armenta y Chedraui"},"content":{"rendered":"<p>Oportunidades laborales y educativas son parte importante en la agenda de Alejandro Armenta y Pepe Chedraui candidatos al Gobierno del<\/p>\n<p>Estado y a la Presidencia Municipal por la Coalici\u00f3n Sigamos Haciendo Historia en Puebla; as\u00ed lo expresaron al acudir a la toma de protesta<\/p>\n<p>de C\u00e9lulas Universitarias.<\/p>\n<p>Con la presencia de la leyenda del boxeo de M\u00e9xico, Julio C\u00e9sar Ch\u00e1vez, ambos contendientes externaron su compromiso con las y los<\/p>\n<p>j\u00f3venes, quienes respaldaron las propuestas para el desarrollo de este sector de la sociedad y prometieron su participaci\u00f3n para proponer<\/p>\n<p>pol\u00edticas educativas con enfoques a la juventud poblana.<\/p>\n<p>El candidato al Gobierno del Estado, Alejandro Armenta, expres\u00f3 que este sector de la poblaci\u00f3n forma parte prioritaria en su agenda de<\/p>\n<p>trabajo, por lo que explic\u00f3 a detalle las propuestas en materia educativa desde nivel b\u00e1sico hasta universitario, para un mejor desarrollo<\/p>\n<p>intelectual, f\u00edsico, por medio del deporte, y laboral; por lo cual impulsar\u00e1 programa de becas y servicio social en un esquema de experiencia<\/p>\n<p>laboral que solicitan las empresas.<\/p>\n<p>La encargada de tomar protesta a las y los j\u00f3venes fue Gabriela S\u00e1nchez Saavedra mejor conocida como \u201cLa Bonita\u201d, boxeadora poblana e<\/p>\n<p>integrante de la planilla de regidores del Municipio de Puebla por la Coalici\u00f3n Seguiremos Haciendo Historia en Puebla.<\/p>\n<p>Por su parte, Pepe Chedraui, candidato a presidente municipal expres\u00f3 que de la mano de las y los j\u00f3venes, as\u00ed como de las mujeres van a<\/p>\n<p>recuperar el estado y la capital poblana, porque ambos grupos son un importante elemento para el desarrollo educativo, laboral y econ\u00f3mico<\/p>\n<p>de Puebla.<\/p>\n<p>\u201cPuebla tiene que estar segura y de la \u00fanica manera que se puede es de la manos de los j\u00f3venes\u201d, expres\u00f3.<\/p>\n<p>Finalmente, la leyenda del boxeo en M\u00e9xico, Julio C\u00e9sar Ch\u00e1vez, extern\u00f3 su confianza en el proyecto poblano para que las y los j\u00f3venes<\/p>\n<p>tengan un mejor futuro y con todas las oportunidades de desarrollo, especialmente\u00a0en\u00a0el\u00a0deporte.<\/p>\n","protected":false},"excerpt":{"rendered":"<p>Oportunidades laborales y educativas son parte importante en la agenda de Alejandro Armenta y Pepe Chedraui candidatos al Gobierno del Estado y a la Presidencia Municipal por la Coalici\u00f3n Sigamos Haciendo Historia en Puebla; as\u00ed lo expresaron al acudir a la toma de protesta de C\u00e9lulas Universitarias. Con la presencia de la leyenda del boxeo de M\u00e9xico, Julio C\u00e9sar Ch\u00e1vez, ambos contendientes externaron su compromiso con las y los j\u00f3venes, quienes respaldaron las propuestas para el desarrollo de este sector de la sociedad y prometieron su participaci\u00f3n para proponer pol\u00edticas educativas con enfoques a la juventud poblana. El candidato al Gobierno del Estado, Alejandro Armenta, expres\u00f3 que este sector de la poblaci\u00f3n forma parte prioritaria en su agenda de trabajo, por lo que explic\u00f3 a&hellip;<\/p>\n<p class=\"excerpt-more\"><a class=\"blog-excerpt button\" href=\"https:\/\/www.aliadospuebla.com\/?p=90690\">Leer m\u00e1s&#8230;<\/a><\/p>\n","protected":false},"author":2,"featured_media":90697,"comment_status":"open","ping_status":"open","sticky":false,"template":"","format":"standard","meta":{"_monsterinsights_skip_tracking":false,"footnotes":""},"categories":[6],"tags":[7532,653,23118,11026,10636,5244,8056,23119,170,251,2403,13188,45,3880,13158,17715,13795,13718,19795,14620,13467,13635,19794,13575,15430,63,19283,14621,13749,27,13508],"class_list":["post-90690","post","type-post","status-publish","format-standard","has-post-thumbnail","hentry","category-politica","tag-armenta","tag-buap","tag-campana-politica","tag-ciudad-de-puebla","tag-estado-de-puebla","tag-gobernador-de-puebla","tag-gobierno-de-puebla","tag-mario-puebla","tag-mario-riestra","tag-pan","tag-partidos-politicos","tag-politica-puebla","tag-pri","tag-psi","tag-puebla-ciudad","tag-puebla-estado","tag-puebla-gobierno","tag-puebla-politica","tag-puebla-senadores","tag-puebla-udlap","tag-puebla-universidad","tag-puebla-universidades","tag-senadores-puebla","tag-sergio-salomon","tag-tono-lopez","tag-udlap","tag-udlap-cholula","tag-udlap-puebla","tag-universidad-de-puebla","tag-upaep","tag-upaep-puebla"],"yoast_head":"<!-- This site is optimized with the Yoast SEO plugin v28.4 - https:\/\/yoast.com\/product\/yoast-seo-wordpress\/ -->\n<title>La fuerza universitaria con Armenta y Chedraui - AliadosPuebla<\/title>\n<meta name=\"robots\" content=\"index, follow, max-snippet:-1, max-image-preview:large, max-video-preview:-1\" \/>\n<link rel=\"canonical\" href=\"https:\/\/www.aliadospuebla.com\/?p=90690\" \/>\n<meta property=\"og:locale\" content=\"es_ES\" \/>\n<meta property=\"og:type\" content=\"article\" \/>\n<meta property=\"og:title\" content=\"La fuerza universitaria con Armenta y Chedraui - AliadosPuebla\" \/>\n<meta property=\"og:description\" content=\"Oportunidades laborales y educativas son parte importante en la agenda de Alejandro Armenta y Pepe Chedraui candidatos al Gobierno del Estado y a la Presidencia Municipal por la Coalici\u00f3n Sigamos Haciendo Historia en Puebla; as\u00ed lo expresaron al acudir a la toma de protesta de C\u00e9lulas Universitarias. Con la presencia de la leyenda del boxeo de M\u00e9xico, Julio C\u00e9sar Ch\u00e1vez, ambos contendientes externaron su compromiso con las y los j\u00f3venes, quienes respaldaron las propuestas para el desarrollo de este sector de la sociedad y prometieron su participaci\u00f3n para proponer pol\u00edticas educativas con enfoques a la juventud poblana. El candidato al Gobierno del Estado, Alejandro Armenta, expres\u00f3 que este sector de la poblaci\u00f3n forma parte prioritaria en su agenda de trabajo, por lo que explic\u00f3 a&hellip;Leer m\u00e1s...\" \/>\n<meta property=\"og:url\" content=\"https:\/\/www.aliadospuebla.com\/?p=90690\" \/>\n<meta property=\"og:site_name\" content=\"AliadosPuebla\" \/>\n<meta property=\"article:author\" content=\"https:\/\/www.facebook.com\/Aliados17Pue\" \/>\n<meta property=\"article:published_time\" content=\"2024-04-13T05:10:45+00:00\" \/>\n<meta property=\"og:image\" content=\"https:\/\/www.aliadospuebla.com\/web2017\/wp-content\/uploads\/2024\/04\/Imagen-de-WhatsApp-2024-04-12-a-las-21.06.25_0924386a-scaled.jpg\" \/>\n\t<meta property=\"og:image:width\" content=\"2560\" \/>\n\t<meta property=\"og:image:height\" content=\"1706\" \/>\n\t<meta property=\"og:image:type\" content=\"image\/jpeg\" \/>\n<meta name=\"author\" content=\"Aliados17\" \/>\n<meta name=\"twitter:card\" content=\"summary_large_image\" \/>\n<meta name=\"twitter:creator\" content=\"@AliadosPuebla\" \/>\n<meta name=\"twitter:label1\" content=\"Escrito por\" \/>\n\t<meta name=\"twitter:data1\" content=\"Aliados17\" \/>\n\t<meta name=\"twitter:label2\" content=\"Tiempo de lectura\" \/>\n\t<meta name=\"twitter:data2\" content=\"2 minutos\" \/>\n<script type=\"application\/ld+json\" class=\"yoast-schema-graph\">{\"@context\":\"https:\\\/\\\/schema.org\",\"@graph\":[{\"@type\":\"Article\",\"@id\":\"https:\\\/\\\/www.aliadospuebla.com\\\/?p=90690#article\",\"isPartOf\":{\"@id\":\"https:\\\/\\\/www.aliadospuebla.com\\\/?p=90690\"},\"author\":{\"name\":\"Aliados17\",\"@id\":\"https:\\\/\\\/www.aliadospuebla.com\\\/#\\\/schema\\\/person\\\/5da7dd09320bd4f392b710017ed5f8ad\"},\"headline\":\"La fuerza universitaria con Armenta y Chedraui\",\"datePublished\":\"2024-04-13T05:10:45+00:00\",\"mainEntityOfPage\":{\"@id\":\"https:\\\/\\\/www.aliadospuebla.com\\\/?p=90690\"},\"wordCount\":344,\"commentCount\":0,\"image\":{\"@id\":\"https:\\\/\\\/www.aliadospuebla.com\\\/?p=90690#primaryimage\"},\"thumbnailUrl\":\"https:\\\/\\\/www.aliadospuebla.com\\\/web2017\\\/wp-content\\\/uploads\\\/2024\\\/04\\\/Imagen-de-WhatsApp-2024-04-12-a-las-21.06.25_0924386a-scaled.jpg\",\"keywords\":[\"ARMENTA\",\"BUAP\",\"Campa\u00f1a politica\",\"CIUDAD DE PUEBLA\",\"ESTADO DE PUEBLA\",\"GOBERNADOR DE PUEBLA\",\"GOBIERNO DE PUEBLA\",\"Mario puebla\",\"Mario Riestra\",\"PAN\",\"PARTIDOS POL\u00cdTICOS\",\"Politica Puebla\",\"PRI\",\"PSI\",\"Puebla Ciudad\",\"Puebla estado\",\"Puebla gobierno\",\"puebla politica\",\"Puebla Senadores\",\"Puebla UDLAP\",\"Puebla Universidad\",\"Puebla Universidades\",\"Senadores Puebla\",\"Sergio Salomon\",\"To\u00f1o L\u00f3pez\",\"Udlap\",\"Udlap cholula\",\"UDLAP Puebla\",\"Universidad de Puebla\",\"UPAEP\",\"UPAEP Puebla\"],\"articleSection\":[\"Pol\u00edtica\"],\"inLanguage\":\"es\",\"potentialAction\":[{\"@type\":\"CommentAction\",\"name\":\"Comment\",\"target\":[\"https:\\\/\\\/www.aliadospuebla.com\\\/?p=90690#respond\"]}]},{\"@type\":\"WebPage\",\"@id\":\"https:\\\/\\\/www.aliadospuebla.com\\\/?p=90690\",\"url\":\"https:\\\/\\\/www.aliadospuebla.com\\\/?p=90690\",\"name\":\"La fuerza universitaria con Armenta y Chedraui - AliadosPuebla\",\"isPartOf\":{\"@id\":\"https:\\\/\\\/www.aliadospuebla.com\\\/#website\"},\"primaryImageOfPage\":{\"@id\":\"https:\\\/\\\/www.aliadospuebla.com\\\/?p=90690#primaryimage\"},\"image\":{\"@id\":\"https:\\\/\\\/www.aliadospuebla.com\\\/?p=90690#primaryimage\"},\"thumbnailUrl\":\"https:\\\/\\\/www.aliadospuebla.com\\\/web2017\\\/wp-content\\\/uploads\\\/2024\\\/04\\\/Imagen-de-WhatsApp-2024-04-12-a-las-21.06.25_0924386a-scaled.jpg\",\"datePublished\":\"2024-04-13T05:10:45+00:00\",\"author\":{\"@id\":\"https:\\\/\\\/www.aliadospuebla.com\\\/#\\\/schema\\\/person\\\/5da7dd09320bd4f392b710017ed5f8ad\"},\"breadcrumb\":{\"@id\":\"https:\\\/\\\/www.aliadospuebla.com\\\/?p=90690#breadcrumb\"},\"inLanguage\":\"es\",\"potentialAction\":[{\"@type\":\"ReadAction\",\"target\":[\"https:\\\/\\\/www.aliadospuebla.com\\\/?p=90690\"]}]},{\"@type\":\"ImageObject\",\"inLanguage\":\"es\",\"@id\":\"https:\\\/\\\/www.aliadospuebla.com\\\/?p=90690#primaryimage\",\"url\":\"https:\\\/\\\/www.aliadospuebla.com\\\/web2017\\\/wp-content\\\/uploads\\\/2024\\\/04\\\/Imagen-de-WhatsApp-2024-04-12-a-las-21.06.25_0924386a-scaled.jpg\",\"contentUrl\":\"https:\\\/\\\/www.aliadospuebla.com\\\/web2017\\\/wp-content\\\/uploads\\\/2024\\\/04\\\/Imagen-de-WhatsApp-2024-04-12-a-las-21.06.25_0924386a-scaled.jpg\",\"width\":2560,\"height\":1706},{\"@type\":\"BreadcrumbList\",\"@id\":\"https:\\\/\\\/www.aliadospuebla.com\\\/?p=90690#breadcrumb\",\"itemListElement\":[{\"@type\":\"ListItem\",\"position\":1,\"name\":\"Portada\",\"item\":\"https:\\\/\\\/www.aliadospuebla.com\\\/\"},{\"@type\":\"ListItem\",\"position\":2,\"name\":\"La fuerza universitaria con Armenta y Chedraui\"}]},{\"@type\":\"WebSite\",\"@id\":\"https:\\\/\\\/www.aliadospuebla.com\\\/#website\",\"url\":\"https:\\\/\\\/www.aliadospuebla.com\\\/\",\"name\":\"AliadosPuebla\",\"description\":\"La informaci\u00f3n en tus manos\",\"potentialAction\":[{\"@type\":\"SearchAction\",\"target\":{\"@type\":\"EntryPoint\",\"urlTemplate\":\"https:\\\/\\\/www.aliadospuebla.com\\\/?s={search_term_string}\"},\"query-input\":{\"@type\":\"PropertyValueSpecification\",\"valueRequired\":true,\"valueName\":\"search_term_string\"}}],\"inLanguage\":\"es\"},{\"@type\":\"Person\",\"@id\":\"https:\\\/\\\/www.aliadospuebla.com\\\/#\\\/schema\\\/person\\\/5da7dd09320bd4f392b710017ed5f8ad\",\"name\":\"Aliados17\",\"image\":{\"@type\":\"ImageObject\",\"inLanguage\":\"es\",\"@id\":\"https:\\\/\\\/www.aliadospuebla.com\\\/web2017\\\/wp-content\\\/uploads\\\/2025\\\/03\\\/cropped-para-perfil-8-anos-1-96x96.jpg\",\"url\":\"https:\\\/\\\/www.aliadospuebla.com\\\/web2017\\\/wp-content\\\/uploads\\\/2025\\\/03\\\/cropped-para-perfil-8-anos-1-96x96.jpg\",\"contentUrl\":\"https:\\\/\\\/www.aliadospuebla.com\\\/web2017\\\/wp-content\\\/uploads\\\/2025\\\/03\\\/cropped-para-perfil-8-anos-1-96x96.jpg\",\"caption\":\"Aliados17\"},\"sameAs\":[\"https:\\\/\\\/www.aliados17.com\",\"https:\\\/\\\/www.facebook.com\\\/Aliados17Pue\",\"https:\\\/\\\/x.com\\\/AliadosPuebla\"],\"url\":\"https:\\\/\\\/www.aliadospuebla.com\\\/?author=2\"}]}<\/script>\n<!-- \/ Yoast SEO plugin. -->","yoast_head_json":{"title":"La fuerza universitaria con Armenta y Chedraui - AliadosPuebla","robots":{"index":"index","follow":"follow","max-snippet":"max-snippet:-1","max-image-preview":"max-image-preview:large","max-video-preview":"max-video-preview:-1"},"canonical":"https:\/\/www.aliadospuebla.com\/?p=90690","og_locale":"es_ES","og_type":"article","og_title":"La fuerza universitaria con Armenta y Chedraui - AliadosPuebla","og_description":"Oportunidades laborales y educativas son parte importante en la agenda de Alejandro Armenta y Pepe Chedraui candidatos al Gobierno del Estado y a la Presidencia Municipal por la Coalici\u00f3n Sigamos Haciendo Historia en Puebla; as\u00ed lo expresaron al acudir a la toma de protesta de C\u00e9lulas Universitarias. Con la presencia de la leyenda del boxeo de M\u00e9xico, Julio C\u00e9sar Ch\u00e1vez, ambos contendientes externaron su compromiso con las y los j\u00f3venes, quienes respaldaron las propuestas para el desarrollo de este sector de la sociedad y prometieron su participaci\u00f3n para proponer pol\u00edticas educativas con enfoques a la juventud poblana. El candidato al Gobierno del Estado, Alejandro Armenta, expres\u00f3 que este sector de la poblaci\u00f3n forma parte prioritaria en su agenda de trabajo, por lo que explic\u00f3 a&hellip;Leer m\u00e1s...","og_url":"https:\/\/www.aliadospuebla.com\/?p=90690","og_site_name":"AliadosPuebla","article_author":"https:\/\/www.facebook.com\/Aliados17Pue","article_published_time":"2024-04-13T05:10:45+00:00","og_image":[{"width":2560,"height":1706,"url":"https:\/\/www.aliadospuebla.com\/web2017\/wp-content\/uploads\/2024\/04\/Imagen-de-WhatsApp-2024-04-12-a-las-21.06.25_0924386a-scaled.jpg","type":"image\/jpeg"}],"author":"Aliados17","twitter_card":"summary_large_image","twitter_creator":"@AliadosPuebla","twitter_misc":{"Escrito por":"Aliados17","Tiempo de lectura":"2 minutos"},"schema":{"@context":"https:\/\/schema.org","@graph":[{"@type":"Article","@id":"https:\/\/www.aliadospuebla.com\/?p=90690#article","isPartOf":{"@id":"https:\/\/www.aliadospuebla.com\/?p=90690"},"author":{"name":"Aliados17","@id":"https:\/\/www.aliadospuebla.com\/#\/schema\/person\/5da7dd09320bd4f392b710017ed5f8ad"},"headline":"La fuerza universitaria con Armenta y Chedraui","datePublished":"2024-04-13T05:10:45+00:00","mainEntityOfPage":{"@id":"https:\/\/www.aliadospuebla.com\/?p=90690"},"wordCount":344,"commentCount":0,"image":{"@id":"https:\/\/www.aliadospuebla.com\/?p=90690#primaryimage"},"thumbnailUrl":"https:\/\/www.aliadospuebla.com\/web2017\/wp-content\/uploads\/2024\/04\/Imagen-de-WhatsApp-2024-04-12-a-las-21.06.25_0924386a-scaled.jpg","keywords":["ARMENTA","BUAP","Campa\u00f1a politica","CIUDAD DE PUEBLA","ESTADO DE PUEBLA","GOBERNADOR DE PUEBLA","GOBIERNO DE PUEBLA","Mario puebla","Mario Riestra","PAN","PARTIDOS POL\u00cdTICOS","Politica Puebla","PRI","PSI","Puebla Ciudad","Puebla estado","Puebla gobierno","puebla politica","Puebla Senadores","Puebla UDLAP","Puebla Universidad","Puebla Universidades","Senadores Puebla","Sergio Salomon","To\u00f1o L\u00f3pez","Udlap","Udlap cholula","UDLAP Puebla","Universidad de Puebla","UPAEP","UPAEP Puebla"],"articleSection":["Pol\u00edtica"],"inLanguage":"es","potentialAction":[{"@type":"CommentAction","name":"Comment","target":["https:\/\/www.aliadospuebla.com\/?p=90690#respond"]}]},{"@type":"WebPage","@id":"https:\/\/www.aliadospuebla.com\/?p=90690","url":"https:\/\/www.aliadospuebla.com\/?p=90690","name":"La fuerza universitaria con Armenta y Chedraui - AliadosPuebla","isPartOf":{"@id":"https:\/\/www.aliadospuebla.com\/#website"},"primaryImageOfPage":{"@id":"https:\/\/www.aliadospuebla.com\/?p=90690#primaryimage"},"image":{"@id":"https:\/\/www.aliadospuebla.com\/?p=90690#primaryimage"},"thumbnailUrl":"https:\/\/www.aliadospuebla.com\/web2017\/wp-content\/uploads\/2024\/04\/Imagen-de-WhatsApp-2024-04-12-a-las-21.06.25_0924386a-scaled.jpg","datePublished":"2024-04-13T05:10:45+00:00","author":{"@id":"https:\/\/www.aliadospuebla.com\/#\/schema\/person\/5da7dd09320bd4f392b710017ed5f8ad"},"breadcrumb":{"@id":"https:\/\/www.aliadospuebla.com\/?p=90690#breadcrumb"},"inLanguage":"es","potentialAction":[{"@type":"ReadAction","target":["https:\/\/www.aliadospuebla.com\/?p=90690"]}]},{"@type":"ImageObject","inLanguage":"es","@id":"https:\/\/www.aliadospuebla.com\/?p=90690#primaryimage","url":"https:\/\/www.aliadospuebla.com\/web2017\/wp-content\/uploads\/2024\/04\/Imagen-de-WhatsApp-2024-04-12-a-las-21.06.25_0924386a-scaled.jpg","contentUrl":"https:\/\/www.aliadospuebla.com\/web2017\/wp-content\/uploads\/2024\/04\/Imagen-de-WhatsApp-2024-04-12-a-las-21.06.25_0924386a-scaled.jpg","width":2560,"height":1706},{"@type":"BreadcrumbList","@id":"https:\/\/www.aliadospuebla.com\/?p=90690#breadcrumb","itemListElement":[{"@type":"ListItem","position":1,"name":"Portada","item":"https:\/\/www.aliadospuebla.com\/"},{"@type":"ListItem","position":2,"name":"La fuerza universitaria con Armenta y Chedraui"}]},{"@type":"WebSite","@id":"https:\/\/www.aliadospuebla.com\/#website","url":"https:\/\/www.aliadospuebla.com\/","name":"AliadosPuebla","description":"La informaci\u00f3n en tus manos","potentialAction":[{"@type":"SearchAction","target":{"@type":"EntryPoint","urlTemplate":"https:\/\/www.aliadospuebla.com\/?s={search_term_string}"},"query-input":{"@type":"PropertyValueSpecification","valueRequired":true,"valueName":"search_term_string"}}],"inLanguage":"es"},{"@type":"Person","@id":"https:\/\/www.aliadospuebla.com\/#\/schema\/person\/5da7dd09320bd4f392b710017ed5f8ad","name":"Aliados17","image":{"@type":"ImageObject","inLanguage":"es","@id":"https:\/\/www.aliadospuebla.com\/web2017\/wp-content\/uploads\/2025\/03\/cropped-para-perfil-8-anos-1-96x96.jpg","url":"https:\/\/www.aliadospuebla.com\/web2017\/wp-content\/uploads\/2025\/03\/cropped-para-perfil-8-anos-1-96x96.jpg","contentUrl":"https:\/\/www.aliadospuebla.com\/web2017\/wp-content\/uploads\/2025\/03\/cropped-para-perfil-8-anos-1-96x96.jpg","caption":"Aliados17"},"sameAs":["https:\/\/www.aliados17.com","https:\/\/www.facebook.com\/Aliados17Pue","https:\/\/x.com\/AliadosPuebla"],"url":"https:\/\/www.aliadospuebla.com\/?author=2"}]}},"views":6,"_links":{"self":[{"href":"https:\/\/www.aliadospuebla.com\/index.php?rest_route=\/wp\/v2\/posts\/90690","targetHints":{"allow":["GET"]}}],"collection":[{"href":"https:\/\/www.aliadospuebla.com\/index.php?rest_route=\/wp\/v2\/posts"}],"about":[{"href":"https:\/\/www.aliadospuebla.com\/index.php?rest_route=\/wp\/v2\/types\/post"}],"author":[{"embeddable":true,"href":"https:\/\/www.aliadospuebla.com\/index.php?rest_route=\/wp\/v2\/users\/2"}],"replies":[{"embeddable":true,"href":"https:\/\/www.aliadospuebla.com\/index.php?rest_route=%2Fwp%2Fv2%2Fcomments&post=90690"}],"version-history":[{"count":1,"href":"https:\/\/www.aliadospuebla.com\/index.php?rest_route=\/wp\/v2\/posts\/90690\/revisions"}],"predecessor-version":[{"id":90712,"href":"https:\/\/www.aliadospuebla.com\/index.php?rest_route=\/wp\/v2\/posts\/90690\/revisions\/90712"}],"wp:featuredmedia":[{"embeddable":true,"href":"https:\/\/www.aliadospuebla.com\/index.php?rest_route=\/wp\/v2\/media\/90697"}],"wp:attachment":[{"href":"https:\/\/www.aliadospuebla.com\/index.php?rest_route=%2Fwp%2Fv2%2Fmedia&parent=90690"}],"wp:term":[{"taxonomy":"category","embeddable":true,"href":"https:\/\/www.aliadospuebla.com\/index.php?rest_route=%2Fwp%2Fv2%2Fcategories&post=90690"},{"taxonomy":"post_tag","embeddable":true,"href":"https:\/\/www.aliadospuebla.com\/index.php?rest_route=%2Fwp%2Fv2%2Ftags&post=90690"}],"curies":[{"name":"wp","href":"https:\/\/api.w.org\/{rel}","templated":true}]}}