{"id":90457,"date":"2024-04-08T20:53:22","date_gmt":"2024-04-09T02:53:22","guid":{"rendered":"https:\/\/www.aliados17.com\/?p=90457"},"modified":"2024-04-08T20:53:22","modified_gmt":"2024-04-09T02:53:22","slug":"el-candidato-a-diputado-federal-tono-lopez-firme-en-su-compromiso-con-el-bienestar-animal","status":"publish","type":"post","link":"https:\/\/www.aliadospuebla.com\/?p=90457","title":{"rendered":"El Candidato a Diputado Federal To\u00f1o L\u00f3pez Firme en su Compromiso con el Bienestar Animal"},"content":{"rendered":"<h4>El d\u00eda de hoy, el Candidato a Diputado Federal To\u00f1o L\u00f3pez se reuni\u00f3 con el movimiento animalista de Puebla para realizar la firma de la agenda animalista, reafirmando as\u00ed su compromiso con el bienestar de los animales en su camino hacia el Congreso de la Uni\u00f3n.<\/h4>\n<p>L\u00f3pez destac\u00f3 la importancia de promover el respeto hacia todos los seres vivos,<\/p>\n<p>enfatizando que este es un pilar fundamental que debe ser fomentado en la sociedad.<\/p>\n<p>Acompa\u00f1ado de su esposa y sus dos adorables perritos, firm\u00f3 la agenda,<\/p>\n<p>asegurando que no olvidar\u00e1 nunca a los miembros peludos de la familia.<\/p>\n<p>El candidato se comprometi\u00f3 a impulsar una cultura de respeto y trato digno hacia los animales,<\/p>\n<p>proponiendo medidas concretas, tales como la promoci\u00f3n de una ley general de bienestar animal,<\/p>\n<p>la modificaci\u00f3n de la Constituci\u00f3n para que los animales sean reconocidos como seres sintientes,<\/p>\n<p>y la tipificaci\u00f3n del maltrato animal, crueldad y zoofilia como delitos en todo M\u00e9xico.<\/p>\n<p>Adem\u00e1s, se comprometi\u00f3 a mantener una comunicaci\u00f3n constante<\/p>\n<p>con el movimiento animalista de Puebla y Animal H\u00e9roes, con el objetivo de crear pol\u00edticas p\u00fablicas que beneficien a los animales. Asimismo, asegur\u00f3 que velar\u00e1 por la asignaci\u00f3n de un presupuesto adecuado destinado al bienestar animal dentro de las leyes de egresos para la federaci\u00f3n, y priorizar\u00e1 el bienestar animal dentro de sus facultades como legislador.<\/p>\n<p>La reuni\u00f3n culmin\u00f3 con la participaci\u00f3n de vecinos y vecinas, quienes asistieron en compa\u00f1\u00eda de sus mascotas, demostrando as\u00ed su apoyo al compromiso de To\u00f1o L\u00f3pez con el bienestar animal en el Distrito 11 de Puebla.<\/p>\n","protected":false},"excerpt":{"rendered":"<p>El d\u00eda de hoy, el Candidato a Diputado Federal To\u00f1o L\u00f3pez se reuni\u00f3 con el movimiento animalista de Puebla para realizar la firma de la agenda animalista, reafirmando as\u00ed su compromiso con el bienestar de los animales en su camino hacia el Congreso de la Uni\u00f3n. L\u00f3pez destac\u00f3 la importancia de promover el respeto hacia todos los seres vivos, enfatizando que este es un pilar fundamental que debe ser fomentado en la sociedad. Acompa\u00f1ado de su esposa y sus dos adorables perritos, firm\u00f3 la agenda, asegurando que no olvidar\u00e1 nunca a los miembros peludos de la familia. El candidato se comprometi\u00f3 a impulsar una cultura de respeto y trato digno hacia los animales, proponiendo medidas concretas, tales como la promoci\u00f3n de una ley general de&hellip;<\/p>\n<p class=\"excerpt-more\"><a class=\"blog-excerpt button\" href=\"https:\/\/www.aliadospuebla.com\/?p=90457\">Leer m\u00e1s&#8230;<\/a><\/p>\n","protected":false},"author":2,"featured_media":90458,"comment_status":"open","ping_status":"open","sticky":false,"template":"","format":"standard","meta":{"_monsterinsights_skip_tracking":false,"footnotes":""},"categories":[6],"tags":[4425,2971,2380,15869,23130,15430],"class_list":["post-90457","post","type-post","status-publish","format-standard","has-post-thumbnail","hentry","category-politica","tag-bienestar-animal","tag-candidato","tag-diputado-federal","tag-distrito-11","tag-movimiento-animalista","tag-tono-lopez"],"yoast_head":"<!-- This site is optimized with the Yoast SEO plugin v28.4 - https:\/\/yoast.com\/product\/yoast-seo-wordpress\/ -->\n<title>El Candidato a Diputado Federal To\u00f1o L\u00f3pez Firme en su Compromiso con el Bienestar Animal - AliadosPuebla<\/title>\n<meta name=\"robots\" content=\"index, follow, max-snippet:-1, max-image-preview:large, max-video-preview:-1\" \/>\n<link rel=\"canonical\" href=\"https:\/\/www.aliadospuebla.com\/?p=90457\" \/>\n<meta property=\"og:locale\" content=\"es_ES\" \/>\n<meta property=\"og:type\" content=\"article\" \/>\n<meta property=\"og:title\" content=\"El Candidato a Diputado Federal To\u00f1o L\u00f3pez Firme en su Compromiso con el Bienestar Animal - AliadosPuebla\" \/>\n<meta property=\"og:description\" content=\"El d\u00eda de hoy, el Candidato a Diputado Federal To\u00f1o L\u00f3pez se reuni\u00f3 con el movimiento animalista de Puebla para realizar la firma de la agenda animalista, reafirmando as\u00ed su compromiso con el bienestar de los animales en su camino hacia el Congreso de la Uni\u00f3n. L\u00f3pez destac\u00f3 la importancia de promover el respeto hacia todos los seres vivos, enfatizando que este es un pilar fundamental que debe ser fomentado en la sociedad. Acompa\u00f1ado de su esposa y sus dos adorables perritos, firm\u00f3 la agenda, asegurando que no olvidar\u00e1 nunca a los miembros peludos de la familia. El candidato se comprometi\u00f3 a impulsar una cultura de respeto y trato digno hacia los animales, proponiendo medidas concretas, tales como la promoci\u00f3n de una ley general de&hellip;Leer m\u00e1s...\" \/>\n<meta property=\"og:url\" content=\"https:\/\/www.aliadospuebla.com\/?p=90457\" \/>\n<meta property=\"og:site_name\" content=\"AliadosPuebla\" \/>\n<meta property=\"article:author\" content=\"https:\/\/www.facebook.com\/Aliados17Pue\" \/>\n<meta property=\"article:published_time\" content=\"2024-04-09T02:53:22+00:00\" \/>\n<meta property=\"og:image\" content=\"https:\/\/www.aliadospuebla.com\/web2017\/wp-content\/uploads\/2024\/04\/306.jpg\" \/>\n\t<meta property=\"og:image:width\" content=\"600\" \/>\n\t<meta property=\"og:image:height\" content=\"450\" \/>\n\t<meta property=\"og:image:type\" content=\"image\/jpeg\" \/>\n<meta name=\"author\" content=\"Aliados17\" \/>\n<meta name=\"twitter:card\" content=\"summary_large_image\" \/>\n<meta name=\"twitter:creator\" content=\"@AliadosPuebla\" \/>\n<meta name=\"twitter:label1\" content=\"Escrito por\" \/>\n\t<meta name=\"twitter:data1\" content=\"Aliados17\" \/>\n\t<meta name=\"twitter:label2\" content=\"Tiempo de lectura\" \/>\n\t<meta name=\"twitter:data2\" content=\"2 minutos\" \/>\n<script type=\"application\/ld+json\" class=\"yoast-schema-graph\">{\"@context\":\"https:\\\/\\\/schema.org\",\"@graph\":[{\"@type\":\"Article\",\"@id\":\"https:\\\/\\\/www.aliadospuebla.com\\\/?p=90457#article\",\"isPartOf\":{\"@id\":\"https:\\\/\\\/www.aliadospuebla.com\\\/?p=90457\"},\"author\":{\"name\":\"Aliados17\",\"@id\":\"https:\\\/\\\/www.aliadospuebla.com\\\/#\\\/schema\\\/person\\\/5da7dd09320bd4f392b710017ed5f8ad\"},\"headline\":\"El Candidato a Diputado Federal To\u00f1o L\u00f3pez Firme en su Compromiso con el Bienestar Animal\",\"datePublished\":\"2024-04-09T02:53:22+00:00\",\"mainEntityOfPage\":{\"@id\":\"https:\\\/\\\/www.aliadospuebla.com\\\/?p=90457\"},\"wordCount\":294,\"commentCount\":0,\"image\":{\"@id\":\"https:\\\/\\\/www.aliadospuebla.com\\\/?p=90457#primaryimage\"},\"thumbnailUrl\":\"https:\\\/\\\/www.aliadospuebla.com\\\/web2017\\\/wp-content\\\/uploads\\\/2024\\\/04\\\/306.jpg\",\"keywords\":[\"BIENESTAR ANIMAL\",\"CANDIDATO\",\"DIPUTADO FEDERAL\",\"distrito 11\",\"movimiento animalista\",\"To\u00f1o L\u00f3pez\"],\"articleSection\":[\"Pol\u00edtica\"],\"inLanguage\":\"es\",\"potentialAction\":[{\"@type\":\"CommentAction\",\"name\":\"Comment\",\"target\":[\"https:\\\/\\\/www.aliadospuebla.com\\\/?p=90457#respond\"]}]},{\"@type\":\"WebPage\",\"@id\":\"https:\\\/\\\/www.aliadospuebla.com\\\/?p=90457\",\"url\":\"https:\\\/\\\/www.aliadospuebla.com\\\/?p=90457\",\"name\":\"El Candidato a Diputado Federal To\u00f1o L\u00f3pez Firme en su Compromiso con el Bienestar Animal - AliadosPuebla\",\"isPartOf\":{\"@id\":\"https:\\\/\\\/www.aliadospuebla.com\\\/#website\"},\"primaryImageOfPage\":{\"@id\":\"https:\\\/\\\/www.aliadospuebla.com\\\/?p=90457#primaryimage\"},\"image\":{\"@id\":\"https:\\\/\\\/www.aliadospuebla.com\\\/?p=90457#primaryimage\"},\"thumbnailUrl\":\"https:\\\/\\\/www.aliadospuebla.com\\\/web2017\\\/wp-content\\\/uploads\\\/2024\\\/04\\\/306.jpg\",\"datePublished\":\"2024-04-09T02:53:22+00:00\",\"author\":{\"@id\":\"https:\\\/\\\/www.aliadospuebla.com\\\/#\\\/schema\\\/person\\\/5da7dd09320bd4f392b710017ed5f8ad\"},\"breadcrumb\":{\"@id\":\"https:\\\/\\\/www.aliadospuebla.com\\\/?p=90457#breadcrumb\"},\"inLanguage\":\"es\",\"potentialAction\":[{\"@type\":\"ReadAction\",\"target\":[\"https:\\\/\\\/www.aliadospuebla.com\\\/?p=90457\"]}]},{\"@type\":\"ImageObject\",\"inLanguage\":\"es\",\"@id\":\"https:\\\/\\\/www.aliadospuebla.com\\\/?p=90457#primaryimage\",\"url\":\"https:\\\/\\\/www.aliadospuebla.com\\\/web2017\\\/wp-content\\\/uploads\\\/2024\\\/04\\\/306.jpg\",\"contentUrl\":\"https:\\\/\\\/www.aliadospuebla.com\\\/web2017\\\/wp-content\\\/uploads\\\/2024\\\/04\\\/306.jpg\",\"width\":600,\"height\":450},{\"@type\":\"BreadcrumbList\",\"@id\":\"https:\\\/\\\/www.aliadospuebla.com\\\/?p=90457#breadcrumb\",\"itemListElement\":[{\"@type\":\"ListItem\",\"position\":1,\"name\":\"Portada\",\"item\":\"https:\\\/\\\/www.aliadospuebla.com\\\/\"},{\"@type\":\"ListItem\",\"position\":2,\"name\":\"El Candidato a Diputado Federal To\u00f1o L\u00f3pez Firme en su Compromiso con el Bienestar Animal\"}]},{\"@type\":\"WebSite\",\"@id\":\"https:\\\/\\\/www.aliadospuebla.com\\\/#website\",\"url\":\"https:\\\/\\\/www.aliadospuebla.com\\\/\",\"name\":\"AliadosPuebla\",\"description\":\"La informaci\u00f3n en tus manos\",\"potentialAction\":[{\"@type\":\"SearchAction\",\"target\":{\"@type\":\"EntryPoint\",\"urlTemplate\":\"https:\\\/\\\/www.aliadospuebla.com\\\/?s={search_term_string}\"},\"query-input\":{\"@type\":\"PropertyValueSpecification\",\"valueRequired\":true,\"valueName\":\"search_term_string\"}}],\"inLanguage\":\"es\"},{\"@type\":\"Person\",\"@id\":\"https:\\\/\\\/www.aliadospuebla.com\\\/#\\\/schema\\\/person\\\/5da7dd09320bd4f392b710017ed5f8ad\",\"name\":\"Aliados17\",\"image\":{\"@type\":\"ImageObject\",\"inLanguage\":\"es\",\"@id\":\"https:\\\/\\\/www.aliadospuebla.com\\\/web2017\\\/wp-content\\\/uploads\\\/2025\\\/03\\\/cropped-para-perfil-8-anos-1-96x96.jpg\",\"url\":\"https:\\\/\\\/www.aliadospuebla.com\\\/web2017\\\/wp-content\\\/uploads\\\/2025\\\/03\\\/cropped-para-perfil-8-anos-1-96x96.jpg\",\"contentUrl\":\"https:\\\/\\\/www.aliadospuebla.com\\\/web2017\\\/wp-content\\\/uploads\\\/2025\\\/03\\\/cropped-para-perfil-8-anos-1-96x96.jpg\",\"caption\":\"Aliados17\"},\"sameAs\":[\"https:\\\/\\\/www.aliados17.com\",\"https:\\\/\\\/www.facebook.com\\\/Aliados17Pue\",\"https:\\\/\\\/x.com\\\/AliadosPuebla\"],\"url\":\"https:\\\/\\\/www.aliadospuebla.com\\\/?author=2\"}]}<\/script>\n<!-- \/ Yoast SEO plugin. -->","yoast_head_json":{"title":"El Candidato a Diputado Federal To\u00f1o L\u00f3pez Firme en su Compromiso con el Bienestar Animal - AliadosPuebla","robots":{"index":"index","follow":"follow","max-snippet":"max-snippet:-1","max-image-preview":"max-image-preview:large","max-video-preview":"max-video-preview:-1"},"canonical":"https:\/\/www.aliadospuebla.com\/?p=90457","og_locale":"es_ES","og_type":"article","og_title":"El Candidato a Diputado Federal To\u00f1o L\u00f3pez Firme en su Compromiso con el Bienestar Animal - AliadosPuebla","og_description":"El d\u00eda de hoy, el Candidato a Diputado Federal To\u00f1o L\u00f3pez se reuni\u00f3 con el movimiento animalista de Puebla para realizar la firma de la agenda animalista, reafirmando as\u00ed su compromiso con el bienestar de los animales en su camino hacia el Congreso de la Uni\u00f3n. L\u00f3pez destac\u00f3 la importancia de promover el respeto hacia todos los seres vivos, enfatizando que este es un pilar fundamental que debe ser fomentado en la sociedad. Acompa\u00f1ado de su esposa y sus dos adorables perritos, firm\u00f3 la agenda, asegurando que no olvidar\u00e1 nunca a los miembros peludos de la familia. El candidato se comprometi\u00f3 a impulsar una cultura de respeto y trato digno hacia los animales, proponiendo medidas concretas, tales como la promoci\u00f3n de una ley general de&hellip;Leer m\u00e1s...","og_url":"https:\/\/www.aliadospuebla.com\/?p=90457","og_site_name":"AliadosPuebla","article_author":"https:\/\/www.facebook.com\/Aliados17Pue","article_published_time":"2024-04-09T02:53:22+00:00","og_image":[{"width":600,"height":450,"url":"https:\/\/www.aliadospuebla.com\/web2017\/wp-content\/uploads\/2024\/04\/306.jpg","type":"image\/jpeg"}],"author":"Aliados17","twitter_card":"summary_large_image","twitter_creator":"@AliadosPuebla","twitter_misc":{"Escrito por":"Aliados17","Tiempo de lectura":"2 minutos"},"schema":{"@context":"https:\/\/schema.org","@graph":[{"@type":"Article","@id":"https:\/\/www.aliadospuebla.com\/?p=90457#article","isPartOf":{"@id":"https:\/\/www.aliadospuebla.com\/?p=90457"},"author":{"name":"Aliados17","@id":"https:\/\/www.aliadospuebla.com\/#\/schema\/person\/5da7dd09320bd4f392b710017ed5f8ad"},"headline":"El Candidato a Diputado Federal To\u00f1o L\u00f3pez Firme en su Compromiso con el Bienestar Animal","datePublished":"2024-04-09T02:53:22+00:00","mainEntityOfPage":{"@id":"https:\/\/www.aliadospuebla.com\/?p=90457"},"wordCount":294,"commentCount":0,"image":{"@id":"https:\/\/www.aliadospuebla.com\/?p=90457#primaryimage"},"thumbnailUrl":"https:\/\/www.aliadospuebla.com\/web2017\/wp-content\/uploads\/2024\/04\/306.jpg","keywords":["BIENESTAR ANIMAL","CANDIDATO","DIPUTADO FEDERAL","distrito 11","movimiento animalista","To\u00f1o L\u00f3pez"],"articleSection":["Pol\u00edtica"],"inLanguage":"es","potentialAction":[{"@type":"CommentAction","name":"Comment","target":["https:\/\/www.aliadospuebla.com\/?p=90457#respond"]}]},{"@type":"WebPage","@id":"https:\/\/www.aliadospuebla.com\/?p=90457","url":"https:\/\/www.aliadospuebla.com\/?p=90457","name":"El Candidato a Diputado Federal To\u00f1o L\u00f3pez Firme en su Compromiso con el Bienestar Animal - AliadosPuebla","isPartOf":{"@id":"https:\/\/www.aliadospuebla.com\/#website"},"primaryImageOfPage":{"@id":"https:\/\/www.aliadospuebla.com\/?p=90457#primaryimage"},"image":{"@id":"https:\/\/www.aliadospuebla.com\/?p=90457#primaryimage"},"thumbnailUrl":"https:\/\/www.aliadospuebla.com\/web2017\/wp-content\/uploads\/2024\/04\/306.jpg","datePublished":"2024-04-09T02:53:22+00:00","author":{"@id":"https:\/\/www.aliadospuebla.com\/#\/schema\/person\/5da7dd09320bd4f392b710017ed5f8ad"},"breadcrumb":{"@id":"https:\/\/www.aliadospuebla.com\/?p=90457#breadcrumb"},"inLanguage":"es","potentialAction":[{"@type":"ReadAction","target":["https:\/\/www.aliadospuebla.com\/?p=90457"]}]},{"@type":"ImageObject","inLanguage":"es","@id":"https:\/\/www.aliadospuebla.com\/?p=90457#primaryimage","url":"https:\/\/www.aliadospuebla.com\/web2017\/wp-content\/uploads\/2024\/04\/306.jpg","contentUrl":"https:\/\/www.aliadospuebla.com\/web2017\/wp-content\/uploads\/2024\/04\/306.jpg","width":600,"height":450},{"@type":"BreadcrumbList","@id":"https:\/\/www.aliadospuebla.com\/?p=90457#breadcrumb","itemListElement":[{"@type":"ListItem","position":1,"name":"Portada","item":"https:\/\/www.aliadospuebla.com\/"},{"@type":"ListItem","position":2,"name":"El Candidato a Diputado Federal To\u00f1o L\u00f3pez Firme en su Compromiso con el Bienestar Animal"}]},{"@type":"WebSite","@id":"https:\/\/www.aliadospuebla.com\/#website","url":"https:\/\/www.aliadospuebla.com\/","name":"AliadosPuebla","description":"La informaci\u00f3n en tus manos","potentialAction":[{"@type":"SearchAction","target":{"@type":"EntryPoint","urlTemplate":"https:\/\/www.aliadospuebla.com\/?s={search_term_string}"},"query-input":{"@type":"PropertyValueSpecification","valueRequired":true,"valueName":"search_term_string"}}],"inLanguage":"es"},{"@type":"Person","@id":"https:\/\/www.aliadospuebla.com\/#\/schema\/person\/5da7dd09320bd4f392b710017ed5f8ad","name":"Aliados17","image":{"@type":"ImageObject","inLanguage":"es","@id":"https:\/\/www.aliadospuebla.com\/web2017\/wp-content\/uploads\/2025\/03\/cropped-para-perfil-8-anos-1-96x96.jpg","url":"https:\/\/www.aliadospuebla.com\/web2017\/wp-content\/uploads\/2025\/03\/cropped-para-perfil-8-anos-1-96x96.jpg","contentUrl":"https:\/\/www.aliadospuebla.com\/web2017\/wp-content\/uploads\/2025\/03\/cropped-para-perfil-8-anos-1-96x96.jpg","caption":"Aliados17"},"sameAs":["https:\/\/www.aliados17.com","https:\/\/www.facebook.com\/Aliados17Pue","https:\/\/x.com\/AliadosPuebla"],"url":"https:\/\/www.aliadospuebla.com\/?author=2"}]}},"views":4,"_links":{"self":[{"href":"https:\/\/www.aliadospuebla.com\/index.php?rest_route=\/wp\/v2\/posts\/90457","targetHints":{"allow":["GET"]}}],"collection":[{"href":"https:\/\/www.aliadospuebla.com\/index.php?rest_route=\/wp\/v2\/posts"}],"about":[{"href":"https:\/\/www.aliadospuebla.com\/index.php?rest_route=\/wp\/v2\/types\/post"}],"author":[{"embeddable":true,"href":"https:\/\/www.aliadospuebla.com\/index.php?rest_route=\/wp\/v2\/users\/2"}],"replies":[{"embeddable":true,"href":"https:\/\/www.aliadospuebla.com\/index.php?rest_route=%2Fwp%2Fv2%2Fcomments&post=90457"}],"version-history":[{"count":1,"href":"https:\/\/www.aliadospuebla.com\/index.php?rest_route=\/wp\/v2\/posts\/90457\/revisions"}],"predecessor-version":[{"id":90459,"href":"https:\/\/www.aliadospuebla.com\/index.php?rest_route=\/wp\/v2\/posts\/90457\/revisions\/90459"}],"wp:featuredmedia":[{"embeddable":true,"href":"https:\/\/www.aliadospuebla.com\/index.php?rest_route=\/wp\/v2\/media\/90458"}],"wp:attachment":[{"href":"https:\/\/www.aliadospuebla.com\/index.php?rest_route=%2Fwp%2Fv2%2Fmedia&parent=90457"}],"wp:term":[{"taxonomy":"category","embeddable":true,"href":"https:\/\/www.aliadospuebla.com\/index.php?rest_route=%2Fwp%2Fv2%2Fcategories&post=90457"},{"taxonomy":"post_tag","embeddable":true,"href":"https:\/\/www.aliadospuebla.com\/index.php?rest_route=%2Fwp%2Fv2%2Ftags&post=90457"}],"curies":[{"name":"wp","href":"https:\/\/api.w.org\/{rel}","templated":true}]}}