{"id":90373,"date":"2024-04-07T11:03:28","date_gmt":"2024-04-07T17:03:28","guid":{"rendered":"https:\/\/www.aliados17.com\/?p=90373"},"modified":"2024-04-07T11:03:28","modified_gmt":"2024-04-07T17:03:28","slug":"encabeza-tonantzin-fernandez-primera-mega-caminata-en-favor-de-la-4t-en-san-pedro-cholula","status":"publish","type":"post","link":"https:\/\/www.aliadospuebla.com\/?p=90373","title":{"rendered":"Encabeza Tonantzin Fern\u00e1ndez primera mega caminata en favor de la 4T en San Pedro Cholula"},"content":{"rendered":"<h4>Acompa\u00f1ada y arropada por decenas de cholultecas, camin\u00f3 por las calles del municipio, escuchando propuestas e inquietudes<\/h4>\n<p>7 de abril, 2024. San Pedro Cholula, Pue.- La candidata de la coalici\u00f3n \u201cSigamos Haciendo Historia\u201d a la presidencia municipal de San Pedro Cholula, Tonantzin Fern\u00e1ndez, encabez\u00f3 la primera mega caminata por las calles del municipio, en la que sum\u00f3 el apoyo de decenas de cholultecas, que se unieron al llamado y acompa\u00f1aron a la candidata en su recorrido.<\/p>\n<p>Teniendo como partida el Barrio de San Juan Calvario, m\u00e1s de 200 cholultecas apoyaron a Tonantzin Fern\u00e1ndez con porras y gritos, en tanto la candidata visitaba cada uno de los comercios que encontraba en su paso, saludando y atendiendo las inquietudes de los cholultecas que se acercaban a saludarla y pedirle selfies.<\/p>\n<p>Durante la mega caminata, Tonantzin Fern\u00e1ndez expres\u00f3 su agradecimiento ante la calidez de los cholultecas, \u201cestamos muy emocionados, tocando puertas y tocando corazones, gracias a todos los que se nos han acercado, claro que estamos escuchando sus peticiones en seguridad, agua potable, basura, entre otros, que la administraci\u00f3n panista nos ha dejado\u201d.<\/p>\n<p>Finalmente, exhort\u00f3 a todos los cholultecas a \u201cvotar todo Morena\u201d, pues, de la mano de Claudia Sheinbaum como presidenta de M\u00e9xico y Alejandro Armenta como gobernador de Puebla, \u201clograremos consolidar el segundo piso de la Cuarta Transformaci\u00f3n y San Pedro Cholula tendr\u00e1 a su primera presidenta mujer de izquierda\u201d.<\/p>\n<p>La mega caminata continu\u00f3 su recorrido, culminando en el z\u00f3calo del municipio, entre porras y gritos de apoyo, con la suma de \u00e1nimos de triunfo.<\/p>\n","protected":false},"excerpt":{"rendered":"<p>Acompa\u00f1ada y arropada por decenas de cholultecas, camin\u00f3 por las calles del municipio, escuchando propuestas e inquietudes 7 de abril, 2024. San Pedro Cholula, Pue.- La candidata de la coalici\u00f3n \u201cSigamos Haciendo Historia\u201d a la presidencia municipal de San Pedro Cholula, Tonantzin Fern\u00e1ndez, encabez\u00f3 la primera mega caminata por las calles del municipio, en la que sum\u00f3 el apoyo de decenas de cholultecas, que se unieron al llamado y acompa\u00f1aron a la candidata en su recorrido. Teniendo como partida el Barrio de San Juan Calvario, m\u00e1s de 200 cholultecas apoyaron a Tonantzin Fern\u00e1ndez con porras y gritos, en tanto la candidata visitaba cada uno de los comercios que encontraba en su paso, saludando y atendiendo las inquietudes de los cholultecas que se acercaban a saludarla&hellip;<\/p>\n<p class=\"excerpt-more\"><a class=\"blog-excerpt button\" href=\"https:\/\/www.aliadospuebla.com\/?p=90373\">Leer m\u00e1s&#8230;<\/a><\/p>\n","protected":false},"author":2,"featured_media":90374,"comment_status":"open","ping_status":"open","sticky":false,"template":"","format":"standard","meta":{"_monsterinsights_skip_tracking":false,"footnotes":""},"categories":[6],"tags":[10006,2972,23127,666,3229,387,7394],"class_list":["post-90373","post","type-post","status-publish","format-standard","has-post-thumbnail","hentry","category-politica","tag-4t","tag-candidata","tag-mega-caminata","tag-morena","tag-presidencia-municipal","tag-san-pedro-cholula","tag-tonantzin-fernandez"],"yoast_head":"<!-- This site is optimized with the Yoast SEO plugin v28.4 - https:\/\/yoast.com\/product\/yoast-seo-wordpress\/ -->\n<title>Encabeza Tonantzin Fern\u00e1ndez primera mega caminata en favor de la 4T en San Pedro Cholula - AliadosPuebla<\/title>\n<meta name=\"robots\" content=\"index, follow, max-snippet:-1, max-image-preview:large, max-video-preview:-1\" \/>\n<link rel=\"canonical\" href=\"https:\/\/www.aliadospuebla.com\/?p=90373\" \/>\n<meta property=\"og:locale\" content=\"es_ES\" \/>\n<meta property=\"og:type\" content=\"article\" \/>\n<meta property=\"og:title\" content=\"Encabeza Tonantzin Fern\u00e1ndez primera mega caminata en favor de la 4T en San Pedro Cholula - AliadosPuebla\" \/>\n<meta property=\"og:description\" content=\"Acompa\u00f1ada y arropada por decenas de cholultecas, camin\u00f3 por las calles del municipio, escuchando propuestas e inquietudes 7 de abril, 2024. San Pedro Cholula, Pue.- La candidata de la coalici\u00f3n \u201cSigamos Haciendo Historia\u201d a la presidencia municipal de San Pedro Cholula, Tonantzin Fern\u00e1ndez, encabez\u00f3 la primera mega caminata por las calles del municipio, en la que sum\u00f3 el apoyo de decenas de cholultecas, que se unieron al llamado y acompa\u00f1aron a la candidata en su recorrido. Teniendo como partida el Barrio de San Juan Calvario, m\u00e1s de 200 cholultecas apoyaron a Tonantzin Fern\u00e1ndez con porras y gritos, en tanto la candidata visitaba cada uno de los comercios que encontraba en su paso, saludando y atendiendo las inquietudes de los cholultecas que se acercaban a saludarla&hellip;Leer m\u00e1s...\" \/>\n<meta property=\"og:url\" content=\"https:\/\/www.aliadospuebla.com\/?p=90373\" \/>\n<meta property=\"og:site_name\" content=\"AliadosPuebla\" \/>\n<meta property=\"article:author\" content=\"https:\/\/www.facebook.com\/Aliados17Pue\" \/>\n<meta property=\"article:published_time\" content=\"2024-04-07T17:03:28+00:00\" \/>\n<meta property=\"og:image\" content=\"https:\/\/www.aliadospuebla.com\/web2017\/wp-content\/uploads\/2024\/04\/296.jpg\" \/>\n\t<meta property=\"og:image:width\" content=\"600\" \/>\n\t<meta property=\"og:image:height\" content=\"450\" \/>\n\t<meta property=\"og:image:type\" content=\"image\/jpeg\" \/>\n<meta name=\"author\" content=\"Aliados17\" \/>\n<meta name=\"twitter:card\" content=\"summary_large_image\" \/>\n<meta name=\"twitter:creator\" content=\"@AliadosPuebla\" \/>\n<meta name=\"twitter:label1\" content=\"Escrito por\" \/>\n\t<meta name=\"twitter:data1\" content=\"Aliados17\" \/>\n\t<meta name=\"twitter:label2\" content=\"Tiempo de lectura\" \/>\n\t<meta name=\"twitter:data2\" content=\"2 minutos\" \/>\n<script type=\"application\/ld+json\" class=\"yoast-schema-graph\">{\"@context\":\"https:\\\/\\\/schema.org\",\"@graph\":[{\"@type\":\"Article\",\"@id\":\"https:\\\/\\\/www.aliadospuebla.com\\\/?p=90373#article\",\"isPartOf\":{\"@id\":\"https:\\\/\\\/www.aliadospuebla.com\\\/?p=90373\"},\"author\":{\"name\":\"Aliados17\",\"@id\":\"https:\\\/\\\/www.aliadospuebla.com\\\/#\\\/schema\\\/person\\\/5da7dd09320bd4f392b710017ed5f8ad\"},\"headline\":\"Encabeza Tonantzin Fern\u00e1ndez primera mega caminata en favor de la 4T en San Pedro Cholula\",\"datePublished\":\"2024-04-07T17:03:28+00:00\",\"mainEntityOfPage\":{\"@id\":\"https:\\\/\\\/www.aliadospuebla.com\\\/?p=90373\"},\"wordCount\":279,\"commentCount\":0,\"image\":{\"@id\":\"https:\\\/\\\/www.aliadospuebla.com\\\/?p=90373#primaryimage\"},\"thumbnailUrl\":\"https:\\\/\\\/www.aliadospuebla.com\\\/web2017\\\/wp-content\\\/uploads\\\/2024\\\/04\\\/296.jpg\",\"keywords\":[\"4T\",\"CANDIDATA\",\"mega caminata\",\"MORENA\",\"PRESIDENCIA MUNICIPAL\",\"SAN PEDRO CHOLULA\",\"TONANTZIN FERN\u00c1NDEZ\"],\"articleSection\":[\"Pol\u00edtica\"],\"inLanguage\":\"es\",\"potentialAction\":[{\"@type\":\"CommentAction\",\"name\":\"Comment\",\"target\":[\"https:\\\/\\\/www.aliadospuebla.com\\\/?p=90373#respond\"]}]},{\"@type\":\"WebPage\",\"@id\":\"https:\\\/\\\/www.aliadospuebla.com\\\/?p=90373\",\"url\":\"https:\\\/\\\/www.aliadospuebla.com\\\/?p=90373\",\"name\":\"Encabeza Tonantzin Fern\u00e1ndez primera mega caminata en favor de la 4T en San Pedro Cholula - AliadosPuebla\",\"isPartOf\":{\"@id\":\"https:\\\/\\\/www.aliadospuebla.com\\\/#website\"},\"primaryImageOfPage\":{\"@id\":\"https:\\\/\\\/www.aliadospuebla.com\\\/?p=90373#primaryimage\"},\"image\":{\"@id\":\"https:\\\/\\\/www.aliadospuebla.com\\\/?p=90373#primaryimage\"},\"thumbnailUrl\":\"https:\\\/\\\/www.aliadospuebla.com\\\/web2017\\\/wp-content\\\/uploads\\\/2024\\\/04\\\/296.jpg\",\"datePublished\":\"2024-04-07T17:03:28+00:00\",\"author\":{\"@id\":\"https:\\\/\\\/www.aliadospuebla.com\\\/#\\\/schema\\\/person\\\/5da7dd09320bd4f392b710017ed5f8ad\"},\"breadcrumb\":{\"@id\":\"https:\\\/\\\/www.aliadospuebla.com\\\/?p=90373#breadcrumb\"},\"inLanguage\":\"es\",\"potentialAction\":[{\"@type\":\"ReadAction\",\"target\":[\"https:\\\/\\\/www.aliadospuebla.com\\\/?p=90373\"]}]},{\"@type\":\"ImageObject\",\"inLanguage\":\"es\",\"@id\":\"https:\\\/\\\/www.aliadospuebla.com\\\/?p=90373#primaryimage\",\"url\":\"https:\\\/\\\/www.aliadospuebla.com\\\/web2017\\\/wp-content\\\/uploads\\\/2024\\\/04\\\/296.jpg\",\"contentUrl\":\"https:\\\/\\\/www.aliadospuebla.com\\\/web2017\\\/wp-content\\\/uploads\\\/2024\\\/04\\\/296.jpg\",\"width\":600,\"height\":450},{\"@type\":\"BreadcrumbList\",\"@id\":\"https:\\\/\\\/www.aliadospuebla.com\\\/?p=90373#breadcrumb\",\"itemListElement\":[{\"@type\":\"ListItem\",\"position\":1,\"name\":\"Portada\",\"item\":\"https:\\\/\\\/www.aliadospuebla.com\\\/\"},{\"@type\":\"ListItem\",\"position\":2,\"name\":\"Encabeza Tonantzin Fern\u00e1ndez primera mega caminata en favor de la 4T en San Pedro Cholula\"}]},{\"@type\":\"WebSite\",\"@id\":\"https:\\\/\\\/www.aliadospuebla.com\\\/#website\",\"url\":\"https:\\\/\\\/www.aliadospuebla.com\\\/\",\"name\":\"AliadosPuebla\",\"description\":\"La informaci\u00f3n en tus manos\",\"potentialAction\":[{\"@type\":\"SearchAction\",\"target\":{\"@type\":\"EntryPoint\",\"urlTemplate\":\"https:\\\/\\\/www.aliadospuebla.com\\\/?s={search_term_string}\"},\"query-input\":{\"@type\":\"PropertyValueSpecification\",\"valueRequired\":true,\"valueName\":\"search_term_string\"}}],\"inLanguage\":\"es\"},{\"@type\":\"Person\",\"@id\":\"https:\\\/\\\/www.aliadospuebla.com\\\/#\\\/schema\\\/person\\\/5da7dd09320bd4f392b710017ed5f8ad\",\"name\":\"Aliados17\",\"image\":{\"@type\":\"ImageObject\",\"inLanguage\":\"es\",\"@id\":\"https:\\\/\\\/www.aliadospuebla.com\\\/web2017\\\/wp-content\\\/uploads\\\/2025\\\/03\\\/cropped-para-perfil-8-anos-1-96x96.jpg\",\"url\":\"https:\\\/\\\/www.aliadospuebla.com\\\/web2017\\\/wp-content\\\/uploads\\\/2025\\\/03\\\/cropped-para-perfil-8-anos-1-96x96.jpg\",\"contentUrl\":\"https:\\\/\\\/www.aliadospuebla.com\\\/web2017\\\/wp-content\\\/uploads\\\/2025\\\/03\\\/cropped-para-perfil-8-anos-1-96x96.jpg\",\"caption\":\"Aliados17\"},\"sameAs\":[\"https:\\\/\\\/www.aliados17.com\",\"https:\\\/\\\/www.facebook.com\\\/Aliados17Pue\",\"https:\\\/\\\/x.com\\\/AliadosPuebla\"],\"url\":\"https:\\\/\\\/www.aliadospuebla.com\\\/?author=2\"}]}<\/script>\n<!-- \/ Yoast SEO plugin. -->","yoast_head_json":{"title":"Encabeza Tonantzin Fern\u00e1ndez primera mega caminata en favor de la 4T en San Pedro Cholula - AliadosPuebla","robots":{"index":"index","follow":"follow","max-snippet":"max-snippet:-1","max-image-preview":"max-image-preview:large","max-video-preview":"max-video-preview:-1"},"canonical":"https:\/\/www.aliadospuebla.com\/?p=90373","og_locale":"es_ES","og_type":"article","og_title":"Encabeza Tonantzin Fern\u00e1ndez primera mega caminata en favor de la 4T en San Pedro Cholula - AliadosPuebla","og_description":"Acompa\u00f1ada y arropada por decenas de cholultecas, camin\u00f3 por las calles del municipio, escuchando propuestas e inquietudes 7 de abril, 2024. San Pedro Cholula, Pue.- La candidata de la coalici\u00f3n \u201cSigamos Haciendo Historia\u201d a la presidencia municipal de San Pedro Cholula, Tonantzin Fern\u00e1ndez, encabez\u00f3 la primera mega caminata por las calles del municipio, en la que sum\u00f3 el apoyo de decenas de cholultecas, que se unieron al llamado y acompa\u00f1aron a la candidata en su recorrido. Teniendo como partida el Barrio de San Juan Calvario, m\u00e1s de 200 cholultecas apoyaron a Tonantzin Fern\u00e1ndez con porras y gritos, en tanto la candidata visitaba cada uno de los comercios que encontraba en su paso, saludando y atendiendo las inquietudes de los cholultecas que se acercaban a saludarla&hellip;Leer m\u00e1s...","og_url":"https:\/\/www.aliadospuebla.com\/?p=90373","og_site_name":"AliadosPuebla","article_author":"https:\/\/www.facebook.com\/Aliados17Pue","article_published_time":"2024-04-07T17:03:28+00:00","og_image":[{"width":600,"height":450,"url":"https:\/\/www.aliadospuebla.com\/web2017\/wp-content\/uploads\/2024\/04\/296.jpg","type":"image\/jpeg"}],"author":"Aliados17","twitter_card":"summary_large_image","twitter_creator":"@AliadosPuebla","twitter_misc":{"Escrito por":"Aliados17","Tiempo de lectura":"2 minutos"},"schema":{"@context":"https:\/\/schema.org","@graph":[{"@type":"Article","@id":"https:\/\/www.aliadospuebla.com\/?p=90373#article","isPartOf":{"@id":"https:\/\/www.aliadospuebla.com\/?p=90373"},"author":{"name":"Aliados17","@id":"https:\/\/www.aliadospuebla.com\/#\/schema\/person\/5da7dd09320bd4f392b710017ed5f8ad"},"headline":"Encabeza Tonantzin Fern\u00e1ndez primera mega caminata en favor de la 4T en San Pedro Cholula","datePublished":"2024-04-07T17:03:28+00:00","mainEntityOfPage":{"@id":"https:\/\/www.aliadospuebla.com\/?p=90373"},"wordCount":279,"commentCount":0,"image":{"@id":"https:\/\/www.aliadospuebla.com\/?p=90373#primaryimage"},"thumbnailUrl":"https:\/\/www.aliadospuebla.com\/web2017\/wp-content\/uploads\/2024\/04\/296.jpg","keywords":["4T","CANDIDATA","mega caminata","MORENA","PRESIDENCIA MUNICIPAL","SAN PEDRO CHOLULA","TONANTZIN FERN\u00c1NDEZ"],"articleSection":["Pol\u00edtica"],"inLanguage":"es","potentialAction":[{"@type":"CommentAction","name":"Comment","target":["https:\/\/www.aliadospuebla.com\/?p=90373#respond"]}]},{"@type":"WebPage","@id":"https:\/\/www.aliadospuebla.com\/?p=90373","url":"https:\/\/www.aliadospuebla.com\/?p=90373","name":"Encabeza Tonantzin Fern\u00e1ndez primera mega caminata en favor de la 4T en San Pedro Cholula - AliadosPuebla","isPartOf":{"@id":"https:\/\/www.aliadospuebla.com\/#website"},"primaryImageOfPage":{"@id":"https:\/\/www.aliadospuebla.com\/?p=90373#primaryimage"},"image":{"@id":"https:\/\/www.aliadospuebla.com\/?p=90373#primaryimage"},"thumbnailUrl":"https:\/\/www.aliadospuebla.com\/web2017\/wp-content\/uploads\/2024\/04\/296.jpg","datePublished":"2024-04-07T17:03:28+00:00","author":{"@id":"https:\/\/www.aliadospuebla.com\/#\/schema\/person\/5da7dd09320bd4f392b710017ed5f8ad"},"breadcrumb":{"@id":"https:\/\/www.aliadospuebla.com\/?p=90373#breadcrumb"},"inLanguage":"es","potentialAction":[{"@type":"ReadAction","target":["https:\/\/www.aliadospuebla.com\/?p=90373"]}]},{"@type":"ImageObject","inLanguage":"es","@id":"https:\/\/www.aliadospuebla.com\/?p=90373#primaryimage","url":"https:\/\/www.aliadospuebla.com\/web2017\/wp-content\/uploads\/2024\/04\/296.jpg","contentUrl":"https:\/\/www.aliadospuebla.com\/web2017\/wp-content\/uploads\/2024\/04\/296.jpg","width":600,"height":450},{"@type":"BreadcrumbList","@id":"https:\/\/www.aliadospuebla.com\/?p=90373#breadcrumb","itemListElement":[{"@type":"ListItem","position":1,"name":"Portada","item":"https:\/\/www.aliadospuebla.com\/"},{"@type":"ListItem","position":2,"name":"Encabeza Tonantzin Fern\u00e1ndez primera mega caminata en favor de la 4T en San Pedro Cholula"}]},{"@type":"WebSite","@id":"https:\/\/www.aliadospuebla.com\/#website","url":"https:\/\/www.aliadospuebla.com\/","name":"AliadosPuebla","description":"La informaci\u00f3n en tus manos","potentialAction":[{"@type":"SearchAction","target":{"@type":"EntryPoint","urlTemplate":"https:\/\/www.aliadospuebla.com\/?s={search_term_string}"},"query-input":{"@type":"PropertyValueSpecification","valueRequired":true,"valueName":"search_term_string"}}],"inLanguage":"es"},{"@type":"Person","@id":"https:\/\/www.aliadospuebla.com\/#\/schema\/person\/5da7dd09320bd4f392b710017ed5f8ad","name":"Aliados17","image":{"@type":"ImageObject","inLanguage":"es","@id":"https:\/\/www.aliadospuebla.com\/web2017\/wp-content\/uploads\/2025\/03\/cropped-para-perfil-8-anos-1-96x96.jpg","url":"https:\/\/www.aliadospuebla.com\/web2017\/wp-content\/uploads\/2025\/03\/cropped-para-perfil-8-anos-1-96x96.jpg","contentUrl":"https:\/\/www.aliadospuebla.com\/web2017\/wp-content\/uploads\/2025\/03\/cropped-para-perfil-8-anos-1-96x96.jpg","caption":"Aliados17"},"sameAs":["https:\/\/www.aliados17.com","https:\/\/www.facebook.com\/Aliados17Pue","https:\/\/x.com\/AliadosPuebla"],"url":"https:\/\/www.aliadospuebla.com\/?author=2"}]}},"views":10,"_links":{"self":[{"href":"https:\/\/www.aliadospuebla.com\/index.php?rest_route=\/wp\/v2\/posts\/90373","targetHints":{"allow":["GET"]}}],"collection":[{"href":"https:\/\/www.aliadospuebla.com\/index.php?rest_route=\/wp\/v2\/posts"}],"about":[{"href":"https:\/\/www.aliadospuebla.com\/index.php?rest_route=\/wp\/v2\/types\/post"}],"author":[{"embeddable":true,"href":"https:\/\/www.aliadospuebla.com\/index.php?rest_route=\/wp\/v2\/users\/2"}],"replies":[{"embeddable":true,"href":"https:\/\/www.aliadospuebla.com\/index.php?rest_route=%2Fwp%2Fv2%2Fcomments&post=90373"}],"version-history":[{"count":1,"href":"https:\/\/www.aliadospuebla.com\/index.php?rest_route=\/wp\/v2\/posts\/90373\/revisions"}],"predecessor-version":[{"id":90375,"href":"https:\/\/www.aliadospuebla.com\/index.php?rest_route=\/wp\/v2\/posts\/90373\/revisions\/90375"}],"wp:featuredmedia":[{"embeddable":true,"href":"https:\/\/www.aliadospuebla.com\/index.php?rest_route=\/wp\/v2\/media\/90374"}],"wp:attachment":[{"href":"https:\/\/www.aliadospuebla.com\/index.php?rest_route=%2Fwp%2Fv2%2Fmedia&parent=90373"}],"wp:term":[{"taxonomy":"category","embeddable":true,"href":"https:\/\/www.aliadospuebla.com\/index.php?rest_route=%2Fwp%2Fv2%2Fcategories&post=90373"},{"taxonomy":"post_tag","embeddable":true,"href":"https:\/\/www.aliadospuebla.com\/index.php?rest_route=%2Fwp%2Fv2%2Ftags&post=90373"}],"curies":[{"name":"wp","href":"https:\/\/api.w.org\/{rel}","templated":true}]}}