{"id":90008,"date":"2024-04-01T06:37:35","date_gmt":"2024-04-01T12:37:35","guid":{"rendered":"https:\/\/www.aliados17.com\/?p=90008"},"modified":"2024-04-01T06:37:35","modified_gmt":"2024-04-01T12:37:35","slug":"ante-mas-de-3-mil-cholultecas-y-con-el-respaldo-de-alejandro-armenta-tonantzin-fernandez-arranca-campana-por-san-pedro-cholula","status":"publish","type":"post","link":"https:\/\/www.aliadospuebla.com\/?p=90008","title":{"rendered":"Ante m\u00e1s de 3 mil cholultecas y con el respaldo de Alejandro Armenta, Tonantzin Fern\u00e1ndez arranca campa\u00f1a por San Pedro Cholula"},"content":{"rendered":"<h4>\u00a1Es tiempo de ser protagonistas de la historia, es tiempo de las mujeres!\u00bb, asever\u00f3 la candidata morenista<\/h4>\n<p>San Pedro Cholula, Puebla.- La candidata<\/p>\n<p>de la coalici\u00f3n \u00abSigamos Haciendo Historia\u00bb<\/p>\n<p>a la presidencia municipal de San Pedro Cholula, <strong>Tonantzin Fern\u00e1ndez<\/strong>, arranc\u00f3 su campa\u00f1a desde el coraz\u00f3n del municipio,<\/p>\n<p>en compa\u00f1\u00eda del candidato a la gubernatura de Puebla, Alejandro Armenta.<\/p>\n<p>En su participaci\u00f3n, Armenta Mier asegur\u00f3 que, de la mano de Tonantzin Fern\u00e1ndez, encabezar\u00e1 grandes proyectos en materia<\/p>\n<p>de seguridad, educaci\u00f3n y salud para todos los poblanos y cholultecas, haciendo del municipio un referente a nivel nacional,<\/p>\n<p>por ello, pidi\u00f3 a todos los asistentes depositar su confianza en las urnas el pr\u00f3ximo <strong>2 de junio.<\/strong><\/p>\n<p>Recibida entre porras y gritos de apoyo de miles de simpatizantes, <strong>Tonantzin Fern\u00e1ndez<\/strong> inici\u00f3 citando a la candidata presidencial, <strong>Claudia Sheinbaum<\/strong>, \u00abNunca m\u00e1s un M\u00e9xico sin nosotras, nunca m\u00e1s un M\u00e9xico donde estemos atr\u00e1s, nunca m\u00e1s el &#8216;calladita te ves m\u00e1s bonita&#8217;. \u00a1Es tiempo de ser protagonistas de la historia, es tiempo de las mujeres!\u00bb.<\/p>\n<h4>\u00ab\u00a1No tengo derecho a fallarles!<\/h4>\n<p>Creo en la justicia y no en la injusticia, ver\u00e9 por los que menos tienen y por los que m\u00e1s lo necesitan (&#8230;) No somos producto de una imposici\u00f3n, somos resultado de nuestro trabajo y la voluntad del pueblo\u00bb, sentenci\u00f3.<\/p>\n<p>&nbsp;<\/p>\n<p>Bajo la premisa que San Pedro Cholula atraviesa una crisis causada por los gobiernos corruptos y de puertas cerradas, exhort\u00f3 a que \u00abnos unamos, a que nos organicemos para cerrar filas contra los malos gobiernos, contra la corrupci\u00f3n, la desigualdad, los cacicazgos y contra la mafia del poder\u00bb.<\/p>\n<p>Desde el municipio, expres\u00f3 su apoyo y respaldo total a la candidata presidencial, Claudia Sheinbaum, quien, en d\u00edas pasados, visit\u00f3 San Pedro Cholula, como parte de su campa\u00f1a, \u00abtiene todo nuestro compromiso para lograr el<\/p>\n<p>segundo piso de la Cuarta Trasformaci\u00f3n. \u00a1Es un honor estar con Claudia, hoy!\u00bb<\/p>\n<p>&nbsp;<\/p>\n<p>Por otro lado, como parte de sus acciones para transformar al municipio, mencion\u00f3\u00a0 12 ejes rectores.<\/p>\n<p>Los cuales son:<\/p>\n<p>1. Seguridad P\u00fablica:<\/p>\n<p>2. Campus universitario p\u00fablico:<\/p>\n<p>3. Obra p\u00fablica en todas las juntas auxiliares:<\/p>\n<p>4. Programa alimentario a las jefas de familia:<\/p>\n<p>5. Apoyo al comercio local, turismo, gastronom\u00eda, emprendedores<\/p>\n<p>y cultura local<\/p>\n<p>6. Creaci\u00f3n de un consultorio de bienestar animal gratuito<\/p>\n<p>7. Mejoramiento de la Cl\u00ednica de Salud y la creaci\u00f3n de m\u00e1s<\/p>\n<p>8. Creaci\u00f3n y dignificaci\u00f3n de mercados y tianguis<\/p>\n<p>9. Becas para j\u00f3venes universitarios<\/p>\n<p>10. \u00datiles para todos<\/p>\n<p>11. Creaci\u00f3n de la Secretar\u00eda de Igualdad Sustantiva<\/p>\n<p>12. Disminuci\u00f3n de los costos de la Guarder\u00eda Municipal y la ampliaci\u00f3n del padr\u00f3n de madres beneficiarias.<\/p>\n<h4>\u00abTodo esto lo haremos con un gobierno austero y sin corrupci\u00f3n\u00bb, sostuvo.<\/h4>\n<p>&nbsp;<\/p>\n<p>Finalmente, convoc\u00f3 a todos los cholultecas a \u00absalir a las calles y hablar de nuestro movimiento de esperanza para Cholula, los convoco a votar todo Morena, porque juntos seguiremos haciendo historia\u00bb.<\/p>\n<p>&nbsp;<\/p>\n<p>Cabe mencionar que a este arranque de campa\u00f1a acudieron Olga Luc\u00eda Romero Garci-Crespo, presidenta estatal de Morena; Nay Salvatori, candidata a diputada local; Liz S\u00e1nchez, candidata a senadora por el PT; Dafne Fern\u00e1ndez, representante de Fuerza x M\u00e9xico; as\u00ed como Liz Gallegos, suplente a diputada local.<\/p>\n<p>&nbsp;<\/p>\n","protected":false},"excerpt":{"rendered":"<p>\u00a1Es tiempo de ser protagonistas de la historia, es tiempo de las mujeres!\u00bb, asever\u00f3 la candidata morenista San Pedro Cholula, Puebla.- La candidata de la coalici\u00f3n \u00abSigamos Haciendo Historia\u00bb a la presidencia municipal de San Pedro Cholula, Tonantzin Fern\u00e1ndez, arranc\u00f3 su campa\u00f1a desde el coraz\u00f3n del municipio, en compa\u00f1\u00eda del candidato a la gubernatura de Puebla, Alejandro Armenta. En su participaci\u00f3n, Armenta Mier asegur\u00f3 que, de la mano de Tonantzin Fern\u00e1ndez, encabezar\u00e1 grandes proyectos en materia de seguridad, educaci\u00f3n y salud para todos los poblanos y cholultecas, haciendo del municipio un referente a nivel nacional, por ello, pidi\u00f3 a todos los asistentes depositar su confianza en las urnas el pr\u00f3ximo 2 de junio. Recibida entre porras y gritos de apoyo de miles de simpatizantes, Tonantzin&hellip;<\/p>\n<p class=\"excerpt-more\"><a class=\"blog-excerpt button\" href=\"https:\/\/www.aliadospuebla.com\/?p=90008\">Leer m\u00e1s&#8230;<\/a><\/p>\n","protected":false},"author":2,"featured_media":90009,"comment_status":"open","ping_status":"open","sticky":false,"template":"","format":"standard","meta":{"_monsterinsights_skip_tracking":false,"footnotes":""},"categories":[4,6],"tags":[10006,4780,2972,19918,3201,404,3229,387,7394],"class_list":["post-90008","post","type-post","status-publish","format-standard","has-post-thumbnail","hentry","category-municipios","category-politica","tag-4t","tag-alejandro-armenta","tag-candidata","tag-claudia-sheinbaum","tag-inicio-de-campana","tag-mujeres","tag-presidencia-municipal","tag-san-pedro-cholula","tag-tonantzin-fernandez"],"yoast_head":"<!-- This site is optimized with the Yoast SEO plugin v28.4 - https:\/\/yoast.com\/product\/yoast-seo-wordpress\/ -->\n<title>Ante m\u00e1s de 3 mil cholultecas y con el respaldo de Alejandro Armenta, Tonantzin Fern\u00e1ndez arranca campa\u00f1a por San Pedro Cholula - AliadosPuebla<\/title>\n<meta name=\"robots\" content=\"index, follow, max-snippet:-1, max-image-preview:large, max-video-preview:-1\" \/>\n<link rel=\"canonical\" href=\"https:\/\/www.aliadospuebla.com\/?p=90008\" \/>\n<meta property=\"og:locale\" content=\"es_ES\" \/>\n<meta property=\"og:type\" content=\"article\" \/>\n<meta property=\"og:title\" content=\"Ante m\u00e1s de 3 mil cholultecas y con el respaldo de Alejandro Armenta, Tonantzin Fern\u00e1ndez arranca campa\u00f1a por San Pedro Cholula - AliadosPuebla\" \/>\n<meta property=\"og:description\" content=\"\u00a1Es tiempo de ser protagonistas de la historia, es tiempo de las mujeres!\u00bb, asever\u00f3 la candidata morenista San Pedro Cholula, Puebla.- La candidata de la coalici\u00f3n \u00abSigamos Haciendo Historia\u00bb a la presidencia municipal de San Pedro Cholula, Tonantzin Fern\u00e1ndez, arranc\u00f3 su campa\u00f1a desde el coraz\u00f3n del municipio, en compa\u00f1\u00eda del candidato a la gubernatura de Puebla, Alejandro Armenta. En su participaci\u00f3n, Armenta Mier asegur\u00f3 que, de la mano de Tonantzin Fern\u00e1ndez, encabezar\u00e1 grandes proyectos en materia de seguridad, educaci\u00f3n y salud para todos los poblanos y cholultecas, haciendo del municipio un referente a nivel nacional, por ello, pidi\u00f3 a todos los asistentes depositar su confianza en las urnas el pr\u00f3ximo 2 de junio. Recibida entre porras y gritos de apoyo de miles de simpatizantes, Tonantzin&hellip;Leer m\u00e1s...\" \/>\n<meta property=\"og:url\" content=\"https:\/\/www.aliadospuebla.com\/?p=90008\" \/>\n<meta property=\"og:site_name\" content=\"AliadosPuebla\" \/>\n<meta property=\"article:author\" content=\"https:\/\/www.facebook.com\/Aliados17Pue\" \/>\n<meta property=\"article:published_time\" content=\"2024-04-01T12:37:35+00:00\" \/>\n<meta property=\"og:image\" content=\"https:\/\/www.aliadospuebla.com\/web2017\/wp-content\/uploads\/2024\/04\/PSX_20240401_063648.jpg\" \/>\n\t<meta property=\"og:image:width\" content=\"600\" \/>\n\t<meta property=\"og:image:height\" content=\"450\" \/>\n\t<meta property=\"og:image:type\" content=\"image\/jpeg\" \/>\n<meta name=\"author\" content=\"Aliados17\" \/>\n<meta name=\"twitter:card\" content=\"summary_large_image\" \/>\n<meta name=\"twitter:creator\" content=\"@AliadosPuebla\" \/>\n<meta name=\"twitter:label1\" content=\"Escrito por\" \/>\n\t<meta name=\"twitter:data1\" content=\"Aliados17\" \/>\n\t<meta name=\"twitter:label2\" content=\"Tiempo de lectura\" \/>\n\t<meta name=\"twitter:data2\" content=\"3 minutos\" \/>\n<script type=\"application\/ld+json\" class=\"yoast-schema-graph\">{\"@context\":\"https:\\\/\\\/schema.org\",\"@graph\":[{\"@type\":\"Article\",\"@id\":\"https:\\\/\\\/www.aliadospuebla.com\\\/?p=90008#article\",\"isPartOf\":{\"@id\":\"https:\\\/\\\/www.aliadospuebla.com\\\/?p=90008\"},\"author\":{\"name\":\"Aliados17\",\"@id\":\"https:\\\/\\\/www.aliadospuebla.com\\\/#\\\/schema\\\/person\\\/5da7dd09320bd4f392b710017ed5f8ad\"},\"headline\":\"Ante m\u00e1s de 3 mil cholultecas y con el respaldo de Alejandro Armenta, Tonantzin Fern\u00e1ndez arranca campa\u00f1a por San Pedro Cholula\",\"datePublished\":\"2024-04-01T12:37:35+00:00\",\"mainEntityOfPage\":{\"@id\":\"https:\\\/\\\/www.aliadospuebla.com\\\/?p=90008\"},\"wordCount\":574,\"commentCount\":0,\"image\":{\"@id\":\"https:\\\/\\\/www.aliadospuebla.com\\\/?p=90008#primaryimage\"},\"thumbnailUrl\":\"https:\\\/\\\/www.aliadospuebla.com\\\/web2017\\\/wp-content\\\/uploads\\\/2024\\\/04\\\/PSX_20240401_063648.jpg\",\"keywords\":[\"4T\",\"ALEJANDRO ARMENTA\",\"CANDIDATA\",\"Claudia Sheinbaum\",\"INICIO DE CAMPA\u00d1A\",\"MUJERES\",\"PRESIDENCIA MUNICIPAL\",\"SAN PEDRO CHOLULA\",\"TONANTZIN FERN\u00c1NDEZ\"],\"articleSection\":[\"Municipios\",\"Pol\u00edtica\"],\"inLanguage\":\"es\",\"potentialAction\":[{\"@type\":\"CommentAction\",\"name\":\"Comment\",\"target\":[\"https:\\\/\\\/www.aliadospuebla.com\\\/?p=90008#respond\"]}]},{\"@type\":\"WebPage\",\"@id\":\"https:\\\/\\\/www.aliadospuebla.com\\\/?p=90008\",\"url\":\"https:\\\/\\\/www.aliadospuebla.com\\\/?p=90008\",\"name\":\"Ante m\u00e1s de 3 mil cholultecas y con el respaldo de Alejandro Armenta, Tonantzin Fern\u00e1ndez arranca campa\u00f1a por San Pedro Cholula - AliadosPuebla\",\"isPartOf\":{\"@id\":\"https:\\\/\\\/www.aliadospuebla.com\\\/#website\"},\"primaryImageOfPage\":{\"@id\":\"https:\\\/\\\/www.aliadospuebla.com\\\/?p=90008#primaryimage\"},\"image\":{\"@id\":\"https:\\\/\\\/www.aliadospuebla.com\\\/?p=90008#primaryimage\"},\"thumbnailUrl\":\"https:\\\/\\\/www.aliadospuebla.com\\\/web2017\\\/wp-content\\\/uploads\\\/2024\\\/04\\\/PSX_20240401_063648.jpg\",\"datePublished\":\"2024-04-01T12:37:35+00:00\",\"author\":{\"@id\":\"https:\\\/\\\/www.aliadospuebla.com\\\/#\\\/schema\\\/person\\\/5da7dd09320bd4f392b710017ed5f8ad\"},\"breadcrumb\":{\"@id\":\"https:\\\/\\\/www.aliadospuebla.com\\\/?p=90008#breadcrumb\"},\"inLanguage\":\"es\",\"potentialAction\":[{\"@type\":\"ReadAction\",\"target\":[\"https:\\\/\\\/www.aliadospuebla.com\\\/?p=90008\"]}]},{\"@type\":\"ImageObject\",\"inLanguage\":\"es\",\"@id\":\"https:\\\/\\\/www.aliadospuebla.com\\\/?p=90008#primaryimage\",\"url\":\"https:\\\/\\\/www.aliadospuebla.com\\\/web2017\\\/wp-content\\\/uploads\\\/2024\\\/04\\\/PSX_20240401_063648.jpg\",\"contentUrl\":\"https:\\\/\\\/www.aliadospuebla.com\\\/web2017\\\/wp-content\\\/uploads\\\/2024\\\/04\\\/PSX_20240401_063648.jpg\",\"width\":600,\"height\":450},{\"@type\":\"BreadcrumbList\",\"@id\":\"https:\\\/\\\/www.aliadospuebla.com\\\/?p=90008#breadcrumb\",\"itemListElement\":[{\"@type\":\"ListItem\",\"position\":1,\"name\":\"Portada\",\"item\":\"https:\\\/\\\/www.aliadospuebla.com\\\/\"},{\"@type\":\"ListItem\",\"position\":2,\"name\":\"Ante m\u00e1s de 3 mil cholultecas y con el respaldo de Alejandro Armenta, Tonantzin Fern\u00e1ndez arranca campa\u00f1a por San Pedro Cholula\"}]},{\"@type\":\"WebSite\",\"@id\":\"https:\\\/\\\/www.aliadospuebla.com\\\/#website\",\"url\":\"https:\\\/\\\/www.aliadospuebla.com\\\/\",\"name\":\"AliadosPuebla\",\"description\":\"La informaci\u00f3n en tus manos\",\"potentialAction\":[{\"@type\":\"SearchAction\",\"target\":{\"@type\":\"EntryPoint\",\"urlTemplate\":\"https:\\\/\\\/www.aliadospuebla.com\\\/?s={search_term_string}\"},\"query-input\":{\"@type\":\"PropertyValueSpecification\",\"valueRequired\":true,\"valueName\":\"search_term_string\"}}],\"inLanguage\":\"es\"},{\"@type\":\"Person\",\"@id\":\"https:\\\/\\\/www.aliadospuebla.com\\\/#\\\/schema\\\/person\\\/5da7dd09320bd4f392b710017ed5f8ad\",\"name\":\"Aliados17\",\"image\":{\"@type\":\"ImageObject\",\"inLanguage\":\"es\",\"@id\":\"https:\\\/\\\/www.aliadospuebla.com\\\/web2017\\\/wp-content\\\/uploads\\\/2025\\\/03\\\/cropped-para-perfil-8-anos-1-96x96.jpg\",\"url\":\"https:\\\/\\\/www.aliadospuebla.com\\\/web2017\\\/wp-content\\\/uploads\\\/2025\\\/03\\\/cropped-para-perfil-8-anos-1-96x96.jpg\",\"contentUrl\":\"https:\\\/\\\/www.aliadospuebla.com\\\/web2017\\\/wp-content\\\/uploads\\\/2025\\\/03\\\/cropped-para-perfil-8-anos-1-96x96.jpg\",\"caption\":\"Aliados17\"},\"sameAs\":[\"https:\\\/\\\/www.aliados17.com\",\"https:\\\/\\\/www.facebook.com\\\/Aliados17Pue\",\"https:\\\/\\\/x.com\\\/AliadosPuebla\"],\"url\":\"https:\\\/\\\/www.aliadospuebla.com\\\/?author=2\"}]}<\/script>\n<!-- \/ Yoast SEO plugin. -->","yoast_head_json":{"title":"Ante m\u00e1s de 3 mil cholultecas y con el respaldo de Alejandro Armenta, Tonantzin Fern\u00e1ndez arranca campa\u00f1a por San Pedro Cholula - AliadosPuebla","robots":{"index":"index","follow":"follow","max-snippet":"max-snippet:-1","max-image-preview":"max-image-preview:large","max-video-preview":"max-video-preview:-1"},"canonical":"https:\/\/www.aliadospuebla.com\/?p=90008","og_locale":"es_ES","og_type":"article","og_title":"Ante m\u00e1s de 3 mil cholultecas y con el respaldo de Alejandro Armenta, Tonantzin Fern\u00e1ndez arranca campa\u00f1a por San Pedro Cholula - AliadosPuebla","og_description":"\u00a1Es tiempo de ser protagonistas de la historia, es tiempo de las mujeres!\u00bb, asever\u00f3 la candidata morenista San Pedro Cholula, Puebla.- La candidata de la coalici\u00f3n \u00abSigamos Haciendo Historia\u00bb a la presidencia municipal de San Pedro Cholula, Tonantzin Fern\u00e1ndez, arranc\u00f3 su campa\u00f1a desde el coraz\u00f3n del municipio, en compa\u00f1\u00eda del candidato a la gubernatura de Puebla, Alejandro Armenta. En su participaci\u00f3n, Armenta Mier asegur\u00f3 que, de la mano de Tonantzin Fern\u00e1ndez, encabezar\u00e1 grandes proyectos en materia de seguridad, educaci\u00f3n y salud para todos los poblanos y cholultecas, haciendo del municipio un referente a nivel nacional, por ello, pidi\u00f3 a todos los asistentes depositar su confianza en las urnas el pr\u00f3ximo 2 de junio. Recibida entre porras y gritos de apoyo de miles de simpatizantes, Tonantzin&hellip;Leer m\u00e1s...","og_url":"https:\/\/www.aliadospuebla.com\/?p=90008","og_site_name":"AliadosPuebla","article_author":"https:\/\/www.facebook.com\/Aliados17Pue","article_published_time":"2024-04-01T12:37:35+00:00","og_image":[{"width":600,"height":450,"url":"https:\/\/www.aliadospuebla.com\/web2017\/wp-content\/uploads\/2024\/04\/PSX_20240401_063648.jpg","type":"image\/jpeg"}],"author":"Aliados17","twitter_card":"summary_large_image","twitter_creator":"@AliadosPuebla","twitter_misc":{"Escrito por":"Aliados17","Tiempo de lectura":"3 minutos"},"schema":{"@context":"https:\/\/schema.org","@graph":[{"@type":"Article","@id":"https:\/\/www.aliadospuebla.com\/?p=90008#article","isPartOf":{"@id":"https:\/\/www.aliadospuebla.com\/?p=90008"},"author":{"name":"Aliados17","@id":"https:\/\/www.aliadospuebla.com\/#\/schema\/person\/5da7dd09320bd4f392b710017ed5f8ad"},"headline":"Ante m\u00e1s de 3 mil cholultecas y con el respaldo de Alejandro Armenta, Tonantzin Fern\u00e1ndez arranca campa\u00f1a por San Pedro Cholula","datePublished":"2024-04-01T12:37:35+00:00","mainEntityOfPage":{"@id":"https:\/\/www.aliadospuebla.com\/?p=90008"},"wordCount":574,"commentCount":0,"image":{"@id":"https:\/\/www.aliadospuebla.com\/?p=90008#primaryimage"},"thumbnailUrl":"https:\/\/www.aliadospuebla.com\/web2017\/wp-content\/uploads\/2024\/04\/PSX_20240401_063648.jpg","keywords":["4T","ALEJANDRO ARMENTA","CANDIDATA","Claudia Sheinbaum","INICIO DE CAMPA\u00d1A","MUJERES","PRESIDENCIA MUNICIPAL","SAN PEDRO CHOLULA","TONANTZIN FERN\u00c1NDEZ"],"articleSection":["Municipios","Pol\u00edtica"],"inLanguage":"es","potentialAction":[{"@type":"CommentAction","name":"Comment","target":["https:\/\/www.aliadospuebla.com\/?p=90008#respond"]}]},{"@type":"WebPage","@id":"https:\/\/www.aliadospuebla.com\/?p=90008","url":"https:\/\/www.aliadospuebla.com\/?p=90008","name":"Ante m\u00e1s de 3 mil cholultecas y con el respaldo de Alejandro Armenta, Tonantzin Fern\u00e1ndez arranca campa\u00f1a por San Pedro Cholula - AliadosPuebla","isPartOf":{"@id":"https:\/\/www.aliadospuebla.com\/#website"},"primaryImageOfPage":{"@id":"https:\/\/www.aliadospuebla.com\/?p=90008#primaryimage"},"image":{"@id":"https:\/\/www.aliadospuebla.com\/?p=90008#primaryimage"},"thumbnailUrl":"https:\/\/www.aliadospuebla.com\/web2017\/wp-content\/uploads\/2024\/04\/PSX_20240401_063648.jpg","datePublished":"2024-04-01T12:37:35+00:00","author":{"@id":"https:\/\/www.aliadospuebla.com\/#\/schema\/person\/5da7dd09320bd4f392b710017ed5f8ad"},"breadcrumb":{"@id":"https:\/\/www.aliadospuebla.com\/?p=90008#breadcrumb"},"inLanguage":"es","potentialAction":[{"@type":"ReadAction","target":["https:\/\/www.aliadospuebla.com\/?p=90008"]}]},{"@type":"ImageObject","inLanguage":"es","@id":"https:\/\/www.aliadospuebla.com\/?p=90008#primaryimage","url":"https:\/\/www.aliadospuebla.com\/web2017\/wp-content\/uploads\/2024\/04\/PSX_20240401_063648.jpg","contentUrl":"https:\/\/www.aliadospuebla.com\/web2017\/wp-content\/uploads\/2024\/04\/PSX_20240401_063648.jpg","width":600,"height":450},{"@type":"BreadcrumbList","@id":"https:\/\/www.aliadospuebla.com\/?p=90008#breadcrumb","itemListElement":[{"@type":"ListItem","position":1,"name":"Portada","item":"https:\/\/www.aliadospuebla.com\/"},{"@type":"ListItem","position":2,"name":"Ante m\u00e1s de 3 mil cholultecas y con el respaldo de Alejandro Armenta, Tonantzin Fern\u00e1ndez arranca campa\u00f1a por San Pedro Cholula"}]},{"@type":"WebSite","@id":"https:\/\/www.aliadospuebla.com\/#website","url":"https:\/\/www.aliadospuebla.com\/","name":"AliadosPuebla","description":"La informaci\u00f3n en tus manos","potentialAction":[{"@type":"SearchAction","target":{"@type":"EntryPoint","urlTemplate":"https:\/\/www.aliadospuebla.com\/?s={search_term_string}"},"query-input":{"@type":"PropertyValueSpecification","valueRequired":true,"valueName":"search_term_string"}}],"inLanguage":"es"},{"@type":"Person","@id":"https:\/\/www.aliadospuebla.com\/#\/schema\/person\/5da7dd09320bd4f392b710017ed5f8ad","name":"Aliados17","image":{"@type":"ImageObject","inLanguage":"es","@id":"https:\/\/www.aliadospuebla.com\/web2017\/wp-content\/uploads\/2025\/03\/cropped-para-perfil-8-anos-1-96x96.jpg","url":"https:\/\/www.aliadospuebla.com\/web2017\/wp-content\/uploads\/2025\/03\/cropped-para-perfil-8-anos-1-96x96.jpg","contentUrl":"https:\/\/www.aliadospuebla.com\/web2017\/wp-content\/uploads\/2025\/03\/cropped-para-perfil-8-anos-1-96x96.jpg","caption":"Aliados17"},"sameAs":["https:\/\/www.aliados17.com","https:\/\/www.facebook.com\/Aliados17Pue","https:\/\/x.com\/AliadosPuebla"],"url":"https:\/\/www.aliadospuebla.com\/?author=2"}]}},"views":10,"_links":{"self":[{"href":"https:\/\/www.aliadospuebla.com\/index.php?rest_route=\/wp\/v2\/posts\/90008","targetHints":{"allow":["GET"]}}],"collection":[{"href":"https:\/\/www.aliadospuebla.com\/index.php?rest_route=\/wp\/v2\/posts"}],"about":[{"href":"https:\/\/www.aliadospuebla.com\/index.php?rest_route=\/wp\/v2\/types\/post"}],"author":[{"embeddable":true,"href":"https:\/\/www.aliadospuebla.com\/index.php?rest_route=\/wp\/v2\/users\/2"}],"replies":[{"embeddable":true,"href":"https:\/\/www.aliadospuebla.com\/index.php?rest_route=%2Fwp%2Fv2%2Fcomments&post=90008"}],"version-history":[{"count":1,"href":"https:\/\/www.aliadospuebla.com\/index.php?rest_route=\/wp\/v2\/posts\/90008\/revisions"}],"predecessor-version":[{"id":90010,"href":"https:\/\/www.aliadospuebla.com\/index.php?rest_route=\/wp\/v2\/posts\/90008\/revisions\/90010"}],"wp:featuredmedia":[{"embeddable":true,"href":"https:\/\/www.aliadospuebla.com\/index.php?rest_route=\/wp\/v2\/media\/90009"}],"wp:attachment":[{"href":"https:\/\/www.aliadospuebla.com\/index.php?rest_route=%2Fwp%2Fv2%2Fmedia&parent=90008"}],"wp:term":[{"taxonomy":"category","embeddable":true,"href":"https:\/\/www.aliadospuebla.com\/index.php?rest_route=%2Fwp%2Fv2%2Fcategories&post=90008"},{"taxonomy":"post_tag","embeddable":true,"href":"https:\/\/www.aliadospuebla.com\/index.php?rest_route=%2Fwp%2Fv2%2Ftags&post=90008"}],"curies":[{"name":"wp","href":"https:\/\/api.w.org\/{rel}","templated":true}]}}