{"id":89615,"date":"2024-03-21T19:39:30","date_gmt":"2024-03-22T01:39:30","guid":{"rendered":"https:\/\/www.aliados17.com\/?p=89615"},"modified":"2024-03-21T19:39:30","modified_gmt":"2024-03-22T01:39:30","slug":"presenta-imacp-el-festival-pasion","status":"publish","type":"post","link":"https:\/\/www.aliadospuebla.com\/?p=89615","title":{"rendered":"Presenta IMACP el Festival Pasi\u00f3n"},"content":{"rendered":"<p>El Ayuntamiento de Puebla, a trav\u00e9s del Instituto Municipal de Arte y Cultura, informa sobre los eventos que se realizar\u00e1n del 1 al 7 de abril del 2024 por motivo del \u00abFestival Pasi\u00f3n\u00bb, con actividades de acceso libre en el Patio del Palacio Municipal, Templo de la Sant\u00edsima Trinidad, Z\u00f3calo del Palacio Municipal, Teatro de la Ciudad, entre otros lugares.<\/p>\n<p>Conciertos, conferencias, clases magistrales y cursos de interpretaci\u00f3n musical son algunas de las experiencias que contempla \u00abFestival Pasi\u00f3n\u00bb, con artistas y ponentes como Horacio Franco y Daniel Ortega, Eloy Cruz, El Caracol, Paola Guti\u00e9rrez Candia, La Fontegara y el Coro de Madrigalistas del INBAL, por mencionar algunos<\/p>\n<p>La programaci\u00f3n completa se puede consultar a trav\u00e9s del enlace: https:\/\/bit.ly\/4ccyokq y en las redes sociales @PueblaAyto y @IMACP, al igual que en la p\u00e1gina oficial de pueblacapital.gob.mx.<\/p>\n","protected":false},"excerpt":{"rendered":"<p>El Ayuntamiento de Puebla, a trav\u00e9s del Instituto Municipal de Arte y Cultura, informa sobre los eventos que se realizar\u00e1n del 1 al 7 de abril del 2024 por motivo del \u00abFestival Pasi\u00f3n\u00bb, con actividades de acceso libre en el Patio del Palacio Municipal, Templo de la Sant\u00edsima Trinidad, Z\u00f3calo del Palacio Municipal, Teatro de la Ciudad, entre otros lugares. Conciertos, conferencias, clases magistrales y cursos de interpretaci\u00f3n musical son algunas de las experiencias que contempla \u00abFestival Pasi\u00f3n\u00bb, con artistas y ponentes como Horacio Franco y Daniel Ortega, Eloy Cruz, El Caracol, Paola Guti\u00e9rrez Candia, La Fontegara y el Coro de Madrigalistas del INBAL, por mencionar algunos La programaci\u00f3n completa se puede consultar a trav\u00e9s del enlace: https:\/\/bit.ly\/4ccyokq y en las redes sociales @PueblaAyto y&hellip;<\/p>\n<p class=\"excerpt-more\"><a class=\"blog-excerpt button\" href=\"https:\/\/www.aliadospuebla.com\/?p=89615\">Leer m\u00e1s&#8230;<\/a><\/p>\n","protected":false},"author":2,"featured_media":89616,"comment_status":"open","ping_status":"open","sticky":false,"template":"","format":"standard","meta":{"_monsterinsights_skip_tracking":false,"footnotes":""},"categories":[62],"tags":[23054,102,1451,9089,640,10336,5219],"class_list":["post-89615","post","type-post","status-publish","format-standard","has-post-thumbnail","hentry","category-capital","tag-acceso-libre","tag-artistas","tag-eventos","tag-festival-pasion","tag-imacp","tag-inbal","tag-teatro-de-la-ciudad"],"yoast_head":"<!-- This site is optimized with the Yoast SEO plugin v28.3 - https:\/\/yoast.com\/product\/yoast-seo-wordpress\/ -->\n<title>Presenta IMACP el Festival Pasi\u00f3n - AliadosPuebla<\/title>\n<meta name=\"robots\" content=\"index, follow, max-snippet:-1, max-image-preview:large, max-video-preview:-1\" \/>\n<link rel=\"canonical\" href=\"https:\/\/www.aliadospuebla.com\/?p=89615\" \/>\n<meta property=\"og:locale\" content=\"es_ES\" \/>\n<meta property=\"og:type\" content=\"article\" \/>\n<meta property=\"og:title\" content=\"Presenta IMACP el Festival Pasi\u00f3n - AliadosPuebla\" \/>\n<meta property=\"og:description\" content=\"El Ayuntamiento de Puebla, a trav\u00e9s del Instituto Municipal de Arte y Cultura, informa sobre los eventos que se realizar\u00e1n del 1 al 7 de abril del 2024 por motivo del \u00abFestival Pasi\u00f3n\u00bb, con actividades de acceso libre en el Patio del Palacio Municipal, Templo de la Sant\u00edsima Trinidad, Z\u00f3calo del Palacio Municipal, Teatro de la Ciudad, entre otros lugares. Conciertos, conferencias, clases magistrales y cursos de interpretaci\u00f3n musical son algunas de las experiencias que contempla \u00abFestival Pasi\u00f3n\u00bb, con artistas y ponentes como Horacio Franco y Daniel Ortega, Eloy Cruz, El Caracol, Paola Guti\u00e9rrez Candia, La Fontegara y el Coro de Madrigalistas del INBAL, por mencionar algunos La programaci\u00f3n completa se puede consultar a trav\u00e9s del enlace: https:\/\/bit.ly\/4ccyokq y en las redes sociales @PueblaAyto y&hellip;Leer m\u00e1s...\" \/>\n<meta property=\"og:url\" content=\"https:\/\/www.aliadospuebla.com\/?p=89615\" \/>\n<meta property=\"og:site_name\" content=\"AliadosPuebla\" \/>\n<meta property=\"article:author\" content=\"https:\/\/www.facebook.com\/Aliados17Pue\" \/>\n<meta property=\"article:published_time\" content=\"2024-03-22T01:39:30+00:00\" \/>\n<meta property=\"og:image\" content=\"https:\/\/www.aliadospuebla.com\/web2017\/wp-content\/uploads\/2024\/03\/237.jpg\" \/>\n\t<meta property=\"og:image:width\" content=\"600\" \/>\n\t<meta property=\"og:image:height\" content=\"450\" \/>\n\t<meta property=\"og:image:type\" content=\"image\/jpeg\" \/>\n<meta name=\"author\" content=\"Aliados17\" \/>\n<meta name=\"twitter:card\" content=\"summary_large_image\" \/>\n<meta name=\"twitter:creator\" content=\"@AliadosPuebla\" \/>\n<meta name=\"twitter:label1\" content=\"Escrito por\" \/>\n\t<meta name=\"twitter:data1\" content=\"Aliados17\" \/>\n\t<meta name=\"twitter:label2\" content=\"Tiempo de lectura\" \/>\n\t<meta name=\"twitter:data2\" content=\"1 minuto\" \/>\n<script type=\"application\/ld+json\" class=\"yoast-schema-graph\">{\"@context\":\"https:\\\/\\\/schema.org\",\"@graph\":[{\"@type\":\"Article\",\"@id\":\"https:\\\/\\\/www.aliadospuebla.com\\\/?p=89615#article\",\"isPartOf\":{\"@id\":\"https:\\\/\\\/www.aliadospuebla.com\\\/?p=89615\"},\"author\":{\"name\":\"Aliados17\",\"@id\":\"https:\\\/\\\/www.aliadospuebla.com\\\/#\\\/schema\\\/person\\\/5da7dd09320bd4f392b710017ed5f8ad\"},\"headline\":\"Presenta IMACP el Festival Pasi\u00f3n\",\"datePublished\":\"2024-03-22T01:39:30+00:00\",\"mainEntityOfPage\":{\"@id\":\"https:\\\/\\\/www.aliadospuebla.com\\\/?p=89615\"},\"wordCount\":154,\"commentCount\":0,\"image\":{\"@id\":\"https:\\\/\\\/www.aliadospuebla.com\\\/?p=89615#primaryimage\"},\"thumbnailUrl\":\"https:\\\/\\\/www.aliadospuebla.com\\\/web2017\\\/wp-content\\\/uploads\\\/2024\\\/03\\\/237.jpg\",\"keywords\":[\"acceso libre\",\"artistas\",\"EVENTOS\",\"Festival pasi\u00f3n\",\"IMACP\",\"INBAL\",\"TEATRO DE LA CIUDAD\"],\"articleSection\":[\"Capital\"],\"inLanguage\":\"es\",\"potentialAction\":[{\"@type\":\"CommentAction\",\"name\":\"Comment\",\"target\":[\"https:\\\/\\\/www.aliadospuebla.com\\\/?p=89615#respond\"]}]},{\"@type\":\"WebPage\",\"@id\":\"https:\\\/\\\/www.aliadospuebla.com\\\/?p=89615\",\"url\":\"https:\\\/\\\/www.aliadospuebla.com\\\/?p=89615\",\"name\":\"Presenta IMACP el Festival Pasi\u00f3n - AliadosPuebla\",\"isPartOf\":{\"@id\":\"https:\\\/\\\/www.aliadospuebla.com\\\/#website\"},\"primaryImageOfPage\":{\"@id\":\"https:\\\/\\\/www.aliadospuebla.com\\\/?p=89615#primaryimage\"},\"image\":{\"@id\":\"https:\\\/\\\/www.aliadospuebla.com\\\/?p=89615#primaryimage\"},\"thumbnailUrl\":\"https:\\\/\\\/www.aliadospuebla.com\\\/web2017\\\/wp-content\\\/uploads\\\/2024\\\/03\\\/237.jpg\",\"datePublished\":\"2024-03-22T01:39:30+00:00\",\"author\":{\"@id\":\"https:\\\/\\\/www.aliadospuebla.com\\\/#\\\/schema\\\/person\\\/5da7dd09320bd4f392b710017ed5f8ad\"},\"breadcrumb\":{\"@id\":\"https:\\\/\\\/www.aliadospuebla.com\\\/?p=89615#breadcrumb\"},\"inLanguage\":\"es\",\"potentialAction\":[{\"@type\":\"ReadAction\",\"target\":[\"https:\\\/\\\/www.aliadospuebla.com\\\/?p=89615\"]}]},{\"@type\":\"ImageObject\",\"inLanguage\":\"es\",\"@id\":\"https:\\\/\\\/www.aliadospuebla.com\\\/?p=89615#primaryimage\",\"url\":\"https:\\\/\\\/www.aliadospuebla.com\\\/web2017\\\/wp-content\\\/uploads\\\/2024\\\/03\\\/237.jpg\",\"contentUrl\":\"https:\\\/\\\/www.aliadospuebla.com\\\/web2017\\\/wp-content\\\/uploads\\\/2024\\\/03\\\/237.jpg\",\"width\":600,\"height\":450},{\"@type\":\"BreadcrumbList\",\"@id\":\"https:\\\/\\\/www.aliadospuebla.com\\\/?p=89615#breadcrumb\",\"itemListElement\":[{\"@type\":\"ListItem\",\"position\":1,\"name\":\"Portada\",\"item\":\"https:\\\/\\\/www.aliadospuebla.com\\\/\"},{\"@type\":\"ListItem\",\"position\":2,\"name\":\"Presenta IMACP el Festival Pasi\u00f3n\"}]},{\"@type\":\"WebSite\",\"@id\":\"https:\\\/\\\/www.aliadospuebla.com\\\/#website\",\"url\":\"https:\\\/\\\/www.aliadospuebla.com\\\/\",\"name\":\"AliadosPuebla\",\"description\":\"La informaci\u00f3n en tus manos\",\"potentialAction\":[{\"@type\":\"SearchAction\",\"target\":{\"@type\":\"EntryPoint\",\"urlTemplate\":\"https:\\\/\\\/www.aliadospuebla.com\\\/?s={search_term_string}\"},\"query-input\":{\"@type\":\"PropertyValueSpecification\",\"valueRequired\":true,\"valueName\":\"search_term_string\"}}],\"inLanguage\":\"es\"},{\"@type\":\"Person\",\"@id\":\"https:\\\/\\\/www.aliadospuebla.com\\\/#\\\/schema\\\/person\\\/5da7dd09320bd4f392b710017ed5f8ad\",\"name\":\"Aliados17\",\"image\":{\"@type\":\"ImageObject\",\"inLanguage\":\"es\",\"@id\":\"https:\\\/\\\/www.aliadospuebla.com\\\/web2017\\\/wp-content\\\/uploads\\\/2025\\\/03\\\/cropped-para-perfil-8-anos-1-96x96.jpg\",\"url\":\"https:\\\/\\\/www.aliadospuebla.com\\\/web2017\\\/wp-content\\\/uploads\\\/2025\\\/03\\\/cropped-para-perfil-8-anos-1-96x96.jpg\",\"contentUrl\":\"https:\\\/\\\/www.aliadospuebla.com\\\/web2017\\\/wp-content\\\/uploads\\\/2025\\\/03\\\/cropped-para-perfil-8-anos-1-96x96.jpg\",\"caption\":\"Aliados17\"},\"sameAs\":[\"https:\\\/\\\/www.aliados17.com\",\"https:\\\/\\\/www.facebook.com\\\/Aliados17Pue\",\"https:\\\/\\\/x.com\\\/AliadosPuebla\"],\"url\":\"https:\\\/\\\/www.aliadospuebla.com\\\/?author=2\"}]}<\/script>\n<!-- \/ Yoast SEO plugin. -->","yoast_head_json":{"title":"Presenta IMACP el Festival Pasi\u00f3n - AliadosPuebla","robots":{"index":"index","follow":"follow","max-snippet":"max-snippet:-1","max-image-preview":"max-image-preview:large","max-video-preview":"max-video-preview:-1"},"canonical":"https:\/\/www.aliadospuebla.com\/?p=89615","og_locale":"es_ES","og_type":"article","og_title":"Presenta IMACP el Festival Pasi\u00f3n - AliadosPuebla","og_description":"El Ayuntamiento de Puebla, a trav\u00e9s del Instituto Municipal de Arte y Cultura, informa sobre los eventos que se realizar\u00e1n del 1 al 7 de abril del 2024 por motivo del \u00abFestival Pasi\u00f3n\u00bb, con actividades de acceso libre en el Patio del Palacio Municipal, Templo de la Sant\u00edsima Trinidad, Z\u00f3calo del Palacio Municipal, Teatro de la Ciudad, entre otros lugares. Conciertos, conferencias, clases magistrales y cursos de interpretaci\u00f3n musical son algunas de las experiencias que contempla \u00abFestival Pasi\u00f3n\u00bb, con artistas y ponentes como Horacio Franco y Daniel Ortega, Eloy Cruz, El Caracol, Paola Guti\u00e9rrez Candia, La Fontegara y el Coro de Madrigalistas del INBAL, por mencionar algunos La programaci\u00f3n completa se puede consultar a trav\u00e9s del enlace: https:\/\/bit.ly\/4ccyokq y en las redes sociales @PueblaAyto y&hellip;Leer m\u00e1s...","og_url":"https:\/\/www.aliadospuebla.com\/?p=89615","og_site_name":"AliadosPuebla","article_author":"https:\/\/www.facebook.com\/Aliados17Pue","article_published_time":"2024-03-22T01:39:30+00:00","og_image":[{"width":600,"height":450,"url":"https:\/\/www.aliadospuebla.com\/web2017\/wp-content\/uploads\/2024\/03\/237.jpg","type":"image\/jpeg"}],"author":"Aliados17","twitter_card":"summary_large_image","twitter_creator":"@AliadosPuebla","twitter_misc":{"Escrito por":"Aliados17","Tiempo de lectura":"1 minuto"},"schema":{"@context":"https:\/\/schema.org","@graph":[{"@type":"Article","@id":"https:\/\/www.aliadospuebla.com\/?p=89615#article","isPartOf":{"@id":"https:\/\/www.aliadospuebla.com\/?p=89615"},"author":{"name":"Aliados17","@id":"https:\/\/www.aliadospuebla.com\/#\/schema\/person\/5da7dd09320bd4f392b710017ed5f8ad"},"headline":"Presenta IMACP el Festival Pasi\u00f3n","datePublished":"2024-03-22T01:39:30+00:00","mainEntityOfPage":{"@id":"https:\/\/www.aliadospuebla.com\/?p=89615"},"wordCount":154,"commentCount":0,"image":{"@id":"https:\/\/www.aliadospuebla.com\/?p=89615#primaryimage"},"thumbnailUrl":"https:\/\/www.aliadospuebla.com\/web2017\/wp-content\/uploads\/2024\/03\/237.jpg","keywords":["acceso libre","artistas","EVENTOS","Festival pasi\u00f3n","IMACP","INBAL","TEATRO DE LA CIUDAD"],"articleSection":["Capital"],"inLanguage":"es","potentialAction":[{"@type":"CommentAction","name":"Comment","target":["https:\/\/www.aliadospuebla.com\/?p=89615#respond"]}]},{"@type":"WebPage","@id":"https:\/\/www.aliadospuebla.com\/?p=89615","url":"https:\/\/www.aliadospuebla.com\/?p=89615","name":"Presenta IMACP el Festival Pasi\u00f3n - AliadosPuebla","isPartOf":{"@id":"https:\/\/www.aliadospuebla.com\/#website"},"primaryImageOfPage":{"@id":"https:\/\/www.aliadospuebla.com\/?p=89615#primaryimage"},"image":{"@id":"https:\/\/www.aliadospuebla.com\/?p=89615#primaryimage"},"thumbnailUrl":"https:\/\/www.aliadospuebla.com\/web2017\/wp-content\/uploads\/2024\/03\/237.jpg","datePublished":"2024-03-22T01:39:30+00:00","author":{"@id":"https:\/\/www.aliadospuebla.com\/#\/schema\/person\/5da7dd09320bd4f392b710017ed5f8ad"},"breadcrumb":{"@id":"https:\/\/www.aliadospuebla.com\/?p=89615#breadcrumb"},"inLanguage":"es","potentialAction":[{"@type":"ReadAction","target":["https:\/\/www.aliadospuebla.com\/?p=89615"]}]},{"@type":"ImageObject","inLanguage":"es","@id":"https:\/\/www.aliadospuebla.com\/?p=89615#primaryimage","url":"https:\/\/www.aliadospuebla.com\/web2017\/wp-content\/uploads\/2024\/03\/237.jpg","contentUrl":"https:\/\/www.aliadospuebla.com\/web2017\/wp-content\/uploads\/2024\/03\/237.jpg","width":600,"height":450},{"@type":"BreadcrumbList","@id":"https:\/\/www.aliadospuebla.com\/?p=89615#breadcrumb","itemListElement":[{"@type":"ListItem","position":1,"name":"Portada","item":"https:\/\/www.aliadospuebla.com\/"},{"@type":"ListItem","position":2,"name":"Presenta IMACP el Festival Pasi\u00f3n"}]},{"@type":"WebSite","@id":"https:\/\/www.aliadospuebla.com\/#website","url":"https:\/\/www.aliadospuebla.com\/","name":"AliadosPuebla","description":"La informaci\u00f3n en tus manos","potentialAction":[{"@type":"SearchAction","target":{"@type":"EntryPoint","urlTemplate":"https:\/\/www.aliadospuebla.com\/?s={search_term_string}"},"query-input":{"@type":"PropertyValueSpecification","valueRequired":true,"valueName":"search_term_string"}}],"inLanguage":"es"},{"@type":"Person","@id":"https:\/\/www.aliadospuebla.com\/#\/schema\/person\/5da7dd09320bd4f392b710017ed5f8ad","name":"Aliados17","image":{"@type":"ImageObject","inLanguage":"es","@id":"https:\/\/www.aliadospuebla.com\/web2017\/wp-content\/uploads\/2025\/03\/cropped-para-perfil-8-anos-1-96x96.jpg","url":"https:\/\/www.aliadospuebla.com\/web2017\/wp-content\/uploads\/2025\/03\/cropped-para-perfil-8-anos-1-96x96.jpg","contentUrl":"https:\/\/www.aliadospuebla.com\/web2017\/wp-content\/uploads\/2025\/03\/cropped-para-perfil-8-anos-1-96x96.jpg","caption":"Aliados17"},"sameAs":["https:\/\/www.aliados17.com","https:\/\/www.facebook.com\/Aliados17Pue","https:\/\/x.com\/AliadosPuebla"],"url":"https:\/\/www.aliadospuebla.com\/?author=2"}]}},"views":5,"_links":{"self":[{"href":"https:\/\/www.aliadospuebla.com\/index.php?rest_route=\/wp\/v2\/posts\/89615","targetHints":{"allow":["GET"]}}],"collection":[{"href":"https:\/\/www.aliadospuebla.com\/index.php?rest_route=\/wp\/v2\/posts"}],"about":[{"href":"https:\/\/www.aliadospuebla.com\/index.php?rest_route=\/wp\/v2\/types\/post"}],"author":[{"embeddable":true,"href":"https:\/\/www.aliadospuebla.com\/index.php?rest_route=\/wp\/v2\/users\/2"}],"replies":[{"embeddable":true,"href":"https:\/\/www.aliadospuebla.com\/index.php?rest_route=%2Fwp%2Fv2%2Fcomments&post=89615"}],"version-history":[{"count":1,"href":"https:\/\/www.aliadospuebla.com\/index.php?rest_route=\/wp\/v2\/posts\/89615\/revisions"}],"predecessor-version":[{"id":89617,"href":"https:\/\/www.aliadospuebla.com\/index.php?rest_route=\/wp\/v2\/posts\/89615\/revisions\/89617"}],"wp:featuredmedia":[{"embeddable":true,"href":"https:\/\/www.aliadospuebla.com\/index.php?rest_route=\/wp\/v2\/media\/89616"}],"wp:attachment":[{"href":"https:\/\/www.aliadospuebla.com\/index.php?rest_route=%2Fwp%2Fv2%2Fmedia&parent=89615"}],"wp:term":[{"taxonomy":"category","embeddable":true,"href":"https:\/\/www.aliadospuebla.com\/index.php?rest_route=%2Fwp%2Fv2%2Fcategories&post=89615"},{"taxonomy":"post_tag","embeddable":true,"href":"https:\/\/www.aliadospuebla.com\/index.php?rest_route=%2Fwp%2Fv2%2Ftags&post=89615"}],"curies":[{"name":"wp","href":"https:\/\/api.w.org\/{rel}","templated":true}]}}