{"id":89548,"date":"2024-03-19T22:12:31","date_gmt":"2024-03-20T04:12:31","guid":{"rendered":"https:\/\/www.aliados17.com\/?p=89548"},"modified":"2024-03-19T22:12:31","modified_gmt":"2024-03-20T04:12:31","slug":"psi-presenta-a-sus-perfiles-para-las-presidencias-municipales-y-diputaciones-locales","status":"publish","type":"post","link":"https:\/\/www.aliadospuebla.com\/?p=89548","title":{"rendered":"PSI PRESENTA A SUS PERFILES PARA LAS PRESIDENCIAS MUNICIPALES Y DIPUTACIONES LOCALES"},"content":{"rendered":"<p>En un ejercicio de transparencia, Pacto Social de Integraci\u00f3n (PSI) present\u00f3 a la ciudadan\u00eda a sus perfiles para las presidencias municipales y<\/p>\n<p>diputaciones locales, quienes han caminado y trabajado, siempre escuchando a la gente.<\/p>\n<p>&nbsp;<\/p>\n<p>En conferencia de prensa y en presencia de Carlos Navarro, presidente de este instituto pol\u00edtico, nuestra aliada y senadora Nadia Navarro dio<\/p>\n<p>a conocer que se cumpli\u00f3 en tiempo y forma con el registro en el Instituto Electoral del Estado (IEE) de seis 6 f\u00f3rmulas a diputaciones locales<\/p>\n<p>en: Xicotepec, Puebla distrito 10, Amozoc, Tecamachalco y Atlixco, en coalici\u00f3n con PAN, PRI y PRD, siglando PSI; adem\u00e1s del distrito de<\/p>\n<p>Tepeaca donde competiremos solos.<\/p>\n<p>&nbsp;<\/p>\n<p>En este proceso, se\u00f1al\u00f3, vamos con 150 planillas a ayuntamientos con perfiles propios, y tendremos representaci\u00f3n en 190 municipios, con lo<\/p>\n<p>que estamos triplicando nuestras representaciones en regidur\u00edas en primera formula, integradas casi en su totalidad por mujeres.<\/p>\n<p>&nbsp;<\/p>\n<p>\u201cEn el resto de los municipios acompa\u00f1aremos en candidatura com\u00fan al PAN, PRI y PRD, sumando nuestras estructuras con representaci\u00f3n<\/p>\n<p>en las planillas, destacando los municipios de Puebla, San Andr\u00e9s Cholula y Cuautlancingo. Tambi\u00e9n tendremos representaci\u00f3n a nivel<\/p>\n<p>federal con una servidora en la cuarta circunscripci\u00f3n y con Ricardo Giorge en la diputaci\u00f3n federal del distrito 8, con cabecera en Ciudad<\/p>\n<p>Serd\u00e1n\u201d, puntualiz\u00f3.<\/p>\n<p>&nbsp;<\/p>\n<p>Asimismo, recalc\u00f3 que PSI ve con preocupaci\u00f3n el ser v\u00edctimas de se\u00f1alamientos infundados, al margen de cualquier tema de legalidad, que<\/p>\n<p>violan en todo momento la presunci\u00f3n de inocencia: \u201cNos vemos preocupados por el acoso y la intimidaci\u00f3n a nuestros perfiles del distrito de<\/p>\n<p>Tecamachalco\u2026 Nos seguir\u00e1n se\u00f1alando porque en el fondo de esta injusta persecuci\u00f3n existe un inter\u00e9s mezquino y macabro ya que hoy PSI<\/p>\n<p>representa 50 mil votos en esta demarcaci\u00f3n\u201d.<\/p>\n<p>&nbsp;<\/p>\n<p>Estuvieron presentes representantes de diversos municipios y diputaciones locales, federales y regidur\u00edas.<\/p>\n","protected":false},"excerpt":{"rendered":"<p>En un ejercicio de transparencia, Pacto Social de Integraci\u00f3n (PSI) present\u00f3 a la ciudadan\u00eda a sus perfiles para las presidencias municipales y diputaciones locales, quienes han caminado y trabajado, siempre escuchando a la gente. &nbsp; En conferencia de prensa y en presencia de Carlos Navarro, presidente de este instituto pol\u00edtico, nuestra aliada y senadora Nadia Navarro dio a conocer que se cumpli\u00f3 en tiempo y forma con el registro en el Instituto Electoral del Estado (IEE) de seis 6 f\u00f3rmulas a diputaciones locales en: Xicotepec, Puebla distrito 10, Amozoc, Tecamachalco y Atlixco, en coalici\u00f3n con PAN, PRI y PRD, siglando PSI; adem\u00e1s del distrito de Tepeaca donde competiremos solos. &nbsp; En este proceso, se\u00f1al\u00f3, vamos con 150 planillas a ayuntamientos con perfiles propios, y tendremos&hellip;<\/p>\n<p class=\"excerpt-more\"><a class=\"blog-excerpt button\" href=\"https:\/\/www.aliadospuebla.com\/?p=89548\">Leer m\u00e1s&#8230;<\/a><\/p>\n","protected":false},"author":2,"featured_media":89558,"comment_status":"open","ping_status":"open","sticky":false,"template":"","format":"standard","meta":{"_monsterinsights_skip_tracking":false,"footnotes":""},"categories":[6],"tags":[653,11026,10636,5244,8056,251,2403,13188,45,3880,13158,17715,13795,13718,14620,13467,13635,13575,15430,63,19283,14621,13749,27,13508],"class_list":["post-89548","post","type-post","status-publish","format-standard","has-post-thumbnail","hentry","category-politica","tag-buap","tag-ciudad-de-puebla","tag-estado-de-puebla","tag-gobernador-de-puebla","tag-gobierno-de-puebla","tag-pan","tag-partidos-politicos","tag-politica-puebla","tag-pri","tag-psi","tag-puebla-ciudad","tag-puebla-estado","tag-puebla-gobierno","tag-puebla-politica","tag-puebla-udlap","tag-puebla-universidad","tag-puebla-universidades","tag-sergio-salomon","tag-tono-lopez","tag-udlap","tag-udlap-cholula","tag-udlap-puebla","tag-universidad-de-puebla","tag-upaep","tag-upaep-puebla"],"yoast_head":"<!-- This site is optimized with the Yoast SEO plugin v28.4 - https:\/\/yoast.com\/product\/yoast-seo-wordpress\/ -->\n<title>PSI PRESENTA A SUS PERFILES PARA LAS PRESIDENCIAS MUNICIPALES Y DIPUTACIONES LOCALES - AliadosPuebla<\/title>\n<meta name=\"robots\" content=\"index, follow, max-snippet:-1, max-image-preview:large, max-video-preview:-1\" \/>\n<link rel=\"canonical\" href=\"https:\/\/www.aliadospuebla.com\/?p=89548\" \/>\n<meta property=\"og:locale\" content=\"es_ES\" \/>\n<meta property=\"og:type\" content=\"article\" \/>\n<meta property=\"og:title\" content=\"PSI PRESENTA A SUS PERFILES PARA LAS PRESIDENCIAS MUNICIPALES Y DIPUTACIONES LOCALES - AliadosPuebla\" \/>\n<meta property=\"og:description\" content=\"En un ejercicio de transparencia, Pacto Social de Integraci\u00f3n (PSI) present\u00f3 a la ciudadan\u00eda a sus perfiles para las presidencias municipales y diputaciones locales, quienes han caminado y trabajado, siempre escuchando a la gente. &nbsp; En conferencia de prensa y en presencia de Carlos Navarro, presidente de este instituto pol\u00edtico, nuestra aliada y senadora Nadia Navarro dio a conocer que se cumpli\u00f3 en tiempo y forma con el registro en el Instituto Electoral del Estado (IEE) de seis 6 f\u00f3rmulas a diputaciones locales en: Xicotepec, Puebla distrito 10, Amozoc, Tecamachalco y Atlixco, en coalici\u00f3n con PAN, PRI y PRD, siglando PSI; adem\u00e1s del distrito de Tepeaca donde competiremos solos. &nbsp; En este proceso, se\u00f1al\u00f3, vamos con 150 planillas a ayuntamientos con perfiles propios, y tendremos&hellip;Leer m\u00e1s...\" \/>\n<meta property=\"og:url\" content=\"https:\/\/www.aliadospuebla.com\/?p=89548\" \/>\n<meta property=\"og:site_name\" content=\"AliadosPuebla\" \/>\n<meta property=\"article:author\" content=\"https:\/\/www.facebook.com\/Aliados17Pue\" \/>\n<meta property=\"article:published_time\" content=\"2024-03-20T04:12:31+00:00\" \/>\n<meta property=\"og:image\" content=\"https:\/\/www.aliadospuebla.com\/web2017\/wp-content\/uploads\/2024\/03\/descarga-19-1.jpeg\" \/>\n\t<meta property=\"og:image:width\" content=\"1476\" \/>\n\t<meta property=\"og:image:height\" content=\"927\" \/>\n\t<meta property=\"og:image:type\" content=\"image\/jpeg\" \/>\n<meta name=\"author\" content=\"Aliados17\" \/>\n<meta name=\"twitter:card\" content=\"summary_large_image\" \/>\n<meta name=\"twitter:creator\" content=\"@AliadosPuebla\" \/>\n<meta name=\"twitter:label1\" content=\"Escrito por\" \/>\n\t<meta name=\"twitter:data1\" content=\"Aliados17\" \/>\n\t<meta name=\"twitter:label2\" content=\"Tiempo de lectura\" \/>\n\t<meta name=\"twitter:data2\" content=\"2 minutos\" \/>\n<script type=\"application\/ld+json\" class=\"yoast-schema-graph\">{\"@context\":\"https:\\\/\\\/schema.org\",\"@graph\":[{\"@type\":\"Article\",\"@id\":\"https:\\\/\\\/www.aliadospuebla.com\\\/?p=89548#article\",\"isPartOf\":{\"@id\":\"https:\\\/\\\/www.aliadospuebla.com\\\/?p=89548\"},\"author\":{\"name\":\"Aliados17\",\"@id\":\"https:\\\/\\\/www.aliadospuebla.com\\\/#\\\/schema\\\/person\\\/5da7dd09320bd4f392b710017ed5f8ad\"},\"headline\":\"PSI PRESENTA A SUS PERFILES PARA LAS PRESIDENCIAS MUNICIPALES Y DIPUTACIONES LOCALES\",\"datePublished\":\"2024-03-20T04:12:31+00:00\",\"mainEntityOfPage\":{\"@id\":\"https:\\\/\\\/www.aliadospuebla.com\\\/?p=89548\"},\"wordCount\":334,\"commentCount\":0,\"image\":{\"@id\":\"https:\\\/\\\/www.aliadospuebla.com\\\/?p=89548#primaryimage\"},\"thumbnailUrl\":\"https:\\\/\\\/www.aliadospuebla.com\\\/web2017\\\/wp-content\\\/uploads\\\/2024\\\/03\\\/descarga-19-1.jpeg\",\"keywords\":[\"BUAP\",\"CIUDAD DE PUEBLA\",\"ESTADO DE PUEBLA\",\"GOBERNADOR DE PUEBLA\",\"GOBIERNO DE PUEBLA\",\"PAN\",\"PARTIDOS POL\u00cdTICOS\",\"Politica Puebla\",\"PRI\",\"PSI\",\"Puebla Ciudad\",\"Puebla estado\",\"Puebla gobierno\",\"puebla politica\",\"Puebla UDLAP\",\"Puebla Universidad\",\"Puebla Universidades\",\"Sergio Salomon\",\"To\u00f1o L\u00f3pez\",\"Udlap\",\"Udlap cholula\",\"UDLAP Puebla\",\"Universidad de Puebla\",\"UPAEP\",\"UPAEP Puebla\"],\"articleSection\":[\"Pol\u00edtica\"],\"inLanguage\":\"es\",\"potentialAction\":[{\"@type\":\"CommentAction\",\"name\":\"Comment\",\"target\":[\"https:\\\/\\\/www.aliadospuebla.com\\\/?p=89548#respond\"]}]},{\"@type\":\"WebPage\",\"@id\":\"https:\\\/\\\/www.aliadospuebla.com\\\/?p=89548\",\"url\":\"https:\\\/\\\/www.aliadospuebla.com\\\/?p=89548\",\"name\":\"PSI PRESENTA A SUS PERFILES PARA LAS PRESIDENCIAS MUNICIPALES Y DIPUTACIONES LOCALES - AliadosPuebla\",\"isPartOf\":{\"@id\":\"https:\\\/\\\/www.aliadospuebla.com\\\/#website\"},\"primaryImageOfPage\":{\"@id\":\"https:\\\/\\\/www.aliadospuebla.com\\\/?p=89548#primaryimage\"},\"image\":{\"@id\":\"https:\\\/\\\/www.aliadospuebla.com\\\/?p=89548#primaryimage\"},\"thumbnailUrl\":\"https:\\\/\\\/www.aliadospuebla.com\\\/web2017\\\/wp-content\\\/uploads\\\/2024\\\/03\\\/descarga-19-1.jpeg\",\"datePublished\":\"2024-03-20T04:12:31+00:00\",\"author\":{\"@id\":\"https:\\\/\\\/www.aliadospuebla.com\\\/#\\\/schema\\\/person\\\/5da7dd09320bd4f392b710017ed5f8ad\"},\"breadcrumb\":{\"@id\":\"https:\\\/\\\/www.aliadospuebla.com\\\/?p=89548#breadcrumb\"},\"inLanguage\":\"es\",\"potentialAction\":[{\"@type\":\"ReadAction\",\"target\":[\"https:\\\/\\\/www.aliadospuebla.com\\\/?p=89548\"]}]},{\"@type\":\"ImageObject\",\"inLanguage\":\"es\",\"@id\":\"https:\\\/\\\/www.aliadospuebla.com\\\/?p=89548#primaryimage\",\"url\":\"https:\\\/\\\/www.aliadospuebla.com\\\/web2017\\\/wp-content\\\/uploads\\\/2024\\\/03\\\/descarga-19-1.jpeg\",\"contentUrl\":\"https:\\\/\\\/www.aliadospuebla.com\\\/web2017\\\/wp-content\\\/uploads\\\/2024\\\/03\\\/descarga-19-1.jpeg\",\"width\":1476,\"height\":927},{\"@type\":\"BreadcrumbList\",\"@id\":\"https:\\\/\\\/www.aliadospuebla.com\\\/?p=89548#breadcrumb\",\"itemListElement\":[{\"@type\":\"ListItem\",\"position\":1,\"name\":\"Portada\",\"item\":\"https:\\\/\\\/www.aliadospuebla.com\\\/\"},{\"@type\":\"ListItem\",\"position\":2,\"name\":\"PSI PRESENTA A SUS PERFILES PARA LAS PRESIDENCIAS MUNICIPALES Y DIPUTACIONES LOCALES\"}]},{\"@type\":\"WebSite\",\"@id\":\"https:\\\/\\\/www.aliadospuebla.com\\\/#website\",\"url\":\"https:\\\/\\\/www.aliadospuebla.com\\\/\",\"name\":\"AliadosPuebla\",\"description\":\"La informaci\u00f3n en tus manos\",\"potentialAction\":[{\"@type\":\"SearchAction\",\"target\":{\"@type\":\"EntryPoint\",\"urlTemplate\":\"https:\\\/\\\/www.aliadospuebla.com\\\/?s={search_term_string}\"},\"query-input\":{\"@type\":\"PropertyValueSpecification\",\"valueRequired\":true,\"valueName\":\"search_term_string\"}}],\"inLanguage\":\"es\"},{\"@type\":\"Person\",\"@id\":\"https:\\\/\\\/www.aliadospuebla.com\\\/#\\\/schema\\\/person\\\/5da7dd09320bd4f392b710017ed5f8ad\",\"name\":\"Aliados17\",\"image\":{\"@type\":\"ImageObject\",\"inLanguage\":\"es\",\"@id\":\"https:\\\/\\\/www.aliadospuebla.com\\\/web2017\\\/wp-content\\\/uploads\\\/2025\\\/03\\\/cropped-para-perfil-8-anos-1-96x96.jpg\",\"url\":\"https:\\\/\\\/www.aliadospuebla.com\\\/web2017\\\/wp-content\\\/uploads\\\/2025\\\/03\\\/cropped-para-perfil-8-anos-1-96x96.jpg\",\"contentUrl\":\"https:\\\/\\\/www.aliadospuebla.com\\\/web2017\\\/wp-content\\\/uploads\\\/2025\\\/03\\\/cropped-para-perfil-8-anos-1-96x96.jpg\",\"caption\":\"Aliados17\"},\"sameAs\":[\"https:\\\/\\\/www.aliados17.com\",\"https:\\\/\\\/www.facebook.com\\\/Aliados17Pue\",\"https:\\\/\\\/x.com\\\/AliadosPuebla\"],\"url\":\"https:\\\/\\\/www.aliadospuebla.com\\\/?author=2\"}]}<\/script>\n<!-- \/ Yoast SEO plugin. -->","yoast_head_json":{"title":"PSI PRESENTA A SUS PERFILES PARA LAS PRESIDENCIAS MUNICIPALES Y DIPUTACIONES LOCALES - AliadosPuebla","robots":{"index":"index","follow":"follow","max-snippet":"max-snippet:-1","max-image-preview":"max-image-preview:large","max-video-preview":"max-video-preview:-1"},"canonical":"https:\/\/www.aliadospuebla.com\/?p=89548","og_locale":"es_ES","og_type":"article","og_title":"PSI PRESENTA A SUS PERFILES PARA LAS PRESIDENCIAS MUNICIPALES Y DIPUTACIONES LOCALES - AliadosPuebla","og_description":"En un ejercicio de transparencia, Pacto Social de Integraci\u00f3n (PSI) present\u00f3 a la ciudadan\u00eda a sus perfiles para las presidencias municipales y diputaciones locales, quienes han caminado y trabajado, siempre escuchando a la gente. &nbsp; En conferencia de prensa y en presencia de Carlos Navarro, presidente de este instituto pol\u00edtico, nuestra aliada y senadora Nadia Navarro dio a conocer que se cumpli\u00f3 en tiempo y forma con el registro en el Instituto Electoral del Estado (IEE) de seis 6 f\u00f3rmulas a diputaciones locales en: Xicotepec, Puebla distrito 10, Amozoc, Tecamachalco y Atlixco, en coalici\u00f3n con PAN, PRI y PRD, siglando PSI; adem\u00e1s del distrito de Tepeaca donde competiremos solos. &nbsp; En este proceso, se\u00f1al\u00f3, vamos con 150 planillas a ayuntamientos con perfiles propios, y tendremos&hellip;Leer m\u00e1s...","og_url":"https:\/\/www.aliadospuebla.com\/?p=89548","og_site_name":"AliadosPuebla","article_author":"https:\/\/www.facebook.com\/Aliados17Pue","article_published_time":"2024-03-20T04:12:31+00:00","og_image":[{"width":1476,"height":927,"url":"https:\/\/www.aliadospuebla.com\/web2017\/wp-content\/uploads\/2024\/03\/descarga-19-1.jpeg","type":"image\/jpeg"}],"author":"Aliados17","twitter_card":"summary_large_image","twitter_creator":"@AliadosPuebla","twitter_misc":{"Escrito por":"Aliados17","Tiempo de lectura":"2 minutos"},"schema":{"@context":"https:\/\/schema.org","@graph":[{"@type":"Article","@id":"https:\/\/www.aliadospuebla.com\/?p=89548#article","isPartOf":{"@id":"https:\/\/www.aliadospuebla.com\/?p=89548"},"author":{"name":"Aliados17","@id":"https:\/\/www.aliadospuebla.com\/#\/schema\/person\/5da7dd09320bd4f392b710017ed5f8ad"},"headline":"PSI PRESENTA A SUS PERFILES PARA LAS PRESIDENCIAS MUNICIPALES Y DIPUTACIONES LOCALES","datePublished":"2024-03-20T04:12:31+00:00","mainEntityOfPage":{"@id":"https:\/\/www.aliadospuebla.com\/?p=89548"},"wordCount":334,"commentCount":0,"image":{"@id":"https:\/\/www.aliadospuebla.com\/?p=89548#primaryimage"},"thumbnailUrl":"https:\/\/www.aliadospuebla.com\/web2017\/wp-content\/uploads\/2024\/03\/descarga-19-1.jpeg","keywords":["BUAP","CIUDAD DE PUEBLA","ESTADO DE PUEBLA","GOBERNADOR DE PUEBLA","GOBIERNO DE PUEBLA","PAN","PARTIDOS POL\u00cdTICOS","Politica Puebla","PRI","PSI","Puebla Ciudad","Puebla estado","Puebla gobierno","puebla politica","Puebla UDLAP","Puebla Universidad","Puebla Universidades","Sergio Salomon","To\u00f1o L\u00f3pez","Udlap","Udlap cholula","UDLAP Puebla","Universidad de Puebla","UPAEP","UPAEP Puebla"],"articleSection":["Pol\u00edtica"],"inLanguage":"es","potentialAction":[{"@type":"CommentAction","name":"Comment","target":["https:\/\/www.aliadospuebla.com\/?p=89548#respond"]}]},{"@type":"WebPage","@id":"https:\/\/www.aliadospuebla.com\/?p=89548","url":"https:\/\/www.aliadospuebla.com\/?p=89548","name":"PSI PRESENTA A SUS PERFILES PARA LAS PRESIDENCIAS MUNICIPALES Y DIPUTACIONES LOCALES - AliadosPuebla","isPartOf":{"@id":"https:\/\/www.aliadospuebla.com\/#website"},"primaryImageOfPage":{"@id":"https:\/\/www.aliadospuebla.com\/?p=89548#primaryimage"},"image":{"@id":"https:\/\/www.aliadospuebla.com\/?p=89548#primaryimage"},"thumbnailUrl":"https:\/\/www.aliadospuebla.com\/web2017\/wp-content\/uploads\/2024\/03\/descarga-19-1.jpeg","datePublished":"2024-03-20T04:12:31+00:00","author":{"@id":"https:\/\/www.aliadospuebla.com\/#\/schema\/person\/5da7dd09320bd4f392b710017ed5f8ad"},"breadcrumb":{"@id":"https:\/\/www.aliadospuebla.com\/?p=89548#breadcrumb"},"inLanguage":"es","potentialAction":[{"@type":"ReadAction","target":["https:\/\/www.aliadospuebla.com\/?p=89548"]}]},{"@type":"ImageObject","inLanguage":"es","@id":"https:\/\/www.aliadospuebla.com\/?p=89548#primaryimage","url":"https:\/\/www.aliadospuebla.com\/web2017\/wp-content\/uploads\/2024\/03\/descarga-19-1.jpeg","contentUrl":"https:\/\/www.aliadospuebla.com\/web2017\/wp-content\/uploads\/2024\/03\/descarga-19-1.jpeg","width":1476,"height":927},{"@type":"BreadcrumbList","@id":"https:\/\/www.aliadospuebla.com\/?p=89548#breadcrumb","itemListElement":[{"@type":"ListItem","position":1,"name":"Portada","item":"https:\/\/www.aliadospuebla.com\/"},{"@type":"ListItem","position":2,"name":"PSI PRESENTA A SUS PERFILES PARA LAS PRESIDENCIAS MUNICIPALES Y DIPUTACIONES LOCALES"}]},{"@type":"WebSite","@id":"https:\/\/www.aliadospuebla.com\/#website","url":"https:\/\/www.aliadospuebla.com\/","name":"AliadosPuebla","description":"La informaci\u00f3n en tus manos","potentialAction":[{"@type":"SearchAction","target":{"@type":"EntryPoint","urlTemplate":"https:\/\/www.aliadospuebla.com\/?s={search_term_string}"},"query-input":{"@type":"PropertyValueSpecification","valueRequired":true,"valueName":"search_term_string"}}],"inLanguage":"es"},{"@type":"Person","@id":"https:\/\/www.aliadospuebla.com\/#\/schema\/person\/5da7dd09320bd4f392b710017ed5f8ad","name":"Aliados17","image":{"@type":"ImageObject","inLanguage":"es","@id":"https:\/\/www.aliadospuebla.com\/web2017\/wp-content\/uploads\/2025\/03\/cropped-para-perfil-8-anos-1-96x96.jpg","url":"https:\/\/www.aliadospuebla.com\/web2017\/wp-content\/uploads\/2025\/03\/cropped-para-perfil-8-anos-1-96x96.jpg","contentUrl":"https:\/\/www.aliadospuebla.com\/web2017\/wp-content\/uploads\/2025\/03\/cropped-para-perfil-8-anos-1-96x96.jpg","caption":"Aliados17"},"sameAs":["https:\/\/www.aliados17.com","https:\/\/www.facebook.com\/Aliados17Pue","https:\/\/x.com\/AliadosPuebla"],"url":"https:\/\/www.aliadospuebla.com\/?author=2"}]}},"views":9,"_links":{"self":[{"href":"https:\/\/www.aliadospuebla.com\/index.php?rest_route=\/wp\/v2\/posts\/89548","targetHints":{"allow":["GET"]}}],"collection":[{"href":"https:\/\/www.aliadospuebla.com\/index.php?rest_route=\/wp\/v2\/posts"}],"about":[{"href":"https:\/\/www.aliadospuebla.com\/index.php?rest_route=\/wp\/v2\/types\/post"}],"author":[{"embeddable":true,"href":"https:\/\/www.aliadospuebla.com\/index.php?rest_route=\/wp\/v2\/users\/2"}],"replies":[{"embeddable":true,"href":"https:\/\/www.aliadospuebla.com\/index.php?rest_route=%2Fwp%2Fv2%2Fcomments&post=89548"}],"version-history":[{"count":1,"href":"https:\/\/www.aliadospuebla.com\/index.php?rest_route=\/wp\/v2\/posts\/89548\/revisions"}],"predecessor-version":[{"id":89559,"href":"https:\/\/www.aliadospuebla.com\/index.php?rest_route=\/wp\/v2\/posts\/89548\/revisions\/89559"}],"wp:featuredmedia":[{"embeddable":true,"href":"https:\/\/www.aliadospuebla.com\/index.php?rest_route=\/wp\/v2\/media\/89558"}],"wp:attachment":[{"href":"https:\/\/www.aliadospuebla.com\/index.php?rest_route=%2Fwp%2Fv2%2Fmedia&parent=89548"}],"wp:term":[{"taxonomy":"category","embeddable":true,"href":"https:\/\/www.aliadospuebla.com\/index.php?rest_route=%2Fwp%2Fv2%2Fcategories&post=89548"},{"taxonomy":"post_tag","embeddable":true,"href":"https:\/\/www.aliadospuebla.com\/index.php?rest_route=%2Fwp%2Fv2%2Ftags&post=89548"}],"curies":[{"name":"wp","href":"https:\/\/api.w.org\/{rel}","templated":true}]}}