{"id":89263,"date":"2024-03-10T21:04:05","date_gmt":"2024-03-11T03:04:05","guid":{"rendered":"https:\/\/www.aliados17.com\/?p=89263"},"modified":"2024-03-10T21:04:05","modified_gmt":"2024-03-11T03:04:05","slug":"conoce-lalo-rivera-el-estado-de-puebla-le-recuerdan-anecdotas-en-atzompa-y-tecuanipan","status":"publish","type":"post","link":"https:\/\/www.aliadospuebla.com\/?p=89263","title":{"rendered":"CONOCE LALO RIVERA EL ESTADO DE PUEBLA, LE RECUERDAN AN\u00c9CDOTAS EN ATZOMPA Y TECUANIPAN"},"content":{"rendered":"<p>Con gran emoci\u00f3n, poblanas y poblanos de San Gregorio Atzompa y San Jer\u00f3nimo Tecuanipan recordaron diversos pasajes de su juventud,<\/p>\n<p>cuando hace d\u00e9cadas conocieron a Lalo Rivera en sus distintos recorridos por el estado.<\/p>\n<p>Y es que Rivera P\u00e9rez conoce el largo y ancho del territorio poblano de tiempo atr\u00e1s, cuando como dirigente partidista y como diputado<\/p>\n<p>federal y local se manten\u00eda cercano a la poblaci\u00f3n de los 217 municipios poblanos.<\/p>\n<p>Espec\u00edficamente en sus visitas a Chipilo y a Tecuanipan -donde atestigu\u00f3 tomas de protesta de estructuras seccionales-, le manifestaron su<\/p>\n<p>respaldo por ser un hombre al cual conocen por su trabajo y resultados.<\/p>\n<p>Al reunirse con j\u00f3venes, mujeres y hombres en Chipilo Rivera P\u00e9rez cont\u00f3 que cuando iba a iniciar su experiencia universitaria una familia de<\/p>\n<p>esta comunidad le dio alojo mientras encontraba d\u00f3nde vivir en Puebla capital, lo que le permiti\u00f3 conocer la din\u00e1mica diaria y trabajo de sus<\/p>\n<p>habitantes.<\/p>\n<p>Posteriormente, se reuni\u00f3 con militantes de San Jer\u00f3nimo Tecuanipan, donde lo recibi\u00f3 Roc\u00edo Sim\u00f3n, una joven que a muy temprana edad le<\/p>\n<p>llam\u00f3 la atenci\u00f3n la actividad pol\u00edtica y a sus 14 a\u00f1os ya buscaba un lugar en el albiazul, edad en la que conoci\u00f3 a Lalo Rivera, que andaba<\/p>\n<p>recorriendo el estado como Presidente Estatal del PAN, reafirmando su decisi\u00f3n de participar y poder hacer un cambio en su comunidad.<\/p>\n<p>En este sentido, Lalo Rivera destac\u00f3 \u201cque esto no podr\u00eda entenderse si no hubiera personas que han abierto brecha antes\u201d, pues desde su<\/p>\n<p>propia experiencia a los 17 a\u00f1os inici\u00f3 con peque\u00f1as acciones en la pol\u00edtica y cont\u00f3 con el apoyo y gu\u00eda de otros liderazgos.<\/p>\n<p>En estos encuentros la confianza de las militancias fue notoria, ya que en Chipilo le compartieron que para tener una mejor seguridad<\/p>\n<p>requieren mejores condiciones para los polic\u00edas; un servicio de recolecci\u00f3n de desechos eficiente; mantenimiento al alumbrado; desabasto de<\/p>\n<p>medicamentos, no hay apoyo al deporte ni a los ganaderos, medidas de protecci\u00f3n civil para las empresas que trabajan con madera; y<\/p>\n<p>acciones de cuidado al medioambiente.<\/p>\n<p>Mientras que en Tecuanipan es necesario reforzar la seguridad por el robo a veh\u00edculos y comercios; pavimentaci\u00f3n de calles; rutas de<\/p>\n<p>transporte p\u00fablico; riesgo de derrumbe por explotaci\u00f3n del Cerro Papaxtla; no hay agua potable; las cl\u00ednicas de salud est\u00e1n cerradas y las<\/p>\n<p>ambulancias en mal estado; hay falta de oportunidades laborales para j\u00f3venes y le expresaron la necesidad de hacer una ampliaci\u00f3n del<\/p>\n<p>camino de San Mart\u00edn Tlamapa.<\/p>\n<p>Adicionalmente, en ambos lugares constat\u00f3 que la ni\u00f1ez tambi\u00e9n est\u00e1 interesada en que su regi\u00f3n mejore como Michel en Chipilo o Lucerito<\/p>\n<p>de Tecuanipan, quienes externaron el deseo de tener espacios deportivos p\u00fablicos en buenas condiciones.<\/p>\n<p>En esta ocasi\u00f3n, Celia Bonaga, Coordinadora Territorial en el Estado fue la encargada de las tomas de protesta en compa\u00f1\u00eda de Luis Crist\u00f3bal<\/p>\n<p>Dosetti, Presidente Municipal del PAN en Atzompa; y militantes destacados como Liliana Ortiz, Paty Hidalgo y Carlos Minutti.<\/p>\n","protected":false},"excerpt":{"rendered":"<p>Con gran emoci\u00f3n, poblanas y poblanos de San Gregorio Atzompa y San Jer\u00f3nimo Tecuanipan recordaron diversos pasajes de su juventud, cuando hace d\u00e9cadas conocieron a Lalo Rivera en sus distintos recorridos por el estado. Y es que Rivera P\u00e9rez conoce el largo y ancho del territorio poblano de tiempo atr\u00e1s, cuando como dirigente partidista y como diputado federal y local se manten\u00eda cercano a la poblaci\u00f3n de los 217 municipios poblanos. Espec\u00edficamente en sus visitas a Chipilo y a Tecuanipan -donde atestigu\u00f3 tomas de protesta de estructuras seccionales-, le manifestaron su respaldo por ser un hombre al cual conocen por su trabajo y resultados. Al reunirse con j\u00f3venes, mujeres y hombres en Chipilo Rivera P\u00e9rez cont\u00f3 que cuando iba a iniciar su experiencia universitaria una&hellip;<\/p>\n<p class=\"excerpt-more\"><a class=\"blog-excerpt button\" href=\"https:\/\/www.aliadospuebla.com\/?p=89263\">Leer m\u00e1s&#8230;<\/a><\/p>\n","protected":false},"author":2,"featured_media":89269,"comment_status":"open","ping_status":"open","sticky":false,"template":"","format":"standard","meta":{"_monsterinsights_skip_tracking":false,"footnotes":""},"categories":[6],"tags":[653,11026,10636,5244,8056,14954,251,2403,13188,45,3880,13158,17715,13795,13718,14620,13467,13635,13575,15430,63,19283,14621,13749,27,13508],"class_list":["post-89263","post","type-post","status-publish","format-standard","has-post-thumbnail","hentry","category-politica","tag-buap","tag-ciudad-de-puebla","tag-estado-de-puebla","tag-gobernador-de-puebla","tag-gobierno-de-puebla","tag-lalo-rivera","tag-pan","tag-partidos-politicos","tag-politica-puebla","tag-pri","tag-psi","tag-puebla-ciudad","tag-puebla-estado","tag-puebla-gobierno","tag-puebla-politica","tag-puebla-udlap","tag-puebla-universidad","tag-puebla-universidades","tag-sergio-salomon","tag-tono-lopez","tag-udlap","tag-udlap-cholula","tag-udlap-puebla","tag-universidad-de-puebla","tag-upaep","tag-upaep-puebla"],"yoast_head":"<!-- This site is optimized with the Yoast SEO plugin v28.4 - https:\/\/yoast.com\/product\/yoast-seo-wordpress\/ -->\n<title>CONOCE LALO RIVERA EL ESTADO DE PUEBLA, LE RECUERDAN AN\u00c9CDOTAS EN ATZOMPA Y TECUANIPAN - AliadosPuebla<\/title>\n<meta name=\"robots\" content=\"index, follow, max-snippet:-1, max-image-preview:large, max-video-preview:-1\" \/>\n<link rel=\"canonical\" href=\"https:\/\/www.aliadospuebla.com\/?p=89263\" \/>\n<meta property=\"og:locale\" content=\"es_ES\" \/>\n<meta property=\"og:type\" content=\"article\" \/>\n<meta property=\"og:title\" content=\"CONOCE LALO RIVERA EL ESTADO DE PUEBLA, LE RECUERDAN AN\u00c9CDOTAS EN ATZOMPA Y TECUANIPAN - AliadosPuebla\" \/>\n<meta property=\"og:description\" content=\"Con gran emoci\u00f3n, poblanas y poblanos de San Gregorio Atzompa y San Jer\u00f3nimo Tecuanipan recordaron diversos pasajes de su juventud, cuando hace d\u00e9cadas conocieron a Lalo Rivera en sus distintos recorridos por el estado. Y es que Rivera P\u00e9rez conoce el largo y ancho del territorio poblano de tiempo atr\u00e1s, cuando como dirigente partidista y como diputado federal y local se manten\u00eda cercano a la poblaci\u00f3n de los 217 municipios poblanos. Espec\u00edficamente en sus visitas a Chipilo y a Tecuanipan -donde atestigu\u00f3 tomas de protesta de estructuras seccionales-, le manifestaron su respaldo por ser un hombre al cual conocen por su trabajo y resultados. Al reunirse con j\u00f3venes, mujeres y hombres en Chipilo Rivera P\u00e9rez cont\u00f3 que cuando iba a iniciar su experiencia universitaria una&hellip;Leer m\u00e1s...\" \/>\n<meta property=\"og:url\" content=\"https:\/\/www.aliadospuebla.com\/?p=89263\" \/>\n<meta property=\"og:site_name\" content=\"AliadosPuebla\" \/>\n<meta property=\"article:author\" content=\"https:\/\/www.facebook.com\/Aliados17Pue\" \/>\n<meta property=\"article:published_time\" content=\"2024-03-11T03:04:05+00:00\" \/>\n<meta property=\"og:image\" content=\"https:\/\/www.aliadospuebla.com\/web2017\/wp-content\/uploads\/2024\/03\/Imagen-de-WhatsApp-2024-03-10-a-las-16.33.25_485bd170.jpg\" \/>\n\t<meta property=\"og:image:width\" content=\"1280\" \/>\n\t<meta property=\"og:image:height\" content=\"853\" \/>\n\t<meta property=\"og:image:type\" content=\"image\/jpeg\" \/>\n<meta name=\"author\" content=\"Aliados17\" \/>\n<meta name=\"twitter:card\" content=\"summary_large_image\" \/>\n<meta name=\"twitter:creator\" content=\"@AliadosPuebla\" \/>\n<meta name=\"twitter:label1\" content=\"Escrito por\" \/>\n\t<meta name=\"twitter:data1\" content=\"Aliados17\" \/>\n\t<meta name=\"twitter:label2\" content=\"Tiempo de lectura\" \/>\n\t<meta name=\"twitter:data2\" content=\"3 minutos\" \/>\n<script type=\"application\/ld+json\" class=\"yoast-schema-graph\">{\"@context\":\"https:\\\/\\\/schema.org\",\"@graph\":[{\"@type\":\"Article\",\"@id\":\"https:\\\/\\\/www.aliadospuebla.com\\\/?p=89263#article\",\"isPartOf\":{\"@id\":\"https:\\\/\\\/www.aliadospuebla.com\\\/?p=89263\"},\"author\":{\"name\":\"Aliados17\",\"@id\":\"https:\\\/\\\/www.aliadospuebla.com\\\/#\\\/schema\\\/person\\\/5da7dd09320bd4f392b710017ed5f8ad\"},\"headline\":\"CONOCE LALO RIVERA EL ESTADO DE PUEBLA, LE RECUERDAN AN\u00c9CDOTAS EN ATZOMPA Y TECUANIPAN\",\"datePublished\":\"2024-03-11T03:04:05+00:00\",\"mainEntityOfPage\":{\"@id\":\"https:\\\/\\\/www.aliadospuebla.com\\\/?p=89263\"},\"wordCount\":537,\"commentCount\":0,\"image\":{\"@id\":\"https:\\\/\\\/www.aliadospuebla.com\\\/?p=89263#primaryimage\"},\"thumbnailUrl\":\"https:\\\/\\\/www.aliadospuebla.com\\\/web2017\\\/wp-content\\\/uploads\\\/2024\\\/03\\\/Imagen-de-WhatsApp-2024-03-10-a-las-16.33.25_485bd170.jpg\",\"keywords\":[\"BUAP\",\"CIUDAD DE PUEBLA\",\"ESTADO DE PUEBLA\",\"GOBERNADOR DE PUEBLA\",\"GOBIERNO DE PUEBLA\",\"LALO RIVERA\",\"PAN\",\"PARTIDOS POL\u00cdTICOS\",\"Politica Puebla\",\"PRI\",\"PSI\",\"Puebla Ciudad\",\"Puebla estado\",\"Puebla gobierno\",\"puebla politica\",\"Puebla UDLAP\",\"Puebla Universidad\",\"Puebla Universidades\",\"Sergio Salomon\",\"To\u00f1o L\u00f3pez\",\"Udlap\",\"Udlap cholula\",\"UDLAP Puebla\",\"Universidad de Puebla\",\"UPAEP\",\"UPAEP Puebla\"],\"articleSection\":[\"Pol\u00edtica\"],\"inLanguage\":\"es\",\"potentialAction\":[{\"@type\":\"CommentAction\",\"name\":\"Comment\",\"target\":[\"https:\\\/\\\/www.aliadospuebla.com\\\/?p=89263#respond\"]}]},{\"@type\":\"WebPage\",\"@id\":\"https:\\\/\\\/www.aliadospuebla.com\\\/?p=89263\",\"url\":\"https:\\\/\\\/www.aliadospuebla.com\\\/?p=89263\",\"name\":\"CONOCE LALO RIVERA EL ESTADO DE PUEBLA, LE RECUERDAN AN\u00c9CDOTAS EN ATZOMPA Y TECUANIPAN - AliadosPuebla\",\"isPartOf\":{\"@id\":\"https:\\\/\\\/www.aliadospuebla.com\\\/#website\"},\"primaryImageOfPage\":{\"@id\":\"https:\\\/\\\/www.aliadospuebla.com\\\/?p=89263#primaryimage\"},\"image\":{\"@id\":\"https:\\\/\\\/www.aliadospuebla.com\\\/?p=89263#primaryimage\"},\"thumbnailUrl\":\"https:\\\/\\\/www.aliadospuebla.com\\\/web2017\\\/wp-content\\\/uploads\\\/2024\\\/03\\\/Imagen-de-WhatsApp-2024-03-10-a-las-16.33.25_485bd170.jpg\",\"datePublished\":\"2024-03-11T03:04:05+00:00\",\"author\":{\"@id\":\"https:\\\/\\\/www.aliadospuebla.com\\\/#\\\/schema\\\/person\\\/5da7dd09320bd4f392b710017ed5f8ad\"},\"breadcrumb\":{\"@id\":\"https:\\\/\\\/www.aliadospuebla.com\\\/?p=89263#breadcrumb\"},\"inLanguage\":\"es\",\"potentialAction\":[{\"@type\":\"ReadAction\",\"target\":[\"https:\\\/\\\/www.aliadospuebla.com\\\/?p=89263\"]}]},{\"@type\":\"ImageObject\",\"inLanguage\":\"es\",\"@id\":\"https:\\\/\\\/www.aliadospuebla.com\\\/?p=89263#primaryimage\",\"url\":\"https:\\\/\\\/www.aliadospuebla.com\\\/web2017\\\/wp-content\\\/uploads\\\/2024\\\/03\\\/Imagen-de-WhatsApp-2024-03-10-a-las-16.33.25_485bd170.jpg\",\"contentUrl\":\"https:\\\/\\\/www.aliadospuebla.com\\\/web2017\\\/wp-content\\\/uploads\\\/2024\\\/03\\\/Imagen-de-WhatsApp-2024-03-10-a-las-16.33.25_485bd170.jpg\",\"width\":1280,\"height\":853},{\"@type\":\"BreadcrumbList\",\"@id\":\"https:\\\/\\\/www.aliadospuebla.com\\\/?p=89263#breadcrumb\",\"itemListElement\":[{\"@type\":\"ListItem\",\"position\":1,\"name\":\"Portada\",\"item\":\"https:\\\/\\\/www.aliadospuebla.com\\\/\"},{\"@type\":\"ListItem\",\"position\":2,\"name\":\"CONOCE LALO RIVERA EL ESTADO DE PUEBLA, LE RECUERDAN AN\u00c9CDOTAS EN ATZOMPA Y TECUANIPAN\"}]},{\"@type\":\"WebSite\",\"@id\":\"https:\\\/\\\/www.aliadospuebla.com\\\/#website\",\"url\":\"https:\\\/\\\/www.aliadospuebla.com\\\/\",\"name\":\"AliadosPuebla\",\"description\":\"La informaci\u00f3n en tus manos\",\"potentialAction\":[{\"@type\":\"SearchAction\",\"target\":{\"@type\":\"EntryPoint\",\"urlTemplate\":\"https:\\\/\\\/www.aliadospuebla.com\\\/?s={search_term_string}\"},\"query-input\":{\"@type\":\"PropertyValueSpecification\",\"valueRequired\":true,\"valueName\":\"search_term_string\"}}],\"inLanguage\":\"es\"},{\"@type\":\"Person\",\"@id\":\"https:\\\/\\\/www.aliadospuebla.com\\\/#\\\/schema\\\/person\\\/5da7dd09320bd4f392b710017ed5f8ad\",\"name\":\"Aliados17\",\"image\":{\"@type\":\"ImageObject\",\"inLanguage\":\"es\",\"@id\":\"https:\\\/\\\/www.aliadospuebla.com\\\/web2017\\\/wp-content\\\/uploads\\\/2025\\\/03\\\/cropped-para-perfil-8-anos-1-96x96.jpg\",\"url\":\"https:\\\/\\\/www.aliadospuebla.com\\\/web2017\\\/wp-content\\\/uploads\\\/2025\\\/03\\\/cropped-para-perfil-8-anos-1-96x96.jpg\",\"contentUrl\":\"https:\\\/\\\/www.aliadospuebla.com\\\/web2017\\\/wp-content\\\/uploads\\\/2025\\\/03\\\/cropped-para-perfil-8-anos-1-96x96.jpg\",\"caption\":\"Aliados17\"},\"sameAs\":[\"https:\\\/\\\/www.aliados17.com\",\"https:\\\/\\\/www.facebook.com\\\/Aliados17Pue\",\"https:\\\/\\\/x.com\\\/AliadosPuebla\"],\"url\":\"https:\\\/\\\/www.aliadospuebla.com\\\/?author=2\"}]}<\/script>\n<!-- \/ Yoast SEO plugin. -->","yoast_head_json":{"title":"CONOCE LALO RIVERA EL ESTADO DE PUEBLA, LE RECUERDAN AN\u00c9CDOTAS EN ATZOMPA Y TECUANIPAN - AliadosPuebla","robots":{"index":"index","follow":"follow","max-snippet":"max-snippet:-1","max-image-preview":"max-image-preview:large","max-video-preview":"max-video-preview:-1"},"canonical":"https:\/\/www.aliadospuebla.com\/?p=89263","og_locale":"es_ES","og_type":"article","og_title":"CONOCE LALO RIVERA EL ESTADO DE PUEBLA, LE RECUERDAN AN\u00c9CDOTAS EN ATZOMPA Y TECUANIPAN - AliadosPuebla","og_description":"Con gran emoci\u00f3n, poblanas y poblanos de San Gregorio Atzompa y San Jer\u00f3nimo Tecuanipan recordaron diversos pasajes de su juventud, cuando hace d\u00e9cadas conocieron a Lalo Rivera en sus distintos recorridos por el estado. Y es que Rivera P\u00e9rez conoce el largo y ancho del territorio poblano de tiempo atr\u00e1s, cuando como dirigente partidista y como diputado federal y local se manten\u00eda cercano a la poblaci\u00f3n de los 217 municipios poblanos. Espec\u00edficamente en sus visitas a Chipilo y a Tecuanipan -donde atestigu\u00f3 tomas de protesta de estructuras seccionales-, le manifestaron su respaldo por ser un hombre al cual conocen por su trabajo y resultados. Al reunirse con j\u00f3venes, mujeres y hombres en Chipilo Rivera P\u00e9rez cont\u00f3 que cuando iba a iniciar su experiencia universitaria una&hellip;Leer m\u00e1s...","og_url":"https:\/\/www.aliadospuebla.com\/?p=89263","og_site_name":"AliadosPuebla","article_author":"https:\/\/www.facebook.com\/Aliados17Pue","article_published_time":"2024-03-11T03:04:05+00:00","og_image":[{"width":1280,"height":853,"url":"https:\/\/www.aliadospuebla.com\/web2017\/wp-content\/uploads\/2024\/03\/Imagen-de-WhatsApp-2024-03-10-a-las-16.33.25_485bd170.jpg","type":"image\/jpeg"}],"author":"Aliados17","twitter_card":"summary_large_image","twitter_creator":"@AliadosPuebla","twitter_misc":{"Escrito por":"Aliados17","Tiempo de lectura":"3 minutos"},"schema":{"@context":"https:\/\/schema.org","@graph":[{"@type":"Article","@id":"https:\/\/www.aliadospuebla.com\/?p=89263#article","isPartOf":{"@id":"https:\/\/www.aliadospuebla.com\/?p=89263"},"author":{"name":"Aliados17","@id":"https:\/\/www.aliadospuebla.com\/#\/schema\/person\/5da7dd09320bd4f392b710017ed5f8ad"},"headline":"CONOCE LALO RIVERA EL ESTADO DE PUEBLA, LE RECUERDAN AN\u00c9CDOTAS EN ATZOMPA Y TECUANIPAN","datePublished":"2024-03-11T03:04:05+00:00","mainEntityOfPage":{"@id":"https:\/\/www.aliadospuebla.com\/?p=89263"},"wordCount":537,"commentCount":0,"image":{"@id":"https:\/\/www.aliadospuebla.com\/?p=89263#primaryimage"},"thumbnailUrl":"https:\/\/www.aliadospuebla.com\/web2017\/wp-content\/uploads\/2024\/03\/Imagen-de-WhatsApp-2024-03-10-a-las-16.33.25_485bd170.jpg","keywords":["BUAP","CIUDAD DE PUEBLA","ESTADO DE PUEBLA","GOBERNADOR DE PUEBLA","GOBIERNO DE PUEBLA","LALO RIVERA","PAN","PARTIDOS POL\u00cdTICOS","Politica Puebla","PRI","PSI","Puebla Ciudad","Puebla estado","Puebla gobierno","puebla politica","Puebla UDLAP","Puebla Universidad","Puebla Universidades","Sergio Salomon","To\u00f1o L\u00f3pez","Udlap","Udlap cholula","UDLAP Puebla","Universidad de Puebla","UPAEP","UPAEP Puebla"],"articleSection":["Pol\u00edtica"],"inLanguage":"es","potentialAction":[{"@type":"CommentAction","name":"Comment","target":["https:\/\/www.aliadospuebla.com\/?p=89263#respond"]}]},{"@type":"WebPage","@id":"https:\/\/www.aliadospuebla.com\/?p=89263","url":"https:\/\/www.aliadospuebla.com\/?p=89263","name":"CONOCE LALO RIVERA EL ESTADO DE PUEBLA, LE RECUERDAN AN\u00c9CDOTAS EN ATZOMPA Y TECUANIPAN - AliadosPuebla","isPartOf":{"@id":"https:\/\/www.aliadospuebla.com\/#website"},"primaryImageOfPage":{"@id":"https:\/\/www.aliadospuebla.com\/?p=89263#primaryimage"},"image":{"@id":"https:\/\/www.aliadospuebla.com\/?p=89263#primaryimage"},"thumbnailUrl":"https:\/\/www.aliadospuebla.com\/web2017\/wp-content\/uploads\/2024\/03\/Imagen-de-WhatsApp-2024-03-10-a-las-16.33.25_485bd170.jpg","datePublished":"2024-03-11T03:04:05+00:00","author":{"@id":"https:\/\/www.aliadospuebla.com\/#\/schema\/person\/5da7dd09320bd4f392b710017ed5f8ad"},"breadcrumb":{"@id":"https:\/\/www.aliadospuebla.com\/?p=89263#breadcrumb"},"inLanguage":"es","potentialAction":[{"@type":"ReadAction","target":["https:\/\/www.aliadospuebla.com\/?p=89263"]}]},{"@type":"ImageObject","inLanguage":"es","@id":"https:\/\/www.aliadospuebla.com\/?p=89263#primaryimage","url":"https:\/\/www.aliadospuebla.com\/web2017\/wp-content\/uploads\/2024\/03\/Imagen-de-WhatsApp-2024-03-10-a-las-16.33.25_485bd170.jpg","contentUrl":"https:\/\/www.aliadospuebla.com\/web2017\/wp-content\/uploads\/2024\/03\/Imagen-de-WhatsApp-2024-03-10-a-las-16.33.25_485bd170.jpg","width":1280,"height":853},{"@type":"BreadcrumbList","@id":"https:\/\/www.aliadospuebla.com\/?p=89263#breadcrumb","itemListElement":[{"@type":"ListItem","position":1,"name":"Portada","item":"https:\/\/www.aliadospuebla.com\/"},{"@type":"ListItem","position":2,"name":"CONOCE LALO RIVERA EL ESTADO DE PUEBLA, LE RECUERDAN AN\u00c9CDOTAS EN ATZOMPA Y TECUANIPAN"}]},{"@type":"WebSite","@id":"https:\/\/www.aliadospuebla.com\/#website","url":"https:\/\/www.aliadospuebla.com\/","name":"AliadosPuebla","description":"La informaci\u00f3n en tus manos","potentialAction":[{"@type":"SearchAction","target":{"@type":"EntryPoint","urlTemplate":"https:\/\/www.aliadospuebla.com\/?s={search_term_string}"},"query-input":{"@type":"PropertyValueSpecification","valueRequired":true,"valueName":"search_term_string"}}],"inLanguage":"es"},{"@type":"Person","@id":"https:\/\/www.aliadospuebla.com\/#\/schema\/person\/5da7dd09320bd4f392b710017ed5f8ad","name":"Aliados17","image":{"@type":"ImageObject","inLanguage":"es","@id":"https:\/\/www.aliadospuebla.com\/web2017\/wp-content\/uploads\/2025\/03\/cropped-para-perfil-8-anos-1-96x96.jpg","url":"https:\/\/www.aliadospuebla.com\/web2017\/wp-content\/uploads\/2025\/03\/cropped-para-perfil-8-anos-1-96x96.jpg","contentUrl":"https:\/\/www.aliadospuebla.com\/web2017\/wp-content\/uploads\/2025\/03\/cropped-para-perfil-8-anos-1-96x96.jpg","caption":"Aliados17"},"sameAs":["https:\/\/www.aliados17.com","https:\/\/www.facebook.com\/Aliados17Pue","https:\/\/x.com\/AliadosPuebla"],"url":"https:\/\/www.aliadospuebla.com\/?author=2"}]}},"views":12,"_links":{"self":[{"href":"https:\/\/www.aliadospuebla.com\/index.php?rest_route=\/wp\/v2\/posts\/89263","targetHints":{"allow":["GET"]}}],"collection":[{"href":"https:\/\/www.aliadospuebla.com\/index.php?rest_route=\/wp\/v2\/posts"}],"about":[{"href":"https:\/\/www.aliadospuebla.com\/index.php?rest_route=\/wp\/v2\/types\/post"}],"author":[{"embeddable":true,"href":"https:\/\/www.aliadospuebla.com\/index.php?rest_route=\/wp\/v2\/users\/2"}],"replies":[{"embeddable":true,"href":"https:\/\/www.aliadospuebla.com\/index.php?rest_route=%2Fwp%2Fv2%2Fcomments&post=89263"}],"version-history":[{"count":1,"href":"https:\/\/www.aliadospuebla.com\/index.php?rest_route=\/wp\/v2\/posts\/89263\/revisions"}],"predecessor-version":[{"id":89276,"href":"https:\/\/www.aliadospuebla.com\/index.php?rest_route=\/wp\/v2\/posts\/89263\/revisions\/89276"}],"wp:featuredmedia":[{"embeddable":true,"href":"https:\/\/www.aliadospuebla.com\/index.php?rest_route=\/wp\/v2\/media\/89269"}],"wp:attachment":[{"href":"https:\/\/www.aliadospuebla.com\/index.php?rest_route=%2Fwp%2Fv2%2Fmedia&parent=89263"}],"wp:term":[{"taxonomy":"category","embeddable":true,"href":"https:\/\/www.aliadospuebla.com\/index.php?rest_route=%2Fwp%2Fv2%2Fcategories&post=89263"},{"taxonomy":"post_tag","embeddable":true,"href":"https:\/\/www.aliadospuebla.com\/index.php?rest_route=%2Fwp%2Fv2%2Ftags&post=89263"}],"curies":[{"name":"wp","href":"https:\/\/api.w.org\/{rel}","templated":true}]}}