{"id":89061,"date":"2024-03-04T17:26:11","date_gmt":"2024-03-04T23:26:11","guid":{"rendered":"https:\/\/www.aliados17.com\/?p=89061"},"modified":"2024-03-04T17:26:11","modified_gmt":"2024-03-04T23:26:11","slug":"alfonso-cid-machorro-toma-protesta-como-presidente-municipal-sustituto-de-tecamachalco","status":"publish","type":"post","link":"https:\/\/www.aliadospuebla.com\/?p=89061","title":{"rendered":"Alfonso Cid Machorro, toma protesta como presidente municipal sustituto de Tecamachalco"},"content":{"rendered":"<h4>El bienestar del municipio ser\u00e1 a trav\u00e9s de acciones y no solo de palabras.<\/h4>\n<p>Tecamachalco, Pue.- En sesi\u00f3n de Cabildo con el quorum legal se llev\u00f3 a cabo este d\u00eda<\/p>\n<p>la toma de protesta como <strong>presidente municipal sustituto<\/strong> a <strong>Alfonso Cid Machorro<\/strong> quien<\/p>\n<p>en acto solemne reitero su compromiso con el pleno desarrollo del municipio.<\/p>\n<p>Acompa\u00f1ado de ciudadanos y familiares\u00a0 el ahora alcalde recibi\u00f3 el total apoyo<\/p>\n<p>a su encomienda, al tomar la palabra mencion\u00f3 que desde este primer d\u00eda ya<\/p>\n<p>se trabaja para dar certeza\u00a0 y seguridad a los ciudadanos\u00a0 de que se viene a trabajar.<\/p>\n<p>\u00abNo tenemos tiempo que perder, el desarrollo no se detendr\u00e1, daremos continuidad<\/p>\n<p>al trabajo que ya esta en marcha\u00bb<\/p>\n<p>&nbsp;<\/p>\n<h4>En seguridad, destac\u00f3 que, se reforzar\u00e1n las estrategias\u00a0 de la mano con el gobierno del estado<\/h4>\n<p>La\u00a0 educaci\u00f3n\u00a0 es una prioridad, trabajar\u00e1 en\u00a0 actividades que apoyen\u00a0 las necesidades<\/p>\n<p>de las escuelas y de los estudiantes a trav\u00e9s de la cultura y el deporte.<\/p>\n<p>Su experiencia en el servicio p\u00fablico y su cercan\u00eda con los ciudadanos promete un cierre de<\/p>\n<p>administraci\u00f3n favorable para el municipio.<\/p>\n","protected":false},"excerpt":{"rendered":"<p>El bienestar del municipio ser\u00e1 a trav\u00e9s de acciones y no solo de palabras. Tecamachalco, Pue.- En sesi\u00f3n de Cabildo con el quorum legal se llev\u00f3 a cabo este d\u00eda la toma de protesta como presidente municipal sustituto a Alfonso Cid Machorro quien en acto solemne reitero su compromiso con el pleno desarrollo del municipio. Acompa\u00f1ado de ciudadanos y familiares\u00a0 el ahora alcalde recibi\u00f3 el total apoyo a su encomienda, al tomar la palabra mencion\u00f3 que desde este primer d\u00eda ya se trabaja para dar certeza\u00a0 y seguridad a los ciudadanos\u00a0 de que se viene a trabajar. \u00abNo tenemos tiempo que perder, el desarrollo no se detendr\u00e1, daremos continuidad al trabajo que ya esta en marcha\u00bb &nbsp; En seguridad, destac\u00f3 que, se reforzar\u00e1n las estrategias\u00a0&hellip;<\/p>\n<p class=\"excerpt-more\"><a class=\"blog-excerpt button\" href=\"https:\/\/www.aliadospuebla.com\/?p=89061\">Leer m\u00e1s&#8230;<\/a><\/p>\n","protected":false},"author":2,"featured_media":89062,"comment_status":"open","ping_status":"open","sticky":false,"template":"","format":"standard","meta":{"_monsterinsights_skip_tracking":false,"footnotes":""},"categories":[4],"tags":[22966,560,5652,20,129,1084],"class_list":["post-89061","post","type-post","status-publish","format-standard","has-post-thumbnail","hentry","category-municipios","tag-alfonso-cid-machorro","tag-cabildo","tag-presidente-sustituto","tag-seguridad","tag-tecamachalco","tag-toma-de-protesta"],"yoast_head":"<!-- This site is optimized with the Yoast SEO plugin v28.4 - https:\/\/yoast.com\/product\/yoast-seo-wordpress\/ -->\n<title>Alfonso Cid Machorro, toma protesta como presidente municipal sustituto de Tecamachalco - AliadosPuebla<\/title>\n<meta name=\"robots\" content=\"index, follow, max-snippet:-1, max-image-preview:large, max-video-preview:-1\" \/>\n<link rel=\"canonical\" href=\"https:\/\/www.aliadospuebla.com\/?p=89061\" \/>\n<meta property=\"og:locale\" content=\"es_ES\" \/>\n<meta property=\"og:type\" content=\"article\" \/>\n<meta property=\"og:title\" content=\"Alfonso Cid Machorro, toma protesta como presidente municipal sustituto de Tecamachalco - AliadosPuebla\" \/>\n<meta property=\"og:description\" content=\"El bienestar del municipio ser\u00e1 a trav\u00e9s de acciones y no solo de palabras. Tecamachalco, Pue.- En sesi\u00f3n de Cabildo con el quorum legal se llev\u00f3 a cabo este d\u00eda la toma de protesta como presidente municipal sustituto a Alfonso Cid Machorro quien en acto solemne reitero su compromiso con el pleno desarrollo del municipio. Acompa\u00f1ado de ciudadanos y familiares\u00a0 el ahora alcalde recibi\u00f3 el total apoyo a su encomienda, al tomar la palabra mencion\u00f3 que desde este primer d\u00eda ya se trabaja para dar certeza\u00a0 y seguridad a los ciudadanos\u00a0 de que se viene a trabajar. \u00abNo tenemos tiempo que perder, el desarrollo no se detendr\u00e1, daremos continuidad al trabajo que ya esta en marcha\u00bb &nbsp; En seguridad, destac\u00f3 que, se reforzar\u00e1n las estrategias\u00a0&hellip;Leer m\u00e1s...\" \/>\n<meta property=\"og:url\" content=\"https:\/\/www.aliadospuebla.com\/?p=89061\" \/>\n<meta property=\"og:site_name\" content=\"AliadosPuebla\" \/>\n<meta property=\"article:author\" content=\"https:\/\/www.facebook.com\/Aliados17Pue\" \/>\n<meta property=\"article:published_time\" content=\"2024-03-04T23:26:11+00:00\" \/>\n<meta property=\"og:image\" content=\"https:\/\/www.aliadospuebla.com\/web2017\/wp-content\/uploads\/2024\/03\/169.jpg\" \/>\n\t<meta property=\"og:image:width\" content=\"600\" \/>\n\t<meta property=\"og:image:height\" content=\"450\" \/>\n\t<meta property=\"og:image:type\" content=\"image\/jpeg\" \/>\n<meta name=\"author\" content=\"Aliados17\" \/>\n<meta name=\"twitter:card\" content=\"summary_large_image\" \/>\n<meta name=\"twitter:creator\" content=\"@AliadosPuebla\" \/>\n<meta name=\"twitter:label1\" content=\"Escrito por\" \/>\n\t<meta name=\"twitter:data1\" content=\"Aliados17\" \/>\n\t<meta name=\"twitter:label2\" content=\"Tiempo de lectura\" \/>\n\t<meta name=\"twitter:data2\" content=\"2 minutos\" \/>\n<script type=\"application\/ld+json\" class=\"yoast-schema-graph\">{\"@context\":\"https:\\\/\\\/schema.org\",\"@graph\":[{\"@type\":\"Article\",\"@id\":\"https:\\\/\\\/www.aliadospuebla.com\\\/?p=89061#article\",\"isPartOf\":{\"@id\":\"https:\\\/\\\/www.aliadospuebla.com\\\/?p=89061\"},\"author\":{\"name\":\"Aliados17\",\"@id\":\"https:\\\/\\\/www.aliadospuebla.com\\\/#\\\/schema\\\/person\\\/5da7dd09320bd4f392b710017ed5f8ad\"},\"headline\":\"Alfonso Cid Machorro, toma protesta como presidente municipal sustituto de Tecamachalco\",\"datePublished\":\"2024-03-04T23:26:11+00:00\",\"mainEntityOfPage\":{\"@id\":\"https:\\\/\\\/www.aliadospuebla.com\\\/?p=89061\"},\"wordCount\":204,\"commentCount\":0,\"image\":{\"@id\":\"https:\\\/\\\/www.aliadospuebla.com\\\/?p=89061#primaryimage\"},\"thumbnailUrl\":\"https:\\\/\\\/www.aliadospuebla.com\\\/web2017\\\/wp-content\\\/uploads\\\/2024\\\/03\\\/169.jpg\",\"keywords\":[\"Alfonso Cid Machorro\",\"CABILDO\",\"PRESIDENTE SUSTITUTO\",\"Seguridad\",\"Tecamachalco\",\"TOMA DE PROTESTA\"],\"articleSection\":[\"Municipios\"],\"inLanguage\":\"es\",\"potentialAction\":[{\"@type\":\"CommentAction\",\"name\":\"Comment\",\"target\":[\"https:\\\/\\\/www.aliadospuebla.com\\\/?p=89061#respond\"]}]},{\"@type\":\"WebPage\",\"@id\":\"https:\\\/\\\/www.aliadospuebla.com\\\/?p=89061\",\"url\":\"https:\\\/\\\/www.aliadospuebla.com\\\/?p=89061\",\"name\":\"Alfonso Cid Machorro, toma protesta como presidente municipal sustituto de Tecamachalco - AliadosPuebla\",\"isPartOf\":{\"@id\":\"https:\\\/\\\/www.aliadospuebla.com\\\/#website\"},\"primaryImageOfPage\":{\"@id\":\"https:\\\/\\\/www.aliadospuebla.com\\\/?p=89061#primaryimage\"},\"image\":{\"@id\":\"https:\\\/\\\/www.aliadospuebla.com\\\/?p=89061#primaryimage\"},\"thumbnailUrl\":\"https:\\\/\\\/www.aliadospuebla.com\\\/web2017\\\/wp-content\\\/uploads\\\/2024\\\/03\\\/169.jpg\",\"datePublished\":\"2024-03-04T23:26:11+00:00\",\"author\":{\"@id\":\"https:\\\/\\\/www.aliadospuebla.com\\\/#\\\/schema\\\/person\\\/5da7dd09320bd4f392b710017ed5f8ad\"},\"breadcrumb\":{\"@id\":\"https:\\\/\\\/www.aliadospuebla.com\\\/?p=89061#breadcrumb\"},\"inLanguage\":\"es\",\"potentialAction\":[{\"@type\":\"ReadAction\",\"target\":[\"https:\\\/\\\/www.aliadospuebla.com\\\/?p=89061\"]}]},{\"@type\":\"ImageObject\",\"inLanguage\":\"es\",\"@id\":\"https:\\\/\\\/www.aliadospuebla.com\\\/?p=89061#primaryimage\",\"url\":\"https:\\\/\\\/www.aliadospuebla.com\\\/web2017\\\/wp-content\\\/uploads\\\/2024\\\/03\\\/169.jpg\",\"contentUrl\":\"https:\\\/\\\/www.aliadospuebla.com\\\/web2017\\\/wp-content\\\/uploads\\\/2024\\\/03\\\/169.jpg\",\"width\":600,\"height\":450},{\"@type\":\"BreadcrumbList\",\"@id\":\"https:\\\/\\\/www.aliadospuebla.com\\\/?p=89061#breadcrumb\",\"itemListElement\":[{\"@type\":\"ListItem\",\"position\":1,\"name\":\"Portada\",\"item\":\"https:\\\/\\\/www.aliadospuebla.com\\\/\"},{\"@type\":\"ListItem\",\"position\":2,\"name\":\"Alfonso Cid Machorro, toma protesta como presidente municipal sustituto de Tecamachalco\"}]},{\"@type\":\"WebSite\",\"@id\":\"https:\\\/\\\/www.aliadospuebla.com\\\/#website\",\"url\":\"https:\\\/\\\/www.aliadospuebla.com\\\/\",\"name\":\"AliadosPuebla\",\"description\":\"La informaci\u00f3n en tus manos\",\"potentialAction\":[{\"@type\":\"SearchAction\",\"target\":{\"@type\":\"EntryPoint\",\"urlTemplate\":\"https:\\\/\\\/www.aliadospuebla.com\\\/?s={search_term_string}\"},\"query-input\":{\"@type\":\"PropertyValueSpecification\",\"valueRequired\":true,\"valueName\":\"search_term_string\"}}],\"inLanguage\":\"es\"},{\"@type\":\"Person\",\"@id\":\"https:\\\/\\\/www.aliadospuebla.com\\\/#\\\/schema\\\/person\\\/5da7dd09320bd4f392b710017ed5f8ad\",\"name\":\"Aliados17\",\"image\":{\"@type\":\"ImageObject\",\"inLanguage\":\"es\",\"@id\":\"https:\\\/\\\/www.aliadospuebla.com\\\/web2017\\\/wp-content\\\/uploads\\\/2025\\\/03\\\/cropped-para-perfil-8-anos-1-96x96.jpg\",\"url\":\"https:\\\/\\\/www.aliadospuebla.com\\\/web2017\\\/wp-content\\\/uploads\\\/2025\\\/03\\\/cropped-para-perfil-8-anos-1-96x96.jpg\",\"contentUrl\":\"https:\\\/\\\/www.aliadospuebla.com\\\/web2017\\\/wp-content\\\/uploads\\\/2025\\\/03\\\/cropped-para-perfil-8-anos-1-96x96.jpg\",\"caption\":\"Aliados17\"},\"sameAs\":[\"https:\\\/\\\/www.aliados17.com\",\"https:\\\/\\\/www.facebook.com\\\/Aliados17Pue\",\"https:\\\/\\\/x.com\\\/AliadosPuebla\"],\"url\":\"https:\\\/\\\/www.aliadospuebla.com\\\/?author=2\"}]}<\/script>\n<!-- \/ Yoast SEO plugin. -->","yoast_head_json":{"title":"Alfonso Cid Machorro, toma protesta como presidente municipal sustituto de Tecamachalco - AliadosPuebla","robots":{"index":"index","follow":"follow","max-snippet":"max-snippet:-1","max-image-preview":"max-image-preview:large","max-video-preview":"max-video-preview:-1"},"canonical":"https:\/\/www.aliadospuebla.com\/?p=89061","og_locale":"es_ES","og_type":"article","og_title":"Alfonso Cid Machorro, toma protesta como presidente municipal sustituto de Tecamachalco - AliadosPuebla","og_description":"El bienestar del municipio ser\u00e1 a trav\u00e9s de acciones y no solo de palabras. Tecamachalco, Pue.- En sesi\u00f3n de Cabildo con el quorum legal se llev\u00f3 a cabo este d\u00eda la toma de protesta como presidente municipal sustituto a Alfonso Cid Machorro quien en acto solemne reitero su compromiso con el pleno desarrollo del municipio. Acompa\u00f1ado de ciudadanos y familiares\u00a0 el ahora alcalde recibi\u00f3 el total apoyo a su encomienda, al tomar la palabra mencion\u00f3 que desde este primer d\u00eda ya se trabaja para dar certeza\u00a0 y seguridad a los ciudadanos\u00a0 de que se viene a trabajar. \u00abNo tenemos tiempo que perder, el desarrollo no se detendr\u00e1, daremos continuidad al trabajo que ya esta en marcha\u00bb &nbsp; En seguridad, destac\u00f3 que, se reforzar\u00e1n las estrategias\u00a0&hellip;Leer m\u00e1s...","og_url":"https:\/\/www.aliadospuebla.com\/?p=89061","og_site_name":"AliadosPuebla","article_author":"https:\/\/www.facebook.com\/Aliados17Pue","article_published_time":"2024-03-04T23:26:11+00:00","og_image":[{"width":600,"height":450,"url":"https:\/\/www.aliadospuebla.com\/web2017\/wp-content\/uploads\/2024\/03\/169.jpg","type":"image\/jpeg"}],"author":"Aliados17","twitter_card":"summary_large_image","twitter_creator":"@AliadosPuebla","twitter_misc":{"Escrito por":"Aliados17","Tiempo de lectura":"2 minutos"},"schema":{"@context":"https:\/\/schema.org","@graph":[{"@type":"Article","@id":"https:\/\/www.aliadospuebla.com\/?p=89061#article","isPartOf":{"@id":"https:\/\/www.aliadospuebla.com\/?p=89061"},"author":{"name":"Aliados17","@id":"https:\/\/www.aliadospuebla.com\/#\/schema\/person\/5da7dd09320bd4f392b710017ed5f8ad"},"headline":"Alfonso Cid Machorro, toma protesta como presidente municipal sustituto de Tecamachalco","datePublished":"2024-03-04T23:26:11+00:00","mainEntityOfPage":{"@id":"https:\/\/www.aliadospuebla.com\/?p=89061"},"wordCount":204,"commentCount":0,"image":{"@id":"https:\/\/www.aliadospuebla.com\/?p=89061#primaryimage"},"thumbnailUrl":"https:\/\/www.aliadospuebla.com\/web2017\/wp-content\/uploads\/2024\/03\/169.jpg","keywords":["Alfonso Cid Machorro","CABILDO","PRESIDENTE SUSTITUTO","Seguridad","Tecamachalco","TOMA DE PROTESTA"],"articleSection":["Municipios"],"inLanguage":"es","potentialAction":[{"@type":"CommentAction","name":"Comment","target":["https:\/\/www.aliadospuebla.com\/?p=89061#respond"]}]},{"@type":"WebPage","@id":"https:\/\/www.aliadospuebla.com\/?p=89061","url":"https:\/\/www.aliadospuebla.com\/?p=89061","name":"Alfonso Cid Machorro, toma protesta como presidente municipal sustituto de Tecamachalco - AliadosPuebla","isPartOf":{"@id":"https:\/\/www.aliadospuebla.com\/#website"},"primaryImageOfPage":{"@id":"https:\/\/www.aliadospuebla.com\/?p=89061#primaryimage"},"image":{"@id":"https:\/\/www.aliadospuebla.com\/?p=89061#primaryimage"},"thumbnailUrl":"https:\/\/www.aliadospuebla.com\/web2017\/wp-content\/uploads\/2024\/03\/169.jpg","datePublished":"2024-03-04T23:26:11+00:00","author":{"@id":"https:\/\/www.aliadospuebla.com\/#\/schema\/person\/5da7dd09320bd4f392b710017ed5f8ad"},"breadcrumb":{"@id":"https:\/\/www.aliadospuebla.com\/?p=89061#breadcrumb"},"inLanguage":"es","potentialAction":[{"@type":"ReadAction","target":["https:\/\/www.aliadospuebla.com\/?p=89061"]}]},{"@type":"ImageObject","inLanguage":"es","@id":"https:\/\/www.aliadospuebla.com\/?p=89061#primaryimage","url":"https:\/\/www.aliadospuebla.com\/web2017\/wp-content\/uploads\/2024\/03\/169.jpg","contentUrl":"https:\/\/www.aliadospuebla.com\/web2017\/wp-content\/uploads\/2024\/03\/169.jpg","width":600,"height":450},{"@type":"BreadcrumbList","@id":"https:\/\/www.aliadospuebla.com\/?p=89061#breadcrumb","itemListElement":[{"@type":"ListItem","position":1,"name":"Portada","item":"https:\/\/www.aliadospuebla.com\/"},{"@type":"ListItem","position":2,"name":"Alfonso Cid Machorro, toma protesta como presidente municipal sustituto de Tecamachalco"}]},{"@type":"WebSite","@id":"https:\/\/www.aliadospuebla.com\/#website","url":"https:\/\/www.aliadospuebla.com\/","name":"AliadosPuebla","description":"La informaci\u00f3n en tus manos","potentialAction":[{"@type":"SearchAction","target":{"@type":"EntryPoint","urlTemplate":"https:\/\/www.aliadospuebla.com\/?s={search_term_string}"},"query-input":{"@type":"PropertyValueSpecification","valueRequired":true,"valueName":"search_term_string"}}],"inLanguage":"es"},{"@type":"Person","@id":"https:\/\/www.aliadospuebla.com\/#\/schema\/person\/5da7dd09320bd4f392b710017ed5f8ad","name":"Aliados17","image":{"@type":"ImageObject","inLanguage":"es","@id":"https:\/\/www.aliadospuebla.com\/web2017\/wp-content\/uploads\/2025\/03\/cropped-para-perfil-8-anos-1-96x96.jpg","url":"https:\/\/www.aliadospuebla.com\/web2017\/wp-content\/uploads\/2025\/03\/cropped-para-perfil-8-anos-1-96x96.jpg","contentUrl":"https:\/\/www.aliadospuebla.com\/web2017\/wp-content\/uploads\/2025\/03\/cropped-para-perfil-8-anos-1-96x96.jpg","caption":"Aliados17"},"sameAs":["https:\/\/www.aliados17.com","https:\/\/www.facebook.com\/Aliados17Pue","https:\/\/x.com\/AliadosPuebla"],"url":"https:\/\/www.aliadospuebla.com\/?author=2"}]}},"views":9,"_links":{"self":[{"href":"https:\/\/www.aliadospuebla.com\/index.php?rest_route=\/wp\/v2\/posts\/89061","targetHints":{"allow":["GET"]}}],"collection":[{"href":"https:\/\/www.aliadospuebla.com\/index.php?rest_route=\/wp\/v2\/posts"}],"about":[{"href":"https:\/\/www.aliadospuebla.com\/index.php?rest_route=\/wp\/v2\/types\/post"}],"author":[{"embeddable":true,"href":"https:\/\/www.aliadospuebla.com\/index.php?rest_route=\/wp\/v2\/users\/2"}],"replies":[{"embeddable":true,"href":"https:\/\/www.aliadospuebla.com\/index.php?rest_route=%2Fwp%2Fv2%2Fcomments&post=89061"}],"version-history":[{"count":1,"href":"https:\/\/www.aliadospuebla.com\/index.php?rest_route=\/wp\/v2\/posts\/89061\/revisions"}],"predecessor-version":[{"id":89063,"href":"https:\/\/www.aliadospuebla.com\/index.php?rest_route=\/wp\/v2\/posts\/89061\/revisions\/89063"}],"wp:featuredmedia":[{"embeddable":true,"href":"https:\/\/www.aliadospuebla.com\/index.php?rest_route=\/wp\/v2\/media\/89062"}],"wp:attachment":[{"href":"https:\/\/www.aliadospuebla.com\/index.php?rest_route=%2Fwp%2Fv2%2Fmedia&parent=89061"}],"wp:term":[{"taxonomy":"category","embeddable":true,"href":"https:\/\/www.aliadospuebla.com\/index.php?rest_route=%2Fwp%2Fv2%2Fcategories&post=89061"},{"taxonomy":"post_tag","embeddable":true,"href":"https:\/\/www.aliadospuebla.com\/index.php?rest_route=%2Fwp%2Fv2%2Ftags&post=89061"}],"curies":[{"name":"wp","href":"https:\/\/api.w.org\/{rel}","templated":true}]}}