{"id":88554,"date":"2024-01-02T09:29:45","date_gmt":"2024-01-02T15:29:45","guid":{"rendered":"https:\/\/www.aliados17.com\/?p=88554"},"modified":"2024-02-19T09:38:24","modified_gmt":"2024-02-19T15:38:24","slug":"trabaja-ayuntamiento-de-amozoc-en-la-rehabilitacion-del-parque-de-la-preciosa","status":"publish","type":"post","link":"https:\/\/www.aliadospuebla.com\/?p=88554","title":{"rendered":"Trabaja Ayuntamiento de Amozoc en la rehabilitaci\u00f3n del parque de \u00abLa preciosa\u00bb"},"content":{"rendered":"<div class=\"x11i5rnm xat24cr x1mh8g0r x1vvkbs xtlvy1s x126k92a\">\n<h4 dir=\"auto\">Mejorar las instalaciones deportivas con las que cuenta el municipio un compromiso de Mario de la Rosa<\/h4>\n<div dir=\"auto\">Amozoc, Pue.- Como parte del apoyo a l deporte y la sana convivencia en todo el municipio,<\/div>\n<div dir=\"auto\">por instrucciones del presidente municipal, Mario de la Rosa Romero,<\/div>\n<div dir=\"auto\">personal de Alumbrado P\u00fablico rehabilita el Parque de \u00abLa Preciosa\u00bb.<\/div>\n<div dir=\"auto\">Con un gobierno de resultados los amozoquenses cada d\u00eda mejoran su calidad de vida,<\/div>\n<\/div>\n<div class=\"x11i5rnm xat24cr x1mh8g0r x1vvkbs xtlvy1s x126k92a\">\n<div dir=\"auto\">en breve dicho espacio se convertir\u00e1 en un lugar digno donde todos podr\u00e1n convivir<\/div>\n<div dir=\"auto\">con la familia al mismo tiempo de practicar alguna actividad deportiva.<\/div>\n<\/div>\n","protected":false},"excerpt":{"rendered":"<p>Mejorar las instalaciones deportivas con las que cuenta el municipio un compromiso de Mario de la Rosa Amozoc, Pue.- Como parte del apoyo a l deporte y la sana convivencia en todo el municipio, por instrucciones del presidente municipal, Mario de la Rosa Romero, personal de Alumbrado P\u00fablico rehabilita el Parque de \u00abLa Preciosa\u00bb. Con un gobierno de resultados los amozoquenses cada d\u00eda mejoran su calidad de vida, en breve dicho espacio se convertir\u00e1 en un lugar digno donde todos podr\u00e1n convivir con la familia al mismo tiempo de practicar alguna actividad deportiva.<\/p>\n","protected":false},"author":2,"featured_media":88555,"comment_status":"open","ping_status":"open","sticky":false,"template":"","format":"standard","meta":{"_monsterinsights_skip_tracking":false,"footnotes":""},"categories":[4],"tags":[1667,313,22915,22916,8898,1076],"class_list":["post-88554","post","type-post","status-publish","format-standard","has-post-thumbnail","hentry","category-municipios","tag-amozoc","tag-familia","tag-la-preciosa","tag-lugar-digno","tag-mario-de-la-rosa-romero","tag-rehabilitacion"],"yoast_head":"<!-- This site is optimized with the Yoast SEO plugin v28.4 - https:\/\/yoast.com\/product\/yoast-seo-wordpress\/ -->\n<title>Trabaja Ayuntamiento de Amozoc en la rehabilitaci\u00f3n del parque de &quot;La preciosa&quot; - AliadosPuebla<\/title>\n<meta name=\"robots\" content=\"index, follow, max-snippet:-1, max-image-preview:large, max-video-preview:-1\" \/>\n<link rel=\"canonical\" href=\"https:\/\/www.aliadospuebla.com\/?p=88554\" \/>\n<meta property=\"og:locale\" content=\"es_ES\" \/>\n<meta property=\"og:type\" content=\"article\" \/>\n<meta property=\"og:title\" content=\"Trabaja Ayuntamiento de Amozoc en la rehabilitaci\u00f3n del parque de &quot;La preciosa&quot; - AliadosPuebla\" \/>\n<meta property=\"og:description\" content=\"Mejorar las instalaciones deportivas con las que cuenta el municipio un compromiso de Mario de la Rosa Amozoc, Pue.- Como parte del apoyo a l deporte y la sana convivencia en todo el municipio, por instrucciones del presidente municipal, Mario de la Rosa Romero, personal de Alumbrado P\u00fablico rehabilita el Parque de \u00abLa Preciosa\u00bb. Con un gobierno de resultados los amozoquenses cada d\u00eda mejoran su calidad de vida, en breve dicho espacio se convertir\u00e1 en un lugar digno donde todos podr\u00e1n convivir con la familia al mismo tiempo de practicar alguna actividad deportiva.\" \/>\n<meta property=\"og:url\" content=\"https:\/\/www.aliadospuebla.com\/?p=88554\" \/>\n<meta property=\"og:site_name\" content=\"AliadosPuebla\" \/>\n<meta property=\"article:author\" content=\"https:\/\/www.facebook.com\/Aliados17Pue\" \/>\n<meta property=\"article:published_time\" content=\"2024-01-02T15:29:45+00:00\" \/>\n<meta property=\"article:modified_time\" content=\"2024-02-19T15:38:24+00:00\" \/>\n<meta property=\"og:image\" content=\"https:\/\/www.aliadospuebla.com\/web2017\/wp-content\/uploads\/2024\/02\/118.jpg\" \/>\n\t<meta property=\"og:image:width\" content=\"600\" \/>\n\t<meta property=\"og:image:height\" content=\"450\" \/>\n\t<meta property=\"og:image:type\" content=\"image\/jpeg\" \/>\n<meta name=\"author\" content=\"Aliados17\" \/>\n<meta name=\"twitter:card\" content=\"summary_large_image\" \/>\n<meta name=\"twitter:creator\" content=\"@AliadosPuebla\" \/>\n<meta name=\"twitter:label1\" content=\"Escrito por\" \/>\n\t<meta name=\"twitter:data1\" content=\"Aliados17\" \/>\n\t<meta name=\"twitter:label2\" content=\"Tiempo de lectura\" \/>\n\t<meta name=\"twitter:data2\" content=\"1 minuto\" \/>\n<script type=\"application\/ld+json\" class=\"yoast-schema-graph\">{\"@context\":\"https:\\\/\\\/schema.org\",\"@graph\":[{\"@type\":\"Article\",\"@id\":\"https:\\\/\\\/www.aliadospuebla.com\\\/?p=88554#article\",\"isPartOf\":{\"@id\":\"https:\\\/\\\/www.aliadospuebla.com\\\/?p=88554\"},\"author\":{\"name\":\"Aliados17\",\"@id\":\"https:\\\/\\\/www.aliadospuebla.com\\\/#\\\/schema\\\/person\\\/5da7dd09320bd4f392b710017ed5f8ad\"},\"headline\":\"Trabaja Ayuntamiento de Amozoc en la rehabilitaci\u00f3n del parque de \u00abLa preciosa\u00bb\",\"datePublished\":\"2024-01-02T15:29:45+00:00\",\"dateModified\":\"2024-02-19T15:38:24+00:00\",\"mainEntityOfPage\":{\"@id\":\"https:\\\/\\\/www.aliadospuebla.com\\\/?p=88554\"},\"wordCount\":110,\"commentCount\":0,\"image\":{\"@id\":\"https:\\\/\\\/www.aliadospuebla.com\\\/?p=88554#primaryimage\"},\"thumbnailUrl\":\"https:\\\/\\\/www.aliadospuebla.com\\\/web2017\\\/wp-content\\\/uploads\\\/2024\\\/02\\\/118.jpg\",\"keywords\":[\"AMOZOC\",\"familia\",\"La preciosa\",\"lugar digno\",\"MARIO DE LA ROSA ROMERO\",\"REHABILITACI\u00d3N\"],\"articleSection\":[\"Municipios\"],\"inLanguage\":\"es\",\"potentialAction\":[{\"@type\":\"CommentAction\",\"name\":\"Comment\",\"target\":[\"https:\\\/\\\/www.aliadospuebla.com\\\/?p=88554#respond\"]}]},{\"@type\":\"WebPage\",\"@id\":\"https:\\\/\\\/www.aliadospuebla.com\\\/?p=88554\",\"url\":\"https:\\\/\\\/www.aliadospuebla.com\\\/?p=88554\",\"name\":\"Trabaja Ayuntamiento de Amozoc en la rehabilitaci\u00f3n del parque de \\\"La preciosa\\\" - AliadosPuebla\",\"isPartOf\":{\"@id\":\"https:\\\/\\\/www.aliadospuebla.com\\\/#website\"},\"primaryImageOfPage\":{\"@id\":\"https:\\\/\\\/www.aliadospuebla.com\\\/?p=88554#primaryimage\"},\"image\":{\"@id\":\"https:\\\/\\\/www.aliadospuebla.com\\\/?p=88554#primaryimage\"},\"thumbnailUrl\":\"https:\\\/\\\/www.aliadospuebla.com\\\/web2017\\\/wp-content\\\/uploads\\\/2024\\\/02\\\/118.jpg\",\"datePublished\":\"2024-01-02T15:29:45+00:00\",\"dateModified\":\"2024-02-19T15:38:24+00:00\",\"author\":{\"@id\":\"https:\\\/\\\/www.aliadospuebla.com\\\/#\\\/schema\\\/person\\\/5da7dd09320bd4f392b710017ed5f8ad\"},\"breadcrumb\":{\"@id\":\"https:\\\/\\\/www.aliadospuebla.com\\\/?p=88554#breadcrumb\"},\"inLanguage\":\"es\",\"potentialAction\":[{\"@type\":\"ReadAction\",\"target\":[\"https:\\\/\\\/www.aliadospuebla.com\\\/?p=88554\"]}]},{\"@type\":\"ImageObject\",\"inLanguage\":\"es\",\"@id\":\"https:\\\/\\\/www.aliadospuebla.com\\\/?p=88554#primaryimage\",\"url\":\"https:\\\/\\\/www.aliadospuebla.com\\\/web2017\\\/wp-content\\\/uploads\\\/2024\\\/02\\\/118.jpg\",\"contentUrl\":\"https:\\\/\\\/www.aliadospuebla.com\\\/web2017\\\/wp-content\\\/uploads\\\/2024\\\/02\\\/118.jpg\",\"width\":600,\"height\":450},{\"@type\":\"BreadcrumbList\",\"@id\":\"https:\\\/\\\/www.aliadospuebla.com\\\/?p=88554#breadcrumb\",\"itemListElement\":[{\"@type\":\"ListItem\",\"position\":1,\"name\":\"Portada\",\"item\":\"https:\\\/\\\/www.aliadospuebla.com\\\/\"},{\"@type\":\"ListItem\",\"position\":2,\"name\":\"Trabaja Ayuntamiento de Amozoc en la rehabilitaci\u00f3n del parque de \u00abLa preciosa\u00bb\"}]},{\"@type\":\"WebSite\",\"@id\":\"https:\\\/\\\/www.aliadospuebla.com\\\/#website\",\"url\":\"https:\\\/\\\/www.aliadospuebla.com\\\/\",\"name\":\"AliadosPuebla\",\"description\":\"La informaci\u00f3n en tus manos\",\"potentialAction\":[{\"@type\":\"SearchAction\",\"target\":{\"@type\":\"EntryPoint\",\"urlTemplate\":\"https:\\\/\\\/www.aliadospuebla.com\\\/?s={search_term_string}\"},\"query-input\":{\"@type\":\"PropertyValueSpecification\",\"valueRequired\":true,\"valueName\":\"search_term_string\"}}],\"inLanguage\":\"es\"},{\"@type\":\"Person\",\"@id\":\"https:\\\/\\\/www.aliadospuebla.com\\\/#\\\/schema\\\/person\\\/5da7dd09320bd4f392b710017ed5f8ad\",\"name\":\"Aliados17\",\"image\":{\"@type\":\"ImageObject\",\"inLanguage\":\"es\",\"@id\":\"https:\\\/\\\/www.aliadospuebla.com\\\/web2017\\\/wp-content\\\/uploads\\\/2025\\\/03\\\/cropped-para-perfil-8-anos-1-96x96.jpg\",\"url\":\"https:\\\/\\\/www.aliadospuebla.com\\\/web2017\\\/wp-content\\\/uploads\\\/2025\\\/03\\\/cropped-para-perfil-8-anos-1-96x96.jpg\",\"contentUrl\":\"https:\\\/\\\/www.aliadospuebla.com\\\/web2017\\\/wp-content\\\/uploads\\\/2025\\\/03\\\/cropped-para-perfil-8-anos-1-96x96.jpg\",\"caption\":\"Aliados17\"},\"sameAs\":[\"https:\\\/\\\/www.aliados17.com\",\"https:\\\/\\\/www.facebook.com\\\/Aliados17Pue\",\"https:\\\/\\\/x.com\\\/AliadosPuebla\"],\"url\":\"https:\\\/\\\/www.aliadospuebla.com\\\/?author=2\"}]}<\/script>\n<!-- \/ Yoast SEO plugin. -->","yoast_head_json":{"title":"Trabaja Ayuntamiento de Amozoc en la rehabilitaci\u00f3n del parque de \"La preciosa\" - AliadosPuebla","robots":{"index":"index","follow":"follow","max-snippet":"max-snippet:-1","max-image-preview":"max-image-preview:large","max-video-preview":"max-video-preview:-1"},"canonical":"https:\/\/www.aliadospuebla.com\/?p=88554","og_locale":"es_ES","og_type":"article","og_title":"Trabaja Ayuntamiento de Amozoc en la rehabilitaci\u00f3n del parque de \"La preciosa\" - AliadosPuebla","og_description":"Mejorar las instalaciones deportivas con las que cuenta el municipio un compromiso de Mario de la Rosa Amozoc, Pue.- Como parte del apoyo a l deporte y la sana convivencia en todo el municipio, por instrucciones del presidente municipal, Mario de la Rosa Romero, personal de Alumbrado P\u00fablico rehabilita el Parque de \u00abLa Preciosa\u00bb. Con un gobierno de resultados los amozoquenses cada d\u00eda mejoran su calidad de vida, en breve dicho espacio se convertir\u00e1 en un lugar digno donde todos podr\u00e1n convivir con la familia al mismo tiempo de practicar alguna actividad deportiva.","og_url":"https:\/\/www.aliadospuebla.com\/?p=88554","og_site_name":"AliadosPuebla","article_author":"https:\/\/www.facebook.com\/Aliados17Pue","article_published_time":"2024-01-02T15:29:45+00:00","article_modified_time":"2024-02-19T15:38:24+00:00","og_image":[{"width":600,"height":450,"url":"https:\/\/www.aliadospuebla.com\/web2017\/wp-content\/uploads\/2024\/02\/118.jpg","type":"image\/jpeg"}],"author":"Aliados17","twitter_card":"summary_large_image","twitter_creator":"@AliadosPuebla","twitter_misc":{"Escrito por":"Aliados17","Tiempo de lectura":"1 minuto"},"schema":{"@context":"https:\/\/schema.org","@graph":[{"@type":"Article","@id":"https:\/\/www.aliadospuebla.com\/?p=88554#article","isPartOf":{"@id":"https:\/\/www.aliadospuebla.com\/?p=88554"},"author":{"name":"Aliados17","@id":"https:\/\/www.aliadospuebla.com\/#\/schema\/person\/5da7dd09320bd4f392b710017ed5f8ad"},"headline":"Trabaja Ayuntamiento de Amozoc en la rehabilitaci\u00f3n del parque de \u00abLa preciosa\u00bb","datePublished":"2024-01-02T15:29:45+00:00","dateModified":"2024-02-19T15:38:24+00:00","mainEntityOfPage":{"@id":"https:\/\/www.aliadospuebla.com\/?p=88554"},"wordCount":110,"commentCount":0,"image":{"@id":"https:\/\/www.aliadospuebla.com\/?p=88554#primaryimage"},"thumbnailUrl":"https:\/\/www.aliadospuebla.com\/web2017\/wp-content\/uploads\/2024\/02\/118.jpg","keywords":["AMOZOC","familia","La preciosa","lugar digno","MARIO DE LA ROSA ROMERO","REHABILITACI\u00d3N"],"articleSection":["Municipios"],"inLanguage":"es","potentialAction":[{"@type":"CommentAction","name":"Comment","target":["https:\/\/www.aliadospuebla.com\/?p=88554#respond"]}]},{"@type":"WebPage","@id":"https:\/\/www.aliadospuebla.com\/?p=88554","url":"https:\/\/www.aliadospuebla.com\/?p=88554","name":"Trabaja Ayuntamiento de Amozoc en la rehabilitaci\u00f3n del parque de \"La preciosa\" - AliadosPuebla","isPartOf":{"@id":"https:\/\/www.aliadospuebla.com\/#website"},"primaryImageOfPage":{"@id":"https:\/\/www.aliadospuebla.com\/?p=88554#primaryimage"},"image":{"@id":"https:\/\/www.aliadospuebla.com\/?p=88554#primaryimage"},"thumbnailUrl":"https:\/\/www.aliadospuebla.com\/web2017\/wp-content\/uploads\/2024\/02\/118.jpg","datePublished":"2024-01-02T15:29:45+00:00","dateModified":"2024-02-19T15:38:24+00:00","author":{"@id":"https:\/\/www.aliadospuebla.com\/#\/schema\/person\/5da7dd09320bd4f392b710017ed5f8ad"},"breadcrumb":{"@id":"https:\/\/www.aliadospuebla.com\/?p=88554#breadcrumb"},"inLanguage":"es","potentialAction":[{"@type":"ReadAction","target":["https:\/\/www.aliadospuebla.com\/?p=88554"]}]},{"@type":"ImageObject","inLanguage":"es","@id":"https:\/\/www.aliadospuebla.com\/?p=88554#primaryimage","url":"https:\/\/www.aliadospuebla.com\/web2017\/wp-content\/uploads\/2024\/02\/118.jpg","contentUrl":"https:\/\/www.aliadospuebla.com\/web2017\/wp-content\/uploads\/2024\/02\/118.jpg","width":600,"height":450},{"@type":"BreadcrumbList","@id":"https:\/\/www.aliadospuebla.com\/?p=88554#breadcrumb","itemListElement":[{"@type":"ListItem","position":1,"name":"Portada","item":"https:\/\/www.aliadospuebla.com\/"},{"@type":"ListItem","position":2,"name":"Trabaja Ayuntamiento de Amozoc en la rehabilitaci\u00f3n del parque de \u00abLa preciosa\u00bb"}]},{"@type":"WebSite","@id":"https:\/\/www.aliadospuebla.com\/#website","url":"https:\/\/www.aliadospuebla.com\/","name":"AliadosPuebla","description":"La informaci\u00f3n en tus manos","potentialAction":[{"@type":"SearchAction","target":{"@type":"EntryPoint","urlTemplate":"https:\/\/www.aliadospuebla.com\/?s={search_term_string}"},"query-input":{"@type":"PropertyValueSpecification","valueRequired":true,"valueName":"search_term_string"}}],"inLanguage":"es"},{"@type":"Person","@id":"https:\/\/www.aliadospuebla.com\/#\/schema\/person\/5da7dd09320bd4f392b710017ed5f8ad","name":"Aliados17","image":{"@type":"ImageObject","inLanguage":"es","@id":"https:\/\/www.aliadospuebla.com\/web2017\/wp-content\/uploads\/2025\/03\/cropped-para-perfil-8-anos-1-96x96.jpg","url":"https:\/\/www.aliadospuebla.com\/web2017\/wp-content\/uploads\/2025\/03\/cropped-para-perfil-8-anos-1-96x96.jpg","contentUrl":"https:\/\/www.aliadospuebla.com\/web2017\/wp-content\/uploads\/2025\/03\/cropped-para-perfil-8-anos-1-96x96.jpg","caption":"Aliados17"},"sameAs":["https:\/\/www.aliados17.com","https:\/\/www.facebook.com\/Aliados17Pue","https:\/\/x.com\/AliadosPuebla"],"url":"https:\/\/www.aliadospuebla.com\/?author=2"}]}},"views":6,"_links":{"self":[{"href":"https:\/\/www.aliadospuebla.com\/index.php?rest_route=\/wp\/v2\/posts\/88554","targetHints":{"allow":["GET"]}}],"collection":[{"href":"https:\/\/www.aliadospuebla.com\/index.php?rest_route=\/wp\/v2\/posts"}],"about":[{"href":"https:\/\/www.aliadospuebla.com\/index.php?rest_route=\/wp\/v2\/types\/post"}],"author":[{"embeddable":true,"href":"https:\/\/www.aliadospuebla.com\/index.php?rest_route=\/wp\/v2\/users\/2"}],"replies":[{"embeddable":true,"href":"https:\/\/www.aliadospuebla.com\/index.php?rest_route=%2Fwp%2Fv2%2Fcomments&post=88554"}],"version-history":[{"count":1,"href":"https:\/\/www.aliadospuebla.com\/index.php?rest_route=\/wp\/v2\/posts\/88554\/revisions"}],"predecessor-version":[{"id":88556,"href":"https:\/\/www.aliadospuebla.com\/index.php?rest_route=\/wp\/v2\/posts\/88554\/revisions\/88556"}],"wp:featuredmedia":[{"embeddable":true,"href":"https:\/\/www.aliadospuebla.com\/index.php?rest_route=\/wp\/v2\/media\/88555"}],"wp:attachment":[{"href":"https:\/\/www.aliadospuebla.com\/index.php?rest_route=%2Fwp%2Fv2%2Fmedia&parent=88554"}],"wp:term":[{"taxonomy":"category","embeddable":true,"href":"https:\/\/www.aliadospuebla.com\/index.php?rest_route=%2Fwp%2Fv2%2Fcategories&post=88554"},{"taxonomy":"post_tag","embeddable":true,"href":"https:\/\/www.aliadospuebla.com\/index.php?rest_route=%2Fwp%2Fv2%2Ftags&post=88554"}],"curies":[{"name":"wp","href":"https:\/\/api.w.org\/{rel}","templated":true}]}}