{"id":86714,"date":"2024-01-10T23:15:34","date_gmt":"2024-01-11T05:15:34","guid":{"rendered":"https:\/\/www.aliados17.com\/?p=86714"},"modified":"2024-01-10T23:15:34","modified_gmt":"2024-01-11T05:15:34","slug":"que-reclaman-los-puros-de-morena","status":"publish","type":"post","link":"https:\/\/www.aliadospuebla.com\/?p=86714","title":{"rendered":"Qu\u00e9 reclaman \u201clos puros\u201d de MORENA"},"content":{"rendered":"<h4>Bueno, en verdad \u201clos puros\u201d de MORENA no tienen mucho qu\u00e9 reclamar.<\/h4>\n<p>Claudia Rivera de Puebla y Gustavo Vargas de Huauchinango, junto con otros que no vinieron a la marcha de protesta contra los priistas, no tienen mucho qu\u00e9 presumir, m\u00e1s bien tienen mucho m\u00e1s de que avergonzarse.<br \/>\nEntonces \u00bfQu\u00e9 reclaman?<br \/>\nLos morenistas \u201cpuros\u201d ganaron la calle, ganaron el partido, pero perdieron el gobierno.<br \/>\nLos priistas de laaargo colmillo tomaron por asalto los gobiernos de la 4T.<br \/>\nGente con experiencia, poder econ\u00f3mico, trayectoria, habilidad y proveniente del PRI, ech\u00f3 a la calle al \u201cobradorismo\u201d.<br \/>\nLa Mafia del Poder se transform\u00f3 en MORENA.<br \/>\nLos mejores cargos:<br \/>\nAlejandro Armenta, candidato a gobernador, formado en el PRI.<br \/>\nIgnacio Mier Velasco, candidato a senador, ex presidente del PRI.<br \/>\nJorge Estefan Chidiac, casi candidato a diputado federal, hecho en el PRI.<br \/>\nSergio Salom\u00f3n C\u00e9spedes Peregrina, gobernador del Estado, ex diputado local del PRI.<br \/>\nOtros que pudieran terminar en la 4T:<br \/>\nGuadalupe Vargas, presidenta de Xicotepec por el PRI.<br \/>\nJos\u00e9 Luis M\u00e1rquez, presidente de Zacatl\u00e1n por el PRI.<br \/>\nEnrique Rivera, diputado local del PRI.<br \/>\nPor ejemplo.<br \/>\nAdem\u00e1s, una lista interminable.<br \/>\nY los morenistas \u201cpuros\u201d: Claudia Rivera, David M\u00e9ndez, Alejandro Carvajal, entre otros, como el chinito\u2026<br \/>\nDigo.<br \/>\nComo vemos, la palabra que m\u00e1s se repite en la 4T es: PRI<br \/>\nPunto.<br \/>\nHe dicho y he escrito.<br \/>\n\u2026<\/p>\n<p>Gaby Bonilla, superando metas<\/p>\n<p>La presidenta del Sistema DIF Gaby Bonilla entreg\u00f3 155 pr\u00f3tesis externas que ayudar\u00e1n a las personas beneficiadas a tener mayor independencia y movilidad.<br \/>\nInicialmente se program\u00f3 que ser\u00edan 120 pr\u00f3tesis, pero como vemos, se aument\u00f3 considerablemente.<br \/>\nEn el evento de entrega, Gaby Bonilla inform\u00f3 que el DIF aplic\u00f3 9 millones de pesos para la adquisici\u00f3n de dichas pr\u00f3tesis, por lo que no tuvieron ning\u00fan costo para las y los beneficiado en situaci\u00f3n de vulnerabilidad que las recibieron.<br \/>\nTampoco representaron un costo, para los sistemas municipales.<br \/>\nCon resultados, el DIF y el gobierno de Sergio Salom\u00f3n responden a los poblanos.<br \/>\nVamos bien y estaremos mejor.<br \/>\nPunto.<br \/>\nHe informado.<br \/>\n\u2026<\/p>\n<p>Ni Obama<br \/>\nLa invasi\u00f3n priista a la 4T poblana, no la detiene, ni Obama.<br \/>\n\u2026<\/p>\n<p>El Verdugo<br \/>\nLas encuestas no mienten. El Verdugo dice: Mienten los encuestados.<br \/>\n\u2026<\/p>\n<p>De Buena Fuente, no es la mejor columna pol\u00edtica, pero tiene\u2026 a los mejores lectores.<br \/>\ncmaciaspalma@yahoo.com.mx<br \/>\n@cmaciaspalma<br \/>\nFB: Carlos Macias Palma<\/p>\n","protected":false},"excerpt":{"rendered":"<p>Bueno, en verdad \u201clos puros\u201d de MORENA no tienen mucho qu\u00e9 reclamar. Claudia Rivera de Puebla y Gustavo Vargas de Huauchinango, junto con otros que no vinieron a la marcha de protesta contra los priistas, no tienen mucho qu\u00e9 presumir, m\u00e1s bien tienen mucho m\u00e1s de que avergonzarse. Entonces \u00bfQu\u00e9 reclaman? Los morenistas \u201cpuros\u201d ganaron la calle, ganaron el partido, pero perdieron el gobierno. Los priistas de laaargo colmillo tomaron por asalto los gobiernos de la 4T. Gente con experiencia, poder econ\u00f3mico, trayectoria, habilidad y proveniente del PRI, ech\u00f3 a la calle al \u201cobradorismo\u201d. La Mafia del Poder se transform\u00f3 en MORENA. Los mejores cargos: Alejandro Armenta, candidato a gobernador, formado en el PRI. Ignacio Mier Velasco, candidato a senador, ex presidente del PRI. Jorge&hellip;<\/p>\n<p class=\"excerpt-more\"><a class=\"blog-excerpt button\" href=\"https:\/\/www.aliadospuebla.com\/?p=86714\">Leer m\u00e1s&#8230;<\/a><\/p>\n","protected":false},"author":2,"featured_media":86737,"comment_status":"open","ping_status":"open","sticky":false,"template":"","format":"standard","meta":{"_monsterinsights_skip_tracking":false,"footnotes":""},"categories":[9],"tags":[10006,4780,5362,20967,18792,22797,828,22796,666,45,22798,10666],"class_list":["post-86714","post","type-post","status-publish","format-standard","has-post-thumbnail","hentry","category-columnas","tag-4t","tag-alejandro-armenta","tag-claudia-rivera-vivanco","tag-gaby-bonilla","tag-gustavo-vargas","tag-ignacio-mirer-velasco","tag-jorge-estefan-chidiac","tag-mafia-del-poder","tag-morena","tag-pri","tag-protesis-externas","tag-sergio-salomon-cespedes-peregrina"],"yoast_head":"<!-- This site is optimized with the Yoast SEO plugin v28.4 - https:\/\/yoast.com\/product\/yoast-seo-wordpress\/ -->\n<title>Qu\u00e9 reclaman \u201clos puros\u201d de MORENA - AliadosPuebla<\/title>\n<meta name=\"robots\" content=\"index, follow, max-snippet:-1, max-image-preview:large, max-video-preview:-1\" \/>\n<link rel=\"canonical\" href=\"https:\/\/www.aliadospuebla.com\/?p=86714\" \/>\n<meta property=\"og:locale\" content=\"es_ES\" \/>\n<meta property=\"og:type\" content=\"article\" \/>\n<meta property=\"og:title\" content=\"Qu\u00e9 reclaman \u201clos puros\u201d de MORENA - AliadosPuebla\" \/>\n<meta property=\"og:description\" content=\"Bueno, en verdad \u201clos puros\u201d de MORENA no tienen mucho qu\u00e9 reclamar. Claudia Rivera de Puebla y Gustavo Vargas de Huauchinango, junto con otros que no vinieron a la marcha de protesta contra los priistas, no tienen mucho qu\u00e9 presumir, m\u00e1s bien tienen mucho m\u00e1s de que avergonzarse. Entonces \u00bfQu\u00e9 reclaman? Los morenistas \u201cpuros\u201d ganaron la calle, ganaron el partido, pero perdieron el gobierno. Los priistas de laaargo colmillo tomaron por asalto los gobiernos de la 4T. Gente con experiencia, poder econ\u00f3mico, trayectoria, habilidad y proveniente del PRI, ech\u00f3 a la calle al \u201cobradorismo\u201d. La Mafia del Poder se transform\u00f3 en MORENA. Los mejores cargos: Alejandro Armenta, candidato a gobernador, formado en el PRI. Ignacio Mier Velasco, candidato a senador, ex presidente del PRI. Jorge&hellip;Leer m\u00e1s...\" \/>\n<meta property=\"og:url\" content=\"https:\/\/www.aliadospuebla.com\/?p=86714\" \/>\n<meta property=\"og:site_name\" content=\"AliadosPuebla\" \/>\n<meta property=\"article:author\" content=\"https:\/\/www.facebook.com\/Aliados17Pue\" \/>\n<meta property=\"article:published_time\" content=\"2024-01-11T05:15:34+00:00\" \/>\n<meta property=\"og:image\" content=\"https:\/\/www.aliadospuebla.com\/web2017\/wp-content\/uploads\/2024\/01\/18.jpg\" \/>\n\t<meta property=\"og:image:width\" content=\"600\" \/>\n\t<meta property=\"og:image:height\" content=\"450\" \/>\n\t<meta property=\"og:image:type\" content=\"image\/jpeg\" \/>\n<meta name=\"author\" content=\"Aliados17\" \/>\n<meta name=\"twitter:card\" content=\"summary_large_image\" \/>\n<meta name=\"twitter:creator\" content=\"@AliadosPuebla\" \/>\n<meta name=\"twitter:label1\" content=\"Escrito por\" \/>\n\t<meta name=\"twitter:data1\" content=\"Aliados17\" \/>\n\t<meta name=\"twitter:label2\" content=\"Tiempo de lectura\" \/>\n\t<meta name=\"twitter:data2\" content=\"2 minutos\" \/>\n<script type=\"application\/ld+json\" class=\"yoast-schema-graph\">{\"@context\":\"https:\\\/\\\/schema.org\",\"@graph\":[{\"@type\":\"Article\",\"@id\":\"https:\\\/\\\/www.aliadospuebla.com\\\/?p=86714#article\",\"isPartOf\":{\"@id\":\"https:\\\/\\\/www.aliadospuebla.com\\\/?p=86714\"},\"author\":{\"name\":\"Aliados17\",\"@id\":\"https:\\\/\\\/www.aliadospuebla.com\\\/#\\\/schema\\\/person\\\/5da7dd09320bd4f392b710017ed5f8ad\"},\"headline\":\"Qu\u00e9 reclaman \u201clos puros\u201d de MORENA\",\"datePublished\":\"2024-01-11T05:15:34+00:00\",\"mainEntityOfPage\":{\"@id\":\"https:\\\/\\\/www.aliadospuebla.com\\\/?p=86714\"},\"wordCount\":404,\"commentCount\":0,\"image\":{\"@id\":\"https:\\\/\\\/www.aliadospuebla.com\\\/?p=86714#primaryimage\"},\"thumbnailUrl\":\"https:\\\/\\\/www.aliadospuebla.com\\\/web2017\\\/wp-content\\\/uploads\\\/2024\\\/01\\\/18.jpg\",\"keywords\":[\"4T\",\"ALEJANDRO ARMENTA\",\"CLAUDIA RIVERA VIVANCO\",\"Gaby Bonilla\",\"Gustavo vargas\",\"Ignacio Mirer Velasco\",\"JORGE ESTEFAN CHIDIAC\",\"mafia del poder\",\"MORENA\",\"PRI\",\"pr\u00f3tesis externas\",\"Sergio Salom\u00f3n C\u00e9spedes Peregrina\"],\"articleSection\":[\"Columnas\"],\"inLanguage\":\"es\",\"potentialAction\":[{\"@type\":\"CommentAction\",\"name\":\"Comment\",\"target\":[\"https:\\\/\\\/www.aliadospuebla.com\\\/?p=86714#respond\"]}]},{\"@type\":\"WebPage\",\"@id\":\"https:\\\/\\\/www.aliadospuebla.com\\\/?p=86714\",\"url\":\"https:\\\/\\\/www.aliadospuebla.com\\\/?p=86714\",\"name\":\"Qu\u00e9 reclaman \u201clos puros\u201d de MORENA - AliadosPuebla\",\"isPartOf\":{\"@id\":\"https:\\\/\\\/www.aliadospuebla.com\\\/#website\"},\"primaryImageOfPage\":{\"@id\":\"https:\\\/\\\/www.aliadospuebla.com\\\/?p=86714#primaryimage\"},\"image\":{\"@id\":\"https:\\\/\\\/www.aliadospuebla.com\\\/?p=86714#primaryimage\"},\"thumbnailUrl\":\"https:\\\/\\\/www.aliadospuebla.com\\\/web2017\\\/wp-content\\\/uploads\\\/2024\\\/01\\\/18.jpg\",\"datePublished\":\"2024-01-11T05:15:34+00:00\",\"author\":{\"@id\":\"https:\\\/\\\/www.aliadospuebla.com\\\/#\\\/schema\\\/person\\\/5da7dd09320bd4f392b710017ed5f8ad\"},\"breadcrumb\":{\"@id\":\"https:\\\/\\\/www.aliadospuebla.com\\\/?p=86714#breadcrumb\"},\"inLanguage\":\"es\",\"potentialAction\":[{\"@type\":\"ReadAction\",\"target\":[\"https:\\\/\\\/www.aliadospuebla.com\\\/?p=86714\"]}]},{\"@type\":\"ImageObject\",\"inLanguage\":\"es\",\"@id\":\"https:\\\/\\\/www.aliadospuebla.com\\\/?p=86714#primaryimage\",\"url\":\"https:\\\/\\\/www.aliadospuebla.com\\\/web2017\\\/wp-content\\\/uploads\\\/2024\\\/01\\\/18.jpg\",\"contentUrl\":\"https:\\\/\\\/www.aliadospuebla.com\\\/web2017\\\/wp-content\\\/uploads\\\/2024\\\/01\\\/18.jpg\",\"width\":600,\"height\":450},{\"@type\":\"BreadcrumbList\",\"@id\":\"https:\\\/\\\/www.aliadospuebla.com\\\/?p=86714#breadcrumb\",\"itemListElement\":[{\"@type\":\"ListItem\",\"position\":1,\"name\":\"Portada\",\"item\":\"https:\\\/\\\/www.aliadospuebla.com\\\/\"},{\"@type\":\"ListItem\",\"position\":2,\"name\":\"Qu\u00e9 reclaman \u201clos puros\u201d de MORENA\"}]},{\"@type\":\"WebSite\",\"@id\":\"https:\\\/\\\/www.aliadospuebla.com\\\/#website\",\"url\":\"https:\\\/\\\/www.aliadospuebla.com\\\/\",\"name\":\"AliadosPuebla\",\"description\":\"La informaci\u00f3n en tus manos\",\"potentialAction\":[{\"@type\":\"SearchAction\",\"target\":{\"@type\":\"EntryPoint\",\"urlTemplate\":\"https:\\\/\\\/www.aliadospuebla.com\\\/?s={search_term_string}\"},\"query-input\":{\"@type\":\"PropertyValueSpecification\",\"valueRequired\":true,\"valueName\":\"search_term_string\"}}],\"inLanguage\":\"es\"},{\"@type\":\"Person\",\"@id\":\"https:\\\/\\\/www.aliadospuebla.com\\\/#\\\/schema\\\/person\\\/5da7dd09320bd4f392b710017ed5f8ad\",\"name\":\"Aliados17\",\"image\":{\"@type\":\"ImageObject\",\"inLanguage\":\"es\",\"@id\":\"https:\\\/\\\/www.aliadospuebla.com\\\/web2017\\\/wp-content\\\/uploads\\\/2025\\\/03\\\/cropped-para-perfil-8-anos-1-96x96.jpg\",\"url\":\"https:\\\/\\\/www.aliadospuebla.com\\\/web2017\\\/wp-content\\\/uploads\\\/2025\\\/03\\\/cropped-para-perfil-8-anos-1-96x96.jpg\",\"contentUrl\":\"https:\\\/\\\/www.aliadospuebla.com\\\/web2017\\\/wp-content\\\/uploads\\\/2025\\\/03\\\/cropped-para-perfil-8-anos-1-96x96.jpg\",\"caption\":\"Aliados17\"},\"sameAs\":[\"https:\\\/\\\/www.aliados17.com\",\"https:\\\/\\\/www.facebook.com\\\/Aliados17Pue\",\"https:\\\/\\\/x.com\\\/AliadosPuebla\"],\"url\":\"https:\\\/\\\/www.aliadospuebla.com\\\/?author=2\"}]}<\/script>\n<!-- \/ Yoast SEO plugin. -->","yoast_head_json":{"title":"Qu\u00e9 reclaman \u201clos puros\u201d de MORENA - AliadosPuebla","robots":{"index":"index","follow":"follow","max-snippet":"max-snippet:-1","max-image-preview":"max-image-preview:large","max-video-preview":"max-video-preview:-1"},"canonical":"https:\/\/www.aliadospuebla.com\/?p=86714","og_locale":"es_ES","og_type":"article","og_title":"Qu\u00e9 reclaman \u201clos puros\u201d de MORENA - AliadosPuebla","og_description":"Bueno, en verdad \u201clos puros\u201d de MORENA no tienen mucho qu\u00e9 reclamar. Claudia Rivera de Puebla y Gustavo Vargas de Huauchinango, junto con otros que no vinieron a la marcha de protesta contra los priistas, no tienen mucho qu\u00e9 presumir, m\u00e1s bien tienen mucho m\u00e1s de que avergonzarse. Entonces \u00bfQu\u00e9 reclaman? Los morenistas \u201cpuros\u201d ganaron la calle, ganaron el partido, pero perdieron el gobierno. Los priistas de laaargo colmillo tomaron por asalto los gobiernos de la 4T. Gente con experiencia, poder econ\u00f3mico, trayectoria, habilidad y proveniente del PRI, ech\u00f3 a la calle al \u201cobradorismo\u201d. La Mafia del Poder se transform\u00f3 en MORENA. Los mejores cargos: Alejandro Armenta, candidato a gobernador, formado en el PRI. Ignacio Mier Velasco, candidato a senador, ex presidente del PRI. Jorge&hellip;Leer m\u00e1s...","og_url":"https:\/\/www.aliadospuebla.com\/?p=86714","og_site_name":"AliadosPuebla","article_author":"https:\/\/www.facebook.com\/Aliados17Pue","article_published_time":"2024-01-11T05:15:34+00:00","og_image":[{"width":600,"height":450,"url":"https:\/\/www.aliadospuebla.com\/web2017\/wp-content\/uploads\/2024\/01\/18.jpg","type":"image\/jpeg"}],"author":"Aliados17","twitter_card":"summary_large_image","twitter_creator":"@AliadosPuebla","twitter_misc":{"Escrito por":"Aliados17","Tiempo de lectura":"2 minutos"},"schema":{"@context":"https:\/\/schema.org","@graph":[{"@type":"Article","@id":"https:\/\/www.aliadospuebla.com\/?p=86714#article","isPartOf":{"@id":"https:\/\/www.aliadospuebla.com\/?p=86714"},"author":{"name":"Aliados17","@id":"https:\/\/www.aliadospuebla.com\/#\/schema\/person\/5da7dd09320bd4f392b710017ed5f8ad"},"headline":"Qu\u00e9 reclaman \u201clos puros\u201d de MORENA","datePublished":"2024-01-11T05:15:34+00:00","mainEntityOfPage":{"@id":"https:\/\/www.aliadospuebla.com\/?p=86714"},"wordCount":404,"commentCount":0,"image":{"@id":"https:\/\/www.aliadospuebla.com\/?p=86714#primaryimage"},"thumbnailUrl":"https:\/\/www.aliadospuebla.com\/web2017\/wp-content\/uploads\/2024\/01\/18.jpg","keywords":["4T","ALEJANDRO ARMENTA","CLAUDIA RIVERA VIVANCO","Gaby Bonilla","Gustavo vargas","Ignacio Mirer Velasco","JORGE ESTEFAN CHIDIAC","mafia del poder","MORENA","PRI","pr\u00f3tesis externas","Sergio Salom\u00f3n C\u00e9spedes Peregrina"],"articleSection":["Columnas"],"inLanguage":"es","potentialAction":[{"@type":"CommentAction","name":"Comment","target":["https:\/\/www.aliadospuebla.com\/?p=86714#respond"]}]},{"@type":"WebPage","@id":"https:\/\/www.aliadospuebla.com\/?p=86714","url":"https:\/\/www.aliadospuebla.com\/?p=86714","name":"Qu\u00e9 reclaman \u201clos puros\u201d de MORENA - AliadosPuebla","isPartOf":{"@id":"https:\/\/www.aliadospuebla.com\/#website"},"primaryImageOfPage":{"@id":"https:\/\/www.aliadospuebla.com\/?p=86714#primaryimage"},"image":{"@id":"https:\/\/www.aliadospuebla.com\/?p=86714#primaryimage"},"thumbnailUrl":"https:\/\/www.aliadospuebla.com\/web2017\/wp-content\/uploads\/2024\/01\/18.jpg","datePublished":"2024-01-11T05:15:34+00:00","author":{"@id":"https:\/\/www.aliadospuebla.com\/#\/schema\/person\/5da7dd09320bd4f392b710017ed5f8ad"},"breadcrumb":{"@id":"https:\/\/www.aliadospuebla.com\/?p=86714#breadcrumb"},"inLanguage":"es","potentialAction":[{"@type":"ReadAction","target":["https:\/\/www.aliadospuebla.com\/?p=86714"]}]},{"@type":"ImageObject","inLanguage":"es","@id":"https:\/\/www.aliadospuebla.com\/?p=86714#primaryimage","url":"https:\/\/www.aliadospuebla.com\/web2017\/wp-content\/uploads\/2024\/01\/18.jpg","contentUrl":"https:\/\/www.aliadospuebla.com\/web2017\/wp-content\/uploads\/2024\/01\/18.jpg","width":600,"height":450},{"@type":"BreadcrumbList","@id":"https:\/\/www.aliadospuebla.com\/?p=86714#breadcrumb","itemListElement":[{"@type":"ListItem","position":1,"name":"Portada","item":"https:\/\/www.aliadospuebla.com\/"},{"@type":"ListItem","position":2,"name":"Qu\u00e9 reclaman \u201clos puros\u201d de MORENA"}]},{"@type":"WebSite","@id":"https:\/\/www.aliadospuebla.com\/#website","url":"https:\/\/www.aliadospuebla.com\/","name":"AliadosPuebla","description":"La informaci\u00f3n en tus manos","potentialAction":[{"@type":"SearchAction","target":{"@type":"EntryPoint","urlTemplate":"https:\/\/www.aliadospuebla.com\/?s={search_term_string}"},"query-input":{"@type":"PropertyValueSpecification","valueRequired":true,"valueName":"search_term_string"}}],"inLanguage":"es"},{"@type":"Person","@id":"https:\/\/www.aliadospuebla.com\/#\/schema\/person\/5da7dd09320bd4f392b710017ed5f8ad","name":"Aliados17","image":{"@type":"ImageObject","inLanguage":"es","@id":"https:\/\/www.aliadospuebla.com\/web2017\/wp-content\/uploads\/2025\/03\/cropped-para-perfil-8-anos-1-96x96.jpg","url":"https:\/\/www.aliadospuebla.com\/web2017\/wp-content\/uploads\/2025\/03\/cropped-para-perfil-8-anos-1-96x96.jpg","contentUrl":"https:\/\/www.aliadospuebla.com\/web2017\/wp-content\/uploads\/2025\/03\/cropped-para-perfil-8-anos-1-96x96.jpg","caption":"Aliados17"},"sameAs":["https:\/\/www.aliados17.com","https:\/\/www.facebook.com\/Aliados17Pue","https:\/\/x.com\/AliadosPuebla"],"url":"https:\/\/www.aliadospuebla.com\/?author=2"}]}},"views":9,"_links":{"self":[{"href":"https:\/\/www.aliadospuebla.com\/index.php?rest_route=\/wp\/v2\/posts\/86714","targetHints":{"allow":["GET"]}}],"collection":[{"href":"https:\/\/www.aliadospuebla.com\/index.php?rest_route=\/wp\/v2\/posts"}],"about":[{"href":"https:\/\/www.aliadospuebla.com\/index.php?rest_route=\/wp\/v2\/types\/post"}],"author":[{"embeddable":true,"href":"https:\/\/www.aliadospuebla.com\/index.php?rest_route=\/wp\/v2\/users\/2"}],"replies":[{"embeddable":true,"href":"https:\/\/www.aliadospuebla.com\/index.php?rest_route=%2Fwp%2Fv2%2Fcomments&post=86714"}],"version-history":[{"count":1,"href":"https:\/\/www.aliadospuebla.com\/index.php?rest_route=\/wp\/v2\/posts\/86714\/revisions"}],"predecessor-version":[{"id":86738,"href":"https:\/\/www.aliadospuebla.com\/index.php?rest_route=\/wp\/v2\/posts\/86714\/revisions\/86738"}],"wp:featuredmedia":[{"embeddable":true,"href":"https:\/\/www.aliadospuebla.com\/index.php?rest_route=\/wp\/v2\/media\/86737"}],"wp:attachment":[{"href":"https:\/\/www.aliadospuebla.com\/index.php?rest_route=%2Fwp%2Fv2%2Fmedia&parent=86714"}],"wp:term":[{"taxonomy":"category","embeddable":true,"href":"https:\/\/www.aliadospuebla.com\/index.php?rest_route=%2Fwp%2Fv2%2Fcategories&post=86714"},{"taxonomy":"post_tag","embeddable":true,"href":"https:\/\/www.aliadospuebla.com\/index.php?rest_route=%2Fwp%2Fv2%2Ftags&post=86714"}],"curies":[{"name":"wp","href":"https:\/\/api.w.org\/{rel}","templated":true}]}}