{"id":85781,"date":"2023-12-17T12:25:09","date_gmt":"2023-12-17T18:25:09","guid":{"rendered":"https:\/\/www.aliados17.com\/?p=85781"},"modified":"2023-12-17T12:25:09","modified_gmt":"2023-12-17T18:25:09","slug":"la-canastita-poblana-navidena-reunio-a-mas-de-6-mil-poblanos-en-la-colonia-guadalupe-hidalgo","status":"publish","type":"post","link":"https:\/\/www.aliadospuebla.com\/?p=85781","title":{"rendered":"La \u00abCanastita Poblana Navide\u00f1a\u00bb reuni\u00f3 a m\u00e1s de 6 mil poblanos en la Colonia Guadalupe Hidalgo"},"content":{"rendered":"<h4>La sexta edici\u00f3n del proyecto impulsado por el legislador To\u00f1o L\u00f3pez impuls\u00f3 la econom\u00eda en este fin de a\u00f1o<\/h4>\n<p>Puebla, Pue.- El presidente de la comisi\u00f3n de Bienestar, <strong>To\u00f1o L\u00f3pez,<\/strong> se\u00f1al\u00f3 sentirse agradecido<\/p>\n<p>con el cari\u00f1o de la gente.<\/p>\n<p>Agregando que cierra el a\u00f1o de la mejor manera y trabajando a favor de la econom\u00eda de las y los poblanos.<\/p>\n<p>\u00abMe siento contento con este logro en favor de miles de poblanas y poblanos, hoy, que la sociedad<\/p>\n<p>espera un relevo generacional de sus servidores p\u00fablicos me da gusto estar en sus \u00e1nimos\u00bb<\/p>\n<p>La gente lo est\u00e1 pidiendo, quiere servidores j\u00f3venes, din\u00e1micos, que de verdad ataquen los<\/p>\n<p>problemas sociales y generen estabilidad\u00a0 y resultados en todos los sentidos.<\/p>\n<h4>La gente \u00abya se la sabe\u00bb \u00abya los conoce\u00bb<\/h4>\n<p>A quienes s\u00f3lo trabajan y sonr\u00eden en \u00e9pocas electorales y que durante alguna gesti\u00f3n no<\/p>\n<p>les importa la ciudadan\u00eda y hasta la ignoran.<\/p>\n<p>Este fin de a\u00f1o, mi trabajo legislativo ha sido siempre en favor de las luchas sociales,<\/p>\n<p>en favor de mejorar la calidad de vida de las familias a trav\u00e9s de proyectos inclusivos<\/p>\n<p>donde se apoya a mujeres y j\u00f3venes en sus emprendimientos que a la vez aumentan<\/p>\n<p>su capacidad econ\u00f3mica que se refleja en el bienestar de sus familias.<\/p>\n<p>Yo no tengo \u00abpadrinos pol\u00edticos\u00bb lo m\u00edo es el verdadero trabajo y el esfuerzo diario<\/p>\n<p>para que los ciudadanos identifiquen qui\u00e9n si trabaja y no solo hecha humo.<\/p>\n<p>Estoy listo para caminar con los ciudadanos, que vengan las encuestas, que vengan<\/p>\n<p>los mecanismos de elecci\u00f3n dentro de la coalici\u00f3n Juntos Haremos Historia.<\/p>\n<p>Tambi\u00e9n estoy convencido de que debe haber unidad y respeto entre todos<\/p>\n<p>quienes participaremos en este proceso, me siento listo y apoyado por la gente.<\/p>\n<p>Estoy listo para recuperar Puebla, finaliz\u00f3.<\/p>\n","protected":false},"excerpt":{"rendered":"<p>La sexta edici\u00f3n del proyecto impulsado por el legislador To\u00f1o L\u00f3pez impuls\u00f3 la econom\u00eda en este fin de a\u00f1o Puebla, Pue.- El presidente de la comisi\u00f3n de Bienestar, To\u00f1o L\u00f3pez, se\u00f1al\u00f3 sentirse agradecido con el cari\u00f1o de la gente. Agregando que cierra el a\u00f1o de la mejor manera y trabajando a favor de la econom\u00eda de las y los poblanos. \u00abMe siento contento con este logro en favor de miles de poblanas y poblanos, hoy, que la sociedad espera un relevo generacional de sus servidores p\u00fablicos me da gusto estar en sus \u00e1nimos\u00bb La gente lo est\u00e1 pidiendo, quiere servidores j\u00f3venes, din\u00e1micos, que de verdad ataquen los problemas sociales y generen estabilidad\u00a0 y resultados en todos los sentidos. La gente \u00abya se la sabe\u00bb \u00abya&hellip;<\/p>\n<p class=\"excerpt-more\"><a class=\"blog-excerpt button\" href=\"https:\/\/www.aliadospuebla.com\/?p=85781\">Leer m\u00e1s&#8230;<\/a><\/p>\n","protected":false},"author":2,"featured_media":85782,"comment_status":"open","ping_status":"open","sticky":false,"template":"","format":"standard","meta":{"_monsterinsights_skip_tracking":false,"footnotes":""},"categories":[62],"tags":[1258,20678,1110,4799,22761,1502,15430,435],"class_list":["post-85781","post","type-post","status-publish","format-standard","has-post-thumbnail","hentry","category-capital","tag-bienestar","tag-canastita-poblana","tag-ciudadanos","tag-juntos-haremos-historia","tag-proyectos-inclusivos","tag-respeto","tag-tono-lopez","tag-unidad"],"yoast_head":"<!-- This site is optimized with the Yoast SEO plugin v28.3 - https:\/\/yoast.com\/product\/yoast-seo-wordpress\/ -->\n<title>La &quot;Canastita Poblana Navide\u00f1a&quot; reuni\u00f3 a m\u00e1s de 6 mil poblanos en la Colonia Guadalupe Hidalgo - AliadosPuebla<\/title>\n<meta name=\"robots\" content=\"index, follow, max-snippet:-1, max-image-preview:large, max-video-preview:-1\" \/>\n<link rel=\"canonical\" href=\"https:\/\/www.aliadospuebla.com\/?p=85781\" \/>\n<meta property=\"og:locale\" content=\"es_ES\" \/>\n<meta property=\"og:type\" content=\"article\" \/>\n<meta property=\"og:title\" content=\"La &quot;Canastita Poblana Navide\u00f1a&quot; reuni\u00f3 a m\u00e1s de 6 mil poblanos en la Colonia Guadalupe Hidalgo - AliadosPuebla\" \/>\n<meta property=\"og:description\" content=\"La sexta edici\u00f3n del proyecto impulsado por el legislador To\u00f1o L\u00f3pez impuls\u00f3 la econom\u00eda en este fin de a\u00f1o Puebla, Pue.- El presidente de la comisi\u00f3n de Bienestar, To\u00f1o L\u00f3pez, se\u00f1al\u00f3 sentirse agradecido con el cari\u00f1o de la gente. Agregando que cierra el a\u00f1o de la mejor manera y trabajando a favor de la econom\u00eda de las y los poblanos. \u00abMe siento contento con este logro en favor de miles de poblanas y poblanos, hoy, que la sociedad espera un relevo generacional de sus servidores p\u00fablicos me da gusto estar en sus \u00e1nimos\u00bb La gente lo est\u00e1 pidiendo, quiere servidores j\u00f3venes, din\u00e1micos, que de verdad ataquen los problemas sociales y generen estabilidad\u00a0 y resultados en todos los sentidos. La gente \u00abya se la sabe\u00bb \u00abya&hellip;Leer m\u00e1s...\" \/>\n<meta property=\"og:url\" content=\"https:\/\/www.aliadospuebla.com\/?p=85781\" \/>\n<meta property=\"og:site_name\" content=\"AliadosPuebla\" \/>\n<meta property=\"article:author\" content=\"https:\/\/www.facebook.com\/Aliados17Pue\" \/>\n<meta property=\"article:published_time\" content=\"2023-12-17T18:25:09+00:00\" \/>\n<meta property=\"og:image\" content=\"https:\/\/www.aliadospuebla.com\/web2017\/wp-content\/uploads\/2023\/12\/201.jpg\" \/>\n\t<meta property=\"og:image:width\" content=\"600\" \/>\n\t<meta property=\"og:image:height\" content=\"450\" \/>\n\t<meta property=\"og:image:type\" content=\"image\/jpeg\" \/>\n<meta name=\"author\" content=\"Aliados17\" \/>\n<meta name=\"twitter:card\" content=\"summary_large_image\" \/>\n<meta name=\"twitter:creator\" content=\"@AliadosPuebla\" \/>\n<meta name=\"twitter:label1\" content=\"Escrito por\" \/>\n\t<meta name=\"twitter:data1\" content=\"Aliados17\" \/>\n\t<meta name=\"twitter:label2\" content=\"Tiempo de lectura\" \/>\n\t<meta name=\"twitter:data2\" content=\"2 minutos\" \/>\n<script type=\"application\/ld+json\" class=\"yoast-schema-graph\">{\"@context\":\"https:\\\/\\\/schema.org\",\"@graph\":[{\"@type\":\"Article\",\"@id\":\"https:\\\/\\\/www.aliadospuebla.com\\\/?p=85781#article\",\"isPartOf\":{\"@id\":\"https:\\\/\\\/www.aliadospuebla.com\\\/?p=85781\"},\"author\":{\"name\":\"Aliados17\",\"@id\":\"https:\\\/\\\/www.aliadospuebla.com\\\/#\\\/schema\\\/person\\\/5da7dd09320bd4f392b710017ed5f8ad\"},\"headline\":\"La \u00abCanastita Poblana Navide\u00f1a\u00bb reuni\u00f3 a m\u00e1s de 6 mil poblanos en la Colonia Guadalupe Hidalgo\",\"datePublished\":\"2023-12-17T18:25:09+00:00\",\"mainEntityOfPage\":{\"@id\":\"https:\\\/\\\/www.aliadospuebla.com\\\/?p=85781\"},\"wordCount\":339,\"commentCount\":0,\"image\":{\"@id\":\"https:\\\/\\\/www.aliadospuebla.com\\\/?p=85781#primaryimage\"},\"thumbnailUrl\":\"https:\\\/\\\/www.aliadospuebla.com\\\/web2017\\\/wp-content\\\/uploads\\\/2023\\\/12\\\/201.jpg\",\"keywords\":[\"BIENESTAR\",\"canastita poblana\",\"CIUDADANOS\",\"JUNTOS HAREMOS HISTORIA\",\"proyectos inclusivos\",\"RESPETO\",\"To\u00f1o L\u00f3pez\",\"UNIDAD\"],\"articleSection\":[\"Capital\"],\"inLanguage\":\"es\",\"potentialAction\":[{\"@type\":\"CommentAction\",\"name\":\"Comment\",\"target\":[\"https:\\\/\\\/www.aliadospuebla.com\\\/?p=85781#respond\"]}]},{\"@type\":\"WebPage\",\"@id\":\"https:\\\/\\\/www.aliadospuebla.com\\\/?p=85781\",\"url\":\"https:\\\/\\\/www.aliadospuebla.com\\\/?p=85781\",\"name\":\"La \\\"Canastita Poblana Navide\u00f1a\\\" reuni\u00f3 a m\u00e1s de 6 mil poblanos en la Colonia Guadalupe Hidalgo - AliadosPuebla\",\"isPartOf\":{\"@id\":\"https:\\\/\\\/www.aliadospuebla.com\\\/#website\"},\"primaryImageOfPage\":{\"@id\":\"https:\\\/\\\/www.aliadospuebla.com\\\/?p=85781#primaryimage\"},\"image\":{\"@id\":\"https:\\\/\\\/www.aliadospuebla.com\\\/?p=85781#primaryimage\"},\"thumbnailUrl\":\"https:\\\/\\\/www.aliadospuebla.com\\\/web2017\\\/wp-content\\\/uploads\\\/2023\\\/12\\\/201.jpg\",\"datePublished\":\"2023-12-17T18:25:09+00:00\",\"author\":{\"@id\":\"https:\\\/\\\/www.aliadospuebla.com\\\/#\\\/schema\\\/person\\\/5da7dd09320bd4f392b710017ed5f8ad\"},\"breadcrumb\":{\"@id\":\"https:\\\/\\\/www.aliadospuebla.com\\\/?p=85781#breadcrumb\"},\"inLanguage\":\"es\",\"potentialAction\":[{\"@type\":\"ReadAction\",\"target\":[\"https:\\\/\\\/www.aliadospuebla.com\\\/?p=85781\"]}]},{\"@type\":\"ImageObject\",\"inLanguage\":\"es\",\"@id\":\"https:\\\/\\\/www.aliadospuebla.com\\\/?p=85781#primaryimage\",\"url\":\"https:\\\/\\\/www.aliadospuebla.com\\\/web2017\\\/wp-content\\\/uploads\\\/2023\\\/12\\\/201.jpg\",\"contentUrl\":\"https:\\\/\\\/www.aliadospuebla.com\\\/web2017\\\/wp-content\\\/uploads\\\/2023\\\/12\\\/201.jpg\",\"width\":600,\"height\":450},{\"@type\":\"BreadcrumbList\",\"@id\":\"https:\\\/\\\/www.aliadospuebla.com\\\/?p=85781#breadcrumb\",\"itemListElement\":[{\"@type\":\"ListItem\",\"position\":1,\"name\":\"Portada\",\"item\":\"https:\\\/\\\/www.aliadospuebla.com\\\/\"},{\"@type\":\"ListItem\",\"position\":2,\"name\":\"La \u00abCanastita Poblana Navide\u00f1a\u00bb reuni\u00f3 a m\u00e1s de 6 mil poblanos en la Colonia Guadalupe Hidalgo\"}]},{\"@type\":\"WebSite\",\"@id\":\"https:\\\/\\\/www.aliadospuebla.com\\\/#website\",\"url\":\"https:\\\/\\\/www.aliadospuebla.com\\\/\",\"name\":\"AliadosPuebla\",\"description\":\"La informaci\u00f3n en tus manos\",\"potentialAction\":[{\"@type\":\"SearchAction\",\"target\":{\"@type\":\"EntryPoint\",\"urlTemplate\":\"https:\\\/\\\/www.aliadospuebla.com\\\/?s={search_term_string}\"},\"query-input\":{\"@type\":\"PropertyValueSpecification\",\"valueRequired\":true,\"valueName\":\"search_term_string\"}}],\"inLanguage\":\"es\"},{\"@type\":\"Person\",\"@id\":\"https:\\\/\\\/www.aliadospuebla.com\\\/#\\\/schema\\\/person\\\/5da7dd09320bd4f392b710017ed5f8ad\",\"name\":\"Aliados17\",\"image\":{\"@type\":\"ImageObject\",\"inLanguage\":\"es\",\"@id\":\"https:\\\/\\\/www.aliadospuebla.com\\\/web2017\\\/wp-content\\\/uploads\\\/2025\\\/03\\\/cropped-para-perfil-8-anos-1-96x96.jpg\",\"url\":\"https:\\\/\\\/www.aliadospuebla.com\\\/web2017\\\/wp-content\\\/uploads\\\/2025\\\/03\\\/cropped-para-perfil-8-anos-1-96x96.jpg\",\"contentUrl\":\"https:\\\/\\\/www.aliadospuebla.com\\\/web2017\\\/wp-content\\\/uploads\\\/2025\\\/03\\\/cropped-para-perfil-8-anos-1-96x96.jpg\",\"caption\":\"Aliados17\"},\"sameAs\":[\"https:\\\/\\\/www.aliados17.com\",\"https:\\\/\\\/www.facebook.com\\\/Aliados17Pue\",\"https:\\\/\\\/x.com\\\/AliadosPuebla\"],\"url\":\"https:\\\/\\\/www.aliadospuebla.com\\\/?author=2\"}]}<\/script>\n<!-- \/ Yoast SEO plugin. -->","yoast_head_json":{"title":"La \"Canastita Poblana Navide\u00f1a\" reuni\u00f3 a m\u00e1s de 6 mil poblanos en la Colonia Guadalupe Hidalgo - AliadosPuebla","robots":{"index":"index","follow":"follow","max-snippet":"max-snippet:-1","max-image-preview":"max-image-preview:large","max-video-preview":"max-video-preview:-1"},"canonical":"https:\/\/www.aliadospuebla.com\/?p=85781","og_locale":"es_ES","og_type":"article","og_title":"La \"Canastita Poblana Navide\u00f1a\" reuni\u00f3 a m\u00e1s de 6 mil poblanos en la Colonia Guadalupe Hidalgo - AliadosPuebla","og_description":"La sexta edici\u00f3n del proyecto impulsado por el legislador To\u00f1o L\u00f3pez impuls\u00f3 la econom\u00eda en este fin de a\u00f1o Puebla, Pue.- El presidente de la comisi\u00f3n de Bienestar, To\u00f1o L\u00f3pez, se\u00f1al\u00f3 sentirse agradecido con el cari\u00f1o de la gente. Agregando que cierra el a\u00f1o de la mejor manera y trabajando a favor de la econom\u00eda de las y los poblanos. \u00abMe siento contento con este logro en favor de miles de poblanas y poblanos, hoy, que la sociedad espera un relevo generacional de sus servidores p\u00fablicos me da gusto estar en sus \u00e1nimos\u00bb La gente lo est\u00e1 pidiendo, quiere servidores j\u00f3venes, din\u00e1micos, que de verdad ataquen los problemas sociales y generen estabilidad\u00a0 y resultados en todos los sentidos. La gente \u00abya se la sabe\u00bb \u00abya&hellip;Leer m\u00e1s...","og_url":"https:\/\/www.aliadospuebla.com\/?p=85781","og_site_name":"AliadosPuebla","article_author":"https:\/\/www.facebook.com\/Aliados17Pue","article_published_time":"2023-12-17T18:25:09+00:00","og_image":[{"width":600,"height":450,"url":"https:\/\/www.aliadospuebla.com\/web2017\/wp-content\/uploads\/2023\/12\/201.jpg","type":"image\/jpeg"}],"author":"Aliados17","twitter_card":"summary_large_image","twitter_creator":"@AliadosPuebla","twitter_misc":{"Escrito por":"Aliados17","Tiempo de lectura":"2 minutos"},"schema":{"@context":"https:\/\/schema.org","@graph":[{"@type":"Article","@id":"https:\/\/www.aliadospuebla.com\/?p=85781#article","isPartOf":{"@id":"https:\/\/www.aliadospuebla.com\/?p=85781"},"author":{"name":"Aliados17","@id":"https:\/\/www.aliadospuebla.com\/#\/schema\/person\/5da7dd09320bd4f392b710017ed5f8ad"},"headline":"La \u00abCanastita Poblana Navide\u00f1a\u00bb reuni\u00f3 a m\u00e1s de 6 mil poblanos en la Colonia Guadalupe Hidalgo","datePublished":"2023-12-17T18:25:09+00:00","mainEntityOfPage":{"@id":"https:\/\/www.aliadospuebla.com\/?p=85781"},"wordCount":339,"commentCount":0,"image":{"@id":"https:\/\/www.aliadospuebla.com\/?p=85781#primaryimage"},"thumbnailUrl":"https:\/\/www.aliadospuebla.com\/web2017\/wp-content\/uploads\/2023\/12\/201.jpg","keywords":["BIENESTAR","canastita poblana","CIUDADANOS","JUNTOS HAREMOS HISTORIA","proyectos inclusivos","RESPETO","To\u00f1o L\u00f3pez","UNIDAD"],"articleSection":["Capital"],"inLanguage":"es","potentialAction":[{"@type":"CommentAction","name":"Comment","target":["https:\/\/www.aliadospuebla.com\/?p=85781#respond"]}]},{"@type":"WebPage","@id":"https:\/\/www.aliadospuebla.com\/?p=85781","url":"https:\/\/www.aliadospuebla.com\/?p=85781","name":"La \"Canastita Poblana Navide\u00f1a\" reuni\u00f3 a m\u00e1s de 6 mil poblanos en la Colonia Guadalupe Hidalgo - AliadosPuebla","isPartOf":{"@id":"https:\/\/www.aliadospuebla.com\/#website"},"primaryImageOfPage":{"@id":"https:\/\/www.aliadospuebla.com\/?p=85781#primaryimage"},"image":{"@id":"https:\/\/www.aliadospuebla.com\/?p=85781#primaryimage"},"thumbnailUrl":"https:\/\/www.aliadospuebla.com\/web2017\/wp-content\/uploads\/2023\/12\/201.jpg","datePublished":"2023-12-17T18:25:09+00:00","author":{"@id":"https:\/\/www.aliadospuebla.com\/#\/schema\/person\/5da7dd09320bd4f392b710017ed5f8ad"},"breadcrumb":{"@id":"https:\/\/www.aliadospuebla.com\/?p=85781#breadcrumb"},"inLanguage":"es","potentialAction":[{"@type":"ReadAction","target":["https:\/\/www.aliadospuebla.com\/?p=85781"]}]},{"@type":"ImageObject","inLanguage":"es","@id":"https:\/\/www.aliadospuebla.com\/?p=85781#primaryimage","url":"https:\/\/www.aliadospuebla.com\/web2017\/wp-content\/uploads\/2023\/12\/201.jpg","contentUrl":"https:\/\/www.aliadospuebla.com\/web2017\/wp-content\/uploads\/2023\/12\/201.jpg","width":600,"height":450},{"@type":"BreadcrumbList","@id":"https:\/\/www.aliadospuebla.com\/?p=85781#breadcrumb","itemListElement":[{"@type":"ListItem","position":1,"name":"Portada","item":"https:\/\/www.aliadospuebla.com\/"},{"@type":"ListItem","position":2,"name":"La \u00abCanastita Poblana Navide\u00f1a\u00bb reuni\u00f3 a m\u00e1s de 6 mil poblanos en la Colonia Guadalupe Hidalgo"}]},{"@type":"WebSite","@id":"https:\/\/www.aliadospuebla.com\/#website","url":"https:\/\/www.aliadospuebla.com\/","name":"AliadosPuebla","description":"La informaci\u00f3n en tus manos","potentialAction":[{"@type":"SearchAction","target":{"@type":"EntryPoint","urlTemplate":"https:\/\/www.aliadospuebla.com\/?s={search_term_string}"},"query-input":{"@type":"PropertyValueSpecification","valueRequired":true,"valueName":"search_term_string"}}],"inLanguage":"es"},{"@type":"Person","@id":"https:\/\/www.aliadospuebla.com\/#\/schema\/person\/5da7dd09320bd4f392b710017ed5f8ad","name":"Aliados17","image":{"@type":"ImageObject","inLanguage":"es","@id":"https:\/\/www.aliadospuebla.com\/web2017\/wp-content\/uploads\/2025\/03\/cropped-para-perfil-8-anos-1-96x96.jpg","url":"https:\/\/www.aliadospuebla.com\/web2017\/wp-content\/uploads\/2025\/03\/cropped-para-perfil-8-anos-1-96x96.jpg","contentUrl":"https:\/\/www.aliadospuebla.com\/web2017\/wp-content\/uploads\/2025\/03\/cropped-para-perfil-8-anos-1-96x96.jpg","caption":"Aliados17"},"sameAs":["https:\/\/www.aliados17.com","https:\/\/www.facebook.com\/Aliados17Pue","https:\/\/x.com\/AliadosPuebla"],"url":"https:\/\/www.aliadospuebla.com\/?author=2"}]}},"views":9,"_links":{"self":[{"href":"https:\/\/www.aliadospuebla.com\/index.php?rest_route=\/wp\/v2\/posts\/85781","targetHints":{"allow":["GET"]}}],"collection":[{"href":"https:\/\/www.aliadospuebla.com\/index.php?rest_route=\/wp\/v2\/posts"}],"about":[{"href":"https:\/\/www.aliadospuebla.com\/index.php?rest_route=\/wp\/v2\/types\/post"}],"author":[{"embeddable":true,"href":"https:\/\/www.aliadospuebla.com\/index.php?rest_route=\/wp\/v2\/users\/2"}],"replies":[{"embeddable":true,"href":"https:\/\/www.aliadospuebla.com\/index.php?rest_route=%2Fwp%2Fv2%2Fcomments&post=85781"}],"version-history":[{"count":1,"href":"https:\/\/www.aliadospuebla.com\/index.php?rest_route=\/wp\/v2\/posts\/85781\/revisions"}],"predecessor-version":[{"id":85783,"href":"https:\/\/www.aliadospuebla.com\/index.php?rest_route=\/wp\/v2\/posts\/85781\/revisions\/85783"}],"wp:featuredmedia":[{"embeddable":true,"href":"https:\/\/www.aliadospuebla.com\/index.php?rest_route=\/wp\/v2\/media\/85782"}],"wp:attachment":[{"href":"https:\/\/www.aliadospuebla.com\/index.php?rest_route=%2Fwp%2Fv2%2Fmedia&parent=85781"}],"wp:term":[{"taxonomy":"category","embeddable":true,"href":"https:\/\/www.aliadospuebla.com\/index.php?rest_route=%2Fwp%2Fv2%2Fcategories&post=85781"},{"taxonomy":"post_tag","embeddable":true,"href":"https:\/\/www.aliadospuebla.com\/index.php?rest_route=%2Fwp%2Fv2%2Ftags&post=85781"}],"curies":[{"name":"wp","href":"https:\/\/api.w.org\/{rel}","templated":true}]}}