{"id":85701,"date":"2023-12-14T18:20:17","date_gmt":"2023-12-15T00:20:17","guid":{"rendered":"https:\/\/www.aliados17.com\/?p=85701"},"modified":"2023-12-14T18:20:17","modified_gmt":"2023-12-15T00:20:17","slug":"asiste-la-presidenta-municipal-de-tlaxcala-a-sesion-de-consejo-consultivo-del-bienestar","status":"publish","type":"post","link":"https:\/\/www.aliadospuebla.com\/?p=85701","title":{"rendered":"Asiste la presidenta municipal de Tlaxcala a sesi\u00f3n de Consejo Consultivo del Bienestar"},"content":{"rendered":"<p>La presidenta municipal de Tlaxcala, Maribel P\u00e9rez Arenas, particip\u00f3 la cuarta sesi\u00f3n ordinaria de este a\u00f1o, del comit\u00e9 Consultivo de<\/p>\n<p>Bienestar y desarrollo social del estado.<\/p>\n<p>C\u00f3mo punto principal de la reuni\u00f3n en la que estuvo presente la Secretar\u00eda del Bienestar, Estela \u00c1lvarez,\u00a0 se dio el seguimiento de acuerdos<\/p>\n<p>realizados en la tercera sesi\u00f3n ordinaria.<\/p>\n<p>En la reuni\u00f3n que se llev\u00f3 a cabo en Casa de Gobierno, se dio \u00e9nfasis en la importancia de la difusi\u00f3n de los programas de la iniciativa (Club<\/p>\n<p>Rotario) Te damos una Mano, Enchulame la Silla y se llev\u00f3 acab\u00f3 el informe de indicadores de la ejecuci\u00f3n de programas de Bienestar y<\/p>\n<p>desarrollo social cumplidos en un 97 por ciento.<\/p>\n<p>En dicha reuni\u00f3n, se hablo de los programas de salud, as\u00ed como el inicio de la credencializaci\u00f3n del Servicio de salud IMSS &#8211; Bienestar.<\/p>\n<p>Otro punto que se abord\u00f3, fueron las diversas acciones que se llevaran a cabo, para las \u00e9pocas de fr\u00edo, como es la entrega de cobijas con<\/p>\n<p>respaldo de la fundaci\u00f3n de providencia y la Cruz Roja, en el municipio de Tlaxco.<\/p>\n","protected":false},"excerpt":{"rendered":"<p>La presidenta municipal de Tlaxcala, Maribel P\u00e9rez Arenas, particip\u00f3 la cuarta sesi\u00f3n ordinaria de este a\u00f1o, del comit\u00e9 Consultivo de Bienestar y desarrollo social del estado. C\u00f3mo punto principal de la reuni\u00f3n en la que estuvo presente la Secretar\u00eda del Bienestar, Estela \u00c1lvarez,\u00a0 se dio el seguimiento de acuerdos realizados en la tercera sesi\u00f3n ordinaria. En la reuni\u00f3n que se llev\u00f3 a cabo en Casa de Gobierno, se dio \u00e9nfasis en la importancia de la difusi\u00f3n de los programas de la iniciativa (Club Rotario) Te damos una Mano, Enchulame la Silla y se llev\u00f3 acab\u00f3 el informe de indicadores de la ejecuci\u00f3n de programas de Bienestar y desarrollo social cumplidos en un 97 por ciento. En dicha reuni\u00f3n, se hablo de los programas de salud,&hellip;<\/p>\n<p class=\"excerpt-more\"><a class=\"blog-excerpt button\" href=\"https:\/\/www.aliadospuebla.com\/?p=85701\">Leer m\u00e1s&#8230;<\/a><\/p>\n","protected":false},"author":2,"featured_media":85709,"comment_status":"open","ping_status":"open","sticky":false,"template":"","format":"standard","meta":{"_monsterinsights_skip_tracking":false,"footnotes":""},"categories":[8304],"tags":[13389,11026,10636,22759,8056,13188,17715,13795,14620,63,19283,14621,14143],"class_list":["post-85701","post","type-post","status-publish","format-standard","has-post-thumbnail","hentry","category-nacional","tag-cholula-udlap","tag-ciudad-de-puebla","tag-estado-de-puebla","tag-estado-de-puelba","tag-gobierno-de-puebla","tag-politica-puebla","tag-puebla-estado","tag-puebla-gobierno","tag-puebla-udlap","tag-udlap","tag-udlap-cholula","tag-udlap-puebla","tag-universidades-de-puebla"],"yoast_head":"<!-- This site is optimized with the Yoast SEO plugin v28.4 - https:\/\/yoast.com\/product\/yoast-seo-wordpress\/ -->\n<title>Asiste la presidenta municipal de Tlaxcala a sesi\u00f3n de Consejo Consultivo del Bienestar - AliadosPuebla<\/title>\n<meta name=\"robots\" content=\"index, follow, max-snippet:-1, max-image-preview:large, max-video-preview:-1\" \/>\n<link rel=\"canonical\" href=\"https:\/\/www.aliadospuebla.com\/?p=85701\" \/>\n<meta property=\"og:locale\" content=\"es_ES\" \/>\n<meta property=\"og:type\" content=\"article\" \/>\n<meta property=\"og:title\" content=\"Asiste la presidenta municipal de Tlaxcala a sesi\u00f3n de Consejo Consultivo del Bienestar - AliadosPuebla\" \/>\n<meta property=\"og:description\" content=\"La presidenta municipal de Tlaxcala, Maribel P\u00e9rez Arenas, particip\u00f3 la cuarta sesi\u00f3n ordinaria de este a\u00f1o, del comit\u00e9 Consultivo de Bienestar y desarrollo social del estado. C\u00f3mo punto principal de la reuni\u00f3n en la que estuvo presente la Secretar\u00eda del Bienestar, Estela \u00c1lvarez,\u00a0 se dio el seguimiento de acuerdos realizados en la tercera sesi\u00f3n ordinaria. En la reuni\u00f3n que se llev\u00f3 a cabo en Casa de Gobierno, se dio \u00e9nfasis en la importancia de la difusi\u00f3n de los programas de la iniciativa (Club Rotario) Te damos una Mano, Enchulame la Silla y se llev\u00f3 acab\u00f3 el informe de indicadores de la ejecuci\u00f3n de programas de Bienestar y desarrollo social cumplidos en un 97 por ciento. En dicha reuni\u00f3n, se hablo de los programas de salud,&hellip;Leer m\u00e1s...\" \/>\n<meta property=\"og:url\" content=\"https:\/\/www.aliadospuebla.com\/?p=85701\" \/>\n<meta property=\"og:site_name\" content=\"AliadosPuebla\" \/>\n<meta property=\"article:author\" content=\"https:\/\/www.facebook.com\/Aliados17Pue\" \/>\n<meta property=\"article:published_time\" content=\"2023-12-15T00:20:17+00:00\" \/>\n<meta property=\"og:image\" content=\"https:\/\/www.aliadospuebla.com\/web2017\/wp-content\/uploads\/2023\/12\/9fb8b635-d126-40c1-8e74-d06987cf0efe.jpg\" \/>\n\t<meta property=\"og:image:width\" content=\"1600\" \/>\n\t<meta property=\"og:image:height\" content=\"1066\" \/>\n\t<meta property=\"og:image:type\" content=\"image\/jpeg\" \/>\n<meta name=\"author\" content=\"Aliados17\" \/>\n<meta name=\"twitter:card\" content=\"summary_large_image\" \/>\n<meta name=\"twitter:creator\" content=\"@AliadosPuebla\" \/>\n<meta name=\"twitter:label1\" content=\"Escrito por\" \/>\n\t<meta name=\"twitter:data1\" content=\"Aliados17\" \/>\n\t<meta name=\"twitter:label2\" content=\"Tiempo de lectura\" \/>\n\t<meta name=\"twitter:data2\" content=\"1 minuto\" \/>\n<script type=\"application\/ld+json\" class=\"yoast-schema-graph\">{\"@context\":\"https:\\\/\\\/schema.org\",\"@graph\":[{\"@type\":\"Article\",\"@id\":\"https:\\\/\\\/www.aliadospuebla.com\\\/?p=85701#article\",\"isPartOf\":{\"@id\":\"https:\\\/\\\/www.aliadospuebla.com\\\/?p=85701\"},\"author\":{\"name\":\"Aliados17\",\"@id\":\"https:\\\/\\\/www.aliadospuebla.com\\\/#\\\/schema\\\/person\\\/5da7dd09320bd4f392b710017ed5f8ad\"},\"headline\":\"Asiste la presidenta municipal de Tlaxcala a sesi\u00f3n de Consejo Consultivo del Bienestar\",\"datePublished\":\"2023-12-15T00:20:17+00:00\",\"mainEntityOfPage\":{\"@id\":\"https:\\\/\\\/www.aliadospuebla.com\\\/?p=85701\"},\"wordCount\":207,\"commentCount\":0,\"image\":{\"@id\":\"https:\\\/\\\/www.aliadospuebla.com\\\/?p=85701#primaryimage\"},\"thumbnailUrl\":\"https:\\\/\\\/www.aliadospuebla.com\\\/web2017\\\/wp-content\\\/uploads\\\/2023\\\/12\\\/9fb8b635-d126-40c1-8e74-d06987cf0efe.jpg\",\"keywords\":[\"Cholula UDLAP\",\"CIUDAD DE PUEBLA\",\"ESTADO DE PUEBLA\",\"Estado de puelba\",\"GOBIERNO DE PUEBLA\",\"Politica Puebla\",\"Puebla estado\",\"Puebla gobierno\",\"Puebla UDLAP\",\"Udlap\",\"Udlap cholula\",\"UDLAP Puebla\",\"Universidades de Puebla\"],\"articleSection\":[\"Nacional\"],\"inLanguage\":\"es\",\"potentialAction\":[{\"@type\":\"CommentAction\",\"name\":\"Comment\",\"target\":[\"https:\\\/\\\/www.aliadospuebla.com\\\/?p=85701#respond\"]}]},{\"@type\":\"WebPage\",\"@id\":\"https:\\\/\\\/www.aliadospuebla.com\\\/?p=85701\",\"url\":\"https:\\\/\\\/www.aliadospuebla.com\\\/?p=85701\",\"name\":\"Asiste la presidenta municipal de Tlaxcala a sesi\u00f3n de Consejo Consultivo del Bienestar - AliadosPuebla\",\"isPartOf\":{\"@id\":\"https:\\\/\\\/www.aliadospuebla.com\\\/#website\"},\"primaryImageOfPage\":{\"@id\":\"https:\\\/\\\/www.aliadospuebla.com\\\/?p=85701#primaryimage\"},\"image\":{\"@id\":\"https:\\\/\\\/www.aliadospuebla.com\\\/?p=85701#primaryimage\"},\"thumbnailUrl\":\"https:\\\/\\\/www.aliadospuebla.com\\\/web2017\\\/wp-content\\\/uploads\\\/2023\\\/12\\\/9fb8b635-d126-40c1-8e74-d06987cf0efe.jpg\",\"datePublished\":\"2023-12-15T00:20:17+00:00\",\"author\":{\"@id\":\"https:\\\/\\\/www.aliadospuebla.com\\\/#\\\/schema\\\/person\\\/5da7dd09320bd4f392b710017ed5f8ad\"},\"breadcrumb\":{\"@id\":\"https:\\\/\\\/www.aliadospuebla.com\\\/?p=85701#breadcrumb\"},\"inLanguage\":\"es\",\"potentialAction\":[{\"@type\":\"ReadAction\",\"target\":[\"https:\\\/\\\/www.aliadospuebla.com\\\/?p=85701\"]}]},{\"@type\":\"ImageObject\",\"inLanguage\":\"es\",\"@id\":\"https:\\\/\\\/www.aliadospuebla.com\\\/?p=85701#primaryimage\",\"url\":\"https:\\\/\\\/www.aliadospuebla.com\\\/web2017\\\/wp-content\\\/uploads\\\/2023\\\/12\\\/9fb8b635-d126-40c1-8e74-d06987cf0efe.jpg\",\"contentUrl\":\"https:\\\/\\\/www.aliadospuebla.com\\\/web2017\\\/wp-content\\\/uploads\\\/2023\\\/12\\\/9fb8b635-d126-40c1-8e74-d06987cf0efe.jpg\",\"width\":1600,\"height\":1066},{\"@type\":\"BreadcrumbList\",\"@id\":\"https:\\\/\\\/www.aliadospuebla.com\\\/?p=85701#breadcrumb\",\"itemListElement\":[{\"@type\":\"ListItem\",\"position\":1,\"name\":\"Portada\",\"item\":\"https:\\\/\\\/www.aliadospuebla.com\\\/\"},{\"@type\":\"ListItem\",\"position\":2,\"name\":\"Asiste la presidenta municipal de Tlaxcala a sesi\u00f3n de Consejo Consultivo del Bienestar\"}]},{\"@type\":\"WebSite\",\"@id\":\"https:\\\/\\\/www.aliadospuebla.com\\\/#website\",\"url\":\"https:\\\/\\\/www.aliadospuebla.com\\\/\",\"name\":\"AliadosPuebla\",\"description\":\"La informaci\u00f3n en tus manos\",\"potentialAction\":[{\"@type\":\"SearchAction\",\"target\":{\"@type\":\"EntryPoint\",\"urlTemplate\":\"https:\\\/\\\/www.aliadospuebla.com\\\/?s={search_term_string}\"},\"query-input\":{\"@type\":\"PropertyValueSpecification\",\"valueRequired\":true,\"valueName\":\"search_term_string\"}}],\"inLanguage\":\"es\"},{\"@type\":\"Person\",\"@id\":\"https:\\\/\\\/www.aliadospuebla.com\\\/#\\\/schema\\\/person\\\/5da7dd09320bd4f392b710017ed5f8ad\",\"name\":\"Aliados17\",\"image\":{\"@type\":\"ImageObject\",\"inLanguage\":\"es\",\"@id\":\"https:\\\/\\\/www.aliadospuebla.com\\\/web2017\\\/wp-content\\\/uploads\\\/2025\\\/03\\\/cropped-para-perfil-8-anos-1-96x96.jpg\",\"url\":\"https:\\\/\\\/www.aliadospuebla.com\\\/web2017\\\/wp-content\\\/uploads\\\/2025\\\/03\\\/cropped-para-perfil-8-anos-1-96x96.jpg\",\"contentUrl\":\"https:\\\/\\\/www.aliadospuebla.com\\\/web2017\\\/wp-content\\\/uploads\\\/2025\\\/03\\\/cropped-para-perfil-8-anos-1-96x96.jpg\",\"caption\":\"Aliados17\"},\"sameAs\":[\"https:\\\/\\\/www.aliados17.com\",\"https:\\\/\\\/www.facebook.com\\\/Aliados17Pue\",\"https:\\\/\\\/x.com\\\/AliadosPuebla\"],\"url\":\"https:\\\/\\\/www.aliadospuebla.com\\\/?author=2\"}]}<\/script>\n<!-- \/ Yoast SEO plugin. -->","yoast_head_json":{"title":"Asiste la presidenta municipal de Tlaxcala a sesi\u00f3n de Consejo Consultivo del Bienestar - AliadosPuebla","robots":{"index":"index","follow":"follow","max-snippet":"max-snippet:-1","max-image-preview":"max-image-preview:large","max-video-preview":"max-video-preview:-1"},"canonical":"https:\/\/www.aliadospuebla.com\/?p=85701","og_locale":"es_ES","og_type":"article","og_title":"Asiste la presidenta municipal de Tlaxcala a sesi\u00f3n de Consejo Consultivo del Bienestar - AliadosPuebla","og_description":"La presidenta municipal de Tlaxcala, Maribel P\u00e9rez Arenas, particip\u00f3 la cuarta sesi\u00f3n ordinaria de este a\u00f1o, del comit\u00e9 Consultivo de Bienestar y desarrollo social del estado. C\u00f3mo punto principal de la reuni\u00f3n en la que estuvo presente la Secretar\u00eda del Bienestar, Estela \u00c1lvarez,\u00a0 se dio el seguimiento de acuerdos realizados en la tercera sesi\u00f3n ordinaria. En la reuni\u00f3n que se llev\u00f3 a cabo en Casa de Gobierno, se dio \u00e9nfasis en la importancia de la difusi\u00f3n de los programas de la iniciativa (Club Rotario) Te damos una Mano, Enchulame la Silla y se llev\u00f3 acab\u00f3 el informe de indicadores de la ejecuci\u00f3n de programas de Bienestar y desarrollo social cumplidos en un 97 por ciento. En dicha reuni\u00f3n, se hablo de los programas de salud,&hellip;Leer m\u00e1s...","og_url":"https:\/\/www.aliadospuebla.com\/?p=85701","og_site_name":"AliadosPuebla","article_author":"https:\/\/www.facebook.com\/Aliados17Pue","article_published_time":"2023-12-15T00:20:17+00:00","og_image":[{"width":1600,"height":1066,"url":"https:\/\/www.aliadospuebla.com\/web2017\/wp-content\/uploads\/2023\/12\/9fb8b635-d126-40c1-8e74-d06987cf0efe.jpg","type":"image\/jpeg"}],"author":"Aliados17","twitter_card":"summary_large_image","twitter_creator":"@AliadosPuebla","twitter_misc":{"Escrito por":"Aliados17","Tiempo de lectura":"1 minuto"},"schema":{"@context":"https:\/\/schema.org","@graph":[{"@type":"Article","@id":"https:\/\/www.aliadospuebla.com\/?p=85701#article","isPartOf":{"@id":"https:\/\/www.aliadospuebla.com\/?p=85701"},"author":{"name":"Aliados17","@id":"https:\/\/www.aliadospuebla.com\/#\/schema\/person\/5da7dd09320bd4f392b710017ed5f8ad"},"headline":"Asiste la presidenta municipal de Tlaxcala a sesi\u00f3n de Consejo Consultivo del Bienestar","datePublished":"2023-12-15T00:20:17+00:00","mainEntityOfPage":{"@id":"https:\/\/www.aliadospuebla.com\/?p=85701"},"wordCount":207,"commentCount":0,"image":{"@id":"https:\/\/www.aliadospuebla.com\/?p=85701#primaryimage"},"thumbnailUrl":"https:\/\/www.aliadospuebla.com\/web2017\/wp-content\/uploads\/2023\/12\/9fb8b635-d126-40c1-8e74-d06987cf0efe.jpg","keywords":["Cholula UDLAP","CIUDAD DE PUEBLA","ESTADO DE PUEBLA","Estado de puelba","GOBIERNO DE PUEBLA","Politica Puebla","Puebla estado","Puebla gobierno","Puebla UDLAP","Udlap","Udlap cholula","UDLAP Puebla","Universidades de Puebla"],"articleSection":["Nacional"],"inLanguage":"es","potentialAction":[{"@type":"CommentAction","name":"Comment","target":["https:\/\/www.aliadospuebla.com\/?p=85701#respond"]}]},{"@type":"WebPage","@id":"https:\/\/www.aliadospuebla.com\/?p=85701","url":"https:\/\/www.aliadospuebla.com\/?p=85701","name":"Asiste la presidenta municipal de Tlaxcala a sesi\u00f3n de Consejo Consultivo del Bienestar - AliadosPuebla","isPartOf":{"@id":"https:\/\/www.aliadospuebla.com\/#website"},"primaryImageOfPage":{"@id":"https:\/\/www.aliadospuebla.com\/?p=85701#primaryimage"},"image":{"@id":"https:\/\/www.aliadospuebla.com\/?p=85701#primaryimage"},"thumbnailUrl":"https:\/\/www.aliadospuebla.com\/web2017\/wp-content\/uploads\/2023\/12\/9fb8b635-d126-40c1-8e74-d06987cf0efe.jpg","datePublished":"2023-12-15T00:20:17+00:00","author":{"@id":"https:\/\/www.aliadospuebla.com\/#\/schema\/person\/5da7dd09320bd4f392b710017ed5f8ad"},"breadcrumb":{"@id":"https:\/\/www.aliadospuebla.com\/?p=85701#breadcrumb"},"inLanguage":"es","potentialAction":[{"@type":"ReadAction","target":["https:\/\/www.aliadospuebla.com\/?p=85701"]}]},{"@type":"ImageObject","inLanguage":"es","@id":"https:\/\/www.aliadospuebla.com\/?p=85701#primaryimage","url":"https:\/\/www.aliadospuebla.com\/web2017\/wp-content\/uploads\/2023\/12\/9fb8b635-d126-40c1-8e74-d06987cf0efe.jpg","contentUrl":"https:\/\/www.aliadospuebla.com\/web2017\/wp-content\/uploads\/2023\/12\/9fb8b635-d126-40c1-8e74-d06987cf0efe.jpg","width":1600,"height":1066},{"@type":"BreadcrumbList","@id":"https:\/\/www.aliadospuebla.com\/?p=85701#breadcrumb","itemListElement":[{"@type":"ListItem","position":1,"name":"Portada","item":"https:\/\/www.aliadospuebla.com\/"},{"@type":"ListItem","position":2,"name":"Asiste la presidenta municipal de Tlaxcala a sesi\u00f3n de Consejo Consultivo del Bienestar"}]},{"@type":"WebSite","@id":"https:\/\/www.aliadospuebla.com\/#website","url":"https:\/\/www.aliadospuebla.com\/","name":"AliadosPuebla","description":"La informaci\u00f3n en tus manos","potentialAction":[{"@type":"SearchAction","target":{"@type":"EntryPoint","urlTemplate":"https:\/\/www.aliadospuebla.com\/?s={search_term_string}"},"query-input":{"@type":"PropertyValueSpecification","valueRequired":true,"valueName":"search_term_string"}}],"inLanguage":"es"},{"@type":"Person","@id":"https:\/\/www.aliadospuebla.com\/#\/schema\/person\/5da7dd09320bd4f392b710017ed5f8ad","name":"Aliados17","image":{"@type":"ImageObject","inLanguage":"es","@id":"https:\/\/www.aliadospuebla.com\/web2017\/wp-content\/uploads\/2025\/03\/cropped-para-perfil-8-anos-1-96x96.jpg","url":"https:\/\/www.aliadospuebla.com\/web2017\/wp-content\/uploads\/2025\/03\/cropped-para-perfil-8-anos-1-96x96.jpg","contentUrl":"https:\/\/www.aliadospuebla.com\/web2017\/wp-content\/uploads\/2025\/03\/cropped-para-perfil-8-anos-1-96x96.jpg","caption":"Aliados17"},"sameAs":["https:\/\/www.aliados17.com","https:\/\/www.facebook.com\/Aliados17Pue","https:\/\/x.com\/AliadosPuebla"],"url":"https:\/\/www.aliadospuebla.com\/?author=2"}]}},"views":16,"_links":{"self":[{"href":"https:\/\/www.aliadospuebla.com\/index.php?rest_route=\/wp\/v2\/posts\/85701","targetHints":{"allow":["GET"]}}],"collection":[{"href":"https:\/\/www.aliadospuebla.com\/index.php?rest_route=\/wp\/v2\/posts"}],"about":[{"href":"https:\/\/www.aliadospuebla.com\/index.php?rest_route=\/wp\/v2\/types\/post"}],"author":[{"embeddable":true,"href":"https:\/\/www.aliadospuebla.com\/index.php?rest_route=\/wp\/v2\/users\/2"}],"replies":[{"embeddable":true,"href":"https:\/\/www.aliadospuebla.com\/index.php?rest_route=%2Fwp%2Fv2%2Fcomments&post=85701"}],"version-history":[{"count":1,"href":"https:\/\/www.aliadospuebla.com\/index.php?rest_route=\/wp\/v2\/posts\/85701\/revisions"}],"predecessor-version":[{"id":85715,"href":"https:\/\/www.aliadospuebla.com\/index.php?rest_route=\/wp\/v2\/posts\/85701\/revisions\/85715"}],"wp:featuredmedia":[{"embeddable":true,"href":"https:\/\/www.aliadospuebla.com\/index.php?rest_route=\/wp\/v2\/media\/85709"}],"wp:attachment":[{"href":"https:\/\/www.aliadospuebla.com\/index.php?rest_route=%2Fwp%2Fv2%2Fmedia&parent=85701"}],"wp:term":[{"taxonomy":"category","embeddable":true,"href":"https:\/\/www.aliadospuebla.com\/index.php?rest_route=%2Fwp%2Fv2%2Fcategories&post=85701"},{"taxonomy":"post_tag","embeddable":true,"href":"https:\/\/www.aliadospuebla.com\/index.php?rest_route=%2Fwp%2Fv2%2Ftags&post=85701"}],"curies":[{"name":"wp","href":"https:\/\/api.w.org\/{rel}","templated":true}]}}