{"id":85371,"date":"2023-12-05T10:00:02","date_gmt":"2023-12-05T16:00:02","guid":{"rendered":"https:\/\/www.aliados17.com\/?p=85371"},"modified":"2023-12-05T10:00:02","modified_gmt":"2023-12-05T16:00:02","slug":"secretaria-de-seguridad-ciudadana-de-amozoc-realiza-jornada-integral-en-escuelas","status":"publish","type":"post","link":"https:\/\/www.aliadospuebla.com\/?p=85371","title":{"rendered":"Secretar\u00eda de Seguridad Ciudadana de Amozoc realiza jornada integral en escuelas"},"content":{"rendered":"<h4>Tras instrucciones del alcalde Mario de la Rosa Romero, el \u00e1rea de Prevenci\u00f3n del Delito organiz\u00f3 una jornada integral de informaci\u00f3n en la escuela Secundaria Oficial Manuel Bernal L\u00f3pez.<\/h4>\n<p>Fueron las \u00e1reas de Bomberos, Seguridad Ciudadana, Tr\u00e1nsito Municipal,<\/p>\n<p>Protecci\u00f3n Civil y Prevenci\u00f3n del Delito las encargadas de dar detalles,<\/p>\n<p>consejos y recomendaciones a los estudiantes de los diferentes niveles educativos<\/p>\n<p>pertenecientes a la instituci\u00f3n.<\/p>\n<p>Asimismo se realizaron din\u00e1micas con el prop\u00f3sito de que los alumnos conozcan las funciones<\/p>\n<p>y servicios que ofrece cada \u00e1rea.<\/p>\n<p>Con hechos y acciones, el Gobierno Municipal refrenda su compromiso con la prevenci\u00f3n,<\/p>\n<p>la seguridad y la protecci\u00f3n de los estudiantes amozoquenses.<\/p>\n","protected":false},"excerpt":{"rendered":"<p>Tras instrucciones del alcalde Mario de la Rosa Romero, el \u00e1rea de Prevenci\u00f3n del Delito organiz\u00f3 una jornada integral de informaci\u00f3n en la escuela Secundaria Oficial Manuel Bernal L\u00f3pez. Fueron las \u00e1reas de Bomberos, Seguridad Ciudadana, Tr\u00e1nsito Municipal, Protecci\u00f3n Civil y Prevenci\u00f3n del Delito las encargadas de dar detalles, consejos y recomendaciones a los estudiantes de los diferentes niveles educativos pertenecientes a la instituci\u00f3n. Asimismo se realizaron din\u00e1micas con el prop\u00f3sito de que los alumnos conozcan las funciones y servicios que ofrece cada \u00e1rea. Con hechos y acciones, el Gobierno Municipal refrenda su compromiso con la prevenci\u00f3n, la seguridad y la protecci\u00f3n de los estudiantes amozoquenses.<\/p>\n","protected":false},"author":2,"featured_media":85372,"comment_status":"open","ping_status":"open","sticky":false,"template":"","format":"standard","meta":{"_monsterinsights_skip_tracking":false,"footnotes":""},"categories":[4],"tags":[1667,8898,963,109,20,10180],"class_list":["post-85371","post","type-post","status-publish","format-standard","has-post-thumbnail","hentry","category-municipios","tag-amozoc","tag-mario-de-la-rosa-romero","tag-prevencion-del-delito","tag-proteccion-civil","tag-seguridad","tag-ssc"],"yoast_head":"<!-- This site is optimized with the Yoast SEO plugin v28.4 - https:\/\/yoast.com\/product\/yoast-seo-wordpress\/ -->\n<title>Secretar\u00eda de Seguridad Ciudadana de Amozoc realiza jornada integral en escuelas - AliadosPuebla<\/title>\n<meta name=\"robots\" content=\"index, follow, max-snippet:-1, max-image-preview:large, max-video-preview:-1\" \/>\n<link rel=\"canonical\" href=\"https:\/\/www.aliadospuebla.com\/?p=85371\" \/>\n<meta property=\"og:locale\" content=\"es_ES\" \/>\n<meta property=\"og:type\" content=\"article\" \/>\n<meta property=\"og:title\" content=\"Secretar\u00eda de Seguridad Ciudadana de Amozoc realiza jornada integral en escuelas - AliadosPuebla\" \/>\n<meta property=\"og:description\" content=\"Tras instrucciones del alcalde Mario de la Rosa Romero, el \u00e1rea de Prevenci\u00f3n del Delito organiz\u00f3 una jornada integral de informaci\u00f3n en la escuela Secundaria Oficial Manuel Bernal L\u00f3pez. Fueron las \u00e1reas de Bomberos, Seguridad Ciudadana, Tr\u00e1nsito Municipal, Protecci\u00f3n Civil y Prevenci\u00f3n del Delito las encargadas de dar detalles, consejos y recomendaciones a los estudiantes de los diferentes niveles educativos pertenecientes a la instituci\u00f3n. Asimismo se realizaron din\u00e1micas con el prop\u00f3sito de que los alumnos conozcan las funciones y servicios que ofrece cada \u00e1rea. Con hechos y acciones, el Gobierno Municipal refrenda su compromiso con la prevenci\u00f3n, la seguridad y la protecci\u00f3n de los estudiantes amozoquenses.\" \/>\n<meta property=\"og:url\" content=\"https:\/\/www.aliadospuebla.com\/?p=85371\" \/>\n<meta property=\"og:site_name\" content=\"AliadosPuebla\" \/>\n<meta property=\"article:author\" content=\"https:\/\/www.facebook.com\/Aliados17Pue\" \/>\n<meta property=\"article:published_time\" content=\"2023-12-05T16:00:02+00:00\" \/>\n<meta property=\"og:image\" content=\"https:\/\/www.aliadospuebla.com\/web2017\/wp-content\/uploads\/2023\/12\/199.jpg\" \/>\n\t<meta property=\"og:image:width\" content=\"600\" \/>\n\t<meta property=\"og:image:height\" content=\"450\" \/>\n\t<meta property=\"og:image:type\" content=\"image\/jpeg\" \/>\n<meta name=\"author\" content=\"Aliados17\" \/>\n<meta name=\"twitter:card\" content=\"summary_large_image\" \/>\n<meta name=\"twitter:creator\" content=\"@AliadosPuebla\" \/>\n<meta name=\"twitter:label1\" content=\"Escrito por\" \/>\n\t<meta name=\"twitter:data1\" content=\"Aliados17\" \/>\n\t<meta name=\"twitter:label2\" content=\"Tiempo de lectura\" \/>\n\t<meta name=\"twitter:data2\" content=\"1 minuto\" \/>\n<script type=\"application\/ld+json\" class=\"yoast-schema-graph\">{\"@context\":\"https:\\\/\\\/schema.org\",\"@graph\":[{\"@type\":\"Article\",\"@id\":\"https:\\\/\\\/www.aliadospuebla.com\\\/?p=85371#article\",\"isPartOf\":{\"@id\":\"https:\\\/\\\/www.aliadospuebla.com\\\/?p=85371\"},\"author\":{\"name\":\"Aliados17\",\"@id\":\"https:\\\/\\\/www.aliadospuebla.com\\\/#\\\/schema\\\/person\\\/5da7dd09320bd4f392b710017ed5f8ad\"},\"headline\":\"Secretar\u00eda de Seguridad Ciudadana de Amozoc realiza jornada integral en escuelas\",\"datePublished\":\"2023-12-05T16:00:02+00:00\",\"mainEntityOfPage\":{\"@id\":\"https:\\\/\\\/www.aliadospuebla.com\\\/?p=85371\"},\"wordCount\":129,\"commentCount\":0,\"image\":{\"@id\":\"https:\\\/\\\/www.aliadospuebla.com\\\/?p=85371#primaryimage\"},\"thumbnailUrl\":\"https:\\\/\\\/www.aliadospuebla.com\\\/web2017\\\/wp-content\\\/uploads\\\/2023\\\/12\\\/199.jpg\",\"keywords\":[\"AMOZOC\",\"MARIO DE LA ROSA ROMERO\",\"PREVENCI\u00d3N DEL DELITO\",\"protecci\u00f3n civil\",\"Seguridad\",\"SSC\"],\"articleSection\":[\"Municipios\"],\"inLanguage\":\"es\",\"potentialAction\":[{\"@type\":\"CommentAction\",\"name\":\"Comment\",\"target\":[\"https:\\\/\\\/www.aliadospuebla.com\\\/?p=85371#respond\"]}]},{\"@type\":\"WebPage\",\"@id\":\"https:\\\/\\\/www.aliadospuebla.com\\\/?p=85371\",\"url\":\"https:\\\/\\\/www.aliadospuebla.com\\\/?p=85371\",\"name\":\"Secretar\u00eda de Seguridad Ciudadana de Amozoc realiza jornada integral en escuelas - AliadosPuebla\",\"isPartOf\":{\"@id\":\"https:\\\/\\\/www.aliadospuebla.com\\\/#website\"},\"primaryImageOfPage\":{\"@id\":\"https:\\\/\\\/www.aliadospuebla.com\\\/?p=85371#primaryimage\"},\"image\":{\"@id\":\"https:\\\/\\\/www.aliadospuebla.com\\\/?p=85371#primaryimage\"},\"thumbnailUrl\":\"https:\\\/\\\/www.aliadospuebla.com\\\/web2017\\\/wp-content\\\/uploads\\\/2023\\\/12\\\/199.jpg\",\"datePublished\":\"2023-12-05T16:00:02+00:00\",\"author\":{\"@id\":\"https:\\\/\\\/www.aliadospuebla.com\\\/#\\\/schema\\\/person\\\/5da7dd09320bd4f392b710017ed5f8ad\"},\"breadcrumb\":{\"@id\":\"https:\\\/\\\/www.aliadospuebla.com\\\/?p=85371#breadcrumb\"},\"inLanguage\":\"es\",\"potentialAction\":[{\"@type\":\"ReadAction\",\"target\":[\"https:\\\/\\\/www.aliadospuebla.com\\\/?p=85371\"]}]},{\"@type\":\"ImageObject\",\"inLanguage\":\"es\",\"@id\":\"https:\\\/\\\/www.aliadospuebla.com\\\/?p=85371#primaryimage\",\"url\":\"https:\\\/\\\/www.aliadospuebla.com\\\/web2017\\\/wp-content\\\/uploads\\\/2023\\\/12\\\/199.jpg\",\"contentUrl\":\"https:\\\/\\\/www.aliadospuebla.com\\\/web2017\\\/wp-content\\\/uploads\\\/2023\\\/12\\\/199.jpg\",\"width\":600,\"height\":450},{\"@type\":\"BreadcrumbList\",\"@id\":\"https:\\\/\\\/www.aliadospuebla.com\\\/?p=85371#breadcrumb\",\"itemListElement\":[{\"@type\":\"ListItem\",\"position\":1,\"name\":\"Portada\",\"item\":\"https:\\\/\\\/www.aliadospuebla.com\\\/\"},{\"@type\":\"ListItem\",\"position\":2,\"name\":\"Secretar\u00eda de Seguridad Ciudadana de Amozoc realiza jornada integral en escuelas\"}]},{\"@type\":\"WebSite\",\"@id\":\"https:\\\/\\\/www.aliadospuebla.com\\\/#website\",\"url\":\"https:\\\/\\\/www.aliadospuebla.com\\\/\",\"name\":\"AliadosPuebla\",\"description\":\"La informaci\u00f3n en tus manos\",\"potentialAction\":[{\"@type\":\"SearchAction\",\"target\":{\"@type\":\"EntryPoint\",\"urlTemplate\":\"https:\\\/\\\/www.aliadospuebla.com\\\/?s={search_term_string}\"},\"query-input\":{\"@type\":\"PropertyValueSpecification\",\"valueRequired\":true,\"valueName\":\"search_term_string\"}}],\"inLanguage\":\"es\"},{\"@type\":\"Person\",\"@id\":\"https:\\\/\\\/www.aliadospuebla.com\\\/#\\\/schema\\\/person\\\/5da7dd09320bd4f392b710017ed5f8ad\",\"name\":\"Aliados17\",\"image\":{\"@type\":\"ImageObject\",\"inLanguage\":\"es\",\"@id\":\"https:\\\/\\\/www.aliadospuebla.com\\\/web2017\\\/wp-content\\\/uploads\\\/2025\\\/03\\\/cropped-para-perfil-8-anos-1-96x96.jpg\",\"url\":\"https:\\\/\\\/www.aliadospuebla.com\\\/web2017\\\/wp-content\\\/uploads\\\/2025\\\/03\\\/cropped-para-perfil-8-anos-1-96x96.jpg\",\"contentUrl\":\"https:\\\/\\\/www.aliadospuebla.com\\\/web2017\\\/wp-content\\\/uploads\\\/2025\\\/03\\\/cropped-para-perfil-8-anos-1-96x96.jpg\",\"caption\":\"Aliados17\"},\"sameAs\":[\"https:\\\/\\\/www.aliados17.com\",\"https:\\\/\\\/www.facebook.com\\\/Aliados17Pue\",\"https:\\\/\\\/x.com\\\/AliadosPuebla\"],\"url\":\"https:\\\/\\\/www.aliadospuebla.com\\\/?author=2\"}]}<\/script>\n<!-- \/ Yoast SEO plugin. -->","yoast_head_json":{"title":"Secretar\u00eda de Seguridad Ciudadana de Amozoc realiza jornada integral en escuelas - AliadosPuebla","robots":{"index":"index","follow":"follow","max-snippet":"max-snippet:-1","max-image-preview":"max-image-preview:large","max-video-preview":"max-video-preview:-1"},"canonical":"https:\/\/www.aliadospuebla.com\/?p=85371","og_locale":"es_ES","og_type":"article","og_title":"Secretar\u00eda de Seguridad Ciudadana de Amozoc realiza jornada integral en escuelas - AliadosPuebla","og_description":"Tras instrucciones del alcalde Mario de la Rosa Romero, el \u00e1rea de Prevenci\u00f3n del Delito organiz\u00f3 una jornada integral de informaci\u00f3n en la escuela Secundaria Oficial Manuel Bernal L\u00f3pez. Fueron las \u00e1reas de Bomberos, Seguridad Ciudadana, Tr\u00e1nsito Municipal, Protecci\u00f3n Civil y Prevenci\u00f3n del Delito las encargadas de dar detalles, consejos y recomendaciones a los estudiantes de los diferentes niveles educativos pertenecientes a la instituci\u00f3n. Asimismo se realizaron din\u00e1micas con el prop\u00f3sito de que los alumnos conozcan las funciones y servicios que ofrece cada \u00e1rea. Con hechos y acciones, el Gobierno Municipal refrenda su compromiso con la prevenci\u00f3n, la seguridad y la protecci\u00f3n de los estudiantes amozoquenses.","og_url":"https:\/\/www.aliadospuebla.com\/?p=85371","og_site_name":"AliadosPuebla","article_author":"https:\/\/www.facebook.com\/Aliados17Pue","article_published_time":"2023-12-05T16:00:02+00:00","og_image":[{"width":600,"height":450,"url":"https:\/\/www.aliadospuebla.com\/web2017\/wp-content\/uploads\/2023\/12\/199.jpg","type":"image\/jpeg"}],"author":"Aliados17","twitter_card":"summary_large_image","twitter_creator":"@AliadosPuebla","twitter_misc":{"Escrito por":"Aliados17","Tiempo de lectura":"1 minuto"},"schema":{"@context":"https:\/\/schema.org","@graph":[{"@type":"Article","@id":"https:\/\/www.aliadospuebla.com\/?p=85371#article","isPartOf":{"@id":"https:\/\/www.aliadospuebla.com\/?p=85371"},"author":{"name":"Aliados17","@id":"https:\/\/www.aliadospuebla.com\/#\/schema\/person\/5da7dd09320bd4f392b710017ed5f8ad"},"headline":"Secretar\u00eda de Seguridad Ciudadana de Amozoc realiza jornada integral en escuelas","datePublished":"2023-12-05T16:00:02+00:00","mainEntityOfPage":{"@id":"https:\/\/www.aliadospuebla.com\/?p=85371"},"wordCount":129,"commentCount":0,"image":{"@id":"https:\/\/www.aliadospuebla.com\/?p=85371#primaryimage"},"thumbnailUrl":"https:\/\/www.aliadospuebla.com\/web2017\/wp-content\/uploads\/2023\/12\/199.jpg","keywords":["AMOZOC","MARIO DE LA ROSA ROMERO","PREVENCI\u00d3N DEL DELITO","protecci\u00f3n civil","Seguridad","SSC"],"articleSection":["Municipios"],"inLanguage":"es","potentialAction":[{"@type":"CommentAction","name":"Comment","target":["https:\/\/www.aliadospuebla.com\/?p=85371#respond"]}]},{"@type":"WebPage","@id":"https:\/\/www.aliadospuebla.com\/?p=85371","url":"https:\/\/www.aliadospuebla.com\/?p=85371","name":"Secretar\u00eda de Seguridad Ciudadana de Amozoc realiza jornada integral en escuelas - AliadosPuebla","isPartOf":{"@id":"https:\/\/www.aliadospuebla.com\/#website"},"primaryImageOfPage":{"@id":"https:\/\/www.aliadospuebla.com\/?p=85371#primaryimage"},"image":{"@id":"https:\/\/www.aliadospuebla.com\/?p=85371#primaryimage"},"thumbnailUrl":"https:\/\/www.aliadospuebla.com\/web2017\/wp-content\/uploads\/2023\/12\/199.jpg","datePublished":"2023-12-05T16:00:02+00:00","author":{"@id":"https:\/\/www.aliadospuebla.com\/#\/schema\/person\/5da7dd09320bd4f392b710017ed5f8ad"},"breadcrumb":{"@id":"https:\/\/www.aliadospuebla.com\/?p=85371#breadcrumb"},"inLanguage":"es","potentialAction":[{"@type":"ReadAction","target":["https:\/\/www.aliadospuebla.com\/?p=85371"]}]},{"@type":"ImageObject","inLanguage":"es","@id":"https:\/\/www.aliadospuebla.com\/?p=85371#primaryimage","url":"https:\/\/www.aliadospuebla.com\/web2017\/wp-content\/uploads\/2023\/12\/199.jpg","contentUrl":"https:\/\/www.aliadospuebla.com\/web2017\/wp-content\/uploads\/2023\/12\/199.jpg","width":600,"height":450},{"@type":"BreadcrumbList","@id":"https:\/\/www.aliadospuebla.com\/?p=85371#breadcrumb","itemListElement":[{"@type":"ListItem","position":1,"name":"Portada","item":"https:\/\/www.aliadospuebla.com\/"},{"@type":"ListItem","position":2,"name":"Secretar\u00eda de Seguridad Ciudadana de Amozoc realiza jornada integral en escuelas"}]},{"@type":"WebSite","@id":"https:\/\/www.aliadospuebla.com\/#website","url":"https:\/\/www.aliadospuebla.com\/","name":"AliadosPuebla","description":"La informaci\u00f3n en tus manos","potentialAction":[{"@type":"SearchAction","target":{"@type":"EntryPoint","urlTemplate":"https:\/\/www.aliadospuebla.com\/?s={search_term_string}"},"query-input":{"@type":"PropertyValueSpecification","valueRequired":true,"valueName":"search_term_string"}}],"inLanguage":"es"},{"@type":"Person","@id":"https:\/\/www.aliadospuebla.com\/#\/schema\/person\/5da7dd09320bd4f392b710017ed5f8ad","name":"Aliados17","image":{"@type":"ImageObject","inLanguage":"es","@id":"https:\/\/www.aliadospuebla.com\/web2017\/wp-content\/uploads\/2025\/03\/cropped-para-perfil-8-anos-1-96x96.jpg","url":"https:\/\/www.aliadospuebla.com\/web2017\/wp-content\/uploads\/2025\/03\/cropped-para-perfil-8-anos-1-96x96.jpg","contentUrl":"https:\/\/www.aliadospuebla.com\/web2017\/wp-content\/uploads\/2025\/03\/cropped-para-perfil-8-anos-1-96x96.jpg","caption":"Aliados17"},"sameAs":["https:\/\/www.aliados17.com","https:\/\/www.facebook.com\/Aliados17Pue","https:\/\/x.com\/AliadosPuebla"],"url":"https:\/\/www.aliadospuebla.com\/?author=2"}]}},"views":13,"_links":{"self":[{"href":"https:\/\/www.aliadospuebla.com\/index.php?rest_route=\/wp\/v2\/posts\/85371","targetHints":{"allow":["GET"]}}],"collection":[{"href":"https:\/\/www.aliadospuebla.com\/index.php?rest_route=\/wp\/v2\/posts"}],"about":[{"href":"https:\/\/www.aliadospuebla.com\/index.php?rest_route=\/wp\/v2\/types\/post"}],"author":[{"embeddable":true,"href":"https:\/\/www.aliadospuebla.com\/index.php?rest_route=\/wp\/v2\/users\/2"}],"replies":[{"embeddable":true,"href":"https:\/\/www.aliadospuebla.com\/index.php?rest_route=%2Fwp%2Fv2%2Fcomments&post=85371"}],"version-history":[{"count":1,"href":"https:\/\/www.aliadospuebla.com\/index.php?rest_route=\/wp\/v2\/posts\/85371\/revisions"}],"predecessor-version":[{"id":85373,"href":"https:\/\/www.aliadospuebla.com\/index.php?rest_route=\/wp\/v2\/posts\/85371\/revisions\/85373"}],"wp:featuredmedia":[{"embeddable":true,"href":"https:\/\/www.aliadospuebla.com\/index.php?rest_route=\/wp\/v2\/media\/85372"}],"wp:attachment":[{"href":"https:\/\/www.aliadospuebla.com\/index.php?rest_route=%2Fwp%2Fv2%2Fmedia&parent=85371"}],"wp:term":[{"taxonomy":"category","embeddable":true,"href":"https:\/\/www.aliadospuebla.com\/index.php?rest_route=%2Fwp%2Fv2%2Fcategories&post=85371"},{"taxonomy":"post_tag","embeddable":true,"href":"https:\/\/www.aliadospuebla.com\/index.php?rest_route=%2Fwp%2Fv2%2Ftags&post=85371"}],"curies":[{"name":"wp","href":"https:\/\/api.w.org\/{rel}","templated":true}]}}