{"id":85226,"date":"2023-11-30T22:44:26","date_gmt":"2023-12-01T04:44:26","guid":{"rendered":"https:\/\/www.aliados17.com\/?p=85226"},"modified":"2023-11-30T22:44:26","modified_gmt":"2023-12-01T04:44:26","slug":"llega-la-navidad-a-san-pedro-cholula-con-mas-de-1-5-millones-de-luces","status":"publish","type":"post","link":"https:\/\/www.aliadospuebla.com\/?p=85226","title":{"rendered":"LLEGA LA NAVIDAD A SAN PEDRO CHOLULA CON M\u00c1S DE 1.5 MILLONES DE LUCES"},"content":{"rendered":"<h4>Paola Angon realiz\u00f3 el encendido de la iluminaci\u00f3n navide\u00f1a, conformada por 291 elementos decorativos, adornos y \u00e1rboles para los atractivos tur\u00edsticos.<\/h4>\n<p>San Pedro Cholula, Puebla.- La noche de este jueves 30 de noviembre, la Presidenta Municipal Paola Angon<\/p>\n<p>acompa\u00f1ada de las familias cholultecas, inaugur\u00f3 la iluminaci\u00f3n navide\u00f1a y realiz\u00f3 el encendido<\/p>\n<p>del \u00e1rbol principal de Plaza de la Concordia, dando inicio a los festejos de fin de a\u00f1o con luces y adornos<\/p>\n<p>de temporada, que dar\u00e1n color a las celebraciones decembrinas.<\/p>\n<p>La iluminaci\u00f3n este a\u00f1o 2023, consta de 2 \u00e1rboles navide\u00f1os -conformados por m\u00e1s de 250 mil luces<\/p>\n<p>cada uno-, trineo, esferas y regalos 3D, t\u00fanel rojo, cortinas de luces colocadas en los portales<\/p>\n<p>y principales calles, floreros, pinos navide\u00f1os y otros, haciendo un total de 1\u00b4503 848 focos instalados.<\/p>\n<p>\u201cSomos el \u00fanico municipio que cada a\u00f1o realiza iluminaci\u00f3n de temporada,<\/p>\n<p>seguiremos invirtiendo lo necesario para generar derrama econ\u00f3mica y continuar<\/p>\n<p>haciendo alianzas con quienes nos ayudan a generar empleo a las familias:<\/p>\n<p>los empresarios y comerciantes. Quiero recordarles que, como familias,<\/p>\n<p>debemos seguir fomentando los valores, para seguir abonando al bienestar<\/p>\n<p>de todas y todos\u201d, indic\u00f3 Paola Angon.<\/p>\n<p>Asimismo, inform\u00f3 que durante los primeros 10 meses del a\u00f1o, San Pedro Cholula<\/p>\n<p>recibi\u00f3 la visita de 422 mil personas, que han generado derrama econ\u00f3mica superior<\/p>\n<p>a 458 millones de pesos, de acuerdo con DATATUR federal, lo que representa la cifra<\/p>\n<p>m\u00e1s alta desde que se comenz\u00f3 a medir este indicador y supera las cifras previas a la pandemia,<\/p>\n<p>dando muestra de la efectividad de la estrategia de realizar iluminaciones de temporada para atraer al turismo.<\/p>\n<p>Previo al encendido de la iluminaci\u00f3n, en Plaza de la Concordia las familias pudieron disfrutar<\/p>\n<p>de distintas presentaciones art\u00edsticas como el Cascanueces en ballet cl\u00e1sico y danzas alusivas a la navidad,<\/p>\n<p>adem\u00e1s de una pastorela que finaliz\u00f3 la cartelera del encendido navide\u00f1o.<\/p>\n<h4>Con estas acciones el Gobierno de que encabeza Paola Angon, contin\u00faa realizando eventos para promover la sana convivencia y generar mayor derrama econ\u00f3mica en beneficio de las familias cholultecas.<\/h4>\n","protected":false},"excerpt":{"rendered":"<p>Paola Angon realiz\u00f3 el encendido de la iluminaci\u00f3n navide\u00f1a, conformada por 291 elementos decorativos, adornos y \u00e1rboles para los atractivos tur\u00edsticos. San Pedro Cholula, Puebla.- La noche de este jueves 30 de noviembre, la Presidenta Municipal Paola Angon acompa\u00f1ada de las familias cholultecas, inaugur\u00f3 la iluminaci\u00f3n navide\u00f1a y realiz\u00f3 el encendido del \u00e1rbol principal de Plaza de la Concordia, dando inicio a los festejos de fin de a\u00f1o con luces y adornos de temporada, que dar\u00e1n color a las celebraciones decembrinas. La iluminaci\u00f3n este a\u00f1o 2023, consta de 2 \u00e1rboles navide\u00f1os -conformados por m\u00e1s de 250 mil luces cada uno-, trineo, esferas y regalos 3D, t\u00fanel rojo, cortinas de luces colocadas en los portales y principales calles, floreros, pinos navide\u00f1os y otros, haciendo un total&hellip;<\/p>\n<p class=\"excerpt-more\"><a class=\"blog-excerpt button\" href=\"https:\/\/www.aliadospuebla.com\/?p=85226\">Leer m\u00e1s&#8230;<\/a><\/p>\n","protected":false},"author":2,"featured_media":85237,"comment_status":"open","ping_status":"open","sticky":false,"template":"","format":"standard","meta":{"_monsterinsights_skip_tracking":false,"footnotes":""},"categories":[4],"tags":[3227,15001,22747,7903,15797,387],"class_list":["post-85226","post","type-post","status-publish","format-standard","has-post-thumbnail","hentry","category-municipios","tag-encendido-del-arbol","tag-fiestas-decembrinas","tag-iluminacion-de-temporada","tag-navidad","tag-paola-angon","tag-san-pedro-cholula"],"yoast_head":"<!-- This site is optimized with the Yoast SEO plugin v28.3 - https:\/\/yoast.com\/product\/yoast-seo-wordpress\/ -->\n<title>LLEGA LA NAVIDAD A SAN PEDRO CHOLULA CON M\u00c1S DE 1.5 MILLONES DE LUCES - AliadosPuebla<\/title>\n<meta name=\"robots\" content=\"index, follow, max-snippet:-1, max-image-preview:large, max-video-preview:-1\" \/>\n<link rel=\"canonical\" href=\"https:\/\/www.aliadospuebla.com\/?p=85226\" \/>\n<meta property=\"og:locale\" content=\"es_ES\" \/>\n<meta property=\"og:type\" content=\"article\" \/>\n<meta property=\"og:title\" content=\"LLEGA LA NAVIDAD A SAN PEDRO CHOLULA CON M\u00c1S DE 1.5 MILLONES DE LUCES - AliadosPuebla\" \/>\n<meta property=\"og:description\" content=\"Paola Angon realiz\u00f3 el encendido de la iluminaci\u00f3n navide\u00f1a, conformada por 291 elementos decorativos, adornos y \u00e1rboles para los atractivos tur\u00edsticos. San Pedro Cholula, Puebla.- La noche de este jueves 30 de noviembre, la Presidenta Municipal Paola Angon acompa\u00f1ada de las familias cholultecas, inaugur\u00f3 la iluminaci\u00f3n navide\u00f1a y realiz\u00f3 el encendido del \u00e1rbol principal de Plaza de la Concordia, dando inicio a los festejos de fin de a\u00f1o con luces y adornos de temporada, que dar\u00e1n color a las celebraciones decembrinas. La iluminaci\u00f3n este a\u00f1o 2023, consta de 2 \u00e1rboles navide\u00f1os -conformados por m\u00e1s de 250 mil luces cada uno-, trineo, esferas y regalos 3D, t\u00fanel rojo, cortinas de luces colocadas en los portales y principales calles, floreros, pinos navide\u00f1os y otros, haciendo un total&hellip;Leer m\u00e1s...\" \/>\n<meta property=\"og:url\" content=\"https:\/\/www.aliadospuebla.com\/?p=85226\" \/>\n<meta property=\"og:site_name\" content=\"AliadosPuebla\" \/>\n<meta property=\"article:author\" content=\"https:\/\/www.facebook.com\/Aliados17Pue\" \/>\n<meta property=\"article:published_time\" content=\"2023-12-01T04:44:26+00:00\" \/>\n<meta property=\"og:image\" content=\"https:\/\/www.aliadospuebla.com\/web2017\/wp-content\/uploads\/2023\/11\/187.jpg\" \/>\n\t<meta property=\"og:image:width\" content=\"600\" \/>\n\t<meta property=\"og:image:height\" content=\"450\" \/>\n\t<meta property=\"og:image:type\" content=\"image\/jpeg\" \/>\n<meta name=\"author\" content=\"Aliados17\" \/>\n<meta name=\"twitter:card\" content=\"summary_large_image\" \/>\n<meta name=\"twitter:creator\" content=\"@AliadosPuebla\" \/>\n<meta name=\"twitter:label1\" content=\"Escrito por\" \/>\n\t<meta name=\"twitter:data1\" content=\"Aliados17\" \/>\n\t<meta name=\"twitter:label2\" content=\"Tiempo de lectura\" \/>\n\t<meta name=\"twitter:data2\" content=\"2 minutos\" \/>\n<script type=\"application\/ld+json\" class=\"yoast-schema-graph\">{\"@context\":\"https:\\\/\\\/schema.org\",\"@graph\":[{\"@type\":\"Article\",\"@id\":\"https:\\\/\\\/www.aliadospuebla.com\\\/?p=85226#article\",\"isPartOf\":{\"@id\":\"https:\\\/\\\/www.aliadospuebla.com\\\/?p=85226\"},\"author\":{\"name\":\"Aliados17\",\"@id\":\"https:\\\/\\\/www.aliadospuebla.com\\\/#\\\/schema\\\/person\\\/5da7dd09320bd4f392b710017ed5f8ad\"},\"headline\":\"LLEGA LA NAVIDAD A SAN PEDRO CHOLULA CON M\u00c1S DE 1.5 MILLONES DE LUCES\",\"datePublished\":\"2023-12-01T04:44:26+00:00\",\"mainEntityOfPage\":{\"@id\":\"https:\\\/\\\/www.aliadospuebla.com\\\/?p=85226\"},\"wordCount\":368,\"commentCount\":0,\"image\":{\"@id\":\"https:\\\/\\\/www.aliadospuebla.com\\\/?p=85226#primaryimage\"},\"thumbnailUrl\":\"https:\\\/\\\/www.aliadospuebla.com\\\/web2017\\\/wp-content\\\/uploads\\\/2023\\\/11\\\/187.jpg\",\"keywords\":[\"ENCENDIDO DEL \u00c1RBOL\",\"fiestas decembrinas\",\"iluminaci\u00f3n de temporada\",\"NAVIDAD\",\"PAOLA ANGON\",\"SAN PEDRO CHOLULA\"],\"articleSection\":[\"Municipios\"],\"inLanguage\":\"es\",\"potentialAction\":[{\"@type\":\"CommentAction\",\"name\":\"Comment\",\"target\":[\"https:\\\/\\\/www.aliadospuebla.com\\\/?p=85226#respond\"]}]},{\"@type\":\"WebPage\",\"@id\":\"https:\\\/\\\/www.aliadospuebla.com\\\/?p=85226\",\"url\":\"https:\\\/\\\/www.aliadospuebla.com\\\/?p=85226\",\"name\":\"LLEGA LA NAVIDAD A SAN PEDRO CHOLULA CON M\u00c1S DE 1.5 MILLONES DE LUCES - AliadosPuebla\",\"isPartOf\":{\"@id\":\"https:\\\/\\\/www.aliadospuebla.com\\\/#website\"},\"primaryImageOfPage\":{\"@id\":\"https:\\\/\\\/www.aliadospuebla.com\\\/?p=85226#primaryimage\"},\"image\":{\"@id\":\"https:\\\/\\\/www.aliadospuebla.com\\\/?p=85226#primaryimage\"},\"thumbnailUrl\":\"https:\\\/\\\/www.aliadospuebla.com\\\/web2017\\\/wp-content\\\/uploads\\\/2023\\\/11\\\/187.jpg\",\"datePublished\":\"2023-12-01T04:44:26+00:00\",\"author\":{\"@id\":\"https:\\\/\\\/www.aliadospuebla.com\\\/#\\\/schema\\\/person\\\/5da7dd09320bd4f392b710017ed5f8ad\"},\"breadcrumb\":{\"@id\":\"https:\\\/\\\/www.aliadospuebla.com\\\/?p=85226#breadcrumb\"},\"inLanguage\":\"es\",\"potentialAction\":[{\"@type\":\"ReadAction\",\"target\":[\"https:\\\/\\\/www.aliadospuebla.com\\\/?p=85226\"]}]},{\"@type\":\"ImageObject\",\"inLanguage\":\"es\",\"@id\":\"https:\\\/\\\/www.aliadospuebla.com\\\/?p=85226#primaryimage\",\"url\":\"https:\\\/\\\/www.aliadospuebla.com\\\/web2017\\\/wp-content\\\/uploads\\\/2023\\\/11\\\/187.jpg\",\"contentUrl\":\"https:\\\/\\\/www.aliadospuebla.com\\\/web2017\\\/wp-content\\\/uploads\\\/2023\\\/11\\\/187.jpg\",\"width\":600,\"height\":450},{\"@type\":\"BreadcrumbList\",\"@id\":\"https:\\\/\\\/www.aliadospuebla.com\\\/?p=85226#breadcrumb\",\"itemListElement\":[{\"@type\":\"ListItem\",\"position\":1,\"name\":\"Portada\",\"item\":\"https:\\\/\\\/www.aliadospuebla.com\\\/\"},{\"@type\":\"ListItem\",\"position\":2,\"name\":\"LLEGA LA NAVIDAD A SAN PEDRO CHOLULA CON M\u00c1S DE 1.5 MILLONES DE LUCES\"}]},{\"@type\":\"WebSite\",\"@id\":\"https:\\\/\\\/www.aliadospuebla.com\\\/#website\",\"url\":\"https:\\\/\\\/www.aliadospuebla.com\\\/\",\"name\":\"AliadosPuebla\",\"description\":\"La informaci\u00f3n en tus manos\",\"potentialAction\":[{\"@type\":\"SearchAction\",\"target\":{\"@type\":\"EntryPoint\",\"urlTemplate\":\"https:\\\/\\\/www.aliadospuebla.com\\\/?s={search_term_string}\"},\"query-input\":{\"@type\":\"PropertyValueSpecification\",\"valueRequired\":true,\"valueName\":\"search_term_string\"}}],\"inLanguage\":\"es\"},{\"@type\":\"Person\",\"@id\":\"https:\\\/\\\/www.aliadospuebla.com\\\/#\\\/schema\\\/person\\\/5da7dd09320bd4f392b710017ed5f8ad\",\"name\":\"Aliados17\",\"image\":{\"@type\":\"ImageObject\",\"inLanguage\":\"es\",\"@id\":\"https:\\\/\\\/www.aliadospuebla.com\\\/web2017\\\/wp-content\\\/uploads\\\/2025\\\/03\\\/cropped-para-perfil-8-anos-1-96x96.jpg\",\"url\":\"https:\\\/\\\/www.aliadospuebla.com\\\/web2017\\\/wp-content\\\/uploads\\\/2025\\\/03\\\/cropped-para-perfil-8-anos-1-96x96.jpg\",\"contentUrl\":\"https:\\\/\\\/www.aliadospuebla.com\\\/web2017\\\/wp-content\\\/uploads\\\/2025\\\/03\\\/cropped-para-perfil-8-anos-1-96x96.jpg\",\"caption\":\"Aliados17\"},\"sameAs\":[\"https:\\\/\\\/www.aliados17.com\",\"https:\\\/\\\/www.facebook.com\\\/Aliados17Pue\",\"https:\\\/\\\/x.com\\\/AliadosPuebla\"],\"url\":\"https:\\\/\\\/www.aliadospuebla.com\\\/?author=2\"}]}<\/script>\n<!-- \/ Yoast SEO plugin. -->","yoast_head_json":{"title":"LLEGA LA NAVIDAD A SAN PEDRO CHOLULA CON M\u00c1S DE 1.5 MILLONES DE LUCES - AliadosPuebla","robots":{"index":"index","follow":"follow","max-snippet":"max-snippet:-1","max-image-preview":"max-image-preview:large","max-video-preview":"max-video-preview:-1"},"canonical":"https:\/\/www.aliadospuebla.com\/?p=85226","og_locale":"es_ES","og_type":"article","og_title":"LLEGA LA NAVIDAD A SAN PEDRO CHOLULA CON M\u00c1S DE 1.5 MILLONES DE LUCES - AliadosPuebla","og_description":"Paola Angon realiz\u00f3 el encendido de la iluminaci\u00f3n navide\u00f1a, conformada por 291 elementos decorativos, adornos y \u00e1rboles para los atractivos tur\u00edsticos. San Pedro Cholula, Puebla.- La noche de este jueves 30 de noviembre, la Presidenta Municipal Paola Angon acompa\u00f1ada de las familias cholultecas, inaugur\u00f3 la iluminaci\u00f3n navide\u00f1a y realiz\u00f3 el encendido del \u00e1rbol principal de Plaza de la Concordia, dando inicio a los festejos de fin de a\u00f1o con luces y adornos de temporada, que dar\u00e1n color a las celebraciones decembrinas. La iluminaci\u00f3n este a\u00f1o 2023, consta de 2 \u00e1rboles navide\u00f1os -conformados por m\u00e1s de 250 mil luces cada uno-, trineo, esferas y regalos 3D, t\u00fanel rojo, cortinas de luces colocadas en los portales y principales calles, floreros, pinos navide\u00f1os y otros, haciendo un total&hellip;Leer m\u00e1s...","og_url":"https:\/\/www.aliadospuebla.com\/?p=85226","og_site_name":"AliadosPuebla","article_author":"https:\/\/www.facebook.com\/Aliados17Pue","article_published_time":"2023-12-01T04:44:26+00:00","og_image":[{"width":600,"height":450,"url":"https:\/\/www.aliadospuebla.com\/web2017\/wp-content\/uploads\/2023\/11\/187.jpg","type":"image\/jpeg"}],"author":"Aliados17","twitter_card":"summary_large_image","twitter_creator":"@AliadosPuebla","twitter_misc":{"Escrito por":"Aliados17","Tiempo de lectura":"2 minutos"},"schema":{"@context":"https:\/\/schema.org","@graph":[{"@type":"Article","@id":"https:\/\/www.aliadospuebla.com\/?p=85226#article","isPartOf":{"@id":"https:\/\/www.aliadospuebla.com\/?p=85226"},"author":{"name":"Aliados17","@id":"https:\/\/www.aliadospuebla.com\/#\/schema\/person\/5da7dd09320bd4f392b710017ed5f8ad"},"headline":"LLEGA LA NAVIDAD A SAN PEDRO CHOLULA CON M\u00c1S DE 1.5 MILLONES DE LUCES","datePublished":"2023-12-01T04:44:26+00:00","mainEntityOfPage":{"@id":"https:\/\/www.aliadospuebla.com\/?p=85226"},"wordCount":368,"commentCount":0,"image":{"@id":"https:\/\/www.aliadospuebla.com\/?p=85226#primaryimage"},"thumbnailUrl":"https:\/\/www.aliadospuebla.com\/web2017\/wp-content\/uploads\/2023\/11\/187.jpg","keywords":["ENCENDIDO DEL \u00c1RBOL","fiestas decembrinas","iluminaci\u00f3n de temporada","NAVIDAD","PAOLA ANGON","SAN PEDRO CHOLULA"],"articleSection":["Municipios"],"inLanguage":"es","potentialAction":[{"@type":"CommentAction","name":"Comment","target":["https:\/\/www.aliadospuebla.com\/?p=85226#respond"]}]},{"@type":"WebPage","@id":"https:\/\/www.aliadospuebla.com\/?p=85226","url":"https:\/\/www.aliadospuebla.com\/?p=85226","name":"LLEGA LA NAVIDAD A SAN PEDRO CHOLULA CON M\u00c1S DE 1.5 MILLONES DE LUCES - AliadosPuebla","isPartOf":{"@id":"https:\/\/www.aliadospuebla.com\/#website"},"primaryImageOfPage":{"@id":"https:\/\/www.aliadospuebla.com\/?p=85226#primaryimage"},"image":{"@id":"https:\/\/www.aliadospuebla.com\/?p=85226#primaryimage"},"thumbnailUrl":"https:\/\/www.aliadospuebla.com\/web2017\/wp-content\/uploads\/2023\/11\/187.jpg","datePublished":"2023-12-01T04:44:26+00:00","author":{"@id":"https:\/\/www.aliadospuebla.com\/#\/schema\/person\/5da7dd09320bd4f392b710017ed5f8ad"},"breadcrumb":{"@id":"https:\/\/www.aliadospuebla.com\/?p=85226#breadcrumb"},"inLanguage":"es","potentialAction":[{"@type":"ReadAction","target":["https:\/\/www.aliadospuebla.com\/?p=85226"]}]},{"@type":"ImageObject","inLanguage":"es","@id":"https:\/\/www.aliadospuebla.com\/?p=85226#primaryimage","url":"https:\/\/www.aliadospuebla.com\/web2017\/wp-content\/uploads\/2023\/11\/187.jpg","contentUrl":"https:\/\/www.aliadospuebla.com\/web2017\/wp-content\/uploads\/2023\/11\/187.jpg","width":600,"height":450},{"@type":"BreadcrumbList","@id":"https:\/\/www.aliadospuebla.com\/?p=85226#breadcrumb","itemListElement":[{"@type":"ListItem","position":1,"name":"Portada","item":"https:\/\/www.aliadospuebla.com\/"},{"@type":"ListItem","position":2,"name":"LLEGA LA NAVIDAD A SAN PEDRO CHOLULA CON M\u00c1S DE 1.5 MILLONES DE LUCES"}]},{"@type":"WebSite","@id":"https:\/\/www.aliadospuebla.com\/#website","url":"https:\/\/www.aliadospuebla.com\/","name":"AliadosPuebla","description":"La informaci\u00f3n en tus manos","potentialAction":[{"@type":"SearchAction","target":{"@type":"EntryPoint","urlTemplate":"https:\/\/www.aliadospuebla.com\/?s={search_term_string}"},"query-input":{"@type":"PropertyValueSpecification","valueRequired":true,"valueName":"search_term_string"}}],"inLanguage":"es"},{"@type":"Person","@id":"https:\/\/www.aliadospuebla.com\/#\/schema\/person\/5da7dd09320bd4f392b710017ed5f8ad","name":"Aliados17","image":{"@type":"ImageObject","inLanguage":"es","@id":"https:\/\/www.aliadospuebla.com\/web2017\/wp-content\/uploads\/2025\/03\/cropped-para-perfil-8-anos-1-96x96.jpg","url":"https:\/\/www.aliadospuebla.com\/web2017\/wp-content\/uploads\/2025\/03\/cropped-para-perfil-8-anos-1-96x96.jpg","contentUrl":"https:\/\/www.aliadospuebla.com\/web2017\/wp-content\/uploads\/2025\/03\/cropped-para-perfil-8-anos-1-96x96.jpg","caption":"Aliados17"},"sameAs":["https:\/\/www.aliados17.com","https:\/\/www.facebook.com\/Aliados17Pue","https:\/\/x.com\/AliadosPuebla"],"url":"https:\/\/www.aliadospuebla.com\/?author=2"}]}},"views":9,"_links":{"self":[{"href":"https:\/\/www.aliadospuebla.com\/index.php?rest_route=\/wp\/v2\/posts\/85226","targetHints":{"allow":["GET"]}}],"collection":[{"href":"https:\/\/www.aliadospuebla.com\/index.php?rest_route=\/wp\/v2\/posts"}],"about":[{"href":"https:\/\/www.aliadospuebla.com\/index.php?rest_route=\/wp\/v2\/types\/post"}],"author":[{"embeddable":true,"href":"https:\/\/www.aliadospuebla.com\/index.php?rest_route=\/wp\/v2\/users\/2"}],"replies":[{"embeddable":true,"href":"https:\/\/www.aliadospuebla.com\/index.php?rest_route=%2Fwp%2Fv2%2Fcomments&post=85226"}],"version-history":[{"count":1,"href":"https:\/\/www.aliadospuebla.com\/index.php?rest_route=\/wp\/v2\/posts\/85226\/revisions"}],"predecessor-version":[{"id":85238,"href":"https:\/\/www.aliadospuebla.com\/index.php?rest_route=\/wp\/v2\/posts\/85226\/revisions\/85238"}],"wp:featuredmedia":[{"embeddable":true,"href":"https:\/\/www.aliadospuebla.com\/index.php?rest_route=\/wp\/v2\/media\/85237"}],"wp:attachment":[{"href":"https:\/\/www.aliadospuebla.com\/index.php?rest_route=%2Fwp%2Fv2%2Fmedia&parent=85226"}],"wp:term":[{"taxonomy":"category","embeddable":true,"href":"https:\/\/www.aliadospuebla.com\/index.php?rest_route=%2Fwp%2Fv2%2Fcategories&post=85226"},{"taxonomy":"post_tag","embeddable":true,"href":"https:\/\/www.aliadospuebla.com\/index.php?rest_route=%2Fwp%2Fv2%2Ftags&post=85226"}],"curies":[{"name":"wp","href":"https:\/\/api.w.org\/{rel}","templated":true}]}}