{"id":85012,"date":"2023-11-26T21:10:06","date_gmt":"2023-11-27T03:10:06","guid":{"rendered":"https:\/\/www.aliados17.com\/?p=85012"},"modified":"2023-11-26T21:10:06","modified_gmt":"2023-11-27T03:10:06","slug":"concluye-festival-vaniloquio-2023-con-cerca-de-12-mil-asistentes","status":"publish","type":"post","link":"https:\/\/www.aliadospuebla.com\/?p=85012","title":{"rendered":"CONCLUYE FESTIVAL VANILOQUIO 2023 CON CERCA DE 12 MIL ASISTENTES"},"content":{"rendered":"<h4>San Pedro Cholula vivi\u00f3 su gran fiesta de la m\u00fasica, reuniendo a familias completas para participar en el concierto de campanas y hacerlas cantar y bailar en diferentes foros.<\/h4>\n<p>San Pedro Cholula, Puebla.- Lleg\u00f3 la fiesta de la m\u00fasica a San Pedro Cholula<\/p>\n<p>con el Festival Internacional Vaniloquio 2023, que finaliz\u00f3 este domingo<\/p>\n<p>26 de noviembre con tributo a The Beatles a cargo de la participaci\u00f3n estelar de Grupo Help!,<\/p>\n<p>m\u00fasicos de CDMX que arribaron al municipio cholulteca para hacer disfrutar a familias<\/p>\n<p>y visitantes por dos horas con \u00e9xitos del cuarteto de Liverpool de los a\u00f1os 60&#8217;s.<\/p>\n<p>El s\u00e1bado 25, se realiz\u00f3 el m\u00e1gico concierto de campanas que cerr\u00f3 con un espect\u00e1culo de pirotecnia,<\/p>\n<p>siguiendo con la tradici\u00f3n que ha perdurado como una de las \u00fanicas del municipio,<\/p>\n<p>en la que este a\u00f1o, tuvo como evento previo, la Orquesta Sinf\u00f3nica del Maestro Vidal Tepox<\/p>\n<p>y concluy\u00f3 con la Orquesta Esperanza Azteca.<\/p>\n<h4>As\u00ed tambi\u00e9n, dentro de los eventos destacados, el viernes 24, la m\u00fasica continu\u00f3 con el tributo a Frank Sinatra &amp; Tropicana Show, interpretado por la agrupaci\u00f3n local Jazzatl\u00e1n, que puso a cantar y bailar a las familias que vivieron el primer d\u00eda del Festival.<\/h4>\n<p>Con una cartelera en la que se tuvo la participaci\u00f3n de m\u00e1s de 100 artistas que estuvieron present\u00e1ndose en Plaza de la Concordia, Quiosco y Parque Soria, durante los d\u00edas 24, 25 y 26 que se llev\u00f3 a cabo el Vaniloquio en su 32\u00b0 edici\u00f3n, se cont\u00f3 tambi\u00e9n con la participaci\u00f3n de agrupaciones art\u00edsticas de los Pueblos M\u00e1gicos, derivado de los recientes hermanamientos que ha impulsado la Presidenta Municipal Paola Angon, con las que el Gobierno de Cholula promueve la cultura, artes y comparte las tradiciones de diferentes regiones de Puebla.<\/p>\n<p>Es as\u00ed como el Gobierno de Cholula finaliza con los tres d\u00edas de fiesta que pudieron disfrutar las familias durante el Festival Vaniloquio 2023, donde la administraci\u00f3n que encabeza Paola Angon contin\u00faa fortaleciendo la cultura y las artes, promoviendo a los municipios y fortaleciendo a su vez, los hermanamientos con la ideolog\u00eda de contribuir a que les vaya bien a todos.<\/p>\n","protected":false},"excerpt":{"rendered":"<p>San Pedro Cholula vivi\u00f3 su gran fiesta de la m\u00fasica, reuniendo a familias completas para participar en el concierto de campanas y hacerlas cantar y bailar en diferentes foros. San Pedro Cholula, Puebla.- Lleg\u00f3 la fiesta de la m\u00fasica a San Pedro Cholula con el Festival Internacional Vaniloquio 2023, que finaliz\u00f3 este domingo 26 de noviembre con tributo a The Beatles a cargo de la participaci\u00f3n estelar de Grupo Help!, m\u00fasicos de CDMX que arribaron al municipio cholulteca para hacer disfrutar a familias y visitantes por dos horas con \u00e9xitos del cuarteto de Liverpool de los a\u00f1os 60&#8217;s. El s\u00e1bado 25, se realiz\u00f3 el m\u00e1gico concierto de campanas que cerr\u00f3 con un espect\u00e1culo de pirotecnia, siguiendo con la tradici\u00f3n que ha perdurado como una de&hellip;<\/p>\n<p class=\"excerpt-more\"><a class=\"blog-excerpt button\" href=\"https:\/\/www.aliadospuebla.com\/?p=85012\">Leer m\u00e1s&#8230;<\/a><\/p>\n","protected":false},"author":2,"featured_media":85013,"comment_status":"open","ping_status":"open","sticky":false,"template":"","format":"standard","meta":{"_monsterinsights_skip_tracking":false,"footnotes":""},"categories":[4],"tags":[102,20550,158,17387,22724,15797,387,22723],"class_list":["post-85012","post","type-post","status-publish","format-standard","has-post-thumbnail","hentry","category-municipios","tag-artistas","tag-concierto-de-campanas","tag-cultura","tag-festival-vaniloquio","tag-orquesta-esperanza-azteca","tag-paola-angon","tag-san-pedro-cholula","tag-vidal-tepox"],"yoast_head":"<!-- This site is optimized with the Yoast SEO plugin v28.3 - https:\/\/yoast.com\/product\/yoast-seo-wordpress\/ -->\n<title>CONCLUYE FESTIVAL VANILOQUIO 2023 CON CERCA DE 12 MIL ASISTENTES - AliadosPuebla<\/title>\n<meta name=\"robots\" content=\"index, follow, max-snippet:-1, max-image-preview:large, max-video-preview:-1\" \/>\n<link rel=\"canonical\" href=\"https:\/\/www.aliadospuebla.com\/?p=85012\" \/>\n<meta property=\"og:locale\" content=\"es_ES\" \/>\n<meta property=\"og:type\" content=\"article\" \/>\n<meta property=\"og:title\" content=\"CONCLUYE FESTIVAL VANILOQUIO 2023 CON CERCA DE 12 MIL ASISTENTES - AliadosPuebla\" \/>\n<meta property=\"og:description\" content=\"San Pedro Cholula vivi\u00f3 su gran fiesta de la m\u00fasica, reuniendo a familias completas para participar en el concierto de campanas y hacerlas cantar y bailar en diferentes foros. San Pedro Cholula, Puebla.- Lleg\u00f3 la fiesta de la m\u00fasica a San Pedro Cholula con el Festival Internacional Vaniloquio 2023, que finaliz\u00f3 este domingo 26 de noviembre con tributo a The Beatles a cargo de la participaci\u00f3n estelar de Grupo Help!, m\u00fasicos de CDMX que arribaron al municipio cholulteca para hacer disfrutar a familias y visitantes por dos horas con \u00e9xitos del cuarteto de Liverpool de los a\u00f1os 60&#8217;s. El s\u00e1bado 25, se realiz\u00f3 el m\u00e1gico concierto de campanas que cerr\u00f3 con un espect\u00e1culo de pirotecnia, siguiendo con la tradici\u00f3n que ha perdurado como una de&hellip;Leer m\u00e1s...\" \/>\n<meta property=\"og:url\" content=\"https:\/\/www.aliadospuebla.com\/?p=85012\" \/>\n<meta property=\"og:site_name\" content=\"AliadosPuebla\" \/>\n<meta property=\"article:author\" content=\"https:\/\/www.facebook.com\/Aliados17Pue\" \/>\n<meta property=\"article:published_time\" content=\"2023-11-27T03:10:06+00:00\" \/>\n<meta property=\"og:image\" content=\"https:\/\/www.aliadospuebla.com\/web2017\/wp-content\/uploads\/2023\/11\/176.jpg\" \/>\n\t<meta property=\"og:image:width\" content=\"600\" \/>\n\t<meta property=\"og:image:height\" content=\"450\" \/>\n\t<meta property=\"og:image:type\" content=\"image\/jpeg\" \/>\n<meta name=\"author\" content=\"Aliados17\" \/>\n<meta name=\"twitter:card\" content=\"summary_large_image\" \/>\n<meta name=\"twitter:creator\" content=\"@AliadosPuebla\" \/>\n<meta name=\"twitter:label1\" content=\"Escrito por\" \/>\n\t<meta name=\"twitter:data1\" content=\"Aliados17\" \/>\n\t<meta name=\"twitter:label2\" content=\"Tiempo de lectura\" \/>\n\t<meta name=\"twitter:data2\" content=\"2 minutos\" \/>\n<script type=\"application\/ld+json\" class=\"yoast-schema-graph\">{\"@context\":\"https:\\\/\\\/schema.org\",\"@graph\":[{\"@type\":\"Article\",\"@id\":\"https:\\\/\\\/www.aliadospuebla.com\\\/?p=85012#article\",\"isPartOf\":{\"@id\":\"https:\\\/\\\/www.aliadospuebla.com\\\/?p=85012\"},\"author\":{\"name\":\"Aliados17\",\"@id\":\"https:\\\/\\\/www.aliadospuebla.com\\\/#\\\/schema\\\/person\\\/5da7dd09320bd4f392b710017ed5f8ad\"},\"headline\":\"CONCLUYE FESTIVAL VANILOQUIO 2023 CON CERCA DE 12 MIL ASISTENTES\",\"datePublished\":\"2023-11-27T03:10:06+00:00\",\"mainEntityOfPage\":{\"@id\":\"https:\\\/\\\/www.aliadospuebla.com\\\/?p=85012\"},\"wordCount\":376,\"commentCount\":0,\"image\":{\"@id\":\"https:\\\/\\\/www.aliadospuebla.com\\\/?p=85012#primaryimage\"},\"thumbnailUrl\":\"https:\\\/\\\/www.aliadospuebla.com\\\/web2017\\\/wp-content\\\/uploads\\\/2023\\\/11\\\/176.jpg\",\"keywords\":[\"artistas\",\"Concierto de campanas\",\"Cultura\",\"Festival Vaniloquio\",\"Orquesta Esperanza Azteca\",\"PAOLA ANGON\",\"SAN PEDRO CHOLULA\",\"Vidal Tepox\"],\"articleSection\":[\"Municipios\"],\"inLanguage\":\"es\",\"potentialAction\":[{\"@type\":\"CommentAction\",\"name\":\"Comment\",\"target\":[\"https:\\\/\\\/www.aliadospuebla.com\\\/?p=85012#respond\"]}]},{\"@type\":\"WebPage\",\"@id\":\"https:\\\/\\\/www.aliadospuebla.com\\\/?p=85012\",\"url\":\"https:\\\/\\\/www.aliadospuebla.com\\\/?p=85012\",\"name\":\"CONCLUYE FESTIVAL VANILOQUIO 2023 CON CERCA DE 12 MIL ASISTENTES - AliadosPuebla\",\"isPartOf\":{\"@id\":\"https:\\\/\\\/www.aliadospuebla.com\\\/#website\"},\"primaryImageOfPage\":{\"@id\":\"https:\\\/\\\/www.aliadospuebla.com\\\/?p=85012#primaryimage\"},\"image\":{\"@id\":\"https:\\\/\\\/www.aliadospuebla.com\\\/?p=85012#primaryimage\"},\"thumbnailUrl\":\"https:\\\/\\\/www.aliadospuebla.com\\\/web2017\\\/wp-content\\\/uploads\\\/2023\\\/11\\\/176.jpg\",\"datePublished\":\"2023-11-27T03:10:06+00:00\",\"author\":{\"@id\":\"https:\\\/\\\/www.aliadospuebla.com\\\/#\\\/schema\\\/person\\\/5da7dd09320bd4f392b710017ed5f8ad\"},\"breadcrumb\":{\"@id\":\"https:\\\/\\\/www.aliadospuebla.com\\\/?p=85012#breadcrumb\"},\"inLanguage\":\"es\",\"potentialAction\":[{\"@type\":\"ReadAction\",\"target\":[\"https:\\\/\\\/www.aliadospuebla.com\\\/?p=85012\"]}]},{\"@type\":\"ImageObject\",\"inLanguage\":\"es\",\"@id\":\"https:\\\/\\\/www.aliadospuebla.com\\\/?p=85012#primaryimage\",\"url\":\"https:\\\/\\\/www.aliadospuebla.com\\\/web2017\\\/wp-content\\\/uploads\\\/2023\\\/11\\\/176.jpg\",\"contentUrl\":\"https:\\\/\\\/www.aliadospuebla.com\\\/web2017\\\/wp-content\\\/uploads\\\/2023\\\/11\\\/176.jpg\",\"width\":600,\"height\":450},{\"@type\":\"BreadcrumbList\",\"@id\":\"https:\\\/\\\/www.aliadospuebla.com\\\/?p=85012#breadcrumb\",\"itemListElement\":[{\"@type\":\"ListItem\",\"position\":1,\"name\":\"Portada\",\"item\":\"https:\\\/\\\/www.aliadospuebla.com\\\/\"},{\"@type\":\"ListItem\",\"position\":2,\"name\":\"CONCLUYE FESTIVAL VANILOQUIO 2023 CON CERCA DE 12 MIL ASISTENTES\"}]},{\"@type\":\"WebSite\",\"@id\":\"https:\\\/\\\/www.aliadospuebla.com\\\/#website\",\"url\":\"https:\\\/\\\/www.aliadospuebla.com\\\/\",\"name\":\"AliadosPuebla\",\"description\":\"La informaci\u00f3n en tus manos\",\"potentialAction\":[{\"@type\":\"SearchAction\",\"target\":{\"@type\":\"EntryPoint\",\"urlTemplate\":\"https:\\\/\\\/www.aliadospuebla.com\\\/?s={search_term_string}\"},\"query-input\":{\"@type\":\"PropertyValueSpecification\",\"valueRequired\":true,\"valueName\":\"search_term_string\"}}],\"inLanguage\":\"es\"},{\"@type\":\"Person\",\"@id\":\"https:\\\/\\\/www.aliadospuebla.com\\\/#\\\/schema\\\/person\\\/5da7dd09320bd4f392b710017ed5f8ad\",\"name\":\"Aliados17\",\"image\":{\"@type\":\"ImageObject\",\"inLanguage\":\"es\",\"@id\":\"https:\\\/\\\/www.aliadospuebla.com\\\/web2017\\\/wp-content\\\/uploads\\\/2025\\\/03\\\/cropped-para-perfil-8-anos-1-96x96.jpg\",\"url\":\"https:\\\/\\\/www.aliadospuebla.com\\\/web2017\\\/wp-content\\\/uploads\\\/2025\\\/03\\\/cropped-para-perfil-8-anos-1-96x96.jpg\",\"contentUrl\":\"https:\\\/\\\/www.aliadospuebla.com\\\/web2017\\\/wp-content\\\/uploads\\\/2025\\\/03\\\/cropped-para-perfil-8-anos-1-96x96.jpg\",\"caption\":\"Aliados17\"},\"sameAs\":[\"https:\\\/\\\/www.aliados17.com\",\"https:\\\/\\\/www.facebook.com\\\/Aliados17Pue\",\"https:\\\/\\\/x.com\\\/AliadosPuebla\"],\"url\":\"https:\\\/\\\/www.aliadospuebla.com\\\/?author=2\"}]}<\/script>\n<!-- \/ Yoast SEO plugin. -->","yoast_head_json":{"title":"CONCLUYE FESTIVAL VANILOQUIO 2023 CON CERCA DE 12 MIL ASISTENTES - AliadosPuebla","robots":{"index":"index","follow":"follow","max-snippet":"max-snippet:-1","max-image-preview":"max-image-preview:large","max-video-preview":"max-video-preview:-1"},"canonical":"https:\/\/www.aliadospuebla.com\/?p=85012","og_locale":"es_ES","og_type":"article","og_title":"CONCLUYE FESTIVAL VANILOQUIO 2023 CON CERCA DE 12 MIL ASISTENTES - AliadosPuebla","og_description":"San Pedro Cholula vivi\u00f3 su gran fiesta de la m\u00fasica, reuniendo a familias completas para participar en el concierto de campanas y hacerlas cantar y bailar en diferentes foros. San Pedro Cholula, Puebla.- Lleg\u00f3 la fiesta de la m\u00fasica a San Pedro Cholula con el Festival Internacional Vaniloquio 2023, que finaliz\u00f3 este domingo 26 de noviembre con tributo a The Beatles a cargo de la participaci\u00f3n estelar de Grupo Help!, m\u00fasicos de CDMX que arribaron al municipio cholulteca para hacer disfrutar a familias y visitantes por dos horas con \u00e9xitos del cuarteto de Liverpool de los a\u00f1os 60&#8217;s. El s\u00e1bado 25, se realiz\u00f3 el m\u00e1gico concierto de campanas que cerr\u00f3 con un espect\u00e1culo de pirotecnia, siguiendo con la tradici\u00f3n que ha perdurado como una de&hellip;Leer m\u00e1s...","og_url":"https:\/\/www.aliadospuebla.com\/?p=85012","og_site_name":"AliadosPuebla","article_author":"https:\/\/www.facebook.com\/Aliados17Pue","article_published_time":"2023-11-27T03:10:06+00:00","og_image":[{"width":600,"height":450,"url":"https:\/\/www.aliadospuebla.com\/web2017\/wp-content\/uploads\/2023\/11\/176.jpg","type":"image\/jpeg"}],"author":"Aliados17","twitter_card":"summary_large_image","twitter_creator":"@AliadosPuebla","twitter_misc":{"Escrito por":"Aliados17","Tiempo de lectura":"2 minutos"},"schema":{"@context":"https:\/\/schema.org","@graph":[{"@type":"Article","@id":"https:\/\/www.aliadospuebla.com\/?p=85012#article","isPartOf":{"@id":"https:\/\/www.aliadospuebla.com\/?p=85012"},"author":{"name":"Aliados17","@id":"https:\/\/www.aliadospuebla.com\/#\/schema\/person\/5da7dd09320bd4f392b710017ed5f8ad"},"headline":"CONCLUYE FESTIVAL VANILOQUIO 2023 CON CERCA DE 12 MIL ASISTENTES","datePublished":"2023-11-27T03:10:06+00:00","mainEntityOfPage":{"@id":"https:\/\/www.aliadospuebla.com\/?p=85012"},"wordCount":376,"commentCount":0,"image":{"@id":"https:\/\/www.aliadospuebla.com\/?p=85012#primaryimage"},"thumbnailUrl":"https:\/\/www.aliadospuebla.com\/web2017\/wp-content\/uploads\/2023\/11\/176.jpg","keywords":["artistas","Concierto de campanas","Cultura","Festival Vaniloquio","Orquesta Esperanza Azteca","PAOLA ANGON","SAN PEDRO CHOLULA","Vidal Tepox"],"articleSection":["Municipios"],"inLanguage":"es","potentialAction":[{"@type":"CommentAction","name":"Comment","target":["https:\/\/www.aliadospuebla.com\/?p=85012#respond"]}]},{"@type":"WebPage","@id":"https:\/\/www.aliadospuebla.com\/?p=85012","url":"https:\/\/www.aliadospuebla.com\/?p=85012","name":"CONCLUYE FESTIVAL VANILOQUIO 2023 CON CERCA DE 12 MIL ASISTENTES - AliadosPuebla","isPartOf":{"@id":"https:\/\/www.aliadospuebla.com\/#website"},"primaryImageOfPage":{"@id":"https:\/\/www.aliadospuebla.com\/?p=85012#primaryimage"},"image":{"@id":"https:\/\/www.aliadospuebla.com\/?p=85012#primaryimage"},"thumbnailUrl":"https:\/\/www.aliadospuebla.com\/web2017\/wp-content\/uploads\/2023\/11\/176.jpg","datePublished":"2023-11-27T03:10:06+00:00","author":{"@id":"https:\/\/www.aliadospuebla.com\/#\/schema\/person\/5da7dd09320bd4f392b710017ed5f8ad"},"breadcrumb":{"@id":"https:\/\/www.aliadospuebla.com\/?p=85012#breadcrumb"},"inLanguage":"es","potentialAction":[{"@type":"ReadAction","target":["https:\/\/www.aliadospuebla.com\/?p=85012"]}]},{"@type":"ImageObject","inLanguage":"es","@id":"https:\/\/www.aliadospuebla.com\/?p=85012#primaryimage","url":"https:\/\/www.aliadospuebla.com\/web2017\/wp-content\/uploads\/2023\/11\/176.jpg","contentUrl":"https:\/\/www.aliadospuebla.com\/web2017\/wp-content\/uploads\/2023\/11\/176.jpg","width":600,"height":450},{"@type":"BreadcrumbList","@id":"https:\/\/www.aliadospuebla.com\/?p=85012#breadcrumb","itemListElement":[{"@type":"ListItem","position":1,"name":"Portada","item":"https:\/\/www.aliadospuebla.com\/"},{"@type":"ListItem","position":2,"name":"CONCLUYE FESTIVAL VANILOQUIO 2023 CON CERCA DE 12 MIL ASISTENTES"}]},{"@type":"WebSite","@id":"https:\/\/www.aliadospuebla.com\/#website","url":"https:\/\/www.aliadospuebla.com\/","name":"AliadosPuebla","description":"La informaci\u00f3n en tus manos","potentialAction":[{"@type":"SearchAction","target":{"@type":"EntryPoint","urlTemplate":"https:\/\/www.aliadospuebla.com\/?s={search_term_string}"},"query-input":{"@type":"PropertyValueSpecification","valueRequired":true,"valueName":"search_term_string"}}],"inLanguage":"es"},{"@type":"Person","@id":"https:\/\/www.aliadospuebla.com\/#\/schema\/person\/5da7dd09320bd4f392b710017ed5f8ad","name":"Aliados17","image":{"@type":"ImageObject","inLanguage":"es","@id":"https:\/\/www.aliadospuebla.com\/web2017\/wp-content\/uploads\/2025\/03\/cropped-para-perfil-8-anos-1-96x96.jpg","url":"https:\/\/www.aliadospuebla.com\/web2017\/wp-content\/uploads\/2025\/03\/cropped-para-perfil-8-anos-1-96x96.jpg","contentUrl":"https:\/\/www.aliadospuebla.com\/web2017\/wp-content\/uploads\/2025\/03\/cropped-para-perfil-8-anos-1-96x96.jpg","caption":"Aliados17"},"sameAs":["https:\/\/www.aliados17.com","https:\/\/www.facebook.com\/Aliados17Pue","https:\/\/x.com\/AliadosPuebla"],"url":"https:\/\/www.aliadospuebla.com\/?author=2"}]}},"views":9,"_links":{"self":[{"href":"https:\/\/www.aliadospuebla.com\/index.php?rest_route=\/wp\/v2\/posts\/85012","targetHints":{"allow":["GET"]}}],"collection":[{"href":"https:\/\/www.aliadospuebla.com\/index.php?rest_route=\/wp\/v2\/posts"}],"about":[{"href":"https:\/\/www.aliadospuebla.com\/index.php?rest_route=\/wp\/v2\/types\/post"}],"author":[{"embeddable":true,"href":"https:\/\/www.aliadospuebla.com\/index.php?rest_route=\/wp\/v2\/users\/2"}],"replies":[{"embeddable":true,"href":"https:\/\/www.aliadospuebla.com\/index.php?rest_route=%2Fwp%2Fv2%2Fcomments&post=85012"}],"version-history":[{"count":1,"href":"https:\/\/www.aliadospuebla.com\/index.php?rest_route=\/wp\/v2\/posts\/85012\/revisions"}],"predecessor-version":[{"id":85014,"href":"https:\/\/www.aliadospuebla.com\/index.php?rest_route=\/wp\/v2\/posts\/85012\/revisions\/85014"}],"wp:featuredmedia":[{"embeddable":true,"href":"https:\/\/www.aliadospuebla.com\/index.php?rest_route=\/wp\/v2\/media\/85013"}],"wp:attachment":[{"href":"https:\/\/www.aliadospuebla.com\/index.php?rest_route=%2Fwp%2Fv2%2Fmedia&parent=85012"}],"wp:term":[{"taxonomy":"category","embeddable":true,"href":"https:\/\/www.aliadospuebla.com\/index.php?rest_route=%2Fwp%2Fv2%2Fcategories&post=85012"},{"taxonomy":"post_tag","embeddable":true,"href":"https:\/\/www.aliadospuebla.com\/index.php?rest_route=%2Fwp%2Fv2%2Ftags&post=85012"}],"curies":[{"name":"wp","href":"https:\/\/api.w.org\/{rel}","templated":true}]}}