{"id":85009,"date":"2023-11-26T20:55:22","date_gmt":"2023-11-27T02:55:22","guid":{"rendered":"https:\/\/www.aliados17.com\/?p=85009"},"modified":"2023-11-26T20:55:22","modified_gmt":"2023-11-27T02:55:22","slug":"las-familias-disfrutaron-del-concierto-de-campanas-en-el-festival-vaniloquio-2023","status":"publish","type":"post","link":"https:\/\/www.aliadospuebla.com\/?p=85009","title":{"rendered":"LAS FAMILIAS DISFRUTARON DEL CONCIERTO DE CAMPANAS EN EL FESTIVAL VANILOQUIO 2023"},"content":{"rendered":"<h4>31 iglesias sonaron sus campanas para seguir una melod\u00eda en el concierto m\u00e1s esperado del Vaniloquio 2023.<\/h4>\n<p>San Pedro Cholula, Puebla.- Este s\u00e1bado 25 de noviembre, se llev\u00f3 a cabo el Concierto de Campanas,<\/p>\n<p>espect\u00e1culo principal del Festival Vaniloquio 2023, donde 31 iglesias de la cabecera municipal y barrios,<\/p>\n<p>se conjuntaron para hacer repicar sus metales al ritmo de una melod\u00eda, continuando con esta tradici\u00f3n<\/p>\n<p>\u00fanica de San Pedro Cholula durante la edici\u00f3n 32 de esta fiesta.<\/p>\n<p>Previo al concierto, como parte de la cartelera del 32\u00b0 Festival Vaniloquio, comenzaron las actividades<\/p>\n<p>este s\u00e1bado desde la 1 de la tarde, participando como foros el Quiosco, Santuario de los Remedios,<\/p>\n<p>Plaza de la Concordia y puerta de Presidencia.<\/p>\n<p>Como parte de los conciertos principales de \u00e9ste d\u00eda, abri\u00f3 la Orquesta Sinf\u00f3nica del Maestro Vidal Tepox &#8211;<\/p>\n<p>de San Crist\u00f3bal Tepontla-, interpretando partituras entre las que destacaron el danz\u00f3n N\u00b0.2 y Huapango<\/p>\n<p>de Moncayo; enseguida de esto, en punto de las 8 de la noche comenz\u00f3 la procesi\u00f3n con velas<\/p>\n<p>en las que participaron las familias y que se llev\u00f3 a cabo durante el concierto de campanas,<\/p>\n<p>mientras de manera paralela, la ciudadan\u00eda pudo disfrutar actos circenses con fuego y cerrando<\/p>\n<p>con broche de oro, con el espect\u00e1culo de pirotecnia.<\/p>\n<p>Posteriormente los asistentes pudieron escuchar el soundtrack de la pel\u00edcula \u201cPiratas del Caribe\u201d; Fantasma de la \u00d3pera; Mambo, entre otras melod\u00edas que destacaron a cargo de la Orquesta Sinf\u00f3nica Esperanza Azteca, que toc\u00f3 por m\u00e1s de una hora en el escenario de Plaza de la Concordia.<\/p>\n<p>Con estas acciones, es como el Gobierno de Cholula, que encabeza la Presidenta Paola Angon, contin\u00faa promoviendo al municipio cholulteca y sus tradiciones para apoyar a los comercios locales y fortalecer la derrama econ\u00f3mica en San Pedro Cholula a trav\u00e9s de una cartelera atractiva para familias locales y visitantes.<\/p>\n","protected":false},"excerpt":{"rendered":"<p>31 iglesias sonaron sus campanas para seguir una melod\u00eda en el concierto m\u00e1s esperado del Vaniloquio 2023. San Pedro Cholula, Puebla.- Este s\u00e1bado 25 de noviembre, se llev\u00f3 a cabo el Concierto de Campanas, espect\u00e1culo principal del Festival Vaniloquio 2023, donde 31 iglesias de la cabecera municipal y barrios, se conjuntaron para hacer repicar sus metales al ritmo de una melod\u00eda, continuando con esta tradici\u00f3n \u00fanica de San Pedro Cholula durante la edici\u00f3n 32 de esta fiesta. Previo al concierto, como parte de la cartelera del 32\u00b0 Festival Vaniloquio, comenzaron las actividades este s\u00e1bado desde la 1 de la tarde, participando como foros el Quiosco, Santuario de los Remedios, Plaza de la Concordia y puerta de Presidencia. Como parte de los conciertos principales de \u00e9ste&hellip;<\/p>\n<p class=\"excerpt-more\"><a class=\"blog-excerpt button\" href=\"https:\/\/www.aliadospuebla.com\/?p=85009\">Leer m\u00e1s&#8230;<\/a><\/p>\n","protected":false},"author":2,"featured_media":85010,"comment_status":"open","ping_status":"open","sticky":false,"template":"","format":"standard","meta":{"_monsterinsights_skip_tracking":false,"footnotes":""},"categories":[4],"tags":[20550,15797,474,387,22722],"class_list":["post-85009","post","type-post","status-publish","format-standard","has-post-thumbnail","hentry","category-municipios","tag-concierto-de-campanas","tag-paola-angon","tag-pirotecnia","tag-san-pedro-cholula","tag-vaniloquio-2023"],"yoast_head":"<!-- This site is optimized with the Yoast SEO plugin v28.3 - https:\/\/yoast.com\/product\/yoast-seo-wordpress\/ -->\n<title>LAS FAMILIAS DISFRUTARON DEL CONCIERTO DE CAMPANAS EN EL FESTIVAL VANILOQUIO 2023 - AliadosPuebla<\/title>\n<meta name=\"robots\" content=\"index, follow, max-snippet:-1, max-image-preview:large, max-video-preview:-1\" \/>\n<link rel=\"canonical\" href=\"https:\/\/www.aliadospuebla.com\/?p=85009\" \/>\n<meta property=\"og:locale\" content=\"es_ES\" \/>\n<meta property=\"og:type\" content=\"article\" \/>\n<meta property=\"og:title\" content=\"LAS FAMILIAS DISFRUTARON DEL CONCIERTO DE CAMPANAS EN EL FESTIVAL VANILOQUIO 2023 - AliadosPuebla\" \/>\n<meta property=\"og:description\" content=\"31 iglesias sonaron sus campanas para seguir una melod\u00eda en el concierto m\u00e1s esperado del Vaniloquio 2023. San Pedro Cholula, Puebla.- Este s\u00e1bado 25 de noviembre, se llev\u00f3 a cabo el Concierto de Campanas, espect\u00e1culo principal del Festival Vaniloquio 2023, donde 31 iglesias de la cabecera municipal y barrios, se conjuntaron para hacer repicar sus metales al ritmo de una melod\u00eda, continuando con esta tradici\u00f3n \u00fanica de San Pedro Cholula durante la edici\u00f3n 32 de esta fiesta. Previo al concierto, como parte de la cartelera del 32\u00b0 Festival Vaniloquio, comenzaron las actividades este s\u00e1bado desde la 1 de la tarde, participando como foros el Quiosco, Santuario de los Remedios, Plaza de la Concordia y puerta de Presidencia. Como parte de los conciertos principales de \u00e9ste&hellip;Leer m\u00e1s...\" \/>\n<meta property=\"og:url\" content=\"https:\/\/www.aliadospuebla.com\/?p=85009\" \/>\n<meta property=\"og:site_name\" content=\"AliadosPuebla\" \/>\n<meta property=\"article:author\" content=\"https:\/\/www.facebook.com\/Aliados17Pue\" \/>\n<meta property=\"article:published_time\" content=\"2023-11-27T02:55:22+00:00\" \/>\n<meta property=\"og:image\" content=\"https:\/\/www.aliadospuebla.com\/web2017\/wp-content\/uploads\/2023\/11\/175.jpg\" \/>\n\t<meta property=\"og:image:width\" content=\"600\" \/>\n\t<meta property=\"og:image:height\" content=\"450\" \/>\n\t<meta property=\"og:image:type\" content=\"image\/jpeg\" \/>\n<meta name=\"author\" content=\"Aliados17\" \/>\n<meta name=\"twitter:card\" content=\"summary_large_image\" \/>\n<meta name=\"twitter:creator\" content=\"@AliadosPuebla\" \/>\n<meta name=\"twitter:label1\" content=\"Escrito por\" \/>\n\t<meta name=\"twitter:data1\" content=\"Aliados17\" \/>\n\t<meta name=\"twitter:label2\" content=\"Tiempo de lectura\" \/>\n\t<meta name=\"twitter:data2\" content=\"2 minutos\" \/>\n<script type=\"application\/ld+json\" class=\"yoast-schema-graph\">{\"@context\":\"https:\\\/\\\/schema.org\",\"@graph\":[{\"@type\":\"Article\",\"@id\":\"https:\\\/\\\/www.aliadospuebla.com\\\/?p=85009#article\",\"isPartOf\":{\"@id\":\"https:\\\/\\\/www.aliadospuebla.com\\\/?p=85009\"},\"author\":{\"name\":\"Aliados17\",\"@id\":\"https:\\\/\\\/www.aliadospuebla.com\\\/#\\\/schema\\\/person\\\/5da7dd09320bd4f392b710017ed5f8ad\"},\"headline\":\"LAS FAMILIAS DISFRUTARON DEL CONCIERTO DE CAMPANAS EN EL FESTIVAL VANILOQUIO 2023\",\"datePublished\":\"2023-11-27T02:55:22+00:00\",\"mainEntityOfPage\":{\"@id\":\"https:\\\/\\\/www.aliadospuebla.com\\\/?p=85009\"},\"wordCount\":328,\"commentCount\":0,\"image\":{\"@id\":\"https:\\\/\\\/www.aliadospuebla.com\\\/?p=85009#primaryimage\"},\"thumbnailUrl\":\"https:\\\/\\\/www.aliadospuebla.com\\\/web2017\\\/wp-content\\\/uploads\\\/2023\\\/11\\\/175.jpg\",\"keywords\":[\"Concierto de campanas\",\"PAOLA ANGON\",\"PIROTECNIA\",\"SAN PEDRO CHOLULA\",\"Vaniloquio 2023\"],\"articleSection\":[\"Municipios\"],\"inLanguage\":\"es\",\"potentialAction\":[{\"@type\":\"CommentAction\",\"name\":\"Comment\",\"target\":[\"https:\\\/\\\/www.aliadospuebla.com\\\/?p=85009#respond\"]}]},{\"@type\":\"WebPage\",\"@id\":\"https:\\\/\\\/www.aliadospuebla.com\\\/?p=85009\",\"url\":\"https:\\\/\\\/www.aliadospuebla.com\\\/?p=85009\",\"name\":\"LAS FAMILIAS DISFRUTARON DEL CONCIERTO DE CAMPANAS EN EL FESTIVAL VANILOQUIO 2023 - AliadosPuebla\",\"isPartOf\":{\"@id\":\"https:\\\/\\\/www.aliadospuebla.com\\\/#website\"},\"primaryImageOfPage\":{\"@id\":\"https:\\\/\\\/www.aliadospuebla.com\\\/?p=85009#primaryimage\"},\"image\":{\"@id\":\"https:\\\/\\\/www.aliadospuebla.com\\\/?p=85009#primaryimage\"},\"thumbnailUrl\":\"https:\\\/\\\/www.aliadospuebla.com\\\/web2017\\\/wp-content\\\/uploads\\\/2023\\\/11\\\/175.jpg\",\"datePublished\":\"2023-11-27T02:55:22+00:00\",\"author\":{\"@id\":\"https:\\\/\\\/www.aliadospuebla.com\\\/#\\\/schema\\\/person\\\/5da7dd09320bd4f392b710017ed5f8ad\"},\"breadcrumb\":{\"@id\":\"https:\\\/\\\/www.aliadospuebla.com\\\/?p=85009#breadcrumb\"},\"inLanguage\":\"es\",\"potentialAction\":[{\"@type\":\"ReadAction\",\"target\":[\"https:\\\/\\\/www.aliadospuebla.com\\\/?p=85009\"]}]},{\"@type\":\"ImageObject\",\"inLanguage\":\"es\",\"@id\":\"https:\\\/\\\/www.aliadospuebla.com\\\/?p=85009#primaryimage\",\"url\":\"https:\\\/\\\/www.aliadospuebla.com\\\/web2017\\\/wp-content\\\/uploads\\\/2023\\\/11\\\/175.jpg\",\"contentUrl\":\"https:\\\/\\\/www.aliadospuebla.com\\\/web2017\\\/wp-content\\\/uploads\\\/2023\\\/11\\\/175.jpg\",\"width\":600,\"height\":450},{\"@type\":\"BreadcrumbList\",\"@id\":\"https:\\\/\\\/www.aliadospuebla.com\\\/?p=85009#breadcrumb\",\"itemListElement\":[{\"@type\":\"ListItem\",\"position\":1,\"name\":\"Portada\",\"item\":\"https:\\\/\\\/www.aliadospuebla.com\\\/\"},{\"@type\":\"ListItem\",\"position\":2,\"name\":\"LAS FAMILIAS DISFRUTARON DEL CONCIERTO DE CAMPANAS EN EL FESTIVAL VANILOQUIO 2023\"}]},{\"@type\":\"WebSite\",\"@id\":\"https:\\\/\\\/www.aliadospuebla.com\\\/#website\",\"url\":\"https:\\\/\\\/www.aliadospuebla.com\\\/\",\"name\":\"AliadosPuebla\",\"description\":\"La informaci\u00f3n en tus manos\",\"potentialAction\":[{\"@type\":\"SearchAction\",\"target\":{\"@type\":\"EntryPoint\",\"urlTemplate\":\"https:\\\/\\\/www.aliadospuebla.com\\\/?s={search_term_string}\"},\"query-input\":{\"@type\":\"PropertyValueSpecification\",\"valueRequired\":true,\"valueName\":\"search_term_string\"}}],\"inLanguage\":\"es\"},{\"@type\":\"Person\",\"@id\":\"https:\\\/\\\/www.aliadospuebla.com\\\/#\\\/schema\\\/person\\\/5da7dd09320bd4f392b710017ed5f8ad\",\"name\":\"Aliados17\",\"image\":{\"@type\":\"ImageObject\",\"inLanguage\":\"es\",\"@id\":\"https:\\\/\\\/www.aliadospuebla.com\\\/web2017\\\/wp-content\\\/uploads\\\/2025\\\/03\\\/cropped-para-perfil-8-anos-1-96x96.jpg\",\"url\":\"https:\\\/\\\/www.aliadospuebla.com\\\/web2017\\\/wp-content\\\/uploads\\\/2025\\\/03\\\/cropped-para-perfil-8-anos-1-96x96.jpg\",\"contentUrl\":\"https:\\\/\\\/www.aliadospuebla.com\\\/web2017\\\/wp-content\\\/uploads\\\/2025\\\/03\\\/cropped-para-perfil-8-anos-1-96x96.jpg\",\"caption\":\"Aliados17\"},\"sameAs\":[\"https:\\\/\\\/www.aliados17.com\",\"https:\\\/\\\/www.facebook.com\\\/Aliados17Pue\",\"https:\\\/\\\/x.com\\\/AliadosPuebla\"],\"url\":\"https:\\\/\\\/www.aliadospuebla.com\\\/?author=2\"}]}<\/script>\n<!-- \/ Yoast SEO plugin. -->","yoast_head_json":{"title":"LAS FAMILIAS DISFRUTARON DEL CONCIERTO DE CAMPANAS EN EL FESTIVAL VANILOQUIO 2023 - AliadosPuebla","robots":{"index":"index","follow":"follow","max-snippet":"max-snippet:-1","max-image-preview":"max-image-preview:large","max-video-preview":"max-video-preview:-1"},"canonical":"https:\/\/www.aliadospuebla.com\/?p=85009","og_locale":"es_ES","og_type":"article","og_title":"LAS FAMILIAS DISFRUTARON DEL CONCIERTO DE CAMPANAS EN EL FESTIVAL VANILOQUIO 2023 - AliadosPuebla","og_description":"31 iglesias sonaron sus campanas para seguir una melod\u00eda en el concierto m\u00e1s esperado del Vaniloquio 2023. San Pedro Cholula, Puebla.- Este s\u00e1bado 25 de noviembre, se llev\u00f3 a cabo el Concierto de Campanas, espect\u00e1culo principal del Festival Vaniloquio 2023, donde 31 iglesias de la cabecera municipal y barrios, se conjuntaron para hacer repicar sus metales al ritmo de una melod\u00eda, continuando con esta tradici\u00f3n \u00fanica de San Pedro Cholula durante la edici\u00f3n 32 de esta fiesta. Previo al concierto, como parte de la cartelera del 32\u00b0 Festival Vaniloquio, comenzaron las actividades este s\u00e1bado desde la 1 de la tarde, participando como foros el Quiosco, Santuario de los Remedios, Plaza de la Concordia y puerta de Presidencia. Como parte de los conciertos principales de \u00e9ste&hellip;Leer m\u00e1s...","og_url":"https:\/\/www.aliadospuebla.com\/?p=85009","og_site_name":"AliadosPuebla","article_author":"https:\/\/www.facebook.com\/Aliados17Pue","article_published_time":"2023-11-27T02:55:22+00:00","og_image":[{"width":600,"height":450,"url":"https:\/\/www.aliadospuebla.com\/web2017\/wp-content\/uploads\/2023\/11\/175.jpg","type":"image\/jpeg"}],"author":"Aliados17","twitter_card":"summary_large_image","twitter_creator":"@AliadosPuebla","twitter_misc":{"Escrito por":"Aliados17","Tiempo de lectura":"2 minutos"},"schema":{"@context":"https:\/\/schema.org","@graph":[{"@type":"Article","@id":"https:\/\/www.aliadospuebla.com\/?p=85009#article","isPartOf":{"@id":"https:\/\/www.aliadospuebla.com\/?p=85009"},"author":{"name":"Aliados17","@id":"https:\/\/www.aliadospuebla.com\/#\/schema\/person\/5da7dd09320bd4f392b710017ed5f8ad"},"headline":"LAS FAMILIAS DISFRUTARON DEL CONCIERTO DE CAMPANAS EN EL FESTIVAL VANILOQUIO 2023","datePublished":"2023-11-27T02:55:22+00:00","mainEntityOfPage":{"@id":"https:\/\/www.aliadospuebla.com\/?p=85009"},"wordCount":328,"commentCount":0,"image":{"@id":"https:\/\/www.aliadospuebla.com\/?p=85009#primaryimage"},"thumbnailUrl":"https:\/\/www.aliadospuebla.com\/web2017\/wp-content\/uploads\/2023\/11\/175.jpg","keywords":["Concierto de campanas","PAOLA ANGON","PIROTECNIA","SAN PEDRO CHOLULA","Vaniloquio 2023"],"articleSection":["Municipios"],"inLanguage":"es","potentialAction":[{"@type":"CommentAction","name":"Comment","target":["https:\/\/www.aliadospuebla.com\/?p=85009#respond"]}]},{"@type":"WebPage","@id":"https:\/\/www.aliadospuebla.com\/?p=85009","url":"https:\/\/www.aliadospuebla.com\/?p=85009","name":"LAS FAMILIAS DISFRUTARON DEL CONCIERTO DE CAMPANAS EN EL FESTIVAL VANILOQUIO 2023 - AliadosPuebla","isPartOf":{"@id":"https:\/\/www.aliadospuebla.com\/#website"},"primaryImageOfPage":{"@id":"https:\/\/www.aliadospuebla.com\/?p=85009#primaryimage"},"image":{"@id":"https:\/\/www.aliadospuebla.com\/?p=85009#primaryimage"},"thumbnailUrl":"https:\/\/www.aliadospuebla.com\/web2017\/wp-content\/uploads\/2023\/11\/175.jpg","datePublished":"2023-11-27T02:55:22+00:00","author":{"@id":"https:\/\/www.aliadospuebla.com\/#\/schema\/person\/5da7dd09320bd4f392b710017ed5f8ad"},"breadcrumb":{"@id":"https:\/\/www.aliadospuebla.com\/?p=85009#breadcrumb"},"inLanguage":"es","potentialAction":[{"@type":"ReadAction","target":["https:\/\/www.aliadospuebla.com\/?p=85009"]}]},{"@type":"ImageObject","inLanguage":"es","@id":"https:\/\/www.aliadospuebla.com\/?p=85009#primaryimage","url":"https:\/\/www.aliadospuebla.com\/web2017\/wp-content\/uploads\/2023\/11\/175.jpg","contentUrl":"https:\/\/www.aliadospuebla.com\/web2017\/wp-content\/uploads\/2023\/11\/175.jpg","width":600,"height":450},{"@type":"BreadcrumbList","@id":"https:\/\/www.aliadospuebla.com\/?p=85009#breadcrumb","itemListElement":[{"@type":"ListItem","position":1,"name":"Portada","item":"https:\/\/www.aliadospuebla.com\/"},{"@type":"ListItem","position":2,"name":"LAS FAMILIAS DISFRUTARON DEL CONCIERTO DE CAMPANAS EN EL FESTIVAL VANILOQUIO 2023"}]},{"@type":"WebSite","@id":"https:\/\/www.aliadospuebla.com\/#website","url":"https:\/\/www.aliadospuebla.com\/","name":"AliadosPuebla","description":"La informaci\u00f3n en tus manos","potentialAction":[{"@type":"SearchAction","target":{"@type":"EntryPoint","urlTemplate":"https:\/\/www.aliadospuebla.com\/?s={search_term_string}"},"query-input":{"@type":"PropertyValueSpecification","valueRequired":true,"valueName":"search_term_string"}}],"inLanguage":"es"},{"@type":"Person","@id":"https:\/\/www.aliadospuebla.com\/#\/schema\/person\/5da7dd09320bd4f392b710017ed5f8ad","name":"Aliados17","image":{"@type":"ImageObject","inLanguage":"es","@id":"https:\/\/www.aliadospuebla.com\/web2017\/wp-content\/uploads\/2025\/03\/cropped-para-perfil-8-anos-1-96x96.jpg","url":"https:\/\/www.aliadospuebla.com\/web2017\/wp-content\/uploads\/2025\/03\/cropped-para-perfil-8-anos-1-96x96.jpg","contentUrl":"https:\/\/www.aliadospuebla.com\/web2017\/wp-content\/uploads\/2025\/03\/cropped-para-perfil-8-anos-1-96x96.jpg","caption":"Aliados17"},"sameAs":["https:\/\/www.aliados17.com","https:\/\/www.facebook.com\/Aliados17Pue","https:\/\/x.com\/AliadosPuebla"],"url":"https:\/\/www.aliadospuebla.com\/?author=2"}]}},"views":7,"_links":{"self":[{"href":"https:\/\/www.aliadospuebla.com\/index.php?rest_route=\/wp\/v2\/posts\/85009","targetHints":{"allow":["GET"]}}],"collection":[{"href":"https:\/\/www.aliadospuebla.com\/index.php?rest_route=\/wp\/v2\/posts"}],"about":[{"href":"https:\/\/www.aliadospuebla.com\/index.php?rest_route=\/wp\/v2\/types\/post"}],"author":[{"embeddable":true,"href":"https:\/\/www.aliadospuebla.com\/index.php?rest_route=\/wp\/v2\/users\/2"}],"replies":[{"embeddable":true,"href":"https:\/\/www.aliadospuebla.com\/index.php?rest_route=%2Fwp%2Fv2%2Fcomments&post=85009"}],"version-history":[{"count":1,"href":"https:\/\/www.aliadospuebla.com\/index.php?rest_route=\/wp\/v2\/posts\/85009\/revisions"}],"predecessor-version":[{"id":85011,"href":"https:\/\/www.aliadospuebla.com\/index.php?rest_route=\/wp\/v2\/posts\/85009\/revisions\/85011"}],"wp:featuredmedia":[{"embeddable":true,"href":"https:\/\/www.aliadospuebla.com\/index.php?rest_route=\/wp\/v2\/media\/85010"}],"wp:attachment":[{"href":"https:\/\/www.aliadospuebla.com\/index.php?rest_route=%2Fwp%2Fv2%2Fmedia&parent=85009"}],"wp:term":[{"taxonomy":"category","embeddable":true,"href":"https:\/\/www.aliadospuebla.com\/index.php?rest_route=%2Fwp%2Fv2%2Fcategories&post=85009"},{"taxonomy":"post_tag","embeddable":true,"href":"https:\/\/www.aliadospuebla.com\/index.php?rest_route=%2Fwp%2Fv2%2Ftags&post=85009"}],"curies":[{"name":"wp","href":"https:\/\/api.w.org\/{rel}","templated":true}]}}