{"id":84662,"date":"2023-11-13T22:50:50","date_gmt":"2023-11-14T04:50:50","guid":{"rendered":"https:\/\/www.aliados17.com\/?p=84662"},"modified":"2023-11-13T22:50:50","modified_gmt":"2023-11-14T04:50:50","slug":"gobierno-de-cholula-presenta-las-actividades-del-festival-vaniloquio-2023","status":"publish","type":"post","link":"https:\/\/www.aliadospuebla.com\/?p=84662","title":{"rendered":"GOBIERNO DE CHOLULA PRESENTA LAS ACTIVIDADES DEL FESTIVAL VANILOQUIO 2023"},"content":{"rendered":"<h4>El Gobierno que encabeza la Presidenta Paola Angon anuncia el 32\u00b0 Festival Vaniloquio que se llevar\u00e1 a cabo los d\u00edas 24, 25 y 26 de noviembre.<\/h4>\n<p>San Pedro Cholula, Puebla.- El Gobierno de Cholula,<\/p>\n<p>que encabeza la Presidenta Municipal Paola Angon,<\/p>\n<p>anunci\u00f3 en rueda de prensa la trig\u00e9sima segunda edici\u00f3n<\/p>\n<p>del Festival Vaniloquio, en el que participar\u00e1n<\/p>\n<p>14 iglesias interpretando partitura al un\u00edsono,<\/p>\n<p>y 17 m\u00e1s, con repique de sus campa\u00f1as durante<\/p>\n<p>el Concierto de Campanas, haciendo de este evento<\/p>\n<p>una de las festividades propias m\u00e1s<\/p>\n<p>emblem\u00e1ticas del municipio como cada a\u00f1o.<\/p>\n<p>El Secretario de Turismo Cultura y Desarrollo Econ\u00f3mico,<\/p>\n<p>Juan Roman Espinosa Moyado detall\u00f3 que el concierto de campanas<\/p>\n<p>se realizar\u00e1 el s\u00e1bado 25 de noviembre a las 8 de la noche,<\/p>\n<p>y podr\u00e1 disfrutarse en Plaza de la Concordia acompa\u00f1ado de un Show de fuegos artificiales.<\/p>\n<p>Por su parte, anunci\u00f3 que el viernes 24 de noviembre -a partir de las 6 de la tarde en Plaza de la Concordia<\/p>\n<p>&#8211; las familias y visitantes podr\u00e1n escuchar y apreciar uno de los principales conciertos del festival<\/p>\n<p>a cargo de la Escuela Superior de M\u00fasica Fausto de Andr\u00e9s y Aguirre, de m\u00fasicos orgullosamente cholultecas,<\/p>\n<p>posterior a este evento, se presentar\u00e1 la Bigbang de Jazz del club Jazzatl\u00e1n con el Tributo a Frank Sinatra y Tropicana Show.<\/p>\n<p>Previo al concierto principal, el mismo 24 de noviembre, a partir de la 1 pm. comenzar\u00e1n las actividades<\/p>\n<p>en el balc\u00f3n del Museo Casa Caballero \u00c1guila, y seguido de esto en el Quiosco del z\u00f3calo de San Pedro Cholula<\/p>\n<p>-desde las 4 de la tarde- se ofrecer\u00e1n diversas presentaciones, en las que destaca el Mariachi de Huejotzingo,<\/p>\n<p>participaci\u00f3n que se logra en el marco de los hermanamientos con los Pueblos M\u00e1gicos.<\/p>\n<p>En este mismo sentido para el domingo 26 de noviembre se realizar\u00e1n presentaciones en Parque Soria,<\/p>\n<p>Plaza de la Concordia y Quiosco en las que estar\u00e1n presentes agrupaciones de San Mart\u00edn y Teziutl\u00e1n,<\/p>\n<p>con lo que el Gobierno de Cholula contin\u00faa promoviendo el talento que albergan los Pueblos M\u00e1gicos<\/p>\n<p>hermanados y fortaleciendo esta relaci\u00f3n.<\/p>\n<p>Es as\u00ed como San Pedro Cholula comparte sus tradiciones, a trav\u00e9s de eventos y actividades conocidas<\/p>\n<p>internacionalmente en el que arriban visitantes extranjeros e impulsan a las familias locales<\/p>\n<p>a seguir disfrutando y preservando estas tradiciones que hacen referente al municipio ante el mundo.<\/p>\n","protected":false},"excerpt":{"rendered":"<p>El Gobierno que encabeza la Presidenta Paola Angon anuncia el 32\u00b0 Festival Vaniloquio que se llevar\u00e1 a cabo los d\u00edas 24, 25 y 26 de noviembre. San Pedro Cholula, Puebla.- El Gobierno de Cholula, que encabeza la Presidenta Municipal Paola Angon, anunci\u00f3 en rueda de prensa la trig\u00e9sima segunda edici\u00f3n del Festival Vaniloquio, en el que participar\u00e1n 14 iglesias interpretando partitura al un\u00edsono, y 17 m\u00e1s, con repique de sus campa\u00f1as durante el Concierto de Campanas, haciendo de este evento una de las festividades propias m\u00e1s emblem\u00e1ticas del municipio como cada a\u00f1o. El Secretario de Turismo Cultura y Desarrollo Econ\u00f3mico, Juan Roman Espinosa Moyado detall\u00f3 que el concierto de campanas se realizar\u00e1 el s\u00e1bado 25 de noviembre a las 8 de la noche, y podr\u00e1&hellip;<\/p>\n<p class=\"excerpt-more\"><a class=\"blog-excerpt button\" href=\"https:\/\/www.aliadospuebla.com\/?p=84662\">Leer m\u00e1s&#8230;<\/a><\/p>\n","protected":false},"author":2,"featured_media":84663,"comment_status":"open","ping_status":"open","sticky":false,"template":"","format":"standard","meta":{"_monsterinsights_skip_tracking":false,"footnotes":""},"categories":[4],"tags":[20550,17387,15797,22685,387],"class_list":["post-84662","post","type-post","status-publish","format-standard","has-post-thumbnail","hentry","category-municipios","tag-concierto-de-campanas","tag-festival-vaniloquio","tag-paola-angon","tag-repique-de-campanas","tag-san-pedro-cholula"],"yoast_head":"<!-- This site is optimized with the Yoast SEO plugin v28.3 - https:\/\/yoast.com\/product\/yoast-seo-wordpress\/ -->\n<title>GOBIERNO DE CHOLULA PRESENTA LAS ACTIVIDADES DEL FESTIVAL VANILOQUIO 2023 - AliadosPuebla<\/title>\n<meta name=\"robots\" content=\"index, follow, max-snippet:-1, max-image-preview:large, max-video-preview:-1\" \/>\n<link rel=\"canonical\" href=\"https:\/\/www.aliadospuebla.com\/?p=84662\" \/>\n<meta property=\"og:locale\" content=\"es_ES\" \/>\n<meta property=\"og:type\" content=\"article\" \/>\n<meta property=\"og:title\" content=\"GOBIERNO DE CHOLULA PRESENTA LAS ACTIVIDADES DEL FESTIVAL VANILOQUIO 2023 - AliadosPuebla\" \/>\n<meta property=\"og:description\" content=\"El Gobierno que encabeza la Presidenta Paola Angon anuncia el 32\u00b0 Festival Vaniloquio que se llevar\u00e1 a cabo los d\u00edas 24, 25 y 26 de noviembre. San Pedro Cholula, Puebla.- El Gobierno de Cholula, que encabeza la Presidenta Municipal Paola Angon, anunci\u00f3 en rueda de prensa la trig\u00e9sima segunda edici\u00f3n del Festival Vaniloquio, en el que participar\u00e1n 14 iglesias interpretando partitura al un\u00edsono, y 17 m\u00e1s, con repique de sus campa\u00f1as durante el Concierto de Campanas, haciendo de este evento una de las festividades propias m\u00e1s emblem\u00e1ticas del municipio como cada a\u00f1o. El Secretario de Turismo Cultura y Desarrollo Econ\u00f3mico, Juan Roman Espinosa Moyado detall\u00f3 que el concierto de campanas se realizar\u00e1 el s\u00e1bado 25 de noviembre a las 8 de la noche, y podr\u00e1&hellip;Leer m\u00e1s...\" \/>\n<meta property=\"og:url\" content=\"https:\/\/www.aliadospuebla.com\/?p=84662\" \/>\n<meta property=\"og:site_name\" content=\"AliadosPuebla\" \/>\n<meta property=\"article:author\" content=\"https:\/\/www.facebook.com\/Aliados17Pue\" \/>\n<meta property=\"article:published_time\" content=\"2023-11-14T04:50:50+00:00\" \/>\n<meta property=\"og:image\" content=\"https:\/\/www.aliadospuebla.com\/web2017\/wp-content\/uploads\/2023\/11\/153.jpg\" \/>\n\t<meta property=\"og:image:width\" content=\"600\" \/>\n\t<meta property=\"og:image:height\" content=\"450\" \/>\n\t<meta property=\"og:image:type\" content=\"image\/jpeg\" \/>\n<meta name=\"author\" content=\"Aliados17\" \/>\n<meta name=\"twitter:card\" content=\"summary_large_image\" \/>\n<meta name=\"twitter:creator\" content=\"@AliadosPuebla\" \/>\n<meta name=\"twitter:label1\" content=\"Escrito por\" \/>\n\t<meta name=\"twitter:data1\" content=\"Aliados17\" \/>\n\t<meta name=\"twitter:label2\" content=\"Tiempo de lectura\" \/>\n\t<meta name=\"twitter:data2\" content=\"2 minutos\" \/>\n<script type=\"application\/ld+json\" class=\"yoast-schema-graph\">{\"@context\":\"https:\\\/\\\/schema.org\",\"@graph\":[{\"@type\":\"Article\",\"@id\":\"https:\\\/\\\/www.aliadospuebla.com\\\/?p=84662#article\",\"isPartOf\":{\"@id\":\"https:\\\/\\\/www.aliadospuebla.com\\\/?p=84662\"},\"author\":{\"name\":\"Aliados17\",\"@id\":\"https:\\\/\\\/www.aliadospuebla.com\\\/#\\\/schema\\\/person\\\/5da7dd09320bd4f392b710017ed5f8ad\"},\"headline\":\"GOBIERNO DE CHOLULA PRESENTA LAS ACTIVIDADES DEL FESTIVAL VANILOQUIO 2023\",\"datePublished\":\"2023-11-14T04:50:50+00:00\",\"mainEntityOfPage\":{\"@id\":\"https:\\\/\\\/www.aliadospuebla.com\\\/?p=84662\"},\"wordCount\":413,\"commentCount\":0,\"image\":{\"@id\":\"https:\\\/\\\/www.aliadospuebla.com\\\/?p=84662#primaryimage\"},\"thumbnailUrl\":\"https:\\\/\\\/www.aliadospuebla.com\\\/web2017\\\/wp-content\\\/uploads\\\/2023\\\/11\\\/153.jpg\",\"keywords\":[\"Concierto de campanas\",\"Festival Vaniloquio\",\"PAOLA ANGON\",\"repique de campanas\",\"SAN PEDRO CHOLULA\"],\"articleSection\":[\"Municipios\"],\"inLanguage\":\"es\",\"potentialAction\":[{\"@type\":\"CommentAction\",\"name\":\"Comment\",\"target\":[\"https:\\\/\\\/www.aliadospuebla.com\\\/?p=84662#respond\"]}]},{\"@type\":\"WebPage\",\"@id\":\"https:\\\/\\\/www.aliadospuebla.com\\\/?p=84662\",\"url\":\"https:\\\/\\\/www.aliadospuebla.com\\\/?p=84662\",\"name\":\"GOBIERNO DE CHOLULA PRESENTA LAS ACTIVIDADES DEL FESTIVAL VANILOQUIO 2023 - AliadosPuebla\",\"isPartOf\":{\"@id\":\"https:\\\/\\\/www.aliadospuebla.com\\\/#website\"},\"primaryImageOfPage\":{\"@id\":\"https:\\\/\\\/www.aliadospuebla.com\\\/?p=84662#primaryimage\"},\"image\":{\"@id\":\"https:\\\/\\\/www.aliadospuebla.com\\\/?p=84662#primaryimage\"},\"thumbnailUrl\":\"https:\\\/\\\/www.aliadospuebla.com\\\/web2017\\\/wp-content\\\/uploads\\\/2023\\\/11\\\/153.jpg\",\"datePublished\":\"2023-11-14T04:50:50+00:00\",\"author\":{\"@id\":\"https:\\\/\\\/www.aliadospuebla.com\\\/#\\\/schema\\\/person\\\/5da7dd09320bd4f392b710017ed5f8ad\"},\"breadcrumb\":{\"@id\":\"https:\\\/\\\/www.aliadospuebla.com\\\/?p=84662#breadcrumb\"},\"inLanguage\":\"es\",\"potentialAction\":[{\"@type\":\"ReadAction\",\"target\":[\"https:\\\/\\\/www.aliadospuebla.com\\\/?p=84662\"]}]},{\"@type\":\"ImageObject\",\"inLanguage\":\"es\",\"@id\":\"https:\\\/\\\/www.aliadospuebla.com\\\/?p=84662#primaryimage\",\"url\":\"https:\\\/\\\/www.aliadospuebla.com\\\/web2017\\\/wp-content\\\/uploads\\\/2023\\\/11\\\/153.jpg\",\"contentUrl\":\"https:\\\/\\\/www.aliadospuebla.com\\\/web2017\\\/wp-content\\\/uploads\\\/2023\\\/11\\\/153.jpg\",\"width\":600,\"height\":450},{\"@type\":\"BreadcrumbList\",\"@id\":\"https:\\\/\\\/www.aliadospuebla.com\\\/?p=84662#breadcrumb\",\"itemListElement\":[{\"@type\":\"ListItem\",\"position\":1,\"name\":\"Portada\",\"item\":\"https:\\\/\\\/www.aliadospuebla.com\\\/\"},{\"@type\":\"ListItem\",\"position\":2,\"name\":\"GOBIERNO DE CHOLULA PRESENTA LAS ACTIVIDADES DEL FESTIVAL VANILOQUIO 2023\"}]},{\"@type\":\"WebSite\",\"@id\":\"https:\\\/\\\/www.aliadospuebla.com\\\/#website\",\"url\":\"https:\\\/\\\/www.aliadospuebla.com\\\/\",\"name\":\"AliadosPuebla\",\"description\":\"La informaci\u00f3n en tus manos\",\"potentialAction\":[{\"@type\":\"SearchAction\",\"target\":{\"@type\":\"EntryPoint\",\"urlTemplate\":\"https:\\\/\\\/www.aliadospuebla.com\\\/?s={search_term_string}\"},\"query-input\":{\"@type\":\"PropertyValueSpecification\",\"valueRequired\":true,\"valueName\":\"search_term_string\"}}],\"inLanguage\":\"es\"},{\"@type\":\"Person\",\"@id\":\"https:\\\/\\\/www.aliadospuebla.com\\\/#\\\/schema\\\/person\\\/5da7dd09320bd4f392b710017ed5f8ad\",\"name\":\"Aliados17\",\"image\":{\"@type\":\"ImageObject\",\"inLanguage\":\"es\",\"@id\":\"https:\\\/\\\/www.aliadospuebla.com\\\/web2017\\\/wp-content\\\/uploads\\\/2025\\\/03\\\/cropped-para-perfil-8-anos-1-96x96.jpg\",\"url\":\"https:\\\/\\\/www.aliadospuebla.com\\\/web2017\\\/wp-content\\\/uploads\\\/2025\\\/03\\\/cropped-para-perfil-8-anos-1-96x96.jpg\",\"contentUrl\":\"https:\\\/\\\/www.aliadospuebla.com\\\/web2017\\\/wp-content\\\/uploads\\\/2025\\\/03\\\/cropped-para-perfil-8-anos-1-96x96.jpg\",\"caption\":\"Aliados17\"},\"sameAs\":[\"https:\\\/\\\/www.aliados17.com\",\"https:\\\/\\\/www.facebook.com\\\/Aliados17Pue\",\"https:\\\/\\\/x.com\\\/AliadosPuebla\"],\"url\":\"https:\\\/\\\/www.aliadospuebla.com\\\/?author=2\"}]}<\/script>\n<!-- \/ Yoast SEO plugin. -->","yoast_head_json":{"title":"GOBIERNO DE CHOLULA PRESENTA LAS ACTIVIDADES DEL FESTIVAL VANILOQUIO 2023 - AliadosPuebla","robots":{"index":"index","follow":"follow","max-snippet":"max-snippet:-1","max-image-preview":"max-image-preview:large","max-video-preview":"max-video-preview:-1"},"canonical":"https:\/\/www.aliadospuebla.com\/?p=84662","og_locale":"es_ES","og_type":"article","og_title":"GOBIERNO DE CHOLULA PRESENTA LAS ACTIVIDADES DEL FESTIVAL VANILOQUIO 2023 - AliadosPuebla","og_description":"El Gobierno que encabeza la Presidenta Paola Angon anuncia el 32\u00b0 Festival Vaniloquio que se llevar\u00e1 a cabo los d\u00edas 24, 25 y 26 de noviembre. San Pedro Cholula, Puebla.- El Gobierno de Cholula, que encabeza la Presidenta Municipal Paola Angon, anunci\u00f3 en rueda de prensa la trig\u00e9sima segunda edici\u00f3n del Festival Vaniloquio, en el que participar\u00e1n 14 iglesias interpretando partitura al un\u00edsono, y 17 m\u00e1s, con repique de sus campa\u00f1as durante el Concierto de Campanas, haciendo de este evento una de las festividades propias m\u00e1s emblem\u00e1ticas del municipio como cada a\u00f1o. El Secretario de Turismo Cultura y Desarrollo Econ\u00f3mico, Juan Roman Espinosa Moyado detall\u00f3 que el concierto de campanas se realizar\u00e1 el s\u00e1bado 25 de noviembre a las 8 de la noche, y podr\u00e1&hellip;Leer m\u00e1s...","og_url":"https:\/\/www.aliadospuebla.com\/?p=84662","og_site_name":"AliadosPuebla","article_author":"https:\/\/www.facebook.com\/Aliados17Pue","article_published_time":"2023-11-14T04:50:50+00:00","og_image":[{"width":600,"height":450,"url":"https:\/\/www.aliadospuebla.com\/web2017\/wp-content\/uploads\/2023\/11\/153.jpg","type":"image\/jpeg"}],"author":"Aliados17","twitter_card":"summary_large_image","twitter_creator":"@AliadosPuebla","twitter_misc":{"Escrito por":"Aliados17","Tiempo de lectura":"2 minutos"},"schema":{"@context":"https:\/\/schema.org","@graph":[{"@type":"Article","@id":"https:\/\/www.aliadospuebla.com\/?p=84662#article","isPartOf":{"@id":"https:\/\/www.aliadospuebla.com\/?p=84662"},"author":{"name":"Aliados17","@id":"https:\/\/www.aliadospuebla.com\/#\/schema\/person\/5da7dd09320bd4f392b710017ed5f8ad"},"headline":"GOBIERNO DE CHOLULA PRESENTA LAS ACTIVIDADES DEL FESTIVAL VANILOQUIO 2023","datePublished":"2023-11-14T04:50:50+00:00","mainEntityOfPage":{"@id":"https:\/\/www.aliadospuebla.com\/?p=84662"},"wordCount":413,"commentCount":0,"image":{"@id":"https:\/\/www.aliadospuebla.com\/?p=84662#primaryimage"},"thumbnailUrl":"https:\/\/www.aliadospuebla.com\/web2017\/wp-content\/uploads\/2023\/11\/153.jpg","keywords":["Concierto de campanas","Festival Vaniloquio","PAOLA ANGON","repique de campanas","SAN PEDRO CHOLULA"],"articleSection":["Municipios"],"inLanguage":"es","potentialAction":[{"@type":"CommentAction","name":"Comment","target":["https:\/\/www.aliadospuebla.com\/?p=84662#respond"]}]},{"@type":"WebPage","@id":"https:\/\/www.aliadospuebla.com\/?p=84662","url":"https:\/\/www.aliadospuebla.com\/?p=84662","name":"GOBIERNO DE CHOLULA PRESENTA LAS ACTIVIDADES DEL FESTIVAL VANILOQUIO 2023 - AliadosPuebla","isPartOf":{"@id":"https:\/\/www.aliadospuebla.com\/#website"},"primaryImageOfPage":{"@id":"https:\/\/www.aliadospuebla.com\/?p=84662#primaryimage"},"image":{"@id":"https:\/\/www.aliadospuebla.com\/?p=84662#primaryimage"},"thumbnailUrl":"https:\/\/www.aliadospuebla.com\/web2017\/wp-content\/uploads\/2023\/11\/153.jpg","datePublished":"2023-11-14T04:50:50+00:00","author":{"@id":"https:\/\/www.aliadospuebla.com\/#\/schema\/person\/5da7dd09320bd4f392b710017ed5f8ad"},"breadcrumb":{"@id":"https:\/\/www.aliadospuebla.com\/?p=84662#breadcrumb"},"inLanguage":"es","potentialAction":[{"@type":"ReadAction","target":["https:\/\/www.aliadospuebla.com\/?p=84662"]}]},{"@type":"ImageObject","inLanguage":"es","@id":"https:\/\/www.aliadospuebla.com\/?p=84662#primaryimage","url":"https:\/\/www.aliadospuebla.com\/web2017\/wp-content\/uploads\/2023\/11\/153.jpg","contentUrl":"https:\/\/www.aliadospuebla.com\/web2017\/wp-content\/uploads\/2023\/11\/153.jpg","width":600,"height":450},{"@type":"BreadcrumbList","@id":"https:\/\/www.aliadospuebla.com\/?p=84662#breadcrumb","itemListElement":[{"@type":"ListItem","position":1,"name":"Portada","item":"https:\/\/www.aliadospuebla.com\/"},{"@type":"ListItem","position":2,"name":"GOBIERNO DE CHOLULA PRESENTA LAS ACTIVIDADES DEL FESTIVAL VANILOQUIO 2023"}]},{"@type":"WebSite","@id":"https:\/\/www.aliadospuebla.com\/#website","url":"https:\/\/www.aliadospuebla.com\/","name":"AliadosPuebla","description":"La informaci\u00f3n en tus manos","potentialAction":[{"@type":"SearchAction","target":{"@type":"EntryPoint","urlTemplate":"https:\/\/www.aliadospuebla.com\/?s={search_term_string}"},"query-input":{"@type":"PropertyValueSpecification","valueRequired":true,"valueName":"search_term_string"}}],"inLanguage":"es"},{"@type":"Person","@id":"https:\/\/www.aliadospuebla.com\/#\/schema\/person\/5da7dd09320bd4f392b710017ed5f8ad","name":"Aliados17","image":{"@type":"ImageObject","inLanguage":"es","@id":"https:\/\/www.aliadospuebla.com\/web2017\/wp-content\/uploads\/2025\/03\/cropped-para-perfil-8-anos-1-96x96.jpg","url":"https:\/\/www.aliadospuebla.com\/web2017\/wp-content\/uploads\/2025\/03\/cropped-para-perfil-8-anos-1-96x96.jpg","contentUrl":"https:\/\/www.aliadospuebla.com\/web2017\/wp-content\/uploads\/2025\/03\/cropped-para-perfil-8-anos-1-96x96.jpg","caption":"Aliados17"},"sameAs":["https:\/\/www.aliados17.com","https:\/\/www.facebook.com\/Aliados17Pue","https:\/\/x.com\/AliadosPuebla"],"url":"https:\/\/www.aliadospuebla.com\/?author=2"}]}},"views":6,"_links":{"self":[{"href":"https:\/\/www.aliadospuebla.com\/index.php?rest_route=\/wp\/v2\/posts\/84662","targetHints":{"allow":["GET"]}}],"collection":[{"href":"https:\/\/www.aliadospuebla.com\/index.php?rest_route=\/wp\/v2\/posts"}],"about":[{"href":"https:\/\/www.aliadospuebla.com\/index.php?rest_route=\/wp\/v2\/types\/post"}],"author":[{"embeddable":true,"href":"https:\/\/www.aliadospuebla.com\/index.php?rest_route=\/wp\/v2\/users\/2"}],"replies":[{"embeddable":true,"href":"https:\/\/www.aliadospuebla.com\/index.php?rest_route=%2Fwp%2Fv2%2Fcomments&post=84662"}],"version-history":[{"count":1,"href":"https:\/\/www.aliadospuebla.com\/index.php?rest_route=\/wp\/v2\/posts\/84662\/revisions"}],"predecessor-version":[{"id":84664,"href":"https:\/\/www.aliadospuebla.com\/index.php?rest_route=\/wp\/v2\/posts\/84662\/revisions\/84664"}],"wp:featuredmedia":[{"embeddable":true,"href":"https:\/\/www.aliadospuebla.com\/index.php?rest_route=\/wp\/v2\/media\/84663"}],"wp:attachment":[{"href":"https:\/\/www.aliadospuebla.com\/index.php?rest_route=%2Fwp%2Fv2%2Fmedia&parent=84662"}],"wp:term":[{"taxonomy":"category","embeddable":true,"href":"https:\/\/www.aliadospuebla.com\/index.php?rest_route=%2Fwp%2Fv2%2Fcategories&post=84662"},{"taxonomy":"post_tag","embeddable":true,"href":"https:\/\/www.aliadospuebla.com\/index.php?rest_route=%2Fwp%2Fv2%2Ftags&post=84662"}],"curies":[{"name":"wp","href":"https:\/\/api.w.org\/{rel}","templated":true}]}}