{"id":84366,"date":"2023-11-06T20:01:17","date_gmt":"2023-11-07T02:01:17","guid":{"rendered":"https:\/\/www.aliados17.com\/?p=84366"},"modified":"2023-11-06T20:01:17","modified_gmt":"2023-11-07T02:01:17","slug":"invita-gobierno-estatal-al-trail-selva-baja-de-izucar-de-matamoros","status":"publish","type":"post","link":"https:\/\/www.aliadospuebla.com\/?p=84366","title":{"rendered":"Invita gobierno estatal al \u201cTrail Selva Baja\u201d de Iz\u00facar de Matamoros"},"content":{"rendered":"<p style=\"font-weight: 400;\"><strong>CIUDAD DE PUEBLA, Pue.-\u00a0<\/strong>Con el fin de promover el turismo deportivo en la Mixteca Poblana, el gobierno presente de Sergio Salom\u00f3n, a trav\u00e9s de la Secretar\u00eda de Turismo, anunci\u00f3 el \u201cTrail Selva Baja\u201d que se llevar\u00e1 a cabo el pr\u00f3ximo domingo en el municipio de Iz\u00facar de Matamoros con la participaci\u00f3n de al menos 500 corredores, lo que generar\u00e1 una derrama econ\u00f3mica superior a los 2 millones de pesos.<\/p>\n<p style=\"font-weight: 400;\">\n<p style=\"font-weight: 400;\">A la par de este evento, que inicia a las 06:00 horas en las categor\u00edas de 7, 14, 21 y 30 kil\u00f3metros, el ayuntamiento realizar\u00e1 un programa art\u00edstico y cultural, as\u00ed como una muestra artesanal; adem\u00e1s, los visitantes podr\u00e1n degustar diversos platillos tradicionales de la regi\u00f3n como pozole, barbacoa, huaxmole y atole, entre otros.<\/p>\n<p style=\"font-weight: 400;\">\n<p style=\"font-weight: 400;\">En conferencia de prensa y en representaci\u00f3n de la secretaria de Turismo, Marta Ornelas Guerrero, el director general de Promoci\u00f3n Tur\u00edstica, Juan Ram\u00f3n \u00c1lvarez Cuspinera, invit\u00f3 a los poblanos para que visiten este municipio con vocaci\u00f3n tur\u00edstica que tiene historia, costumbres y tradiciones.<\/p>\n<p style=\"font-weight: 400;\">\n<p style=\"font-weight: 400;\">Mientras que el director de Ultra Latam, precis\u00f3 que este es el cuarto Trail que lleva a cabo de manera conjunta con la Secretar\u00eda de Turismo en el transcurso del a\u00f1o, cuyas competencias anteriores realizadas en Huauchinango, Tetela de Ocampo y Libres, adem\u00e1s de ser un \u00e9xito en el \u00e1mbito deportivo, propiciaron una ocupaci\u00f3n hotelera del 100 por ciento y gran derrama econ\u00f3mica.<\/p>\n<p style=\"font-weight: 400;\">\n<p style=\"font-weight: 400;\">Finalmente, tanto la regidora de Educaci\u00f3n, Cultura y Deporte, Arely Fern\u00e1ndez de la Cruz como la directora municipal de Turismo, Itzihuary Rodr\u00edguez, agradecieron al gobierno del estado por promover este tipo de competencias de talla nacional, pues indicaron que el pr\u00f3ximo fin de semana, Iz\u00facar de Matamoros recibir\u00e1 a familias y competidores de Ciudad de M\u00e9xico, Estado de M\u00e9xico, Tlaxcala, Veracruz, Morelos, Oaxaca y de otros municipios poblanos, lo que representa impulso al sector tur\u00edstico y a la econom\u00eda de la regi\u00f3n.<\/p>\n","protected":false},"excerpt":{"rendered":"<p>CIUDAD DE PUEBLA, Pue.-\u00a0Con el fin de promover el turismo deportivo en la Mixteca Poblana, el gobierno presente de Sergio Salom\u00f3n, a trav\u00e9s de la Secretar\u00eda de Turismo, anunci\u00f3 el \u201cTrail Selva Baja\u201d que se llevar\u00e1 a cabo el pr\u00f3ximo domingo en el municipio de Iz\u00facar de Matamoros con la participaci\u00f3n de al menos 500 corredores, lo que generar\u00e1 una derrama econ\u00f3mica superior a los 2 millones de pesos. A la par de este evento, que inicia a las 06:00 horas en las categor\u00edas de 7, 14, 21 y 30 kil\u00f3metros, el ayuntamiento realizar\u00e1 un programa art\u00edstico y cultural, as\u00ed como una muestra artesanal; adem\u00e1s, los visitantes podr\u00e1n degustar diversos platillos tradicionales de la regi\u00f3n como pozole, barbacoa, huaxmole y atole, entre otros. En conferencia&hellip;<\/p>\n<p class=\"excerpt-more\"><a class=\"blog-excerpt button\" href=\"https:\/\/www.aliadospuebla.com\/?p=84366\">Leer m\u00e1s&#8230;<\/a><\/p>\n","protected":false},"author":2,"featured_media":84382,"comment_status":"open","ping_status":"open","sticky":false,"template":"","format":"standard","meta":{"_monsterinsights_skip_tracking":false,"footnotes":""},"categories":[62],"tags":[17354,11026,10636,8056,22644,72,17715,13467,18284,13967,19635,5102,63,14621,14143,27,13508],"class_list":["post-84366","post","type-post","status-publish","format-standard","has-post-thumbnail","hentry","category-capital","tag-cholula-puebla","tag-ciudad-de-puebla","tag-estado-de-puebla","tag-gobierno-de-puebla","tag-pueba-gobierno","tag-puebla","tag-puebla-estado","tag-puebla-universidad","tag-puebla-universidad-udlap","tag-puebla-upaep","tag-tec-de-puebla","tag-tecnologico-de-puebla","tag-udlap","tag-udlap-puebla","tag-universidades-de-puebla","tag-upaep","tag-upaep-puebla"],"yoast_head":"<!-- This site is optimized with the Yoast SEO plugin v28.4 - https:\/\/yoast.com\/product\/yoast-seo-wordpress\/ -->\n<title>Invita gobierno estatal al \u201cTrail Selva Baja\u201d de Iz\u00facar de Matamoros - AliadosPuebla<\/title>\n<meta name=\"robots\" content=\"index, follow, max-snippet:-1, max-image-preview:large, max-video-preview:-1\" \/>\n<link rel=\"canonical\" href=\"https:\/\/www.aliadospuebla.com\/?p=84366\" \/>\n<meta property=\"og:locale\" content=\"es_ES\" \/>\n<meta property=\"og:type\" content=\"article\" \/>\n<meta property=\"og:title\" content=\"Invita gobierno estatal al \u201cTrail Selva Baja\u201d de Iz\u00facar de Matamoros - AliadosPuebla\" \/>\n<meta property=\"og:description\" content=\"CIUDAD DE PUEBLA, Pue.-\u00a0Con el fin de promover el turismo deportivo en la Mixteca Poblana, el gobierno presente de Sergio Salom\u00f3n, a trav\u00e9s de la Secretar\u00eda de Turismo, anunci\u00f3 el \u201cTrail Selva Baja\u201d que se llevar\u00e1 a cabo el pr\u00f3ximo domingo en el municipio de Iz\u00facar de Matamoros con la participaci\u00f3n de al menos 500 corredores, lo que generar\u00e1 una derrama econ\u00f3mica superior a los 2 millones de pesos. A la par de este evento, que inicia a las 06:00 horas en las categor\u00edas de 7, 14, 21 y 30 kil\u00f3metros, el ayuntamiento realizar\u00e1 un programa art\u00edstico y cultural, as\u00ed como una muestra artesanal; adem\u00e1s, los visitantes podr\u00e1n degustar diversos platillos tradicionales de la regi\u00f3n como pozole, barbacoa, huaxmole y atole, entre otros. En conferencia&hellip;Leer m\u00e1s...\" \/>\n<meta property=\"og:url\" content=\"https:\/\/www.aliadospuebla.com\/?p=84366\" \/>\n<meta property=\"og:site_name\" content=\"AliadosPuebla\" \/>\n<meta property=\"article:author\" content=\"https:\/\/www.facebook.com\/Aliados17Pue\" \/>\n<meta property=\"article:published_time\" content=\"2023-11-07T02:01:17+00:00\" \/>\n<meta property=\"og:image\" content=\"https:\/\/www.aliadospuebla.com\/web2017\/wp-content\/uploads\/2023\/11\/233.jpg\" \/>\n\t<meta property=\"og:image:width\" content=\"600\" \/>\n\t<meta property=\"og:image:height\" content=\"450\" \/>\n\t<meta property=\"og:image:type\" content=\"image\/jpeg\" \/>\n<meta name=\"author\" content=\"Aliados17\" \/>\n<meta name=\"twitter:card\" content=\"summary_large_image\" \/>\n<meta name=\"twitter:creator\" content=\"@AliadosPuebla\" \/>\n<meta name=\"twitter:label1\" content=\"Escrito por\" \/>\n\t<meta name=\"twitter:data1\" content=\"Aliados17\" \/>\n\t<meta name=\"twitter:label2\" content=\"Tiempo de lectura\" \/>\n\t<meta name=\"twitter:data2\" content=\"2 minutos\" \/>\n<script type=\"application\/ld+json\" class=\"yoast-schema-graph\">{\"@context\":\"https:\\\/\\\/schema.org\",\"@graph\":[{\"@type\":\"Article\",\"@id\":\"https:\\\/\\\/www.aliadospuebla.com\\\/?p=84366#article\",\"isPartOf\":{\"@id\":\"https:\\\/\\\/www.aliadospuebla.com\\\/?p=84366\"},\"author\":{\"name\":\"Aliados17\",\"@id\":\"https:\\\/\\\/www.aliadospuebla.com\\\/#\\\/schema\\\/person\\\/5da7dd09320bd4f392b710017ed5f8ad\"},\"headline\":\"Invita gobierno estatal al \u201cTrail Selva Baja\u201d de Iz\u00facar de Matamoros\",\"datePublished\":\"2023-11-07T02:01:17+00:00\",\"mainEntityOfPage\":{\"@id\":\"https:\\\/\\\/www.aliadospuebla.com\\\/?p=84366\"},\"wordCount\":351,\"commentCount\":0,\"image\":{\"@id\":\"https:\\\/\\\/www.aliadospuebla.com\\\/?p=84366#primaryimage\"},\"thumbnailUrl\":\"https:\\\/\\\/www.aliadospuebla.com\\\/web2017\\\/wp-content\\\/uploads\\\/2023\\\/11\\\/233.jpg\",\"keywords\":[\"Cholula Puebla\",\"CIUDAD DE PUEBLA\",\"ESTADO DE PUEBLA\",\"GOBIERNO DE PUEBLA\",\"Pueba gobierno\",\"Puebla\",\"Puebla estado\",\"Puebla Universidad\",\"Puebla Universidad UDLAP\",\"Puebla UPAEP\",\"Tec de Puebla\",\"TECNOL\u00d3GICO DE PUEBLA\",\"Udlap\",\"UDLAP Puebla\",\"Universidades de Puebla\",\"UPAEP\",\"UPAEP Puebla\"],\"articleSection\":[\"Capital\"],\"inLanguage\":\"es\",\"potentialAction\":[{\"@type\":\"CommentAction\",\"name\":\"Comment\",\"target\":[\"https:\\\/\\\/www.aliadospuebla.com\\\/?p=84366#respond\"]}]},{\"@type\":\"WebPage\",\"@id\":\"https:\\\/\\\/www.aliadospuebla.com\\\/?p=84366\",\"url\":\"https:\\\/\\\/www.aliadospuebla.com\\\/?p=84366\",\"name\":\"Invita gobierno estatal al \u201cTrail Selva Baja\u201d de Iz\u00facar de Matamoros - AliadosPuebla\",\"isPartOf\":{\"@id\":\"https:\\\/\\\/www.aliadospuebla.com\\\/#website\"},\"primaryImageOfPage\":{\"@id\":\"https:\\\/\\\/www.aliadospuebla.com\\\/?p=84366#primaryimage\"},\"image\":{\"@id\":\"https:\\\/\\\/www.aliadospuebla.com\\\/?p=84366#primaryimage\"},\"thumbnailUrl\":\"https:\\\/\\\/www.aliadospuebla.com\\\/web2017\\\/wp-content\\\/uploads\\\/2023\\\/11\\\/233.jpg\",\"datePublished\":\"2023-11-07T02:01:17+00:00\",\"author\":{\"@id\":\"https:\\\/\\\/www.aliadospuebla.com\\\/#\\\/schema\\\/person\\\/5da7dd09320bd4f392b710017ed5f8ad\"},\"breadcrumb\":{\"@id\":\"https:\\\/\\\/www.aliadospuebla.com\\\/?p=84366#breadcrumb\"},\"inLanguage\":\"es\",\"potentialAction\":[{\"@type\":\"ReadAction\",\"target\":[\"https:\\\/\\\/www.aliadospuebla.com\\\/?p=84366\"]}]},{\"@type\":\"ImageObject\",\"inLanguage\":\"es\",\"@id\":\"https:\\\/\\\/www.aliadospuebla.com\\\/?p=84366#primaryimage\",\"url\":\"https:\\\/\\\/www.aliadospuebla.com\\\/web2017\\\/wp-content\\\/uploads\\\/2023\\\/11\\\/233.jpg\",\"contentUrl\":\"https:\\\/\\\/www.aliadospuebla.com\\\/web2017\\\/wp-content\\\/uploads\\\/2023\\\/11\\\/233.jpg\",\"width\":600,\"height\":450},{\"@type\":\"BreadcrumbList\",\"@id\":\"https:\\\/\\\/www.aliadospuebla.com\\\/?p=84366#breadcrumb\",\"itemListElement\":[{\"@type\":\"ListItem\",\"position\":1,\"name\":\"Portada\",\"item\":\"https:\\\/\\\/www.aliadospuebla.com\\\/\"},{\"@type\":\"ListItem\",\"position\":2,\"name\":\"Invita gobierno estatal al \u201cTrail Selva Baja\u201d de Iz\u00facar de Matamoros\"}]},{\"@type\":\"WebSite\",\"@id\":\"https:\\\/\\\/www.aliadospuebla.com\\\/#website\",\"url\":\"https:\\\/\\\/www.aliadospuebla.com\\\/\",\"name\":\"AliadosPuebla\",\"description\":\"La informaci\u00f3n en tus manos\",\"potentialAction\":[{\"@type\":\"SearchAction\",\"target\":{\"@type\":\"EntryPoint\",\"urlTemplate\":\"https:\\\/\\\/www.aliadospuebla.com\\\/?s={search_term_string}\"},\"query-input\":{\"@type\":\"PropertyValueSpecification\",\"valueRequired\":true,\"valueName\":\"search_term_string\"}}],\"inLanguage\":\"es\"},{\"@type\":\"Person\",\"@id\":\"https:\\\/\\\/www.aliadospuebla.com\\\/#\\\/schema\\\/person\\\/5da7dd09320bd4f392b710017ed5f8ad\",\"name\":\"Aliados17\",\"image\":{\"@type\":\"ImageObject\",\"inLanguage\":\"es\",\"@id\":\"https:\\\/\\\/www.aliadospuebla.com\\\/web2017\\\/wp-content\\\/uploads\\\/2025\\\/03\\\/cropped-para-perfil-8-anos-1-96x96.jpg\",\"url\":\"https:\\\/\\\/www.aliadospuebla.com\\\/web2017\\\/wp-content\\\/uploads\\\/2025\\\/03\\\/cropped-para-perfil-8-anos-1-96x96.jpg\",\"contentUrl\":\"https:\\\/\\\/www.aliadospuebla.com\\\/web2017\\\/wp-content\\\/uploads\\\/2025\\\/03\\\/cropped-para-perfil-8-anos-1-96x96.jpg\",\"caption\":\"Aliados17\"},\"sameAs\":[\"https:\\\/\\\/www.aliados17.com\",\"https:\\\/\\\/www.facebook.com\\\/Aliados17Pue\",\"https:\\\/\\\/x.com\\\/AliadosPuebla\"],\"url\":\"https:\\\/\\\/www.aliadospuebla.com\\\/?author=2\"}]}<\/script>\n<!-- \/ Yoast SEO plugin. -->","yoast_head_json":{"title":"Invita gobierno estatal al \u201cTrail Selva Baja\u201d de Iz\u00facar de Matamoros - AliadosPuebla","robots":{"index":"index","follow":"follow","max-snippet":"max-snippet:-1","max-image-preview":"max-image-preview:large","max-video-preview":"max-video-preview:-1"},"canonical":"https:\/\/www.aliadospuebla.com\/?p=84366","og_locale":"es_ES","og_type":"article","og_title":"Invita gobierno estatal al \u201cTrail Selva Baja\u201d de Iz\u00facar de Matamoros - AliadosPuebla","og_description":"CIUDAD DE PUEBLA, Pue.-\u00a0Con el fin de promover el turismo deportivo en la Mixteca Poblana, el gobierno presente de Sergio Salom\u00f3n, a trav\u00e9s de la Secretar\u00eda de Turismo, anunci\u00f3 el \u201cTrail Selva Baja\u201d que se llevar\u00e1 a cabo el pr\u00f3ximo domingo en el municipio de Iz\u00facar de Matamoros con la participaci\u00f3n de al menos 500 corredores, lo que generar\u00e1 una derrama econ\u00f3mica superior a los 2 millones de pesos. A la par de este evento, que inicia a las 06:00 horas en las categor\u00edas de 7, 14, 21 y 30 kil\u00f3metros, el ayuntamiento realizar\u00e1 un programa art\u00edstico y cultural, as\u00ed como una muestra artesanal; adem\u00e1s, los visitantes podr\u00e1n degustar diversos platillos tradicionales de la regi\u00f3n como pozole, barbacoa, huaxmole y atole, entre otros. En conferencia&hellip;Leer m\u00e1s...","og_url":"https:\/\/www.aliadospuebla.com\/?p=84366","og_site_name":"AliadosPuebla","article_author":"https:\/\/www.facebook.com\/Aliados17Pue","article_published_time":"2023-11-07T02:01:17+00:00","og_image":[{"width":600,"height":450,"url":"https:\/\/www.aliadospuebla.com\/web2017\/wp-content\/uploads\/2023\/11\/233.jpg","type":"image\/jpeg"}],"author":"Aliados17","twitter_card":"summary_large_image","twitter_creator":"@AliadosPuebla","twitter_misc":{"Escrito por":"Aliados17","Tiempo de lectura":"2 minutos"},"schema":{"@context":"https:\/\/schema.org","@graph":[{"@type":"Article","@id":"https:\/\/www.aliadospuebla.com\/?p=84366#article","isPartOf":{"@id":"https:\/\/www.aliadospuebla.com\/?p=84366"},"author":{"name":"Aliados17","@id":"https:\/\/www.aliadospuebla.com\/#\/schema\/person\/5da7dd09320bd4f392b710017ed5f8ad"},"headline":"Invita gobierno estatal al \u201cTrail Selva Baja\u201d de Iz\u00facar de Matamoros","datePublished":"2023-11-07T02:01:17+00:00","mainEntityOfPage":{"@id":"https:\/\/www.aliadospuebla.com\/?p=84366"},"wordCount":351,"commentCount":0,"image":{"@id":"https:\/\/www.aliadospuebla.com\/?p=84366#primaryimage"},"thumbnailUrl":"https:\/\/www.aliadospuebla.com\/web2017\/wp-content\/uploads\/2023\/11\/233.jpg","keywords":["Cholula Puebla","CIUDAD DE PUEBLA","ESTADO DE PUEBLA","GOBIERNO DE PUEBLA","Pueba gobierno","Puebla","Puebla estado","Puebla Universidad","Puebla Universidad UDLAP","Puebla UPAEP","Tec de Puebla","TECNOL\u00d3GICO DE PUEBLA","Udlap","UDLAP Puebla","Universidades de Puebla","UPAEP","UPAEP Puebla"],"articleSection":["Capital"],"inLanguage":"es","potentialAction":[{"@type":"CommentAction","name":"Comment","target":["https:\/\/www.aliadospuebla.com\/?p=84366#respond"]}]},{"@type":"WebPage","@id":"https:\/\/www.aliadospuebla.com\/?p=84366","url":"https:\/\/www.aliadospuebla.com\/?p=84366","name":"Invita gobierno estatal al \u201cTrail Selva Baja\u201d de Iz\u00facar de Matamoros - AliadosPuebla","isPartOf":{"@id":"https:\/\/www.aliadospuebla.com\/#website"},"primaryImageOfPage":{"@id":"https:\/\/www.aliadospuebla.com\/?p=84366#primaryimage"},"image":{"@id":"https:\/\/www.aliadospuebla.com\/?p=84366#primaryimage"},"thumbnailUrl":"https:\/\/www.aliadospuebla.com\/web2017\/wp-content\/uploads\/2023\/11\/233.jpg","datePublished":"2023-11-07T02:01:17+00:00","author":{"@id":"https:\/\/www.aliadospuebla.com\/#\/schema\/person\/5da7dd09320bd4f392b710017ed5f8ad"},"breadcrumb":{"@id":"https:\/\/www.aliadospuebla.com\/?p=84366#breadcrumb"},"inLanguage":"es","potentialAction":[{"@type":"ReadAction","target":["https:\/\/www.aliadospuebla.com\/?p=84366"]}]},{"@type":"ImageObject","inLanguage":"es","@id":"https:\/\/www.aliadospuebla.com\/?p=84366#primaryimage","url":"https:\/\/www.aliadospuebla.com\/web2017\/wp-content\/uploads\/2023\/11\/233.jpg","contentUrl":"https:\/\/www.aliadospuebla.com\/web2017\/wp-content\/uploads\/2023\/11\/233.jpg","width":600,"height":450},{"@type":"BreadcrumbList","@id":"https:\/\/www.aliadospuebla.com\/?p=84366#breadcrumb","itemListElement":[{"@type":"ListItem","position":1,"name":"Portada","item":"https:\/\/www.aliadospuebla.com\/"},{"@type":"ListItem","position":2,"name":"Invita gobierno estatal al \u201cTrail Selva Baja\u201d de Iz\u00facar de Matamoros"}]},{"@type":"WebSite","@id":"https:\/\/www.aliadospuebla.com\/#website","url":"https:\/\/www.aliadospuebla.com\/","name":"AliadosPuebla","description":"La informaci\u00f3n en tus manos","potentialAction":[{"@type":"SearchAction","target":{"@type":"EntryPoint","urlTemplate":"https:\/\/www.aliadospuebla.com\/?s={search_term_string}"},"query-input":{"@type":"PropertyValueSpecification","valueRequired":true,"valueName":"search_term_string"}}],"inLanguage":"es"},{"@type":"Person","@id":"https:\/\/www.aliadospuebla.com\/#\/schema\/person\/5da7dd09320bd4f392b710017ed5f8ad","name":"Aliados17","image":{"@type":"ImageObject","inLanguage":"es","@id":"https:\/\/www.aliadospuebla.com\/web2017\/wp-content\/uploads\/2025\/03\/cropped-para-perfil-8-anos-1-96x96.jpg","url":"https:\/\/www.aliadospuebla.com\/web2017\/wp-content\/uploads\/2025\/03\/cropped-para-perfil-8-anos-1-96x96.jpg","contentUrl":"https:\/\/www.aliadospuebla.com\/web2017\/wp-content\/uploads\/2025\/03\/cropped-para-perfil-8-anos-1-96x96.jpg","caption":"Aliados17"},"sameAs":["https:\/\/www.aliados17.com","https:\/\/www.facebook.com\/Aliados17Pue","https:\/\/x.com\/AliadosPuebla"],"url":"https:\/\/www.aliadospuebla.com\/?author=2"}]}},"views":11,"_links":{"self":[{"href":"https:\/\/www.aliadospuebla.com\/index.php?rest_route=\/wp\/v2\/posts\/84366","targetHints":{"allow":["GET"]}}],"collection":[{"href":"https:\/\/www.aliadospuebla.com\/index.php?rest_route=\/wp\/v2\/posts"}],"about":[{"href":"https:\/\/www.aliadospuebla.com\/index.php?rest_route=\/wp\/v2\/types\/post"}],"author":[{"embeddable":true,"href":"https:\/\/www.aliadospuebla.com\/index.php?rest_route=\/wp\/v2\/users\/2"}],"replies":[{"embeddable":true,"href":"https:\/\/www.aliadospuebla.com\/index.php?rest_route=%2Fwp%2Fv2%2Fcomments&post=84366"}],"version-history":[{"count":1,"href":"https:\/\/www.aliadospuebla.com\/index.php?rest_route=\/wp\/v2\/posts\/84366\/revisions"}],"predecessor-version":[{"id":84389,"href":"https:\/\/www.aliadospuebla.com\/index.php?rest_route=\/wp\/v2\/posts\/84366\/revisions\/84389"}],"wp:featuredmedia":[{"embeddable":true,"href":"https:\/\/www.aliadospuebla.com\/index.php?rest_route=\/wp\/v2\/media\/84382"}],"wp:attachment":[{"href":"https:\/\/www.aliadospuebla.com\/index.php?rest_route=%2Fwp%2Fv2%2Fmedia&parent=84366"}],"wp:term":[{"taxonomy":"category","embeddable":true,"href":"https:\/\/www.aliadospuebla.com\/index.php?rest_route=%2Fwp%2Fv2%2Fcategories&post=84366"},{"taxonomy":"post_tag","embeddable":true,"href":"https:\/\/www.aliadospuebla.com\/index.php?rest_route=%2Fwp%2Fv2%2Ftags&post=84366"}],"curies":[{"name":"wp","href":"https:\/\/api.w.org\/{rel}","templated":true}]}}