{"id":84078,"date":"2023-10-26T11:03:01","date_gmt":"2023-10-26T17:03:01","guid":{"rendered":"https:\/\/www.aliados17.com\/?p=84078"},"modified":"2023-10-26T11:03:01","modified_gmt":"2023-10-26T17:03:01","slug":"convoca-sergio-salomon-a-fuerzas-politicas-alcanzar-consensos-en-favor-de-puebla","status":"publish","type":"post","link":"https:\/\/www.aliadospuebla.com\/?p=84078","title":{"rendered":"CONVOCA SERGIO SALOM\u00d3N A FUERZAS POL\u00cdTICAS ALCANZAR CONSENSOS EN FAVOR DE PUEBLA"},"content":{"rendered":"<h4>-El mandatario estatal asisti\u00f3 al segundo informe del grupo legislativo del Partido Revolucionario Institucional<\/h4>\n<p>CIUDAD DE PUEBLA, Pue.- La pluralidad<\/p>\n<p>es una condici\u00f3n indispensable para<\/p>\n<p>alcanzar consensos, por lo que m\u00e1s all\u00e1<\/p>\n<p>de diferencias partidistas e ideol\u00f3gicas,<\/p>\n<p>las fuerzas pol\u00edticas de Puebla deben de encontrar los puntos de convergencia que favorezcan la construcci\u00f3n de un mejor estado, convoc\u00f3 el gobernador Sergio Salom\u00f3n.<\/p>\n<p>&nbsp;<\/p>\n<p>Lo anterior lo expuso al asistir al segundo informe del grupo legislativo del Partido Revolucionario Institucional (PRI), acto en el que reconoci\u00f3 la independencia y responsabilidad de dichos legisladores en la toma de decisiones determinantes para la entidad poblana, haciendo a un lado sus colores partidistas.<\/p>\n<p>&nbsp;<\/p>\n<p>Destac\u00f3 que la bancada de dicha fuerza pol\u00edtica, as\u00ed como de los otros partidos pol\u00edticos, ha trabajado por Puebla sin renunciar a su ideolog\u00eda partidista.<\/p>\n<p>&nbsp;<\/p>\n<p>Por \u00faltimo, el gobernador Sergio Salom\u00f3n reiter\u00f3 su respeto y respaldo al Poder Legislativo, y ofreci\u00f3 continuar con el trabajo conjunto en favor de las y los poblanos de todas las regiones del estado.<\/p>\n<p>&nbsp;<\/p>\n","protected":false},"excerpt":{"rendered":"<p>-El mandatario estatal asisti\u00f3 al segundo informe del grupo legislativo del Partido Revolucionario Institucional CIUDAD DE PUEBLA, Pue.- La pluralidad es una condici\u00f3n indispensable para alcanzar consensos, por lo que m\u00e1s all\u00e1 de diferencias partidistas e ideol\u00f3gicas, las fuerzas pol\u00edticas de Puebla deben de encontrar los puntos de convergencia que favorezcan la construcci\u00f3n de un mejor estado, convoc\u00f3 el gobernador Sergio Salom\u00f3n. &nbsp; Lo anterior lo expuso al asistir al segundo informe del grupo legislativo del Partido Revolucionario Institucional (PRI), acto en el que reconoci\u00f3 la independencia y responsabilidad de dichos legisladores en la toma de decisiones determinantes para la entidad poblana, haciendo a un lado sus colores partidistas. &nbsp; Destac\u00f3 que la bancada de dicha fuerza pol\u00edtica, as\u00ed como de los otros partidos pol\u00edticos,&hellip;<\/p>\n<p class=\"excerpt-more\"><a class=\"blog-excerpt button\" href=\"https:\/\/www.aliadospuebla.com\/?p=84078\">Leer m\u00e1s&#8230;<\/a><\/p>\n","protected":false},"author":2,"featured_media":84079,"comment_status":"open","ping_status":"open","sticky":false,"template":"","format":"standard","meta":{"_monsterinsights_skip_tracking":false,"footnotes":""},"categories":[61],"tags":[7620,22603,849,45,10666],"class_list":["post-84078","post","type-post","status-publish","format-standard","has-post-thumbnail","hentry","category-gobierno","tag-fuerzas-politicas","tag-ideologia","tag-pluralidad","tag-pri","tag-sergio-salomon-cespedes-peregrina"],"yoast_head":"<!-- This site is optimized with the Yoast SEO plugin v28.4 - https:\/\/yoast.com\/product\/yoast-seo-wordpress\/ -->\n<title>CONVOCA SERGIO SALOM\u00d3N A FUERZAS POL\u00cdTICAS ALCANZAR CONSENSOS EN FAVOR DE PUEBLA - AliadosPuebla<\/title>\n<meta name=\"robots\" content=\"index, follow, max-snippet:-1, max-image-preview:large, max-video-preview:-1\" \/>\n<link rel=\"canonical\" href=\"https:\/\/www.aliadospuebla.com\/?p=84078\" \/>\n<meta property=\"og:locale\" content=\"es_ES\" \/>\n<meta property=\"og:type\" content=\"article\" \/>\n<meta property=\"og:title\" content=\"CONVOCA SERGIO SALOM\u00d3N A FUERZAS POL\u00cdTICAS ALCANZAR CONSENSOS EN FAVOR DE PUEBLA - AliadosPuebla\" \/>\n<meta property=\"og:description\" content=\"-El mandatario estatal asisti\u00f3 al segundo informe del grupo legislativo del Partido Revolucionario Institucional CIUDAD DE PUEBLA, Pue.- La pluralidad es una condici\u00f3n indispensable para alcanzar consensos, por lo que m\u00e1s all\u00e1 de diferencias partidistas e ideol\u00f3gicas, las fuerzas pol\u00edticas de Puebla deben de encontrar los puntos de convergencia que favorezcan la construcci\u00f3n de un mejor estado, convoc\u00f3 el gobernador Sergio Salom\u00f3n. &nbsp; Lo anterior lo expuso al asistir al segundo informe del grupo legislativo del Partido Revolucionario Institucional (PRI), acto en el que reconoci\u00f3 la independencia y responsabilidad de dichos legisladores en la toma de decisiones determinantes para la entidad poblana, haciendo a un lado sus colores partidistas. &nbsp; Destac\u00f3 que la bancada de dicha fuerza pol\u00edtica, as\u00ed como de los otros partidos pol\u00edticos,&hellip;Leer m\u00e1s...\" \/>\n<meta property=\"og:url\" content=\"https:\/\/www.aliadospuebla.com\/?p=84078\" \/>\n<meta property=\"og:site_name\" content=\"AliadosPuebla\" \/>\n<meta property=\"article:author\" content=\"https:\/\/www.facebook.com\/Aliados17Pue\" \/>\n<meta property=\"article:published_time\" content=\"2023-10-26T17:03:01+00:00\" \/>\n<meta property=\"og:image\" content=\"https:\/\/www.aliadospuebla.com\/web2017\/wp-content\/uploads\/2023\/10\/PSX_20231026_105603.jpg\" \/>\n\t<meta property=\"og:image:width\" content=\"600\" \/>\n\t<meta property=\"og:image:height\" content=\"450\" \/>\n\t<meta property=\"og:image:type\" content=\"image\/jpeg\" \/>\n<meta name=\"author\" content=\"Aliados17\" \/>\n<meta name=\"twitter:card\" content=\"summary_large_image\" \/>\n<meta name=\"twitter:creator\" content=\"@AliadosPuebla\" \/>\n<meta name=\"twitter:label1\" content=\"Escrito por\" \/>\n\t<meta name=\"twitter:data1\" content=\"Aliados17\" \/>\n\t<meta name=\"twitter:label2\" content=\"Tiempo de lectura\" \/>\n\t<meta name=\"twitter:data2\" content=\"1 minuto\" \/>\n<script type=\"application\/ld+json\" class=\"yoast-schema-graph\">{\"@context\":\"https:\\\/\\\/schema.org\",\"@graph\":[{\"@type\":\"Article\",\"@id\":\"https:\\\/\\\/www.aliadospuebla.com\\\/?p=84078#article\",\"isPartOf\":{\"@id\":\"https:\\\/\\\/www.aliadospuebla.com\\\/?p=84078\"},\"author\":{\"name\":\"Aliados17\",\"@id\":\"https:\\\/\\\/www.aliadospuebla.com\\\/#\\\/schema\\\/person\\\/5da7dd09320bd4f392b710017ed5f8ad\"},\"headline\":\"CONVOCA SERGIO SALOM\u00d3N A FUERZAS POL\u00cdTICAS ALCANZAR CONSENSOS EN FAVOR DE PUEBLA\",\"datePublished\":\"2023-10-26T17:03:01+00:00\",\"mainEntityOfPage\":{\"@id\":\"https:\\\/\\\/www.aliadospuebla.com\\\/?p=84078\"},\"wordCount\":196,\"commentCount\":0,\"image\":{\"@id\":\"https:\\\/\\\/www.aliadospuebla.com\\\/?p=84078#primaryimage\"},\"thumbnailUrl\":\"https:\\\/\\\/www.aliadospuebla.com\\\/web2017\\\/wp-content\\\/uploads\\\/2023\\\/10\\\/PSX_20231026_105603.jpg\",\"keywords\":[\"FUERZAS POL\u00cdTICAS\",\"ideolog\u00eda\",\"PLURALIDAD\",\"PRI\",\"Sergio Salom\u00f3n C\u00e9spedes Peregrina\"],\"articleSection\":[\"Gobierno\"],\"inLanguage\":\"es\",\"potentialAction\":[{\"@type\":\"CommentAction\",\"name\":\"Comment\",\"target\":[\"https:\\\/\\\/www.aliadospuebla.com\\\/?p=84078#respond\"]}]},{\"@type\":\"WebPage\",\"@id\":\"https:\\\/\\\/www.aliadospuebla.com\\\/?p=84078\",\"url\":\"https:\\\/\\\/www.aliadospuebla.com\\\/?p=84078\",\"name\":\"CONVOCA SERGIO SALOM\u00d3N A FUERZAS POL\u00cdTICAS ALCANZAR CONSENSOS EN FAVOR DE PUEBLA - AliadosPuebla\",\"isPartOf\":{\"@id\":\"https:\\\/\\\/www.aliadospuebla.com\\\/#website\"},\"primaryImageOfPage\":{\"@id\":\"https:\\\/\\\/www.aliadospuebla.com\\\/?p=84078#primaryimage\"},\"image\":{\"@id\":\"https:\\\/\\\/www.aliadospuebla.com\\\/?p=84078#primaryimage\"},\"thumbnailUrl\":\"https:\\\/\\\/www.aliadospuebla.com\\\/web2017\\\/wp-content\\\/uploads\\\/2023\\\/10\\\/PSX_20231026_105603.jpg\",\"datePublished\":\"2023-10-26T17:03:01+00:00\",\"author\":{\"@id\":\"https:\\\/\\\/www.aliadospuebla.com\\\/#\\\/schema\\\/person\\\/5da7dd09320bd4f392b710017ed5f8ad\"},\"breadcrumb\":{\"@id\":\"https:\\\/\\\/www.aliadospuebla.com\\\/?p=84078#breadcrumb\"},\"inLanguage\":\"es\",\"potentialAction\":[{\"@type\":\"ReadAction\",\"target\":[\"https:\\\/\\\/www.aliadospuebla.com\\\/?p=84078\"]}]},{\"@type\":\"ImageObject\",\"inLanguage\":\"es\",\"@id\":\"https:\\\/\\\/www.aliadospuebla.com\\\/?p=84078#primaryimage\",\"url\":\"https:\\\/\\\/www.aliadospuebla.com\\\/web2017\\\/wp-content\\\/uploads\\\/2023\\\/10\\\/PSX_20231026_105603.jpg\",\"contentUrl\":\"https:\\\/\\\/www.aliadospuebla.com\\\/web2017\\\/wp-content\\\/uploads\\\/2023\\\/10\\\/PSX_20231026_105603.jpg\",\"width\":600,\"height\":450},{\"@type\":\"BreadcrumbList\",\"@id\":\"https:\\\/\\\/www.aliadospuebla.com\\\/?p=84078#breadcrumb\",\"itemListElement\":[{\"@type\":\"ListItem\",\"position\":1,\"name\":\"Portada\",\"item\":\"https:\\\/\\\/www.aliadospuebla.com\\\/\"},{\"@type\":\"ListItem\",\"position\":2,\"name\":\"CONVOCA SERGIO SALOM\u00d3N A FUERZAS POL\u00cdTICAS ALCANZAR CONSENSOS EN FAVOR DE PUEBLA\"}]},{\"@type\":\"WebSite\",\"@id\":\"https:\\\/\\\/www.aliadospuebla.com\\\/#website\",\"url\":\"https:\\\/\\\/www.aliadospuebla.com\\\/\",\"name\":\"AliadosPuebla\",\"description\":\"La informaci\u00f3n en tus manos\",\"potentialAction\":[{\"@type\":\"SearchAction\",\"target\":{\"@type\":\"EntryPoint\",\"urlTemplate\":\"https:\\\/\\\/www.aliadospuebla.com\\\/?s={search_term_string}\"},\"query-input\":{\"@type\":\"PropertyValueSpecification\",\"valueRequired\":true,\"valueName\":\"search_term_string\"}}],\"inLanguage\":\"es\"},{\"@type\":\"Person\",\"@id\":\"https:\\\/\\\/www.aliadospuebla.com\\\/#\\\/schema\\\/person\\\/5da7dd09320bd4f392b710017ed5f8ad\",\"name\":\"Aliados17\",\"image\":{\"@type\":\"ImageObject\",\"inLanguage\":\"es\",\"@id\":\"https:\\\/\\\/www.aliadospuebla.com\\\/web2017\\\/wp-content\\\/uploads\\\/2025\\\/03\\\/cropped-para-perfil-8-anos-1-96x96.jpg\",\"url\":\"https:\\\/\\\/www.aliadospuebla.com\\\/web2017\\\/wp-content\\\/uploads\\\/2025\\\/03\\\/cropped-para-perfil-8-anos-1-96x96.jpg\",\"contentUrl\":\"https:\\\/\\\/www.aliadospuebla.com\\\/web2017\\\/wp-content\\\/uploads\\\/2025\\\/03\\\/cropped-para-perfil-8-anos-1-96x96.jpg\",\"caption\":\"Aliados17\"},\"sameAs\":[\"https:\\\/\\\/www.aliados17.com\",\"https:\\\/\\\/www.facebook.com\\\/Aliados17Pue\",\"https:\\\/\\\/x.com\\\/AliadosPuebla\"],\"url\":\"https:\\\/\\\/www.aliadospuebla.com\\\/?author=2\"}]}<\/script>\n<!-- \/ Yoast SEO plugin. -->","yoast_head_json":{"title":"CONVOCA SERGIO SALOM\u00d3N A FUERZAS POL\u00cdTICAS ALCANZAR CONSENSOS EN FAVOR DE PUEBLA - AliadosPuebla","robots":{"index":"index","follow":"follow","max-snippet":"max-snippet:-1","max-image-preview":"max-image-preview:large","max-video-preview":"max-video-preview:-1"},"canonical":"https:\/\/www.aliadospuebla.com\/?p=84078","og_locale":"es_ES","og_type":"article","og_title":"CONVOCA SERGIO SALOM\u00d3N A FUERZAS POL\u00cdTICAS ALCANZAR CONSENSOS EN FAVOR DE PUEBLA - AliadosPuebla","og_description":"-El mandatario estatal asisti\u00f3 al segundo informe del grupo legislativo del Partido Revolucionario Institucional CIUDAD DE PUEBLA, Pue.- La pluralidad es una condici\u00f3n indispensable para alcanzar consensos, por lo que m\u00e1s all\u00e1 de diferencias partidistas e ideol\u00f3gicas, las fuerzas pol\u00edticas de Puebla deben de encontrar los puntos de convergencia que favorezcan la construcci\u00f3n de un mejor estado, convoc\u00f3 el gobernador Sergio Salom\u00f3n. &nbsp; Lo anterior lo expuso al asistir al segundo informe del grupo legislativo del Partido Revolucionario Institucional (PRI), acto en el que reconoci\u00f3 la independencia y responsabilidad de dichos legisladores en la toma de decisiones determinantes para la entidad poblana, haciendo a un lado sus colores partidistas. &nbsp; Destac\u00f3 que la bancada de dicha fuerza pol\u00edtica, as\u00ed como de los otros partidos pol\u00edticos,&hellip;Leer m\u00e1s...","og_url":"https:\/\/www.aliadospuebla.com\/?p=84078","og_site_name":"AliadosPuebla","article_author":"https:\/\/www.facebook.com\/Aliados17Pue","article_published_time":"2023-10-26T17:03:01+00:00","og_image":[{"width":600,"height":450,"url":"https:\/\/www.aliadospuebla.com\/web2017\/wp-content\/uploads\/2023\/10\/PSX_20231026_105603.jpg","type":"image\/jpeg"}],"author":"Aliados17","twitter_card":"summary_large_image","twitter_creator":"@AliadosPuebla","twitter_misc":{"Escrito por":"Aliados17","Tiempo de lectura":"1 minuto"},"schema":{"@context":"https:\/\/schema.org","@graph":[{"@type":"Article","@id":"https:\/\/www.aliadospuebla.com\/?p=84078#article","isPartOf":{"@id":"https:\/\/www.aliadospuebla.com\/?p=84078"},"author":{"name":"Aliados17","@id":"https:\/\/www.aliadospuebla.com\/#\/schema\/person\/5da7dd09320bd4f392b710017ed5f8ad"},"headline":"CONVOCA SERGIO SALOM\u00d3N A FUERZAS POL\u00cdTICAS ALCANZAR CONSENSOS EN FAVOR DE PUEBLA","datePublished":"2023-10-26T17:03:01+00:00","mainEntityOfPage":{"@id":"https:\/\/www.aliadospuebla.com\/?p=84078"},"wordCount":196,"commentCount":0,"image":{"@id":"https:\/\/www.aliadospuebla.com\/?p=84078#primaryimage"},"thumbnailUrl":"https:\/\/www.aliadospuebla.com\/web2017\/wp-content\/uploads\/2023\/10\/PSX_20231026_105603.jpg","keywords":["FUERZAS POL\u00cdTICAS","ideolog\u00eda","PLURALIDAD","PRI","Sergio Salom\u00f3n C\u00e9spedes Peregrina"],"articleSection":["Gobierno"],"inLanguage":"es","potentialAction":[{"@type":"CommentAction","name":"Comment","target":["https:\/\/www.aliadospuebla.com\/?p=84078#respond"]}]},{"@type":"WebPage","@id":"https:\/\/www.aliadospuebla.com\/?p=84078","url":"https:\/\/www.aliadospuebla.com\/?p=84078","name":"CONVOCA SERGIO SALOM\u00d3N A FUERZAS POL\u00cdTICAS ALCANZAR CONSENSOS EN FAVOR DE PUEBLA - AliadosPuebla","isPartOf":{"@id":"https:\/\/www.aliadospuebla.com\/#website"},"primaryImageOfPage":{"@id":"https:\/\/www.aliadospuebla.com\/?p=84078#primaryimage"},"image":{"@id":"https:\/\/www.aliadospuebla.com\/?p=84078#primaryimage"},"thumbnailUrl":"https:\/\/www.aliadospuebla.com\/web2017\/wp-content\/uploads\/2023\/10\/PSX_20231026_105603.jpg","datePublished":"2023-10-26T17:03:01+00:00","author":{"@id":"https:\/\/www.aliadospuebla.com\/#\/schema\/person\/5da7dd09320bd4f392b710017ed5f8ad"},"breadcrumb":{"@id":"https:\/\/www.aliadospuebla.com\/?p=84078#breadcrumb"},"inLanguage":"es","potentialAction":[{"@type":"ReadAction","target":["https:\/\/www.aliadospuebla.com\/?p=84078"]}]},{"@type":"ImageObject","inLanguage":"es","@id":"https:\/\/www.aliadospuebla.com\/?p=84078#primaryimage","url":"https:\/\/www.aliadospuebla.com\/web2017\/wp-content\/uploads\/2023\/10\/PSX_20231026_105603.jpg","contentUrl":"https:\/\/www.aliadospuebla.com\/web2017\/wp-content\/uploads\/2023\/10\/PSX_20231026_105603.jpg","width":600,"height":450},{"@type":"BreadcrumbList","@id":"https:\/\/www.aliadospuebla.com\/?p=84078#breadcrumb","itemListElement":[{"@type":"ListItem","position":1,"name":"Portada","item":"https:\/\/www.aliadospuebla.com\/"},{"@type":"ListItem","position":2,"name":"CONVOCA SERGIO SALOM\u00d3N A FUERZAS POL\u00cdTICAS ALCANZAR CONSENSOS EN FAVOR DE PUEBLA"}]},{"@type":"WebSite","@id":"https:\/\/www.aliadospuebla.com\/#website","url":"https:\/\/www.aliadospuebla.com\/","name":"AliadosPuebla","description":"La informaci\u00f3n en tus manos","potentialAction":[{"@type":"SearchAction","target":{"@type":"EntryPoint","urlTemplate":"https:\/\/www.aliadospuebla.com\/?s={search_term_string}"},"query-input":{"@type":"PropertyValueSpecification","valueRequired":true,"valueName":"search_term_string"}}],"inLanguage":"es"},{"@type":"Person","@id":"https:\/\/www.aliadospuebla.com\/#\/schema\/person\/5da7dd09320bd4f392b710017ed5f8ad","name":"Aliados17","image":{"@type":"ImageObject","inLanguage":"es","@id":"https:\/\/www.aliadospuebla.com\/web2017\/wp-content\/uploads\/2025\/03\/cropped-para-perfil-8-anos-1-96x96.jpg","url":"https:\/\/www.aliadospuebla.com\/web2017\/wp-content\/uploads\/2025\/03\/cropped-para-perfil-8-anos-1-96x96.jpg","contentUrl":"https:\/\/www.aliadospuebla.com\/web2017\/wp-content\/uploads\/2025\/03\/cropped-para-perfil-8-anos-1-96x96.jpg","caption":"Aliados17"},"sameAs":["https:\/\/www.aliados17.com","https:\/\/www.facebook.com\/Aliados17Pue","https:\/\/x.com\/AliadosPuebla"],"url":"https:\/\/www.aliadospuebla.com\/?author=2"}]}},"views":10,"_links":{"self":[{"href":"https:\/\/www.aliadospuebla.com\/index.php?rest_route=\/wp\/v2\/posts\/84078","targetHints":{"allow":["GET"]}}],"collection":[{"href":"https:\/\/www.aliadospuebla.com\/index.php?rest_route=\/wp\/v2\/posts"}],"about":[{"href":"https:\/\/www.aliadospuebla.com\/index.php?rest_route=\/wp\/v2\/types\/post"}],"author":[{"embeddable":true,"href":"https:\/\/www.aliadospuebla.com\/index.php?rest_route=\/wp\/v2\/users\/2"}],"replies":[{"embeddable":true,"href":"https:\/\/www.aliadospuebla.com\/index.php?rest_route=%2Fwp%2Fv2%2Fcomments&post=84078"}],"version-history":[{"count":1,"href":"https:\/\/www.aliadospuebla.com\/index.php?rest_route=\/wp\/v2\/posts\/84078\/revisions"}],"predecessor-version":[{"id":84080,"href":"https:\/\/www.aliadospuebla.com\/index.php?rest_route=\/wp\/v2\/posts\/84078\/revisions\/84080"}],"wp:featuredmedia":[{"embeddable":true,"href":"https:\/\/www.aliadospuebla.com\/index.php?rest_route=\/wp\/v2\/media\/84079"}],"wp:attachment":[{"href":"https:\/\/www.aliadospuebla.com\/index.php?rest_route=%2Fwp%2Fv2%2Fmedia&parent=84078"}],"wp:term":[{"taxonomy":"category","embeddable":true,"href":"https:\/\/www.aliadospuebla.com\/index.php?rest_route=%2Fwp%2Fv2%2Fcategories&post=84078"},{"taxonomy":"post_tag","embeddable":true,"href":"https:\/\/www.aliadospuebla.com\/index.php?rest_route=%2Fwp%2Fv2%2Ftags&post=84078"}],"curies":[{"name":"wp","href":"https:\/\/api.w.org\/{rel}","templated":true}]}}