{"id":83688,"date":"2023-10-16T09:12:17","date_gmt":"2023-10-16T15:12:17","guid":{"rendered":"https:\/\/www.aliados17.com\/?p=83688"},"modified":"2023-10-16T09:12:17","modified_gmt":"2023-10-16T15:12:17","slug":"con-jornada-diferente-gobierno-estatal-acerca-servicios-a-la-sociedad-de-manera-integral","status":"publish","type":"post","link":"https:\/\/www.aliadospuebla.com\/?p=83688","title":{"rendered":"CON \u201cJORNADA DIFERENTE\u201d, GOBIERNO ESTATAL ACERCA SERVICIOS A LA SOCIEDAD DE MANERA INTEGRAL"},"content":{"rendered":"<h4><em>Esta iniciativa, desarrollada en la junta auxiliar de San Baltazar Tetela, busca generar empoderamiento, prevenci\u00f3n y atenci\u00f3n de ni\u00f1as, ni\u00f1os, adultas y adultos mayores<\/em><\/h4>\n<p><em>\u00a0<\/em><\/p>\n<p><em>-Participan SEDIF y las secretar\u00edas de Gobernaci\u00f3n, Salud, Educaci\u00f3n, Bienestar e Igualdad Sustantiva <\/em><\/p>\n<p>&nbsp;<\/p>\n<p><strong>CIUDAD DE PUEBLA, Pue.-<\/strong> Para generar empoderamiento, prevenci\u00f3n y atenci\u00f3n de ni\u00f1as, ni\u00f1os, adultas y adultos mayores, mediante el acercamiento integral de los servicios gubernamentales, el gobernador Sergio Salom\u00f3n y la presidenta honoraria del Sistema Estatal para el Desarrollo Integral de la Familia (SEDIF), Gaby Bonilla, pusieron en marcha la \u201cJornada DIFerente\u201d en la junta auxiliar de San Baltazar Tetela.<\/p>\n<p>&nbsp;<\/p>\n<p>El titular del Ejecutivo se\u00f1al\u00f3 que existe una deuda hist\u00f3rica con la zona metropolitana de Puebla, espec\u00edficamente con las juntas auxiliares de la capital, por lo que el gobierno estatal se hace presente en estas localidades para llevar servicios del SEDIF y de las secretar\u00edas de Gobernaci\u00f3n, Igualdad Sustantiva, Bienestar, Salud y Educaci\u00f3n; anunci\u00f3 que solicitar\u00e1 al gobierno de Andr\u00e9s Manuel L\u00f3pez Obrador que se sume a esta iniciativa para tener un mayor impacto en la sociedad.<\/p>\n<p>&nbsp;<\/p>\n<p>Puntualiz\u00f3 que en estas jornadas ser\u00e1n otorgadas acciones de programas sociales, tal es el caso de producto l\u00e1cteo, adem\u00e1s de procedimientos quir\u00fargicos, tr\u00e1mites de acta de nacimiento, y el desarrollo de estrategias de prevenci\u00f3n del delito. Destac\u00f3 que este programa es muestra de que el gobierno estatal funciona con honradez, transparencia y sobre todo con una visi\u00f3n humana en favor de quienes m\u00e1s lo requieren.<\/p>\n<p>&nbsp;<\/p>\n<h4><strong>JORNADA BUSCA AYUDAR A MUJERES DE MANERA <\/strong><strong>INDIVIDUAL Y COLECTIVA: GABY BONILLA<\/strong><\/h4>\n<p>&nbsp;<\/p>\n<p>En tanto, la presidenta honoraria del Patronato del Sistema Estatal DIF (SEDIF), Gaby Bonilla resalt\u00f3 que la \u201cJornada DIFerente\u201d busca ayudar a las mujeres de manera individual y colectiva. Agreg\u00f3 que, al apoyar a las poblanas, los cimientos de la comunidad son fortalecidos, al tiempo de refrendar que cuentan con el respaldo del gobierno presente que encabeza Sergio Salom\u00f3n, cuya labor genera un impacto inmediato y siembra las semillas de un futuro m\u00e1s brillante y equitativo para todas.<\/p>\n<p>&nbsp;<\/p>\n<p>En esta jornada, el SEDIF atendi\u00f3 solicitudes ciudadanas, entreg\u00f3 aparatos auditivos y lentes para vista cansada, as\u00ed como servicios de asesor\u00eda jur\u00eddica, atenci\u00f3n y canalizaci\u00f3n de mujeres v\u00edctimas de violencia de g\u00e9nero, degustaci\u00f3n gastron\u00f3mica, taller de bisuter\u00eda, masaje terap\u00e9utico y pintura de cer\u00e1mica.<\/p>\n<p>&nbsp;<\/p>\n<h4><strong>DESTACA SALUD IMPORTANCIA DE PREVENCI\u00d3N DE ENFERMEDADES<\/strong><\/h4>\n<p>&nbsp;<\/p>\n<p>Por su parte, la secretaria de Salud, Araceli Soria C\u00f3rdoba se\u00f1al\u00f3 que este tipo de programas permiten prevenir enfermedades, pues incluye consultas en ginecolog\u00eda, odontolog\u00eda y general, as\u00ed como talleres de exploraci\u00f3n cl\u00ednica de mama. Exhort\u00f3 a todas las mujeres de 40 a\u00f1os en adelante a que acudan a realizarse la mastograf\u00eda, mientras que a las de 18 a 39 a\u00f1os, a realizarse la autoexploraci\u00f3n.<\/p>\n<p>&nbsp;<\/p>\n<p>A su vez, la secretaria de Bienestar, Elsa Ru\u00edz refrend\u00f3 el compromiso del gobierno estatal con la gente m\u00e1s vulnerable, al otorgar producto l\u00e1cteo de manera gratuita a m\u00e1s de 260 familias de la junta auxiliar. Expres\u00f3 que, gracias a la aplicaci\u00f3n de este tipo de pol\u00edticas p\u00fablicas, los \u00faltimos resultados presentados por CONEVAL arrojaron una disminuci\u00f3n del 8.6 por ciento en carencia alimentaria en Puebla.<\/p>\n<p>&nbsp;<\/p>\n<h4><strong>OTORGA GOBIERNO ESTATAL ASESOR\u00cdA LEGAL Y ORIENTACI\u00d3N PSICOL\u00d3GICA<\/strong><\/h4>\n<p>&nbsp;<\/p>\n<p>En tanto, la secretaria de Igualdad Sustantiva, Melva Navarro Sequeira llam\u00f3 a las mujeres que vivan cualquier tipo de violencia o laboren en un ambiente hostil, a acercarse a la dependencia para recibir asesor\u00eda y orientaci\u00f3n; para tal motivo, se instal\u00f3 un m\u00f3dulo, en el cual la sociedad tuvo acceso a servicios de atenci\u00f3n psicol\u00f3gica y jur\u00eddica, adem\u00e1s de materiales de difusi\u00f3n enfocados en derechos de las y los ni\u00f1os y adolescentes y paternidades positivas, as\u00ed como carteles para identificar y prevenir los diferentes tipos de violencia.<\/p>\n<p>&nbsp;<\/p>\n<p>A trav\u00e9s de la Secretar\u00eda de Gobernaci\u00f3n (SEGOB), el gobierno estatal brind\u00f3 orientaci\u00f3n y asesor\u00edas en tr\u00e1mites mediante m\u00f3dulos del Registro Civil, Tenencia de la Tierra, Prevenci\u00f3n del Delito y Derechos Humanos, a fin de acercar informaci\u00f3n precisa en temas de regularizaci\u00f3n de actas de nacimiento, matrimonio e incluso de predios.<\/p>\n<p>&nbsp;<\/p>\n<p>En representaci\u00f3n del secretario de Gobernaci\u00f3n, Javier Aquino Lim\u00f3n, la asesora de G\u00e9nero, Marisol Calva Garc\u00eda; la directora de Tenencia de la Tierra, Laura Le\u00f3n, y el director del Registro Civil, Manuel Carmona, refrendaron el compromiso de brindar servicios de manera interinstitucional, para favorecer al bienestar de las y los poblanos, principalmente a los grupos vulnerables que requieran apoyo mediante la SEGOB.<\/p>\n<p>&nbsp;<\/p>\n<p>En este primer d\u00eda de la jornada, la Secretar\u00eda de Educaci\u00f3n atendi\u00f3 a madres de familia que solicitaron becas para sus hijos que cursan el nivel b\u00e1sico (preescolar, primaria y secundaria). Los servicios que otorg\u00f3 la dependencia, fueron: oferta educativa; certificados de educaci\u00f3n b\u00e1sica y media superior; registro para postulaci\u00f3n de becas en diferentes niveles; y m\u00f3dulo de impresi\u00f3n de documentos certificados.<\/p>\n","protected":false},"excerpt":{"rendered":"<p>Esta iniciativa, desarrollada en la junta auxiliar de San Baltazar Tetela, busca generar empoderamiento, prevenci\u00f3n y atenci\u00f3n de ni\u00f1as, ni\u00f1os, adultas y adultos mayores \u00a0 -Participan SEDIF y las secretar\u00edas de Gobernaci\u00f3n, Salud, Educaci\u00f3n, Bienestar e Igualdad Sustantiva &nbsp; CIUDAD DE PUEBLA, Pue.- Para generar empoderamiento, prevenci\u00f3n y atenci\u00f3n de ni\u00f1as, ni\u00f1os, adultas y adultos mayores, mediante el acercamiento integral de los servicios gubernamentales, el gobernador Sergio Salom\u00f3n y la presidenta honoraria del Sistema Estatal para el Desarrollo Integral de la Familia (SEDIF), Gaby Bonilla, pusieron en marcha la \u201cJornada DIFerente\u201d en la junta auxiliar de San Baltazar Tetela. &nbsp; El titular del Ejecutivo se\u00f1al\u00f3 que existe una deuda hist\u00f3rica con la zona metropolitana de Puebla, espec\u00edficamente con las juntas auxiliares de la capital, por&hellip;<\/p>\n<p class=\"excerpt-more\"><a class=\"blog-excerpt button\" href=\"https:\/\/www.aliadospuebla.com\/?p=83688\">Leer m\u00e1s&#8230;<\/a><\/p>\n","protected":false},"author":2,"featured_media":83689,"comment_status":"open","ping_status":"open","sticky":false,"template":"","format":"standard","meta":{"_monsterinsights_skip_tracking":false,"footnotes":""},"categories":[61],"tags":[22539,20967,22538,29,365,272,883],"class_list":["post-83688","post","type-post","status-publish","format-standard","has-post-thumbnail","hentry","category-gobierno","tag-asesoria-legal","tag-gaby-bonilla","tag-jornada-diferente","tag-prevencion","tag-salud","tag-sedif","tag-servicios"],"yoast_head":"<!-- This site is optimized with the Yoast SEO plugin v28.4 - https:\/\/yoast.com\/product\/yoast-seo-wordpress\/ -->\n<title>CON \u201cJORNADA DIFERENTE\u201d, GOBIERNO ESTATAL ACERCA SERVICIOS A LA SOCIEDAD DE MANERA INTEGRAL - AliadosPuebla<\/title>\n<meta name=\"robots\" content=\"index, follow, max-snippet:-1, max-image-preview:large, max-video-preview:-1\" \/>\n<link rel=\"canonical\" href=\"https:\/\/www.aliadospuebla.com\/?p=83688\" \/>\n<meta property=\"og:locale\" content=\"es_ES\" \/>\n<meta property=\"og:type\" content=\"article\" \/>\n<meta property=\"og:title\" content=\"CON \u201cJORNADA DIFERENTE\u201d, GOBIERNO ESTATAL ACERCA SERVICIOS A LA SOCIEDAD DE MANERA INTEGRAL - AliadosPuebla\" \/>\n<meta property=\"og:description\" content=\"Esta iniciativa, desarrollada en la junta auxiliar de San Baltazar Tetela, busca generar empoderamiento, prevenci\u00f3n y atenci\u00f3n de ni\u00f1as, ni\u00f1os, adultas y adultos mayores \u00a0 -Participan SEDIF y las secretar\u00edas de Gobernaci\u00f3n, Salud, Educaci\u00f3n, Bienestar e Igualdad Sustantiva &nbsp; CIUDAD DE PUEBLA, Pue.- Para generar empoderamiento, prevenci\u00f3n y atenci\u00f3n de ni\u00f1as, ni\u00f1os, adultas y adultos mayores, mediante el acercamiento integral de los servicios gubernamentales, el gobernador Sergio Salom\u00f3n y la presidenta honoraria del Sistema Estatal para el Desarrollo Integral de la Familia (SEDIF), Gaby Bonilla, pusieron en marcha la \u201cJornada DIFerente\u201d en la junta auxiliar de San Baltazar Tetela. &nbsp; El titular del Ejecutivo se\u00f1al\u00f3 que existe una deuda hist\u00f3rica con la zona metropolitana de Puebla, espec\u00edficamente con las juntas auxiliares de la capital, por&hellip;Leer m\u00e1s...\" \/>\n<meta property=\"og:url\" content=\"https:\/\/www.aliadospuebla.com\/?p=83688\" \/>\n<meta property=\"og:site_name\" content=\"AliadosPuebla\" \/>\n<meta property=\"article:author\" content=\"https:\/\/www.facebook.com\/Aliados17Pue\" \/>\n<meta property=\"article:published_time\" content=\"2023-10-16T15:12:17+00:00\" \/>\n<meta property=\"og:image\" content=\"https:\/\/www.aliadospuebla.com\/web2017\/wp-content\/uploads\/2023\/10\/72.jpg\" \/>\n\t<meta property=\"og:image:width\" content=\"600\" \/>\n\t<meta property=\"og:image:height\" content=\"450\" \/>\n\t<meta property=\"og:image:type\" content=\"image\/jpeg\" \/>\n<meta name=\"author\" content=\"Aliados17\" \/>\n<meta name=\"twitter:card\" content=\"summary_large_image\" \/>\n<meta name=\"twitter:creator\" content=\"@AliadosPuebla\" \/>\n<meta name=\"twitter:label1\" content=\"Escrito por\" \/>\n\t<meta name=\"twitter:data1\" content=\"Aliados17\" \/>\n\t<meta name=\"twitter:label2\" content=\"Tiempo de lectura\" \/>\n\t<meta name=\"twitter:data2\" content=\"4 minutos\" \/>\n<script type=\"application\/ld+json\" class=\"yoast-schema-graph\">{\"@context\":\"https:\\\/\\\/schema.org\",\"@graph\":[{\"@type\":\"Article\",\"@id\":\"https:\\\/\\\/www.aliadospuebla.com\\\/?p=83688#article\",\"isPartOf\":{\"@id\":\"https:\\\/\\\/www.aliadospuebla.com\\\/?p=83688\"},\"author\":{\"name\":\"Aliados17\",\"@id\":\"https:\\\/\\\/www.aliadospuebla.com\\\/#\\\/schema\\\/person\\\/5da7dd09320bd4f392b710017ed5f8ad\"},\"headline\":\"CON \u201cJORNADA DIFERENTE\u201d, GOBIERNO ESTATAL ACERCA SERVICIOS A LA SOCIEDAD DE MANERA INTEGRAL\",\"datePublished\":\"2023-10-16T15:12:17+00:00\",\"mainEntityOfPage\":{\"@id\":\"https:\\\/\\\/www.aliadospuebla.com\\\/?p=83688\"},\"wordCount\":900,\"commentCount\":0,\"image\":{\"@id\":\"https:\\\/\\\/www.aliadospuebla.com\\\/?p=83688#primaryimage\"},\"thumbnailUrl\":\"https:\\\/\\\/www.aliadospuebla.com\\\/web2017\\\/wp-content\\\/uploads\\\/2023\\\/10\\\/72.jpg\",\"keywords\":[\"asesor\u00eda legal\",\"Gaby Bonilla\",\"jornada diferente\",\"Prevencion\",\"SALUD\",\"SEDIF\",\"SERVICIOS\"],\"articleSection\":[\"Gobierno\"],\"inLanguage\":\"es\",\"potentialAction\":[{\"@type\":\"CommentAction\",\"name\":\"Comment\",\"target\":[\"https:\\\/\\\/www.aliadospuebla.com\\\/?p=83688#respond\"]}]},{\"@type\":\"WebPage\",\"@id\":\"https:\\\/\\\/www.aliadospuebla.com\\\/?p=83688\",\"url\":\"https:\\\/\\\/www.aliadospuebla.com\\\/?p=83688\",\"name\":\"CON \u201cJORNADA DIFERENTE\u201d, GOBIERNO ESTATAL ACERCA SERVICIOS A LA SOCIEDAD DE MANERA INTEGRAL - AliadosPuebla\",\"isPartOf\":{\"@id\":\"https:\\\/\\\/www.aliadospuebla.com\\\/#website\"},\"primaryImageOfPage\":{\"@id\":\"https:\\\/\\\/www.aliadospuebla.com\\\/?p=83688#primaryimage\"},\"image\":{\"@id\":\"https:\\\/\\\/www.aliadospuebla.com\\\/?p=83688#primaryimage\"},\"thumbnailUrl\":\"https:\\\/\\\/www.aliadospuebla.com\\\/web2017\\\/wp-content\\\/uploads\\\/2023\\\/10\\\/72.jpg\",\"datePublished\":\"2023-10-16T15:12:17+00:00\",\"author\":{\"@id\":\"https:\\\/\\\/www.aliadospuebla.com\\\/#\\\/schema\\\/person\\\/5da7dd09320bd4f392b710017ed5f8ad\"},\"breadcrumb\":{\"@id\":\"https:\\\/\\\/www.aliadospuebla.com\\\/?p=83688#breadcrumb\"},\"inLanguage\":\"es\",\"potentialAction\":[{\"@type\":\"ReadAction\",\"target\":[\"https:\\\/\\\/www.aliadospuebla.com\\\/?p=83688\"]}]},{\"@type\":\"ImageObject\",\"inLanguage\":\"es\",\"@id\":\"https:\\\/\\\/www.aliadospuebla.com\\\/?p=83688#primaryimage\",\"url\":\"https:\\\/\\\/www.aliadospuebla.com\\\/web2017\\\/wp-content\\\/uploads\\\/2023\\\/10\\\/72.jpg\",\"contentUrl\":\"https:\\\/\\\/www.aliadospuebla.com\\\/web2017\\\/wp-content\\\/uploads\\\/2023\\\/10\\\/72.jpg\",\"width\":600,\"height\":450},{\"@type\":\"BreadcrumbList\",\"@id\":\"https:\\\/\\\/www.aliadospuebla.com\\\/?p=83688#breadcrumb\",\"itemListElement\":[{\"@type\":\"ListItem\",\"position\":1,\"name\":\"Portada\",\"item\":\"https:\\\/\\\/www.aliadospuebla.com\\\/\"},{\"@type\":\"ListItem\",\"position\":2,\"name\":\"CON \u201cJORNADA DIFERENTE\u201d, GOBIERNO ESTATAL ACERCA SERVICIOS A LA SOCIEDAD DE MANERA INTEGRAL\"}]},{\"@type\":\"WebSite\",\"@id\":\"https:\\\/\\\/www.aliadospuebla.com\\\/#website\",\"url\":\"https:\\\/\\\/www.aliadospuebla.com\\\/\",\"name\":\"AliadosPuebla\",\"description\":\"La informaci\u00f3n en tus manos\",\"potentialAction\":[{\"@type\":\"SearchAction\",\"target\":{\"@type\":\"EntryPoint\",\"urlTemplate\":\"https:\\\/\\\/www.aliadospuebla.com\\\/?s={search_term_string}\"},\"query-input\":{\"@type\":\"PropertyValueSpecification\",\"valueRequired\":true,\"valueName\":\"search_term_string\"}}],\"inLanguage\":\"es\"},{\"@type\":\"Person\",\"@id\":\"https:\\\/\\\/www.aliadospuebla.com\\\/#\\\/schema\\\/person\\\/5da7dd09320bd4f392b710017ed5f8ad\",\"name\":\"Aliados17\",\"image\":{\"@type\":\"ImageObject\",\"inLanguage\":\"es\",\"@id\":\"https:\\\/\\\/www.aliadospuebla.com\\\/web2017\\\/wp-content\\\/uploads\\\/2025\\\/03\\\/cropped-para-perfil-8-anos-1-96x96.jpg\",\"url\":\"https:\\\/\\\/www.aliadospuebla.com\\\/web2017\\\/wp-content\\\/uploads\\\/2025\\\/03\\\/cropped-para-perfil-8-anos-1-96x96.jpg\",\"contentUrl\":\"https:\\\/\\\/www.aliadospuebla.com\\\/web2017\\\/wp-content\\\/uploads\\\/2025\\\/03\\\/cropped-para-perfil-8-anos-1-96x96.jpg\",\"caption\":\"Aliados17\"},\"sameAs\":[\"https:\\\/\\\/www.aliados17.com\",\"https:\\\/\\\/www.facebook.com\\\/Aliados17Pue\",\"https:\\\/\\\/x.com\\\/AliadosPuebla\"],\"url\":\"https:\\\/\\\/www.aliadospuebla.com\\\/?author=2\"}]}<\/script>\n<!-- \/ Yoast SEO plugin. -->","yoast_head_json":{"title":"CON \u201cJORNADA DIFERENTE\u201d, GOBIERNO ESTATAL ACERCA SERVICIOS A LA SOCIEDAD DE MANERA INTEGRAL - AliadosPuebla","robots":{"index":"index","follow":"follow","max-snippet":"max-snippet:-1","max-image-preview":"max-image-preview:large","max-video-preview":"max-video-preview:-1"},"canonical":"https:\/\/www.aliadospuebla.com\/?p=83688","og_locale":"es_ES","og_type":"article","og_title":"CON \u201cJORNADA DIFERENTE\u201d, GOBIERNO ESTATAL ACERCA SERVICIOS A LA SOCIEDAD DE MANERA INTEGRAL - AliadosPuebla","og_description":"Esta iniciativa, desarrollada en la junta auxiliar de San Baltazar Tetela, busca generar empoderamiento, prevenci\u00f3n y atenci\u00f3n de ni\u00f1as, ni\u00f1os, adultas y adultos mayores \u00a0 -Participan SEDIF y las secretar\u00edas de Gobernaci\u00f3n, Salud, Educaci\u00f3n, Bienestar e Igualdad Sustantiva &nbsp; CIUDAD DE PUEBLA, Pue.- Para generar empoderamiento, prevenci\u00f3n y atenci\u00f3n de ni\u00f1as, ni\u00f1os, adultas y adultos mayores, mediante el acercamiento integral de los servicios gubernamentales, el gobernador Sergio Salom\u00f3n y la presidenta honoraria del Sistema Estatal para el Desarrollo Integral de la Familia (SEDIF), Gaby Bonilla, pusieron en marcha la \u201cJornada DIFerente\u201d en la junta auxiliar de San Baltazar Tetela. &nbsp; El titular del Ejecutivo se\u00f1al\u00f3 que existe una deuda hist\u00f3rica con la zona metropolitana de Puebla, espec\u00edficamente con las juntas auxiliares de la capital, por&hellip;Leer m\u00e1s...","og_url":"https:\/\/www.aliadospuebla.com\/?p=83688","og_site_name":"AliadosPuebla","article_author":"https:\/\/www.facebook.com\/Aliados17Pue","article_published_time":"2023-10-16T15:12:17+00:00","og_image":[{"width":600,"height":450,"url":"https:\/\/www.aliadospuebla.com\/web2017\/wp-content\/uploads\/2023\/10\/72.jpg","type":"image\/jpeg"}],"author":"Aliados17","twitter_card":"summary_large_image","twitter_creator":"@AliadosPuebla","twitter_misc":{"Escrito por":"Aliados17","Tiempo de lectura":"4 minutos"},"schema":{"@context":"https:\/\/schema.org","@graph":[{"@type":"Article","@id":"https:\/\/www.aliadospuebla.com\/?p=83688#article","isPartOf":{"@id":"https:\/\/www.aliadospuebla.com\/?p=83688"},"author":{"name":"Aliados17","@id":"https:\/\/www.aliadospuebla.com\/#\/schema\/person\/5da7dd09320bd4f392b710017ed5f8ad"},"headline":"CON \u201cJORNADA DIFERENTE\u201d, GOBIERNO ESTATAL ACERCA SERVICIOS A LA SOCIEDAD DE MANERA INTEGRAL","datePublished":"2023-10-16T15:12:17+00:00","mainEntityOfPage":{"@id":"https:\/\/www.aliadospuebla.com\/?p=83688"},"wordCount":900,"commentCount":0,"image":{"@id":"https:\/\/www.aliadospuebla.com\/?p=83688#primaryimage"},"thumbnailUrl":"https:\/\/www.aliadospuebla.com\/web2017\/wp-content\/uploads\/2023\/10\/72.jpg","keywords":["asesor\u00eda legal","Gaby Bonilla","jornada diferente","Prevencion","SALUD","SEDIF","SERVICIOS"],"articleSection":["Gobierno"],"inLanguage":"es","potentialAction":[{"@type":"CommentAction","name":"Comment","target":["https:\/\/www.aliadospuebla.com\/?p=83688#respond"]}]},{"@type":"WebPage","@id":"https:\/\/www.aliadospuebla.com\/?p=83688","url":"https:\/\/www.aliadospuebla.com\/?p=83688","name":"CON \u201cJORNADA DIFERENTE\u201d, GOBIERNO ESTATAL ACERCA SERVICIOS A LA SOCIEDAD DE MANERA INTEGRAL - AliadosPuebla","isPartOf":{"@id":"https:\/\/www.aliadospuebla.com\/#website"},"primaryImageOfPage":{"@id":"https:\/\/www.aliadospuebla.com\/?p=83688#primaryimage"},"image":{"@id":"https:\/\/www.aliadospuebla.com\/?p=83688#primaryimage"},"thumbnailUrl":"https:\/\/www.aliadospuebla.com\/web2017\/wp-content\/uploads\/2023\/10\/72.jpg","datePublished":"2023-10-16T15:12:17+00:00","author":{"@id":"https:\/\/www.aliadospuebla.com\/#\/schema\/person\/5da7dd09320bd4f392b710017ed5f8ad"},"breadcrumb":{"@id":"https:\/\/www.aliadospuebla.com\/?p=83688#breadcrumb"},"inLanguage":"es","potentialAction":[{"@type":"ReadAction","target":["https:\/\/www.aliadospuebla.com\/?p=83688"]}]},{"@type":"ImageObject","inLanguage":"es","@id":"https:\/\/www.aliadospuebla.com\/?p=83688#primaryimage","url":"https:\/\/www.aliadospuebla.com\/web2017\/wp-content\/uploads\/2023\/10\/72.jpg","contentUrl":"https:\/\/www.aliadospuebla.com\/web2017\/wp-content\/uploads\/2023\/10\/72.jpg","width":600,"height":450},{"@type":"BreadcrumbList","@id":"https:\/\/www.aliadospuebla.com\/?p=83688#breadcrumb","itemListElement":[{"@type":"ListItem","position":1,"name":"Portada","item":"https:\/\/www.aliadospuebla.com\/"},{"@type":"ListItem","position":2,"name":"CON \u201cJORNADA DIFERENTE\u201d, GOBIERNO ESTATAL ACERCA SERVICIOS A LA SOCIEDAD DE MANERA INTEGRAL"}]},{"@type":"WebSite","@id":"https:\/\/www.aliadospuebla.com\/#website","url":"https:\/\/www.aliadospuebla.com\/","name":"AliadosPuebla","description":"La informaci\u00f3n en tus manos","potentialAction":[{"@type":"SearchAction","target":{"@type":"EntryPoint","urlTemplate":"https:\/\/www.aliadospuebla.com\/?s={search_term_string}"},"query-input":{"@type":"PropertyValueSpecification","valueRequired":true,"valueName":"search_term_string"}}],"inLanguage":"es"},{"@type":"Person","@id":"https:\/\/www.aliadospuebla.com\/#\/schema\/person\/5da7dd09320bd4f392b710017ed5f8ad","name":"Aliados17","image":{"@type":"ImageObject","inLanguage":"es","@id":"https:\/\/www.aliadospuebla.com\/web2017\/wp-content\/uploads\/2025\/03\/cropped-para-perfil-8-anos-1-96x96.jpg","url":"https:\/\/www.aliadospuebla.com\/web2017\/wp-content\/uploads\/2025\/03\/cropped-para-perfil-8-anos-1-96x96.jpg","contentUrl":"https:\/\/www.aliadospuebla.com\/web2017\/wp-content\/uploads\/2025\/03\/cropped-para-perfil-8-anos-1-96x96.jpg","caption":"Aliados17"},"sameAs":["https:\/\/www.aliados17.com","https:\/\/www.facebook.com\/Aliados17Pue","https:\/\/x.com\/AliadosPuebla"],"url":"https:\/\/www.aliadospuebla.com\/?author=2"}]}},"views":15,"_links":{"self":[{"href":"https:\/\/www.aliadospuebla.com\/index.php?rest_route=\/wp\/v2\/posts\/83688","targetHints":{"allow":["GET"]}}],"collection":[{"href":"https:\/\/www.aliadospuebla.com\/index.php?rest_route=\/wp\/v2\/posts"}],"about":[{"href":"https:\/\/www.aliadospuebla.com\/index.php?rest_route=\/wp\/v2\/types\/post"}],"author":[{"embeddable":true,"href":"https:\/\/www.aliadospuebla.com\/index.php?rest_route=\/wp\/v2\/users\/2"}],"replies":[{"embeddable":true,"href":"https:\/\/www.aliadospuebla.com\/index.php?rest_route=%2Fwp%2Fv2%2Fcomments&post=83688"}],"version-history":[{"count":1,"href":"https:\/\/www.aliadospuebla.com\/index.php?rest_route=\/wp\/v2\/posts\/83688\/revisions"}],"predecessor-version":[{"id":83690,"href":"https:\/\/www.aliadospuebla.com\/index.php?rest_route=\/wp\/v2\/posts\/83688\/revisions\/83690"}],"wp:featuredmedia":[{"embeddable":true,"href":"https:\/\/www.aliadospuebla.com\/index.php?rest_route=\/wp\/v2\/media\/83689"}],"wp:attachment":[{"href":"https:\/\/www.aliadospuebla.com\/index.php?rest_route=%2Fwp%2Fv2%2Fmedia&parent=83688"}],"wp:term":[{"taxonomy":"category","embeddable":true,"href":"https:\/\/www.aliadospuebla.com\/index.php?rest_route=%2Fwp%2Fv2%2Fcategories&post=83688"},{"taxonomy":"post_tag","embeddable":true,"href":"https:\/\/www.aliadospuebla.com\/index.php?rest_route=%2Fwp%2Fv2%2Ftags&post=83688"}],"curies":[{"name":"wp","href":"https:\/\/api.w.org\/{rel}","templated":true}]}}