{"id":83499,"date":"2023-10-10T13:44:04","date_gmt":"2023-10-10T19:44:04","guid":{"rendered":"https:\/\/www.aliados17.com\/?p=83499"},"modified":"2023-10-10T13:44:04","modified_gmt":"2023-10-10T19:44:04","slug":"tono-lopez-del-congreso-al-corazon-de-puebla-un-recuento-de-sus-acciones-transformadoras","status":"publish","type":"post","link":"https:\/\/www.aliadospuebla.com\/?p=83499","title":{"rendered":"To\u00f1o L\u00f3pez: Del congreso al coraz\u00f3n de Puebla, un recuento de sus acciones transformadoras"},"content":{"rendered":"<h4>El coordinador de la bancada del PT en el congreso de Puebla reflej\u00f3 ser es un aspirante serio a la alcald\u00eda poblana<\/h4>\n<p>Cobijado por los l\u00edderes de su partido y diferentes personalidades del sector pol\u00edtico,<\/p>\n<p>empresarial y de medios de comunicaci\u00f3n, el legislador <strong>To\u00f1o L\u00f3pez<\/strong> realiz\u00f3 su <strong>Segundo Informe de Actividades.<\/strong><\/p>\n<p>El tambi\u00e9n coordinador de la bancada del Partido del Trabajo (PT) en el Congreso del Estado de Puebla,<\/p>\n<p>sentenci\u00f3 ser \u00ab<strong>Hombre de Resultados<\/strong>\u201d dejando en claro que los resultados no se daban solos<\/p>\n<p>y por ello daba un puntal reconocimiento a sus compa\u00f1eros de bancada y a su equipo de trabajo.<\/p>\n<p>Explic\u00f3 que ha beneficiado a miles de personas con base a sus Iniciativas, proyectos y programas<\/p>\n<p>que se han realizado durante su segundo a\u00f1o de la legislatura.<\/p>\n<p>\u00abCon 57 iniciativas presentadas ante el pleno, habiendo escuchado a m\u00e1s de 10,000 personas<\/p>\n<p>y conformado m\u00e1s de 600 comit\u00e9s ciudadanos, nuestra labor no ha parado ah\u00ed. Distribuimos<\/p>\n<p>4 Canastitas Poblanas, realizamos 350 mastograf\u00edas gratuitas, beneficiamos a m\u00e1s de 20 mil hogares directamente,<\/p>\n<p>proporcionamos alimentos a 100 mil ciudadanos y entregamos 4,800 l\u00e1mparas ahorradoras.<\/p>\n<h4>Estas cifras son el testimonio de un a\u00f1o de intenso trabajo y compromiso, siempre buscando el bienestar de Puebla\u00bb, mencion\u00f3 To\u00f1o L\u00f3pez.<\/h4>\n<p>Detall\u00f3 a los asistentes al evento que tener un contacto directo con las y los ciudadanos le ha permitido saber de primera mano sus necesidades reales, sin tener que recurrir a alguna encuesta.<\/p>\n<p>Dejando en claro que los principales problemas que le aquejan a la sociedad de Puebla capital son temas en materia de: seguridad, ingreso y servicios p\u00fablicos.<\/p>\n<p>Present\u00f3 el dec\u00e1logo de iniciativas para prevenir el delito y fortalecer la seguridad p\u00fablica, que van desde exhorto para que los Ayuntamientos creen Planes Municipales de Prevenci\u00f3n del Delito, hasta el aumento de penas a violadores.<\/p>\n<p>Declar\u00e1ndose aliado de las mujeres, ante las m\u00e1s de 2,500 personas que asistieron al evento To\u00f1o L\u00f3pez asever\u00f3 que con UNIDAD y FORTALEZA se puede ser invencible, y que hoy \u00a1Es el Momento! De ser aliado de las mujeres, de proteger a las ni\u00f1as y los ni\u00f1os, de buscar oportunidades para todos y sobre todo, para construir un Puebla mejor.<\/p>\n<p>Finalmente, el legislador reflexion\u00f3 sobre que nuestra naci\u00f3n se encuentra en un punto de inflexi\u00f3n, en que podemos tomar acci\u00f3n o permanecer inm\u00f3viles. \u00abSer pol\u00edtico no es simplemente ocupar un cargo, es un llamado a servir, a mejorar vidas, a construir un futuro. Y ante todos estos retos, es momento de mostrar una verdadera vocaci\u00f3n de servicio\u00bb, sentenci\u00f3.<\/p>\n<p>En el evento se cont\u00f3 con la presencia del gobernador del Estado de Puebla, Sergio Salom\u00f3n, as\u00ed como de su hom\u00f3loga en Tlaxcala, Lorena Cuellar, adem\u00e1s del presidente de la Junta de Gobierno y Coordinaci\u00f3n Pol\u00edtica, Eduardo Castillo, del delegado nacional del PT, Ernesto Villarreal Cant\u00fa, la dirigente estatal de Morena, Olga Luc\u00eda Romero Garci-Crespo, adem\u00e1s de legisladores locales y federales.<\/p>\n","protected":false},"excerpt":{"rendered":"<p>El coordinador de la bancada del PT en el congreso de Puebla reflej\u00f3 ser es un aspirante serio a la alcald\u00eda poblana Cobijado por los l\u00edderes de su partido y diferentes personalidades del sector pol\u00edtico, empresarial y de medios de comunicaci\u00f3n, el legislador To\u00f1o L\u00f3pez realiz\u00f3 su Segundo Informe de Actividades. El tambi\u00e9n coordinador de la bancada del Partido del Trabajo (PT) en el Congreso del Estado de Puebla, sentenci\u00f3 ser \u00abHombre de Resultados\u201d dejando en claro que los resultados no se daban solos y por ello daba un puntal reconocimiento a sus compa\u00f1eros de bancada y a su equipo de trabajo. Explic\u00f3 que ha beneficiado a miles de personas con base a sus Iniciativas, proyectos y programas que se han realizado durante su segundo&hellip;<\/p>\n<p class=\"excerpt-more\"><a class=\"blog-excerpt button\" href=\"https:\/\/www.aliadospuebla.com\/?p=83499\">Leer m\u00e1s&#8230;<\/a><\/p>\n","protected":false},"author":2,"featured_media":83500,"comment_status":"open","ping_status":"open","sticky":false,"template":"","format":"standard","meta":{"_monsterinsights_skip_tracking":false,"footnotes":""},"categories":[6],"tags":[22495,20678,269,88,22496,2551,2382,15430],"class_list":["post-83499","post","type-post","status-publish","format-standard","has-post-thumbnail","hentry","category-politica","tag-acciones-transformadoras","tag-canastita-poblana","tag-compromiso","tag-congreso-del-estado","tag-hombre-de-resultados","tag-pt","tag-segundo-informe","tag-tono-lopez"],"yoast_head":"<!-- This site is optimized with the Yoast SEO plugin v28.4 - https:\/\/yoast.com\/product\/yoast-seo-wordpress\/ -->\n<title>To\u00f1o L\u00f3pez: Del congreso al coraz\u00f3n de Puebla, un recuento de sus acciones transformadoras - AliadosPuebla<\/title>\n<meta name=\"robots\" content=\"index, follow, max-snippet:-1, max-image-preview:large, max-video-preview:-1\" \/>\n<link rel=\"canonical\" href=\"https:\/\/www.aliadospuebla.com\/?p=83499\" \/>\n<meta property=\"og:locale\" content=\"es_ES\" \/>\n<meta property=\"og:type\" content=\"article\" \/>\n<meta property=\"og:title\" content=\"To\u00f1o L\u00f3pez: Del congreso al coraz\u00f3n de Puebla, un recuento de sus acciones transformadoras - AliadosPuebla\" \/>\n<meta property=\"og:description\" content=\"El coordinador de la bancada del PT en el congreso de Puebla reflej\u00f3 ser es un aspirante serio a la alcald\u00eda poblana Cobijado por los l\u00edderes de su partido y diferentes personalidades del sector pol\u00edtico, empresarial y de medios de comunicaci\u00f3n, el legislador To\u00f1o L\u00f3pez realiz\u00f3 su Segundo Informe de Actividades. El tambi\u00e9n coordinador de la bancada del Partido del Trabajo (PT) en el Congreso del Estado de Puebla, sentenci\u00f3 ser \u00abHombre de Resultados\u201d dejando en claro que los resultados no se daban solos y por ello daba un puntal reconocimiento a sus compa\u00f1eros de bancada y a su equipo de trabajo. Explic\u00f3 que ha beneficiado a miles de personas con base a sus Iniciativas, proyectos y programas que se han realizado durante su segundo&hellip;Leer m\u00e1s...\" \/>\n<meta property=\"og:url\" content=\"https:\/\/www.aliadospuebla.com\/?p=83499\" \/>\n<meta property=\"og:site_name\" content=\"AliadosPuebla\" \/>\n<meta property=\"article:author\" content=\"https:\/\/www.facebook.com\/Aliados17Pue\" \/>\n<meta property=\"article:published_time\" content=\"2023-10-10T19:44:04+00:00\" \/>\n<meta property=\"og:image\" content=\"https:\/\/www.aliadospuebla.com\/web2017\/wp-content\/uploads\/2023\/10\/51.jpg\" \/>\n\t<meta property=\"og:image:width\" content=\"600\" \/>\n\t<meta property=\"og:image:height\" content=\"450\" \/>\n\t<meta property=\"og:image:type\" content=\"image\/jpeg\" \/>\n<meta name=\"author\" content=\"Aliados17\" \/>\n<meta name=\"twitter:card\" content=\"summary_large_image\" \/>\n<meta name=\"twitter:creator\" content=\"@AliadosPuebla\" \/>\n<meta name=\"twitter:label1\" content=\"Escrito por\" \/>\n\t<meta name=\"twitter:data1\" content=\"Aliados17\" \/>\n\t<meta name=\"twitter:label2\" content=\"Tiempo de lectura\" \/>\n\t<meta name=\"twitter:data2\" content=\"3 minutos\" \/>\n<script type=\"application\/ld+json\" class=\"yoast-schema-graph\">{\"@context\":\"https:\\\/\\\/schema.org\",\"@graph\":[{\"@type\":\"Article\",\"@id\":\"https:\\\/\\\/www.aliadospuebla.com\\\/?p=83499#article\",\"isPartOf\":{\"@id\":\"https:\\\/\\\/www.aliadospuebla.com\\\/?p=83499\"},\"author\":{\"name\":\"Aliados17\",\"@id\":\"https:\\\/\\\/www.aliadospuebla.com\\\/#\\\/schema\\\/person\\\/5da7dd09320bd4f392b710017ed5f8ad\"},\"headline\":\"To\u00f1o L\u00f3pez: Del congreso al coraz\u00f3n de Puebla, un recuento de sus acciones transformadoras\",\"datePublished\":\"2023-10-10T19:44:04+00:00\",\"mainEntityOfPage\":{\"@id\":\"https:\\\/\\\/www.aliadospuebla.com\\\/?p=83499\"},\"wordCount\":528,\"commentCount\":0,\"image\":{\"@id\":\"https:\\\/\\\/www.aliadospuebla.com\\\/?p=83499#primaryimage\"},\"thumbnailUrl\":\"https:\\\/\\\/www.aliadospuebla.com\\\/web2017\\\/wp-content\\\/uploads\\\/2023\\\/10\\\/51.jpg\",\"keywords\":[\"acciones transformadoras\",\"canastita poblana\",\"compromiso\",\"Congreso del Estado\",\"hombre de resultados\",\"PT\",\"SEGUNDO INFORME\",\"To\u00f1o L\u00f3pez\"],\"articleSection\":[\"Pol\u00edtica\"],\"inLanguage\":\"es\",\"potentialAction\":[{\"@type\":\"CommentAction\",\"name\":\"Comment\",\"target\":[\"https:\\\/\\\/www.aliadospuebla.com\\\/?p=83499#respond\"]}]},{\"@type\":\"WebPage\",\"@id\":\"https:\\\/\\\/www.aliadospuebla.com\\\/?p=83499\",\"url\":\"https:\\\/\\\/www.aliadospuebla.com\\\/?p=83499\",\"name\":\"To\u00f1o L\u00f3pez: Del congreso al coraz\u00f3n de Puebla, un recuento de sus acciones transformadoras - AliadosPuebla\",\"isPartOf\":{\"@id\":\"https:\\\/\\\/www.aliadospuebla.com\\\/#website\"},\"primaryImageOfPage\":{\"@id\":\"https:\\\/\\\/www.aliadospuebla.com\\\/?p=83499#primaryimage\"},\"image\":{\"@id\":\"https:\\\/\\\/www.aliadospuebla.com\\\/?p=83499#primaryimage\"},\"thumbnailUrl\":\"https:\\\/\\\/www.aliadospuebla.com\\\/web2017\\\/wp-content\\\/uploads\\\/2023\\\/10\\\/51.jpg\",\"datePublished\":\"2023-10-10T19:44:04+00:00\",\"author\":{\"@id\":\"https:\\\/\\\/www.aliadospuebla.com\\\/#\\\/schema\\\/person\\\/5da7dd09320bd4f392b710017ed5f8ad\"},\"breadcrumb\":{\"@id\":\"https:\\\/\\\/www.aliadospuebla.com\\\/?p=83499#breadcrumb\"},\"inLanguage\":\"es\",\"potentialAction\":[{\"@type\":\"ReadAction\",\"target\":[\"https:\\\/\\\/www.aliadospuebla.com\\\/?p=83499\"]}]},{\"@type\":\"ImageObject\",\"inLanguage\":\"es\",\"@id\":\"https:\\\/\\\/www.aliadospuebla.com\\\/?p=83499#primaryimage\",\"url\":\"https:\\\/\\\/www.aliadospuebla.com\\\/web2017\\\/wp-content\\\/uploads\\\/2023\\\/10\\\/51.jpg\",\"contentUrl\":\"https:\\\/\\\/www.aliadospuebla.com\\\/web2017\\\/wp-content\\\/uploads\\\/2023\\\/10\\\/51.jpg\",\"width\":600,\"height\":450},{\"@type\":\"BreadcrumbList\",\"@id\":\"https:\\\/\\\/www.aliadospuebla.com\\\/?p=83499#breadcrumb\",\"itemListElement\":[{\"@type\":\"ListItem\",\"position\":1,\"name\":\"Portada\",\"item\":\"https:\\\/\\\/www.aliadospuebla.com\\\/\"},{\"@type\":\"ListItem\",\"position\":2,\"name\":\"To\u00f1o L\u00f3pez: Del congreso al coraz\u00f3n de Puebla, un recuento de sus acciones transformadoras\"}]},{\"@type\":\"WebSite\",\"@id\":\"https:\\\/\\\/www.aliadospuebla.com\\\/#website\",\"url\":\"https:\\\/\\\/www.aliadospuebla.com\\\/\",\"name\":\"AliadosPuebla\",\"description\":\"La informaci\u00f3n en tus manos\",\"potentialAction\":[{\"@type\":\"SearchAction\",\"target\":{\"@type\":\"EntryPoint\",\"urlTemplate\":\"https:\\\/\\\/www.aliadospuebla.com\\\/?s={search_term_string}\"},\"query-input\":{\"@type\":\"PropertyValueSpecification\",\"valueRequired\":true,\"valueName\":\"search_term_string\"}}],\"inLanguage\":\"es\"},{\"@type\":\"Person\",\"@id\":\"https:\\\/\\\/www.aliadospuebla.com\\\/#\\\/schema\\\/person\\\/5da7dd09320bd4f392b710017ed5f8ad\",\"name\":\"Aliados17\",\"image\":{\"@type\":\"ImageObject\",\"inLanguage\":\"es\",\"@id\":\"https:\\\/\\\/www.aliadospuebla.com\\\/web2017\\\/wp-content\\\/uploads\\\/2025\\\/03\\\/cropped-para-perfil-8-anos-1-96x96.jpg\",\"url\":\"https:\\\/\\\/www.aliadospuebla.com\\\/web2017\\\/wp-content\\\/uploads\\\/2025\\\/03\\\/cropped-para-perfil-8-anos-1-96x96.jpg\",\"contentUrl\":\"https:\\\/\\\/www.aliadospuebla.com\\\/web2017\\\/wp-content\\\/uploads\\\/2025\\\/03\\\/cropped-para-perfil-8-anos-1-96x96.jpg\",\"caption\":\"Aliados17\"},\"sameAs\":[\"https:\\\/\\\/www.aliados17.com\",\"https:\\\/\\\/www.facebook.com\\\/Aliados17Pue\",\"https:\\\/\\\/x.com\\\/AliadosPuebla\"],\"url\":\"https:\\\/\\\/www.aliadospuebla.com\\\/?author=2\"}]}<\/script>\n<!-- \/ Yoast SEO plugin. -->","yoast_head_json":{"title":"To\u00f1o L\u00f3pez: Del congreso al coraz\u00f3n de Puebla, un recuento de sus acciones transformadoras - AliadosPuebla","robots":{"index":"index","follow":"follow","max-snippet":"max-snippet:-1","max-image-preview":"max-image-preview:large","max-video-preview":"max-video-preview:-1"},"canonical":"https:\/\/www.aliadospuebla.com\/?p=83499","og_locale":"es_ES","og_type":"article","og_title":"To\u00f1o L\u00f3pez: Del congreso al coraz\u00f3n de Puebla, un recuento de sus acciones transformadoras - AliadosPuebla","og_description":"El coordinador de la bancada del PT en el congreso de Puebla reflej\u00f3 ser es un aspirante serio a la alcald\u00eda poblana Cobijado por los l\u00edderes de su partido y diferentes personalidades del sector pol\u00edtico, empresarial y de medios de comunicaci\u00f3n, el legislador To\u00f1o L\u00f3pez realiz\u00f3 su Segundo Informe de Actividades. El tambi\u00e9n coordinador de la bancada del Partido del Trabajo (PT) en el Congreso del Estado de Puebla, sentenci\u00f3 ser \u00abHombre de Resultados\u201d dejando en claro que los resultados no se daban solos y por ello daba un puntal reconocimiento a sus compa\u00f1eros de bancada y a su equipo de trabajo. Explic\u00f3 que ha beneficiado a miles de personas con base a sus Iniciativas, proyectos y programas que se han realizado durante su segundo&hellip;Leer m\u00e1s...","og_url":"https:\/\/www.aliadospuebla.com\/?p=83499","og_site_name":"AliadosPuebla","article_author":"https:\/\/www.facebook.com\/Aliados17Pue","article_published_time":"2023-10-10T19:44:04+00:00","og_image":[{"width":600,"height":450,"url":"https:\/\/www.aliadospuebla.com\/web2017\/wp-content\/uploads\/2023\/10\/51.jpg","type":"image\/jpeg"}],"author":"Aliados17","twitter_card":"summary_large_image","twitter_creator":"@AliadosPuebla","twitter_misc":{"Escrito por":"Aliados17","Tiempo de lectura":"3 minutos"},"schema":{"@context":"https:\/\/schema.org","@graph":[{"@type":"Article","@id":"https:\/\/www.aliadospuebla.com\/?p=83499#article","isPartOf":{"@id":"https:\/\/www.aliadospuebla.com\/?p=83499"},"author":{"name":"Aliados17","@id":"https:\/\/www.aliadospuebla.com\/#\/schema\/person\/5da7dd09320bd4f392b710017ed5f8ad"},"headline":"To\u00f1o L\u00f3pez: Del congreso al coraz\u00f3n de Puebla, un recuento de sus acciones transformadoras","datePublished":"2023-10-10T19:44:04+00:00","mainEntityOfPage":{"@id":"https:\/\/www.aliadospuebla.com\/?p=83499"},"wordCount":528,"commentCount":0,"image":{"@id":"https:\/\/www.aliadospuebla.com\/?p=83499#primaryimage"},"thumbnailUrl":"https:\/\/www.aliadospuebla.com\/web2017\/wp-content\/uploads\/2023\/10\/51.jpg","keywords":["acciones transformadoras","canastita poblana","compromiso","Congreso del Estado","hombre de resultados","PT","SEGUNDO INFORME","To\u00f1o L\u00f3pez"],"articleSection":["Pol\u00edtica"],"inLanguage":"es","potentialAction":[{"@type":"CommentAction","name":"Comment","target":["https:\/\/www.aliadospuebla.com\/?p=83499#respond"]}]},{"@type":"WebPage","@id":"https:\/\/www.aliadospuebla.com\/?p=83499","url":"https:\/\/www.aliadospuebla.com\/?p=83499","name":"To\u00f1o L\u00f3pez: Del congreso al coraz\u00f3n de Puebla, un recuento de sus acciones transformadoras - AliadosPuebla","isPartOf":{"@id":"https:\/\/www.aliadospuebla.com\/#website"},"primaryImageOfPage":{"@id":"https:\/\/www.aliadospuebla.com\/?p=83499#primaryimage"},"image":{"@id":"https:\/\/www.aliadospuebla.com\/?p=83499#primaryimage"},"thumbnailUrl":"https:\/\/www.aliadospuebla.com\/web2017\/wp-content\/uploads\/2023\/10\/51.jpg","datePublished":"2023-10-10T19:44:04+00:00","author":{"@id":"https:\/\/www.aliadospuebla.com\/#\/schema\/person\/5da7dd09320bd4f392b710017ed5f8ad"},"breadcrumb":{"@id":"https:\/\/www.aliadospuebla.com\/?p=83499#breadcrumb"},"inLanguage":"es","potentialAction":[{"@type":"ReadAction","target":["https:\/\/www.aliadospuebla.com\/?p=83499"]}]},{"@type":"ImageObject","inLanguage":"es","@id":"https:\/\/www.aliadospuebla.com\/?p=83499#primaryimage","url":"https:\/\/www.aliadospuebla.com\/web2017\/wp-content\/uploads\/2023\/10\/51.jpg","contentUrl":"https:\/\/www.aliadospuebla.com\/web2017\/wp-content\/uploads\/2023\/10\/51.jpg","width":600,"height":450},{"@type":"BreadcrumbList","@id":"https:\/\/www.aliadospuebla.com\/?p=83499#breadcrumb","itemListElement":[{"@type":"ListItem","position":1,"name":"Portada","item":"https:\/\/www.aliadospuebla.com\/"},{"@type":"ListItem","position":2,"name":"To\u00f1o L\u00f3pez: Del congreso al coraz\u00f3n de Puebla, un recuento de sus acciones transformadoras"}]},{"@type":"WebSite","@id":"https:\/\/www.aliadospuebla.com\/#website","url":"https:\/\/www.aliadospuebla.com\/","name":"AliadosPuebla","description":"La informaci\u00f3n en tus manos","potentialAction":[{"@type":"SearchAction","target":{"@type":"EntryPoint","urlTemplate":"https:\/\/www.aliadospuebla.com\/?s={search_term_string}"},"query-input":{"@type":"PropertyValueSpecification","valueRequired":true,"valueName":"search_term_string"}}],"inLanguage":"es"},{"@type":"Person","@id":"https:\/\/www.aliadospuebla.com\/#\/schema\/person\/5da7dd09320bd4f392b710017ed5f8ad","name":"Aliados17","image":{"@type":"ImageObject","inLanguage":"es","@id":"https:\/\/www.aliadospuebla.com\/web2017\/wp-content\/uploads\/2025\/03\/cropped-para-perfil-8-anos-1-96x96.jpg","url":"https:\/\/www.aliadospuebla.com\/web2017\/wp-content\/uploads\/2025\/03\/cropped-para-perfil-8-anos-1-96x96.jpg","contentUrl":"https:\/\/www.aliadospuebla.com\/web2017\/wp-content\/uploads\/2025\/03\/cropped-para-perfil-8-anos-1-96x96.jpg","caption":"Aliados17"},"sameAs":["https:\/\/www.aliados17.com","https:\/\/www.facebook.com\/Aliados17Pue","https:\/\/x.com\/AliadosPuebla"],"url":"https:\/\/www.aliadospuebla.com\/?author=2"}]}},"views":6,"_links":{"self":[{"href":"https:\/\/www.aliadospuebla.com\/index.php?rest_route=\/wp\/v2\/posts\/83499","targetHints":{"allow":["GET"]}}],"collection":[{"href":"https:\/\/www.aliadospuebla.com\/index.php?rest_route=\/wp\/v2\/posts"}],"about":[{"href":"https:\/\/www.aliadospuebla.com\/index.php?rest_route=\/wp\/v2\/types\/post"}],"author":[{"embeddable":true,"href":"https:\/\/www.aliadospuebla.com\/index.php?rest_route=\/wp\/v2\/users\/2"}],"replies":[{"embeddable":true,"href":"https:\/\/www.aliadospuebla.com\/index.php?rest_route=%2Fwp%2Fv2%2Fcomments&post=83499"}],"version-history":[{"count":1,"href":"https:\/\/www.aliadospuebla.com\/index.php?rest_route=\/wp\/v2\/posts\/83499\/revisions"}],"predecessor-version":[{"id":83501,"href":"https:\/\/www.aliadospuebla.com\/index.php?rest_route=\/wp\/v2\/posts\/83499\/revisions\/83501"}],"wp:featuredmedia":[{"embeddable":true,"href":"https:\/\/www.aliadospuebla.com\/index.php?rest_route=\/wp\/v2\/media\/83500"}],"wp:attachment":[{"href":"https:\/\/www.aliadospuebla.com\/index.php?rest_route=%2Fwp%2Fv2%2Fmedia&parent=83499"}],"wp:term":[{"taxonomy":"category","embeddable":true,"href":"https:\/\/www.aliadospuebla.com\/index.php?rest_route=%2Fwp%2Fv2%2Fcategories&post=83499"},{"taxonomy":"post_tag","embeddable":true,"href":"https:\/\/www.aliadospuebla.com\/index.php?rest_route=%2Fwp%2Fv2%2Ftags&post=83499"}],"curies":[{"name":"wp","href":"https:\/\/api.w.org\/{rel}","templated":true}]}}