{"id":82811,"date":"2023-09-16T07:57:33","date_gmt":"2023-09-16T13:57:33","guid":{"rendered":"https:\/\/www.aliados17.com\/?p=82811"},"modified":"2023-09-16T07:57:33","modified_gmt":"2023-09-16T13:57:33","slug":"a-economia-monica-nora-o-quien","status":"publish","type":"post","link":"https:\/\/www.aliadospuebla.com\/?p=82811","title":{"rendered":"A Econom\u00eda \u00bfM\u00f3nica, Nora o qui\u00e9n?"},"content":{"rendered":"<h4>Bueno, ya se va Olivia.<\/h4>\n<p>\u00bfY qui\u00e9n para terminar?<br \/>\nEs decir \u00bfQui\u00e9n ser\u00e1 la persona a quien el C. Gobernador le encargue cerrar su administraci\u00f3n en la Secretar\u00eda de Econom\u00eda y quien sustituya a Olivia Salom\u00f3n Vibaldo?<br \/>\n\u00bfDel Congreso del Estado?<br \/>\nComplicado, pero faltar\u00eda pagar la deuda con el Partido del Trabajo.<br \/>\nEn ese sentido: M\u00f3nica Silva o Nora Merino.<br \/>\nSer\u00eda una decisi\u00f3n pol\u00edtica.<br \/>\nAhora bien, por perfiles.<br \/>\n\u00bfQui\u00e9n ya fue Secretario de Econom\u00eda y ahora est\u00e1 cercano a SS?<br \/>\nA ver, piensen.<br \/>\nPepe Chedraui no, porque \u00e9l busca la alcald\u00eda, aunque tiene el perfil porque se presume iba a ser el Secretario del ramo con Marta Erika Alonso.<br \/>\nDescartado pues.<br \/>\n\u00bf\u201cTons\u201d?<br \/>\nEsperemos a ver qu\u00e9 decide el ciudadano mandatario Sergio Salom\u00f3n C\u00e9spedes Peregrina.<br \/>\nPunto.<br \/>\nHe dicho y he escrito.<br \/>\n\u2026<\/p>\n<p>Liz se va de Bienestar<br \/>\nOtra Secretaria de Estado que va a renunciar en los pr\u00f3ximos d\u00edas a su cargo como titular de Bienestar, es Lizeth S\u00e1nchez Garc\u00eda.<br \/>\nY es que Liz se va a inscribir como aspirante a ser Coordinadora de los Comit\u00e9s de Defensa de la Cuarta Transformaci\u00f3n para Puebla.<br \/>\nEntonces con la incorporaci\u00f3n de Liz, los seis que buscar\u00e1n la candidatura son:<br \/>\nIgnacio Mier Velazco (MORENA).<br \/>\nAlejandro Armena Mier (MORENA).<br \/>\nRodrigo Abdala Dartigues (MORENA).<br \/>\nOlivia Salom\u00f3n Vivaldo (MORENA).<br \/>\nLizeth S\u00e1nchez Garc\u00eda (Partido del Trabajo).<br \/>\nJuan Carlos o Jaime Natale o Tony Gali (Partido Verde).<br \/>\nBueno y aqu\u00ed la pregunta:<br \/>\n\u00bfA qui\u00e9n va a designar el Gobernador en Bienestar?<br \/>\nSeguramente le va respetar la posici\u00f3n al PT \u2026 y a Liz.<br \/>\nSeguramente.<br \/>\nPunto.<br \/>\nHe informado.<br \/>\n\u2026<\/p>\n<p>Ni Obama<br \/>\nMarcelo ni se va ni se queda. No lo perdonamos ni yo, ni Obama.<br \/>\n\u2026<\/p>\n<p>El Verdugo<br \/>\nDice AMLO-co que en la 4T se acab\u00f3 el \u201cdedazo\u201d. El Verdugo dice: Empez\u00f3 el \u201cEncuestazo\u201d.<br \/>\n\u2026<\/p>\n<p>De Buena Fuente, no es la mejor columna pol\u00edtica, pero tiene\u2026 a los mejores lectores.<br \/>\ncmaciaspalma@yahoo.com.mx<br \/>\n@cmaciaspalma<br \/>\nFB: Carlos Macias Palma<\/p>\n","protected":false},"excerpt":{"rendered":"<p>Bueno, ya se va Olivia. \u00bfY qui\u00e9n para terminar? Es decir \u00bfQui\u00e9n ser\u00e1 la persona a quien el C. Gobernador le encargue cerrar su administraci\u00f3n en la Secretar\u00eda de Econom\u00eda y quien sustituya a Olivia Salom\u00f3n Vibaldo? \u00bfDel Congreso del Estado? Complicado, pero faltar\u00eda pagar la deuda con el Partido del Trabajo. En ese sentido: M\u00f3nica Silva o Nora Merino. Ser\u00eda una decisi\u00f3n pol\u00edtica. Ahora bien, por perfiles. \u00bfQui\u00e9n ya fue Secretario de Econom\u00eda y ahora est\u00e1 cercano a SS? A ver, piensen. Pepe Chedraui no, porque \u00e9l busca la alcald\u00eda, aunque tiene el perfil porque se presume iba a ser el Secretario del ramo con Marta Erika Alonso. Descartado pues. \u00bf\u201cTons\u201d? Esperemos a ver qu\u00e9 decide el ciudadano mandatario Sergio Salom\u00f3n C\u00e9spedes Peregrina. Punto.&hellip;<\/p>\n<p class=\"excerpt-more\"><a class=\"blog-excerpt button\" href=\"https:\/\/www.aliadospuebla.com\/?p=82811\">Leer m\u00e1s&#8230;<\/a><\/p>\n","protected":false},"author":2,"featured_media":82812,"comment_status":"open","ping_status":"open","sticky":false,"template":"","format":"standard","meta":{"_monsterinsights_skip_tracking":false,"footnotes":""},"categories":[9],"tags":[4780,16134,10488,6101,7232,9881,20612,7148,986,10666],"class_list":["post-82811","post","type-post","status-publish","format-standard","has-post-thumbnail","hentry","category-columnas","tag-alejandro-armenta","tag-ignacio-mier-velazco","tag-lizeth-sanchez-garcia","tag-monica-silva","tag-nora-merino","tag-olivia-salomon","tag-pepe-chedraui","tag-rodrigo-abdala","tag-secretaria-de-economia","tag-sergio-salomon-cespedes-peregrina"],"yoast_head":"<!-- This site is optimized with the Yoast SEO plugin v28.4 - https:\/\/yoast.com\/product\/yoast-seo-wordpress\/ -->\n<title>A Econom\u00eda \u00bfM\u00f3nica, Nora o qui\u00e9n? - AliadosPuebla<\/title>\n<meta name=\"robots\" content=\"index, follow, max-snippet:-1, max-image-preview:large, max-video-preview:-1\" \/>\n<link rel=\"canonical\" href=\"https:\/\/www.aliadospuebla.com\/?p=82811\" \/>\n<meta property=\"og:locale\" content=\"es_ES\" \/>\n<meta property=\"og:type\" content=\"article\" \/>\n<meta property=\"og:title\" content=\"A Econom\u00eda \u00bfM\u00f3nica, Nora o qui\u00e9n? - AliadosPuebla\" \/>\n<meta property=\"og:description\" content=\"Bueno, ya se va Olivia. \u00bfY qui\u00e9n para terminar? Es decir \u00bfQui\u00e9n ser\u00e1 la persona a quien el C. Gobernador le encargue cerrar su administraci\u00f3n en la Secretar\u00eda de Econom\u00eda y quien sustituya a Olivia Salom\u00f3n Vibaldo? \u00bfDel Congreso del Estado? Complicado, pero faltar\u00eda pagar la deuda con el Partido del Trabajo. En ese sentido: M\u00f3nica Silva o Nora Merino. Ser\u00eda una decisi\u00f3n pol\u00edtica. Ahora bien, por perfiles. \u00bfQui\u00e9n ya fue Secretario de Econom\u00eda y ahora est\u00e1 cercano a SS? A ver, piensen. Pepe Chedraui no, porque \u00e9l busca la alcald\u00eda, aunque tiene el perfil porque se presume iba a ser el Secretario del ramo con Marta Erika Alonso. Descartado pues. \u00bf\u201cTons\u201d? Esperemos a ver qu\u00e9 decide el ciudadano mandatario Sergio Salom\u00f3n C\u00e9spedes Peregrina. Punto.&hellip;Leer m\u00e1s...\" \/>\n<meta property=\"og:url\" content=\"https:\/\/www.aliadospuebla.com\/?p=82811\" \/>\n<meta property=\"og:site_name\" content=\"AliadosPuebla\" \/>\n<meta property=\"article:author\" content=\"https:\/\/www.facebook.com\/Aliados17Pue\" \/>\n<meta property=\"article:published_time\" content=\"2023-09-16T13:57:33+00:00\" \/>\n<meta property=\"og:image\" content=\"https:\/\/www.aliadospuebla.com\/web2017\/wp-content\/uploads\/2023\/09\/46-1.jpg\" \/>\n\t<meta property=\"og:image:width\" content=\"600\" \/>\n\t<meta property=\"og:image:height\" content=\"450\" \/>\n\t<meta property=\"og:image:type\" content=\"image\/jpeg\" \/>\n<meta name=\"author\" content=\"Aliados17\" \/>\n<meta name=\"twitter:card\" content=\"summary_large_image\" \/>\n<meta name=\"twitter:creator\" content=\"@AliadosPuebla\" \/>\n<meta name=\"twitter:label1\" content=\"Escrito por\" \/>\n\t<meta name=\"twitter:data1\" content=\"Aliados17\" \/>\n\t<meta name=\"twitter:label2\" content=\"Tiempo de lectura\" \/>\n\t<meta name=\"twitter:data2\" content=\"2 minutos\" \/>\n<script type=\"application\/ld+json\" class=\"yoast-schema-graph\">{\"@context\":\"https:\\\/\\\/schema.org\",\"@graph\":[{\"@type\":\"Article\",\"@id\":\"https:\\\/\\\/www.aliadospuebla.com\\\/?p=82811#article\",\"isPartOf\":{\"@id\":\"https:\\\/\\\/www.aliadospuebla.com\\\/?p=82811\"},\"author\":{\"name\":\"Aliados17\",\"@id\":\"https:\\\/\\\/www.aliadospuebla.com\\\/#\\\/schema\\\/person\\\/5da7dd09320bd4f392b710017ed5f8ad\"},\"headline\":\"A Econom\u00eda \u00bfM\u00f3nica, Nora o qui\u00e9n?\",\"datePublished\":\"2023-09-16T13:57:33+00:00\",\"mainEntityOfPage\":{\"@id\":\"https:\\\/\\\/www.aliadospuebla.com\\\/?p=82811\"},\"wordCount\":353,\"commentCount\":0,\"image\":{\"@id\":\"https:\\\/\\\/www.aliadospuebla.com\\\/?p=82811#primaryimage\"},\"thumbnailUrl\":\"https:\\\/\\\/www.aliadospuebla.com\\\/web2017\\\/wp-content\\\/uploads\\\/2023\\\/09\\\/46-1.jpg\",\"keywords\":[\"ALEJANDRO ARMENTA\",\"Ignacio Mier Velazco\",\"LIZETH SANCHEZ GARCIA\",\"M\u00d3NICA SILVA\",\"NORA MERINO\",\"Olivia salom\u00f3n\",\"Pepe Chedraui\",\"RODRIGO ABDALA\",\"SECRETAR\u00cdA DE ECONOM\u00cdA\",\"Sergio Salom\u00f3n C\u00e9spedes Peregrina\"],\"articleSection\":[\"Columnas\"],\"inLanguage\":\"es\",\"potentialAction\":[{\"@type\":\"CommentAction\",\"name\":\"Comment\",\"target\":[\"https:\\\/\\\/www.aliadospuebla.com\\\/?p=82811#respond\"]}]},{\"@type\":\"WebPage\",\"@id\":\"https:\\\/\\\/www.aliadospuebla.com\\\/?p=82811\",\"url\":\"https:\\\/\\\/www.aliadospuebla.com\\\/?p=82811\",\"name\":\"A Econom\u00eda \u00bfM\u00f3nica, Nora o qui\u00e9n? - AliadosPuebla\",\"isPartOf\":{\"@id\":\"https:\\\/\\\/www.aliadospuebla.com\\\/#website\"},\"primaryImageOfPage\":{\"@id\":\"https:\\\/\\\/www.aliadospuebla.com\\\/?p=82811#primaryimage\"},\"image\":{\"@id\":\"https:\\\/\\\/www.aliadospuebla.com\\\/?p=82811#primaryimage\"},\"thumbnailUrl\":\"https:\\\/\\\/www.aliadospuebla.com\\\/web2017\\\/wp-content\\\/uploads\\\/2023\\\/09\\\/46-1.jpg\",\"datePublished\":\"2023-09-16T13:57:33+00:00\",\"author\":{\"@id\":\"https:\\\/\\\/www.aliadospuebla.com\\\/#\\\/schema\\\/person\\\/5da7dd09320bd4f392b710017ed5f8ad\"},\"breadcrumb\":{\"@id\":\"https:\\\/\\\/www.aliadospuebla.com\\\/?p=82811#breadcrumb\"},\"inLanguage\":\"es\",\"potentialAction\":[{\"@type\":\"ReadAction\",\"target\":[\"https:\\\/\\\/www.aliadospuebla.com\\\/?p=82811\"]}]},{\"@type\":\"ImageObject\",\"inLanguage\":\"es\",\"@id\":\"https:\\\/\\\/www.aliadospuebla.com\\\/?p=82811#primaryimage\",\"url\":\"https:\\\/\\\/www.aliadospuebla.com\\\/web2017\\\/wp-content\\\/uploads\\\/2023\\\/09\\\/46-1.jpg\",\"contentUrl\":\"https:\\\/\\\/www.aliadospuebla.com\\\/web2017\\\/wp-content\\\/uploads\\\/2023\\\/09\\\/46-1.jpg\",\"width\":600,\"height\":450},{\"@type\":\"BreadcrumbList\",\"@id\":\"https:\\\/\\\/www.aliadospuebla.com\\\/?p=82811#breadcrumb\",\"itemListElement\":[{\"@type\":\"ListItem\",\"position\":1,\"name\":\"Portada\",\"item\":\"https:\\\/\\\/www.aliadospuebla.com\\\/\"},{\"@type\":\"ListItem\",\"position\":2,\"name\":\"A Econom\u00eda \u00bfM\u00f3nica, Nora o qui\u00e9n?\"}]},{\"@type\":\"WebSite\",\"@id\":\"https:\\\/\\\/www.aliadospuebla.com\\\/#website\",\"url\":\"https:\\\/\\\/www.aliadospuebla.com\\\/\",\"name\":\"AliadosPuebla\",\"description\":\"La informaci\u00f3n en tus manos\",\"potentialAction\":[{\"@type\":\"SearchAction\",\"target\":{\"@type\":\"EntryPoint\",\"urlTemplate\":\"https:\\\/\\\/www.aliadospuebla.com\\\/?s={search_term_string}\"},\"query-input\":{\"@type\":\"PropertyValueSpecification\",\"valueRequired\":true,\"valueName\":\"search_term_string\"}}],\"inLanguage\":\"es\"},{\"@type\":\"Person\",\"@id\":\"https:\\\/\\\/www.aliadospuebla.com\\\/#\\\/schema\\\/person\\\/5da7dd09320bd4f392b710017ed5f8ad\",\"name\":\"Aliados17\",\"image\":{\"@type\":\"ImageObject\",\"inLanguage\":\"es\",\"@id\":\"https:\\\/\\\/www.aliadospuebla.com\\\/web2017\\\/wp-content\\\/uploads\\\/2025\\\/03\\\/cropped-para-perfil-8-anos-1-96x96.jpg\",\"url\":\"https:\\\/\\\/www.aliadospuebla.com\\\/web2017\\\/wp-content\\\/uploads\\\/2025\\\/03\\\/cropped-para-perfil-8-anos-1-96x96.jpg\",\"contentUrl\":\"https:\\\/\\\/www.aliadospuebla.com\\\/web2017\\\/wp-content\\\/uploads\\\/2025\\\/03\\\/cropped-para-perfil-8-anos-1-96x96.jpg\",\"caption\":\"Aliados17\"},\"sameAs\":[\"https:\\\/\\\/www.aliados17.com\",\"https:\\\/\\\/www.facebook.com\\\/Aliados17Pue\",\"https:\\\/\\\/x.com\\\/AliadosPuebla\"],\"url\":\"https:\\\/\\\/www.aliadospuebla.com\\\/?author=2\"}]}<\/script>\n<!-- \/ Yoast SEO plugin. -->","yoast_head_json":{"title":"A Econom\u00eda \u00bfM\u00f3nica, Nora o qui\u00e9n? - AliadosPuebla","robots":{"index":"index","follow":"follow","max-snippet":"max-snippet:-1","max-image-preview":"max-image-preview:large","max-video-preview":"max-video-preview:-1"},"canonical":"https:\/\/www.aliadospuebla.com\/?p=82811","og_locale":"es_ES","og_type":"article","og_title":"A Econom\u00eda \u00bfM\u00f3nica, Nora o qui\u00e9n? - AliadosPuebla","og_description":"Bueno, ya se va Olivia. \u00bfY qui\u00e9n para terminar? Es decir \u00bfQui\u00e9n ser\u00e1 la persona a quien el C. Gobernador le encargue cerrar su administraci\u00f3n en la Secretar\u00eda de Econom\u00eda y quien sustituya a Olivia Salom\u00f3n Vibaldo? \u00bfDel Congreso del Estado? Complicado, pero faltar\u00eda pagar la deuda con el Partido del Trabajo. En ese sentido: M\u00f3nica Silva o Nora Merino. Ser\u00eda una decisi\u00f3n pol\u00edtica. Ahora bien, por perfiles. \u00bfQui\u00e9n ya fue Secretario de Econom\u00eda y ahora est\u00e1 cercano a SS? A ver, piensen. Pepe Chedraui no, porque \u00e9l busca la alcald\u00eda, aunque tiene el perfil porque se presume iba a ser el Secretario del ramo con Marta Erika Alonso. Descartado pues. \u00bf\u201cTons\u201d? Esperemos a ver qu\u00e9 decide el ciudadano mandatario Sergio Salom\u00f3n C\u00e9spedes Peregrina. Punto.&hellip;Leer m\u00e1s...","og_url":"https:\/\/www.aliadospuebla.com\/?p=82811","og_site_name":"AliadosPuebla","article_author":"https:\/\/www.facebook.com\/Aliados17Pue","article_published_time":"2023-09-16T13:57:33+00:00","og_image":[{"width":600,"height":450,"url":"https:\/\/www.aliadospuebla.com\/web2017\/wp-content\/uploads\/2023\/09\/46-1.jpg","type":"image\/jpeg"}],"author":"Aliados17","twitter_card":"summary_large_image","twitter_creator":"@AliadosPuebla","twitter_misc":{"Escrito por":"Aliados17","Tiempo de lectura":"2 minutos"},"schema":{"@context":"https:\/\/schema.org","@graph":[{"@type":"Article","@id":"https:\/\/www.aliadospuebla.com\/?p=82811#article","isPartOf":{"@id":"https:\/\/www.aliadospuebla.com\/?p=82811"},"author":{"name":"Aliados17","@id":"https:\/\/www.aliadospuebla.com\/#\/schema\/person\/5da7dd09320bd4f392b710017ed5f8ad"},"headline":"A Econom\u00eda \u00bfM\u00f3nica, Nora o qui\u00e9n?","datePublished":"2023-09-16T13:57:33+00:00","mainEntityOfPage":{"@id":"https:\/\/www.aliadospuebla.com\/?p=82811"},"wordCount":353,"commentCount":0,"image":{"@id":"https:\/\/www.aliadospuebla.com\/?p=82811#primaryimage"},"thumbnailUrl":"https:\/\/www.aliadospuebla.com\/web2017\/wp-content\/uploads\/2023\/09\/46-1.jpg","keywords":["ALEJANDRO ARMENTA","Ignacio Mier Velazco","LIZETH SANCHEZ GARCIA","M\u00d3NICA SILVA","NORA MERINO","Olivia salom\u00f3n","Pepe Chedraui","RODRIGO ABDALA","SECRETAR\u00cdA DE ECONOM\u00cdA","Sergio Salom\u00f3n C\u00e9spedes Peregrina"],"articleSection":["Columnas"],"inLanguage":"es","potentialAction":[{"@type":"CommentAction","name":"Comment","target":["https:\/\/www.aliadospuebla.com\/?p=82811#respond"]}]},{"@type":"WebPage","@id":"https:\/\/www.aliadospuebla.com\/?p=82811","url":"https:\/\/www.aliadospuebla.com\/?p=82811","name":"A Econom\u00eda \u00bfM\u00f3nica, Nora o qui\u00e9n? - AliadosPuebla","isPartOf":{"@id":"https:\/\/www.aliadospuebla.com\/#website"},"primaryImageOfPage":{"@id":"https:\/\/www.aliadospuebla.com\/?p=82811#primaryimage"},"image":{"@id":"https:\/\/www.aliadospuebla.com\/?p=82811#primaryimage"},"thumbnailUrl":"https:\/\/www.aliadospuebla.com\/web2017\/wp-content\/uploads\/2023\/09\/46-1.jpg","datePublished":"2023-09-16T13:57:33+00:00","author":{"@id":"https:\/\/www.aliadospuebla.com\/#\/schema\/person\/5da7dd09320bd4f392b710017ed5f8ad"},"breadcrumb":{"@id":"https:\/\/www.aliadospuebla.com\/?p=82811#breadcrumb"},"inLanguage":"es","potentialAction":[{"@type":"ReadAction","target":["https:\/\/www.aliadospuebla.com\/?p=82811"]}]},{"@type":"ImageObject","inLanguage":"es","@id":"https:\/\/www.aliadospuebla.com\/?p=82811#primaryimage","url":"https:\/\/www.aliadospuebla.com\/web2017\/wp-content\/uploads\/2023\/09\/46-1.jpg","contentUrl":"https:\/\/www.aliadospuebla.com\/web2017\/wp-content\/uploads\/2023\/09\/46-1.jpg","width":600,"height":450},{"@type":"BreadcrumbList","@id":"https:\/\/www.aliadospuebla.com\/?p=82811#breadcrumb","itemListElement":[{"@type":"ListItem","position":1,"name":"Portada","item":"https:\/\/www.aliadospuebla.com\/"},{"@type":"ListItem","position":2,"name":"A Econom\u00eda \u00bfM\u00f3nica, Nora o qui\u00e9n?"}]},{"@type":"WebSite","@id":"https:\/\/www.aliadospuebla.com\/#website","url":"https:\/\/www.aliadospuebla.com\/","name":"AliadosPuebla","description":"La informaci\u00f3n en tus manos","potentialAction":[{"@type":"SearchAction","target":{"@type":"EntryPoint","urlTemplate":"https:\/\/www.aliadospuebla.com\/?s={search_term_string}"},"query-input":{"@type":"PropertyValueSpecification","valueRequired":true,"valueName":"search_term_string"}}],"inLanguage":"es"},{"@type":"Person","@id":"https:\/\/www.aliadospuebla.com\/#\/schema\/person\/5da7dd09320bd4f392b710017ed5f8ad","name":"Aliados17","image":{"@type":"ImageObject","inLanguage":"es","@id":"https:\/\/www.aliadospuebla.com\/web2017\/wp-content\/uploads\/2025\/03\/cropped-para-perfil-8-anos-1-96x96.jpg","url":"https:\/\/www.aliadospuebla.com\/web2017\/wp-content\/uploads\/2025\/03\/cropped-para-perfil-8-anos-1-96x96.jpg","contentUrl":"https:\/\/www.aliadospuebla.com\/web2017\/wp-content\/uploads\/2025\/03\/cropped-para-perfil-8-anos-1-96x96.jpg","caption":"Aliados17"},"sameAs":["https:\/\/www.aliados17.com","https:\/\/www.facebook.com\/Aliados17Pue","https:\/\/x.com\/AliadosPuebla"],"url":"https:\/\/www.aliadospuebla.com\/?author=2"}]}},"views":7,"_links":{"self":[{"href":"https:\/\/www.aliadospuebla.com\/index.php?rest_route=\/wp\/v2\/posts\/82811","targetHints":{"allow":["GET"]}}],"collection":[{"href":"https:\/\/www.aliadospuebla.com\/index.php?rest_route=\/wp\/v2\/posts"}],"about":[{"href":"https:\/\/www.aliadospuebla.com\/index.php?rest_route=\/wp\/v2\/types\/post"}],"author":[{"embeddable":true,"href":"https:\/\/www.aliadospuebla.com\/index.php?rest_route=\/wp\/v2\/users\/2"}],"replies":[{"embeddable":true,"href":"https:\/\/www.aliadospuebla.com\/index.php?rest_route=%2Fwp%2Fv2%2Fcomments&post=82811"}],"version-history":[{"count":1,"href":"https:\/\/www.aliadospuebla.com\/index.php?rest_route=\/wp\/v2\/posts\/82811\/revisions"}],"predecessor-version":[{"id":82813,"href":"https:\/\/www.aliadospuebla.com\/index.php?rest_route=\/wp\/v2\/posts\/82811\/revisions\/82813"}],"wp:featuredmedia":[{"embeddable":true,"href":"https:\/\/www.aliadospuebla.com\/index.php?rest_route=\/wp\/v2\/media\/82812"}],"wp:attachment":[{"href":"https:\/\/www.aliadospuebla.com\/index.php?rest_route=%2Fwp%2Fv2%2Fmedia&parent=82811"}],"wp:term":[{"taxonomy":"category","embeddable":true,"href":"https:\/\/www.aliadospuebla.com\/index.php?rest_route=%2Fwp%2Fv2%2Fcategories&post=82811"},{"taxonomy":"post_tag","embeddable":true,"href":"https:\/\/www.aliadospuebla.com\/index.php?rest_route=%2Fwp%2Fv2%2Ftags&post=82811"}],"curies":[{"name":"wp","href":"https:\/\/api.w.org\/{rel}","templated":true}]}}