{"id":82610,"date":"2023-09-11T10:17:42","date_gmt":"2023-09-11T16:17:42","guid":{"rendered":"https:\/\/www.aliados17.com\/?p=82610"},"modified":"2023-09-11T10:17:42","modified_gmt":"2023-09-11T16:17:42","slug":"liliana-ortiz-asistir-y-sumar","status":"publish","type":"post","link":"https:\/\/www.aliadospuebla.com\/?p=82610","title":{"rendered":"Liliana Ort\u00edz, asistir y sumar"},"content":{"rendered":"<h4>Si alguien ha demostrado ser imparable en su responsabilidad con la asistencia social, es Liliana Ort\u00edz.<\/h4>\n<p>La presidenta del Sistema DIF Municipal de la capital se da tiempo para atender todos los temas:<br \/>\nContigo Veremos M\u00e1s, es un programa para aplicar 336 cirug\u00edas gratuitas a personas que padecen cataratas.<br \/>\nEn este a\u00f1o, entreg\u00f3 aparatos funcionales a 500 personas con discapacidad o movilidad reducida.<br \/>\nApoyo y capacitaci\u00f3n sobre salud emocional a adolescentes y tambi\u00e9n trabajadores del Consejo Taxista y la CROM, por ejemplo.<br \/>\nEl DIF Municipal firm\u00f3 convenios para el servicio social de estudiantes de universidades como la Hispana, UMAG, UPAEP, UVP, An\u00e1huac.<br \/>\nTalleres para adultos mayores y asesor\u00eda legal que tanta falta les hace.<br \/>\nVista a Juntas Auxiliares, las 17 del municipio para llevar todo tipo de apoyos.<br \/>\nPrograma de Estancias Infantiles, no puede faltar.<br \/>\nCasi 5 mil mastrograf\u00edas y 21 mil consulta del programa M\u00e9dico Contigo.<br \/>\nConvenio con el Banco de Alimentos.<br \/>\nEste conjunto de actividades de la esposa del alcalde Eduardo Rivera tienen impacto en los sectores vulnerables de la capital.<br \/>\nIncuestionable el beneficio.<br \/>\nY de paso, sumando para lo que venga.<br \/>\nPunto.<br \/>\nHe dicho y he escrito.<br \/>\n\u2026<\/p>\n<h4>Coordinador si, candidato, no<\/h4>\n<p>No es por molestar.<br \/>\nBueno s\u00ed.<br \/>\nPor qu\u00e9 escriben: Claudia Sheinbaum \u201cratific\u00f3\u201d a Julio Huerta como su coordinador de campa\u00f1a \u2026 para Puebla.<br \/>\nPor qu\u00e9 no escriben: Claudia Sheinbaum \u201cratific\u00f3\u201d a Julio Huerta como su candidato a gobernador \u2026 para Puebla.<br \/>\nMera curiosidad.<br \/>\nPunto.<br \/>\nHe curioseado.<br \/>\n\u2026<\/p>\n<p>Edhal\u00ed, quiere y puede<br \/>\nQuien sigue dando pasos para convertirse en la opci\u00f3n ciudadana para la alcald\u00eda de Puebla por la 4T, es Edhal\u00ed Moreno C\u00edntora presidenta del Grupo Empresarial Morc\u00edn Consultores.<br \/>\nInvit\u00f3 a mujeres y hombres a participar en el concurso \u201cInicia tu Negocio\u201d, que dar\u00e1 60 becas para el curso de capacitaci\u00f3n de primer nivel en \u00e1reas de desarrollo de negocios.<br \/>\nDedic\u00f3 un buen tanto del fin de semana para hacer promoci\u00f3n de la convocatoria, entre quienes circularon y trabajan en la zona del Paseo de San Francisco.<br \/>\nEsta mujer de negocios, es un novedoso perfil que dice que quiere y que puede.<br \/>\nPunto.<br \/>\nHe anunciado.<br \/>\n\u2026<\/p>\n<p>Ni Obama<br \/>\nAl elegido de AMLO, no lo quita, ni Obama.<br \/>\n\u2026<\/p>\n<p>El Verdugo<br \/>\nHoy en el Congreso del Estado comparece \u201cLa Burra G\u00f3mez Nada\u201d. El Verdugo dice: Y lo har\u00e1 ante uno que otro burro.<br \/>\n\u2026<\/p>\n<p>De Buena Fuente, no es la mejor columna pol\u00edtica, pero tiene\u2026 a los mejores lectores.<br \/>\ncmaciaspalma@yahoo.com.mx<br \/>\n@cmaciaspalma<br \/>\nFB: Carlos Macias Palma<\/p>\n","protected":false},"excerpt":{"rendered":"<p>Si alguien ha demostrado ser imparable en su responsabilidad con la asistencia social, es Liliana Ort\u00edz. La presidenta del Sistema DIF Municipal de la capital se da tiempo para atender todos los temas: Contigo Veremos M\u00e1s, es un programa para aplicar 336 cirug\u00edas gratuitas a personas que padecen cataratas. En este a\u00f1o, entreg\u00f3 aparatos funcionales a 500 personas con discapacidad o movilidad reducida. Apoyo y capacitaci\u00f3n sobre salud emocional a adolescentes y tambi\u00e9n trabajadores del Consejo Taxista y la CROM, por ejemplo. El DIF Municipal firm\u00f3 convenios para el servicio social de estudiantes de universidades como la Hispana, UMAG, UPAEP, UVP, An\u00e1huac. Talleres para adultos mayores y asesor\u00eda legal que tanta falta les hace. Vista a Juntas Auxiliares, las 17 del municipio para llevar todo&hellip;<\/p>\n<p class=\"excerpt-more\"><a class=\"blog-excerpt button\" href=\"https:\/\/www.aliadospuebla.com\/?p=82610\">Leer m\u00e1s&#8230;<\/a><\/p>\n","protected":false},"author":2,"featured_media":82611,"comment_status":"open","ping_status":"open","sticky":false,"template":"","format":"standard","meta":{"_monsterinsights_skip_tracking":false,"footnotes":""},"categories":[9],"tags":[19918,19631,16327,5517],"class_list":["post-82610","post","type-post","status-publish","format-standard","has-post-thumbnail","hentry","category-columnas","tag-claudia-sheinbaum","tag-edhali-moreno-cintora","tag-julio-huerta","tag-liliana-ortiz"],"yoast_head":"<!-- This site is optimized with the Yoast SEO plugin v28.3 - https:\/\/yoast.com\/product\/yoast-seo-wordpress\/ -->\n<title>Liliana Ort\u00edz, asistir y sumar - AliadosPuebla<\/title>\n<meta name=\"robots\" content=\"index, follow, max-snippet:-1, max-image-preview:large, max-video-preview:-1\" \/>\n<link rel=\"canonical\" href=\"https:\/\/www.aliadospuebla.com\/?p=82610\" \/>\n<meta property=\"og:locale\" content=\"es_ES\" \/>\n<meta property=\"og:type\" content=\"article\" \/>\n<meta property=\"og:title\" content=\"Liliana Ort\u00edz, asistir y sumar - AliadosPuebla\" \/>\n<meta property=\"og:description\" content=\"Si alguien ha demostrado ser imparable en su responsabilidad con la asistencia social, es Liliana Ort\u00edz. La presidenta del Sistema DIF Municipal de la capital se da tiempo para atender todos los temas: Contigo Veremos M\u00e1s, es un programa para aplicar 336 cirug\u00edas gratuitas a personas que padecen cataratas. En este a\u00f1o, entreg\u00f3 aparatos funcionales a 500 personas con discapacidad o movilidad reducida. Apoyo y capacitaci\u00f3n sobre salud emocional a adolescentes y tambi\u00e9n trabajadores del Consejo Taxista y la CROM, por ejemplo. El DIF Municipal firm\u00f3 convenios para el servicio social de estudiantes de universidades como la Hispana, UMAG, UPAEP, UVP, An\u00e1huac. Talleres para adultos mayores y asesor\u00eda legal que tanta falta les hace. Vista a Juntas Auxiliares, las 17 del municipio para llevar todo&hellip;Leer m\u00e1s...\" \/>\n<meta property=\"og:url\" content=\"https:\/\/www.aliadospuebla.com\/?p=82610\" \/>\n<meta property=\"og:site_name\" content=\"AliadosPuebla\" \/>\n<meta property=\"article:author\" content=\"https:\/\/www.facebook.com\/Aliados17Pue\" \/>\n<meta property=\"article:published_time\" content=\"2023-09-11T16:17:42+00:00\" \/>\n<meta property=\"og:image\" content=\"https:\/\/www.aliadospuebla.com\/web2017\/wp-content\/uploads\/2023\/09\/26.jpg\" \/>\n\t<meta property=\"og:image:width\" content=\"600\" \/>\n\t<meta property=\"og:image:height\" content=\"450\" \/>\n\t<meta property=\"og:image:type\" content=\"image\/jpeg\" \/>\n<meta name=\"author\" content=\"Aliados17\" \/>\n<meta name=\"twitter:card\" content=\"summary_large_image\" \/>\n<meta name=\"twitter:creator\" content=\"@AliadosPuebla\" \/>\n<meta name=\"twitter:label1\" content=\"Escrito por\" \/>\n\t<meta name=\"twitter:data1\" content=\"Aliados17\" \/>\n\t<meta name=\"twitter:label2\" content=\"Tiempo de lectura\" \/>\n\t<meta name=\"twitter:data2\" content=\"2 minutos\" \/>\n<script type=\"application\/ld+json\" class=\"yoast-schema-graph\">{\"@context\":\"https:\\\/\\\/schema.org\",\"@graph\":[{\"@type\":\"Article\",\"@id\":\"https:\\\/\\\/www.aliadospuebla.com\\\/?p=82610#article\",\"isPartOf\":{\"@id\":\"https:\\\/\\\/www.aliadospuebla.com\\\/?p=82610\"},\"author\":{\"name\":\"Aliados17\",\"@id\":\"https:\\\/\\\/www.aliadospuebla.com\\\/#\\\/schema\\\/person\\\/5da7dd09320bd4f392b710017ed5f8ad\"},\"headline\":\"Liliana Ort\u00edz, asistir y sumar\",\"datePublished\":\"2023-09-11T16:17:42+00:00\",\"mainEntityOfPage\":{\"@id\":\"https:\\\/\\\/www.aliadospuebla.com\\\/?p=82610\"},\"wordCount\":424,\"commentCount\":0,\"image\":{\"@id\":\"https:\\\/\\\/www.aliadospuebla.com\\\/?p=82610#primaryimage\"},\"thumbnailUrl\":\"https:\\\/\\\/www.aliadospuebla.com\\\/web2017\\\/wp-content\\\/uploads\\\/2023\\\/09\\\/26.jpg\",\"keywords\":[\"Claudia Sheinbaum\",\"Edhal\u00ed Moreno Cintora\",\"Julio Huerta\",\"LILIANA ORT\u00cdZ\"],\"articleSection\":[\"Columnas\"],\"inLanguage\":\"es\",\"potentialAction\":[{\"@type\":\"CommentAction\",\"name\":\"Comment\",\"target\":[\"https:\\\/\\\/www.aliadospuebla.com\\\/?p=82610#respond\"]}]},{\"@type\":\"WebPage\",\"@id\":\"https:\\\/\\\/www.aliadospuebla.com\\\/?p=82610\",\"url\":\"https:\\\/\\\/www.aliadospuebla.com\\\/?p=82610\",\"name\":\"Liliana Ort\u00edz, asistir y sumar - AliadosPuebla\",\"isPartOf\":{\"@id\":\"https:\\\/\\\/www.aliadospuebla.com\\\/#website\"},\"primaryImageOfPage\":{\"@id\":\"https:\\\/\\\/www.aliadospuebla.com\\\/?p=82610#primaryimage\"},\"image\":{\"@id\":\"https:\\\/\\\/www.aliadospuebla.com\\\/?p=82610#primaryimage\"},\"thumbnailUrl\":\"https:\\\/\\\/www.aliadospuebla.com\\\/web2017\\\/wp-content\\\/uploads\\\/2023\\\/09\\\/26.jpg\",\"datePublished\":\"2023-09-11T16:17:42+00:00\",\"author\":{\"@id\":\"https:\\\/\\\/www.aliadospuebla.com\\\/#\\\/schema\\\/person\\\/5da7dd09320bd4f392b710017ed5f8ad\"},\"breadcrumb\":{\"@id\":\"https:\\\/\\\/www.aliadospuebla.com\\\/?p=82610#breadcrumb\"},\"inLanguage\":\"es\",\"potentialAction\":[{\"@type\":\"ReadAction\",\"target\":[\"https:\\\/\\\/www.aliadospuebla.com\\\/?p=82610\"]}]},{\"@type\":\"ImageObject\",\"inLanguage\":\"es\",\"@id\":\"https:\\\/\\\/www.aliadospuebla.com\\\/?p=82610#primaryimage\",\"url\":\"https:\\\/\\\/www.aliadospuebla.com\\\/web2017\\\/wp-content\\\/uploads\\\/2023\\\/09\\\/26.jpg\",\"contentUrl\":\"https:\\\/\\\/www.aliadospuebla.com\\\/web2017\\\/wp-content\\\/uploads\\\/2023\\\/09\\\/26.jpg\",\"width\":600,\"height\":450},{\"@type\":\"BreadcrumbList\",\"@id\":\"https:\\\/\\\/www.aliadospuebla.com\\\/?p=82610#breadcrumb\",\"itemListElement\":[{\"@type\":\"ListItem\",\"position\":1,\"name\":\"Portada\",\"item\":\"https:\\\/\\\/www.aliadospuebla.com\\\/\"},{\"@type\":\"ListItem\",\"position\":2,\"name\":\"Liliana Ort\u00edz, asistir y sumar\"}]},{\"@type\":\"WebSite\",\"@id\":\"https:\\\/\\\/www.aliadospuebla.com\\\/#website\",\"url\":\"https:\\\/\\\/www.aliadospuebla.com\\\/\",\"name\":\"AliadosPuebla\",\"description\":\"La informaci\u00f3n en tus manos\",\"potentialAction\":[{\"@type\":\"SearchAction\",\"target\":{\"@type\":\"EntryPoint\",\"urlTemplate\":\"https:\\\/\\\/www.aliadospuebla.com\\\/?s={search_term_string}\"},\"query-input\":{\"@type\":\"PropertyValueSpecification\",\"valueRequired\":true,\"valueName\":\"search_term_string\"}}],\"inLanguage\":\"es\"},{\"@type\":\"Person\",\"@id\":\"https:\\\/\\\/www.aliadospuebla.com\\\/#\\\/schema\\\/person\\\/5da7dd09320bd4f392b710017ed5f8ad\",\"name\":\"Aliados17\",\"image\":{\"@type\":\"ImageObject\",\"inLanguage\":\"es\",\"@id\":\"https:\\\/\\\/www.aliadospuebla.com\\\/web2017\\\/wp-content\\\/uploads\\\/2025\\\/03\\\/cropped-para-perfil-8-anos-1-96x96.jpg\",\"url\":\"https:\\\/\\\/www.aliadospuebla.com\\\/web2017\\\/wp-content\\\/uploads\\\/2025\\\/03\\\/cropped-para-perfil-8-anos-1-96x96.jpg\",\"contentUrl\":\"https:\\\/\\\/www.aliadospuebla.com\\\/web2017\\\/wp-content\\\/uploads\\\/2025\\\/03\\\/cropped-para-perfil-8-anos-1-96x96.jpg\",\"caption\":\"Aliados17\"},\"sameAs\":[\"https:\\\/\\\/www.aliados17.com\",\"https:\\\/\\\/www.facebook.com\\\/Aliados17Pue\",\"https:\\\/\\\/x.com\\\/AliadosPuebla\"],\"url\":\"https:\\\/\\\/www.aliadospuebla.com\\\/?author=2\"}]}<\/script>\n<!-- \/ Yoast SEO plugin. -->","yoast_head_json":{"title":"Liliana Ort\u00edz, asistir y sumar - AliadosPuebla","robots":{"index":"index","follow":"follow","max-snippet":"max-snippet:-1","max-image-preview":"max-image-preview:large","max-video-preview":"max-video-preview:-1"},"canonical":"https:\/\/www.aliadospuebla.com\/?p=82610","og_locale":"es_ES","og_type":"article","og_title":"Liliana Ort\u00edz, asistir y sumar - AliadosPuebla","og_description":"Si alguien ha demostrado ser imparable en su responsabilidad con la asistencia social, es Liliana Ort\u00edz. La presidenta del Sistema DIF Municipal de la capital se da tiempo para atender todos los temas: Contigo Veremos M\u00e1s, es un programa para aplicar 336 cirug\u00edas gratuitas a personas que padecen cataratas. En este a\u00f1o, entreg\u00f3 aparatos funcionales a 500 personas con discapacidad o movilidad reducida. Apoyo y capacitaci\u00f3n sobre salud emocional a adolescentes y tambi\u00e9n trabajadores del Consejo Taxista y la CROM, por ejemplo. El DIF Municipal firm\u00f3 convenios para el servicio social de estudiantes de universidades como la Hispana, UMAG, UPAEP, UVP, An\u00e1huac. Talleres para adultos mayores y asesor\u00eda legal que tanta falta les hace. Vista a Juntas Auxiliares, las 17 del municipio para llevar todo&hellip;Leer m\u00e1s...","og_url":"https:\/\/www.aliadospuebla.com\/?p=82610","og_site_name":"AliadosPuebla","article_author":"https:\/\/www.facebook.com\/Aliados17Pue","article_published_time":"2023-09-11T16:17:42+00:00","og_image":[{"width":600,"height":450,"url":"https:\/\/www.aliadospuebla.com\/web2017\/wp-content\/uploads\/2023\/09\/26.jpg","type":"image\/jpeg"}],"author":"Aliados17","twitter_card":"summary_large_image","twitter_creator":"@AliadosPuebla","twitter_misc":{"Escrito por":"Aliados17","Tiempo de lectura":"2 minutos"},"schema":{"@context":"https:\/\/schema.org","@graph":[{"@type":"Article","@id":"https:\/\/www.aliadospuebla.com\/?p=82610#article","isPartOf":{"@id":"https:\/\/www.aliadospuebla.com\/?p=82610"},"author":{"name":"Aliados17","@id":"https:\/\/www.aliadospuebla.com\/#\/schema\/person\/5da7dd09320bd4f392b710017ed5f8ad"},"headline":"Liliana Ort\u00edz, asistir y sumar","datePublished":"2023-09-11T16:17:42+00:00","mainEntityOfPage":{"@id":"https:\/\/www.aliadospuebla.com\/?p=82610"},"wordCount":424,"commentCount":0,"image":{"@id":"https:\/\/www.aliadospuebla.com\/?p=82610#primaryimage"},"thumbnailUrl":"https:\/\/www.aliadospuebla.com\/web2017\/wp-content\/uploads\/2023\/09\/26.jpg","keywords":["Claudia Sheinbaum","Edhal\u00ed Moreno Cintora","Julio Huerta","LILIANA ORT\u00cdZ"],"articleSection":["Columnas"],"inLanguage":"es","potentialAction":[{"@type":"CommentAction","name":"Comment","target":["https:\/\/www.aliadospuebla.com\/?p=82610#respond"]}]},{"@type":"WebPage","@id":"https:\/\/www.aliadospuebla.com\/?p=82610","url":"https:\/\/www.aliadospuebla.com\/?p=82610","name":"Liliana Ort\u00edz, asistir y sumar - AliadosPuebla","isPartOf":{"@id":"https:\/\/www.aliadospuebla.com\/#website"},"primaryImageOfPage":{"@id":"https:\/\/www.aliadospuebla.com\/?p=82610#primaryimage"},"image":{"@id":"https:\/\/www.aliadospuebla.com\/?p=82610#primaryimage"},"thumbnailUrl":"https:\/\/www.aliadospuebla.com\/web2017\/wp-content\/uploads\/2023\/09\/26.jpg","datePublished":"2023-09-11T16:17:42+00:00","author":{"@id":"https:\/\/www.aliadospuebla.com\/#\/schema\/person\/5da7dd09320bd4f392b710017ed5f8ad"},"breadcrumb":{"@id":"https:\/\/www.aliadospuebla.com\/?p=82610#breadcrumb"},"inLanguage":"es","potentialAction":[{"@type":"ReadAction","target":["https:\/\/www.aliadospuebla.com\/?p=82610"]}]},{"@type":"ImageObject","inLanguage":"es","@id":"https:\/\/www.aliadospuebla.com\/?p=82610#primaryimage","url":"https:\/\/www.aliadospuebla.com\/web2017\/wp-content\/uploads\/2023\/09\/26.jpg","contentUrl":"https:\/\/www.aliadospuebla.com\/web2017\/wp-content\/uploads\/2023\/09\/26.jpg","width":600,"height":450},{"@type":"BreadcrumbList","@id":"https:\/\/www.aliadospuebla.com\/?p=82610#breadcrumb","itemListElement":[{"@type":"ListItem","position":1,"name":"Portada","item":"https:\/\/www.aliadospuebla.com\/"},{"@type":"ListItem","position":2,"name":"Liliana Ort\u00edz, asistir y sumar"}]},{"@type":"WebSite","@id":"https:\/\/www.aliadospuebla.com\/#website","url":"https:\/\/www.aliadospuebla.com\/","name":"AliadosPuebla","description":"La informaci\u00f3n en tus manos","potentialAction":[{"@type":"SearchAction","target":{"@type":"EntryPoint","urlTemplate":"https:\/\/www.aliadospuebla.com\/?s={search_term_string}"},"query-input":{"@type":"PropertyValueSpecification","valueRequired":true,"valueName":"search_term_string"}}],"inLanguage":"es"},{"@type":"Person","@id":"https:\/\/www.aliadospuebla.com\/#\/schema\/person\/5da7dd09320bd4f392b710017ed5f8ad","name":"Aliados17","image":{"@type":"ImageObject","inLanguage":"es","@id":"https:\/\/www.aliadospuebla.com\/web2017\/wp-content\/uploads\/2025\/03\/cropped-para-perfil-8-anos-1-96x96.jpg","url":"https:\/\/www.aliadospuebla.com\/web2017\/wp-content\/uploads\/2025\/03\/cropped-para-perfil-8-anos-1-96x96.jpg","contentUrl":"https:\/\/www.aliadospuebla.com\/web2017\/wp-content\/uploads\/2025\/03\/cropped-para-perfil-8-anos-1-96x96.jpg","caption":"Aliados17"},"sameAs":["https:\/\/www.aliados17.com","https:\/\/www.facebook.com\/Aliados17Pue","https:\/\/x.com\/AliadosPuebla"],"url":"https:\/\/www.aliadospuebla.com\/?author=2"}]}},"views":9,"_links":{"self":[{"href":"https:\/\/www.aliadospuebla.com\/index.php?rest_route=\/wp\/v2\/posts\/82610","targetHints":{"allow":["GET"]}}],"collection":[{"href":"https:\/\/www.aliadospuebla.com\/index.php?rest_route=\/wp\/v2\/posts"}],"about":[{"href":"https:\/\/www.aliadospuebla.com\/index.php?rest_route=\/wp\/v2\/types\/post"}],"author":[{"embeddable":true,"href":"https:\/\/www.aliadospuebla.com\/index.php?rest_route=\/wp\/v2\/users\/2"}],"replies":[{"embeddable":true,"href":"https:\/\/www.aliadospuebla.com\/index.php?rest_route=%2Fwp%2Fv2%2Fcomments&post=82610"}],"version-history":[{"count":1,"href":"https:\/\/www.aliadospuebla.com\/index.php?rest_route=\/wp\/v2\/posts\/82610\/revisions"}],"predecessor-version":[{"id":82612,"href":"https:\/\/www.aliadospuebla.com\/index.php?rest_route=\/wp\/v2\/posts\/82610\/revisions\/82612"}],"wp:featuredmedia":[{"embeddable":true,"href":"https:\/\/www.aliadospuebla.com\/index.php?rest_route=\/wp\/v2\/media\/82611"}],"wp:attachment":[{"href":"https:\/\/www.aliadospuebla.com\/index.php?rest_route=%2Fwp%2Fv2%2Fmedia&parent=82610"}],"wp:term":[{"taxonomy":"category","embeddable":true,"href":"https:\/\/www.aliadospuebla.com\/index.php?rest_route=%2Fwp%2Fv2%2Fcategories&post=82610"},{"taxonomy":"post_tag","embeddable":true,"href":"https:\/\/www.aliadospuebla.com\/index.php?rest_route=%2Fwp%2Fv2%2Ftags&post=82610"}],"curies":[{"name":"wp","href":"https:\/\/api.w.org\/{rel}","templated":true}]}}