{"id":82389,"date":"2023-09-02T10:06:10","date_gmt":"2023-09-02T16:06:10","guid":{"rendered":"https:\/\/www.aliados17.com\/?p=82389"},"modified":"2023-09-03T10:18:46","modified_gmt":"2023-09-03T16:18:46","slug":"paola-angon-inaugura-junto-a-las-familias-la-feria-de-cholula-2023","status":"publish","type":"post","link":"https:\/\/www.aliadospuebla.com\/?p=82389","title":{"rendered":"PAOLA ANGON INAUGURA JUNTO A LAS FAMILIAS LA FERIA DE CHOLULA 2023"},"content":{"rendered":"<h4>Se realiz\u00f3 el hermanamiento con Teziutl\u00e1n y la cartelera art\u00edstica abri\u00f3 con la participaci\u00f3n del grupo de pop Playa Limbo.<\/h4>\n<p>San Pedro Cholula, Puebla.- Este viernes 01 de septiembre, la Presidenta Municipal Paola Angon, inaugur\u00f3 junto a las familias la 73a Feria de San Pedro Cholula 2023, donde familias y visitantes pudieron disfrutar de un espect\u00e1culo de pirotecnia y de la presentaci\u00f3n estelar de la agrupaci\u00f3n musical Playa Limbo.<\/p>\n<p>Adem\u00e1s, previo al inicio de este festejo, se sum\u00f3 la firma de hermanamiento que llev\u00f3 a cabo la Presidenta Paola Angon con el nuevo pueblo m\u00e1gico de Teziutl\u00e1n -el cual firma su primer hermanamiento desde que obtuvo la denominaci\u00f3n- junto al Presidente Municipal de la llamada \u201cperla de la Sierra\u201d, Carlos Pereo Grau.<\/p>\n<p>El foro art\u00edstico comenz\u00f3 con la presentaci\u00f3n de artistas locales que animaron la tarde en Plaza de la Concordia, para que familias y visitantes pudieran disfrutar de estas actividades que son parte de la Feria 2023.<\/p>\n<p>Posteriormente el grupo de pop Playa Limbo, comenz\u00f3 el show para que los asistentes -en compa\u00f1\u00eda de la Presidenta Paola Angon-, pudieran entonar junto a ellos sus \u00e9xitos como: El eco de tu voz, Pi\u00e9rdeme el respeto, As\u00ed fue y m\u00e1s.<\/p>\n<p>En este evento estuvieron presentes Carlos Peredo, alcalde de Teziutl\u00e1n; Melva Navarro, Secretaria de Igualdad Sustantiva del Estado; Augusta D\u00edaz de Rivera, Presidenta del Comit\u00e9 Estatal del PAN; Liz Minto, Rafael Micalco y Eduardo Alc\u00e1ntara, diputados locales; Dolores Parra, ex presidenta municipal; Fernanda Huerta, regidora del Ayuntamiento de Puebla; Mar\u00eda de la Barreda, Presidenta Honoraria del DIF Cholula; regidoras y regidores del Ayuntamiento de Cholula; presidentes auxiliares y empresarios.<\/p>\n<p>Con estas acciones, el Gobierno de Cholula que encabeza Paola Angon, contin\u00faa promoviendo al municipio cholulteca, para que m\u00e1s vecinos y viajeros lo elijan como destino favorito, adem\u00e1s de fortalecer la sana convivencia entre las familias<\/p>\n","protected":false},"excerpt":{"rendered":"<p>Se realiz\u00f3 el hermanamiento con Teziutl\u00e1n y la cartelera art\u00edstica abri\u00f3 con la participaci\u00f3n del grupo de pop Playa Limbo. San Pedro Cholula, Puebla.- Este viernes 01 de septiembre, la Presidenta Municipal Paola Angon, inaugur\u00f3 junto a las familias la 73a Feria de San Pedro Cholula 2023, donde familias y visitantes pudieron disfrutar de un espect\u00e1culo de pirotecnia y de la presentaci\u00f3n estelar de la agrupaci\u00f3n musical Playa Limbo. Adem\u00e1s, previo al inicio de este festejo, se sum\u00f3 la firma de hermanamiento que llev\u00f3 a cabo la Presidenta Paola Angon con el nuevo pueblo m\u00e1gico de Teziutl\u00e1n -el cual firma su primer hermanamiento desde que obtuvo la denominaci\u00f3n- junto al Presidente Municipal de la llamada \u201cperla de la Sierra\u201d, Carlos Pereo Grau. El foro art\u00edstico&hellip;<\/p>\n<p class=\"excerpt-more\"><a class=\"blog-excerpt button\" href=\"https:\/\/www.aliadospuebla.com\/?p=82389\">Leer m\u00e1s&#8230;<\/a><\/p>\n","protected":false},"author":2,"featured_media":82390,"comment_status":"open","ping_status":"open","sticky":false,"template":"","format":"standard","meta":{"_monsterinsights_skip_tracking":false,"footnotes":""},"categories":[4],"tags":[22332,15513,22331,1910,15797,8071],"class_list":["post-82389","post","type-post","status-publish","format-standard","has-post-thumbnail","hentry","category-municipios","tag-73a-feria","tag-artistas-locales","tag-feria-de-cholula","tag-hermanamiento","tag-paola-angon","tag-plaza-de-la-concordia"],"yoast_head":"<!-- This site is optimized with the Yoast SEO plugin v28.4 - https:\/\/yoast.com\/product\/yoast-seo-wordpress\/ -->\n<title>PAOLA ANGON INAUGURA JUNTO A LAS FAMILIAS LA FERIA DE CHOLULA 2023 - AliadosPuebla<\/title>\n<meta name=\"robots\" content=\"index, follow, max-snippet:-1, max-image-preview:large, max-video-preview:-1\" \/>\n<link rel=\"canonical\" href=\"https:\/\/www.aliadospuebla.com\/?p=82389\" \/>\n<meta property=\"og:locale\" content=\"es_ES\" \/>\n<meta property=\"og:type\" content=\"article\" \/>\n<meta property=\"og:title\" content=\"PAOLA ANGON INAUGURA JUNTO A LAS FAMILIAS LA FERIA DE CHOLULA 2023 - AliadosPuebla\" \/>\n<meta property=\"og:description\" content=\"Se realiz\u00f3 el hermanamiento con Teziutl\u00e1n y la cartelera art\u00edstica abri\u00f3 con la participaci\u00f3n del grupo de pop Playa Limbo. San Pedro Cholula, Puebla.- Este viernes 01 de septiembre, la Presidenta Municipal Paola Angon, inaugur\u00f3 junto a las familias la 73a Feria de San Pedro Cholula 2023, donde familias y visitantes pudieron disfrutar de un espect\u00e1culo de pirotecnia y de la presentaci\u00f3n estelar de la agrupaci\u00f3n musical Playa Limbo. Adem\u00e1s, previo al inicio de este festejo, se sum\u00f3 la firma de hermanamiento que llev\u00f3 a cabo la Presidenta Paola Angon con el nuevo pueblo m\u00e1gico de Teziutl\u00e1n -el cual firma su primer hermanamiento desde que obtuvo la denominaci\u00f3n- junto al Presidente Municipal de la llamada \u201cperla de la Sierra\u201d, Carlos Pereo Grau. El foro art\u00edstico&hellip;Leer m\u00e1s...\" \/>\n<meta property=\"og:url\" content=\"https:\/\/www.aliadospuebla.com\/?p=82389\" \/>\n<meta property=\"og:site_name\" content=\"AliadosPuebla\" \/>\n<meta property=\"article:author\" content=\"https:\/\/www.facebook.com\/Aliados17Pue\" \/>\n<meta property=\"article:published_time\" content=\"2023-09-02T16:06:10+00:00\" \/>\n<meta property=\"article:modified_time\" content=\"2023-09-03T16:18:46+00:00\" \/>\n<meta property=\"og:image\" content=\"https:\/\/www.aliadospuebla.com\/web2017\/wp-content\/uploads\/2023\/09\/03.jpg\" \/>\n\t<meta property=\"og:image:width\" content=\"600\" \/>\n\t<meta property=\"og:image:height\" content=\"450\" \/>\n\t<meta property=\"og:image:type\" content=\"image\/jpeg\" \/>\n<meta name=\"author\" content=\"Aliados17\" \/>\n<meta name=\"twitter:card\" content=\"summary_large_image\" \/>\n<meta name=\"twitter:creator\" content=\"@AliadosPuebla\" \/>\n<meta name=\"twitter:label1\" content=\"Escrito por\" \/>\n\t<meta name=\"twitter:data1\" content=\"Aliados17\" \/>\n\t<meta name=\"twitter:label2\" content=\"Tiempo de lectura\" \/>\n\t<meta name=\"twitter:data2\" content=\"2 minutos\" \/>\n<script type=\"application\/ld+json\" class=\"yoast-schema-graph\">{\"@context\":\"https:\\\/\\\/schema.org\",\"@graph\":[{\"@type\":\"Article\",\"@id\":\"https:\\\/\\\/www.aliadospuebla.com\\\/?p=82389#article\",\"isPartOf\":{\"@id\":\"https:\\\/\\\/www.aliadospuebla.com\\\/?p=82389\"},\"author\":{\"name\":\"Aliados17\",\"@id\":\"https:\\\/\\\/www.aliadospuebla.com\\\/#\\\/schema\\\/person\\\/5da7dd09320bd4f392b710017ed5f8ad\"},\"headline\":\"PAOLA ANGON INAUGURA JUNTO A LAS FAMILIAS LA FERIA DE CHOLULA 2023\",\"datePublished\":\"2023-09-02T16:06:10+00:00\",\"dateModified\":\"2023-09-03T16:18:46+00:00\",\"mainEntityOfPage\":{\"@id\":\"https:\\\/\\\/www.aliadospuebla.com\\\/?p=82389\"},\"wordCount\":335,\"commentCount\":0,\"image\":{\"@id\":\"https:\\\/\\\/www.aliadospuebla.com\\\/?p=82389#primaryimage\"},\"thumbnailUrl\":\"https:\\\/\\\/www.aliadospuebla.com\\\/web2017\\\/wp-content\\\/uploads\\\/2023\\\/09\\\/03.jpg\",\"keywords\":[\"73a Feria\",\"artistas locales\",\"feria de Cholula\",\"HERMANAMIENTO\",\"PAOLA ANGON\",\"PLAZA DE LA CONCORDIA\"],\"articleSection\":[\"Municipios\"],\"inLanguage\":\"es\",\"potentialAction\":[{\"@type\":\"CommentAction\",\"name\":\"Comment\",\"target\":[\"https:\\\/\\\/www.aliadospuebla.com\\\/?p=82389#respond\"]}]},{\"@type\":\"WebPage\",\"@id\":\"https:\\\/\\\/www.aliadospuebla.com\\\/?p=82389\",\"url\":\"https:\\\/\\\/www.aliadospuebla.com\\\/?p=82389\",\"name\":\"PAOLA ANGON INAUGURA JUNTO A LAS FAMILIAS LA FERIA DE CHOLULA 2023 - AliadosPuebla\",\"isPartOf\":{\"@id\":\"https:\\\/\\\/www.aliadospuebla.com\\\/#website\"},\"primaryImageOfPage\":{\"@id\":\"https:\\\/\\\/www.aliadospuebla.com\\\/?p=82389#primaryimage\"},\"image\":{\"@id\":\"https:\\\/\\\/www.aliadospuebla.com\\\/?p=82389#primaryimage\"},\"thumbnailUrl\":\"https:\\\/\\\/www.aliadospuebla.com\\\/web2017\\\/wp-content\\\/uploads\\\/2023\\\/09\\\/03.jpg\",\"datePublished\":\"2023-09-02T16:06:10+00:00\",\"dateModified\":\"2023-09-03T16:18:46+00:00\",\"author\":{\"@id\":\"https:\\\/\\\/www.aliadospuebla.com\\\/#\\\/schema\\\/person\\\/5da7dd09320bd4f392b710017ed5f8ad\"},\"breadcrumb\":{\"@id\":\"https:\\\/\\\/www.aliadospuebla.com\\\/?p=82389#breadcrumb\"},\"inLanguage\":\"es\",\"potentialAction\":[{\"@type\":\"ReadAction\",\"target\":[\"https:\\\/\\\/www.aliadospuebla.com\\\/?p=82389\"]}]},{\"@type\":\"ImageObject\",\"inLanguage\":\"es\",\"@id\":\"https:\\\/\\\/www.aliadospuebla.com\\\/?p=82389#primaryimage\",\"url\":\"https:\\\/\\\/www.aliadospuebla.com\\\/web2017\\\/wp-content\\\/uploads\\\/2023\\\/09\\\/03.jpg\",\"contentUrl\":\"https:\\\/\\\/www.aliadospuebla.com\\\/web2017\\\/wp-content\\\/uploads\\\/2023\\\/09\\\/03.jpg\",\"width\":600,\"height\":450},{\"@type\":\"BreadcrumbList\",\"@id\":\"https:\\\/\\\/www.aliadospuebla.com\\\/?p=82389#breadcrumb\",\"itemListElement\":[{\"@type\":\"ListItem\",\"position\":1,\"name\":\"Portada\",\"item\":\"https:\\\/\\\/www.aliadospuebla.com\\\/\"},{\"@type\":\"ListItem\",\"position\":2,\"name\":\"PAOLA ANGON INAUGURA JUNTO A LAS FAMILIAS LA FERIA DE CHOLULA 2023\"}]},{\"@type\":\"WebSite\",\"@id\":\"https:\\\/\\\/www.aliadospuebla.com\\\/#website\",\"url\":\"https:\\\/\\\/www.aliadospuebla.com\\\/\",\"name\":\"AliadosPuebla\",\"description\":\"La informaci\u00f3n en tus manos\",\"potentialAction\":[{\"@type\":\"SearchAction\",\"target\":{\"@type\":\"EntryPoint\",\"urlTemplate\":\"https:\\\/\\\/www.aliadospuebla.com\\\/?s={search_term_string}\"},\"query-input\":{\"@type\":\"PropertyValueSpecification\",\"valueRequired\":true,\"valueName\":\"search_term_string\"}}],\"inLanguage\":\"es\"},{\"@type\":\"Person\",\"@id\":\"https:\\\/\\\/www.aliadospuebla.com\\\/#\\\/schema\\\/person\\\/5da7dd09320bd4f392b710017ed5f8ad\",\"name\":\"Aliados17\",\"image\":{\"@type\":\"ImageObject\",\"inLanguage\":\"es\",\"@id\":\"https:\\\/\\\/www.aliadospuebla.com\\\/web2017\\\/wp-content\\\/uploads\\\/2025\\\/03\\\/cropped-para-perfil-8-anos-1-96x96.jpg\",\"url\":\"https:\\\/\\\/www.aliadospuebla.com\\\/web2017\\\/wp-content\\\/uploads\\\/2025\\\/03\\\/cropped-para-perfil-8-anos-1-96x96.jpg\",\"contentUrl\":\"https:\\\/\\\/www.aliadospuebla.com\\\/web2017\\\/wp-content\\\/uploads\\\/2025\\\/03\\\/cropped-para-perfil-8-anos-1-96x96.jpg\",\"caption\":\"Aliados17\"},\"sameAs\":[\"https:\\\/\\\/www.aliados17.com\",\"https:\\\/\\\/www.facebook.com\\\/Aliados17Pue\",\"https:\\\/\\\/x.com\\\/AliadosPuebla\"],\"url\":\"https:\\\/\\\/www.aliadospuebla.com\\\/?author=2\"}]}<\/script>\n<!-- \/ Yoast SEO plugin. -->","yoast_head_json":{"title":"PAOLA ANGON INAUGURA JUNTO A LAS FAMILIAS LA FERIA DE CHOLULA 2023 - AliadosPuebla","robots":{"index":"index","follow":"follow","max-snippet":"max-snippet:-1","max-image-preview":"max-image-preview:large","max-video-preview":"max-video-preview:-1"},"canonical":"https:\/\/www.aliadospuebla.com\/?p=82389","og_locale":"es_ES","og_type":"article","og_title":"PAOLA ANGON INAUGURA JUNTO A LAS FAMILIAS LA FERIA DE CHOLULA 2023 - AliadosPuebla","og_description":"Se realiz\u00f3 el hermanamiento con Teziutl\u00e1n y la cartelera art\u00edstica abri\u00f3 con la participaci\u00f3n del grupo de pop Playa Limbo. San Pedro Cholula, Puebla.- Este viernes 01 de septiembre, la Presidenta Municipal Paola Angon, inaugur\u00f3 junto a las familias la 73a Feria de San Pedro Cholula 2023, donde familias y visitantes pudieron disfrutar de un espect\u00e1culo de pirotecnia y de la presentaci\u00f3n estelar de la agrupaci\u00f3n musical Playa Limbo. Adem\u00e1s, previo al inicio de este festejo, se sum\u00f3 la firma de hermanamiento que llev\u00f3 a cabo la Presidenta Paola Angon con el nuevo pueblo m\u00e1gico de Teziutl\u00e1n -el cual firma su primer hermanamiento desde que obtuvo la denominaci\u00f3n- junto al Presidente Municipal de la llamada \u201cperla de la Sierra\u201d, Carlos Pereo Grau. El foro art\u00edstico&hellip;Leer m\u00e1s...","og_url":"https:\/\/www.aliadospuebla.com\/?p=82389","og_site_name":"AliadosPuebla","article_author":"https:\/\/www.facebook.com\/Aliados17Pue","article_published_time":"2023-09-02T16:06:10+00:00","article_modified_time":"2023-09-03T16:18:46+00:00","og_image":[{"width":600,"height":450,"url":"https:\/\/www.aliadospuebla.com\/web2017\/wp-content\/uploads\/2023\/09\/03.jpg","type":"image\/jpeg"}],"author":"Aliados17","twitter_card":"summary_large_image","twitter_creator":"@AliadosPuebla","twitter_misc":{"Escrito por":"Aliados17","Tiempo de lectura":"2 minutos"},"schema":{"@context":"https:\/\/schema.org","@graph":[{"@type":"Article","@id":"https:\/\/www.aliadospuebla.com\/?p=82389#article","isPartOf":{"@id":"https:\/\/www.aliadospuebla.com\/?p=82389"},"author":{"name":"Aliados17","@id":"https:\/\/www.aliadospuebla.com\/#\/schema\/person\/5da7dd09320bd4f392b710017ed5f8ad"},"headline":"PAOLA ANGON INAUGURA JUNTO A LAS FAMILIAS LA FERIA DE CHOLULA 2023","datePublished":"2023-09-02T16:06:10+00:00","dateModified":"2023-09-03T16:18:46+00:00","mainEntityOfPage":{"@id":"https:\/\/www.aliadospuebla.com\/?p=82389"},"wordCount":335,"commentCount":0,"image":{"@id":"https:\/\/www.aliadospuebla.com\/?p=82389#primaryimage"},"thumbnailUrl":"https:\/\/www.aliadospuebla.com\/web2017\/wp-content\/uploads\/2023\/09\/03.jpg","keywords":["73a Feria","artistas locales","feria de Cholula","HERMANAMIENTO","PAOLA ANGON","PLAZA DE LA CONCORDIA"],"articleSection":["Municipios"],"inLanguage":"es","potentialAction":[{"@type":"CommentAction","name":"Comment","target":["https:\/\/www.aliadospuebla.com\/?p=82389#respond"]}]},{"@type":"WebPage","@id":"https:\/\/www.aliadospuebla.com\/?p=82389","url":"https:\/\/www.aliadospuebla.com\/?p=82389","name":"PAOLA ANGON INAUGURA JUNTO A LAS FAMILIAS LA FERIA DE CHOLULA 2023 - AliadosPuebla","isPartOf":{"@id":"https:\/\/www.aliadospuebla.com\/#website"},"primaryImageOfPage":{"@id":"https:\/\/www.aliadospuebla.com\/?p=82389#primaryimage"},"image":{"@id":"https:\/\/www.aliadospuebla.com\/?p=82389#primaryimage"},"thumbnailUrl":"https:\/\/www.aliadospuebla.com\/web2017\/wp-content\/uploads\/2023\/09\/03.jpg","datePublished":"2023-09-02T16:06:10+00:00","dateModified":"2023-09-03T16:18:46+00:00","author":{"@id":"https:\/\/www.aliadospuebla.com\/#\/schema\/person\/5da7dd09320bd4f392b710017ed5f8ad"},"breadcrumb":{"@id":"https:\/\/www.aliadospuebla.com\/?p=82389#breadcrumb"},"inLanguage":"es","potentialAction":[{"@type":"ReadAction","target":["https:\/\/www.aliadospuebla.com\/?p=82389"]}]},{"@type":"ImageObject","inLanguage":"es","@id":"https:\/\/www.aliadospuebla.com\/?p=82389#primaryimage","url":"https:\/\/www.aliadospuebla.com\/web2017\/wp-content\/uploads\/2023\/09\/03.jpg","contentUrl":"https:\/\/www.aliadospuebla.com\/web2017\/wp-content\/uploads\/2023\/09\/03.jpg","width":600,"height":450},{"@type":"BreadcrumbList","@id":"https:\/\/www.aliadospuebla.com\/?p=82389#breadcrumb","itemListElement":[{"@type":"ListItem","position":1,"name":"Portada","item":"https:\/\/www.aliadospuebla.com\/"},{"@type":"ListItem","position":2,"name":"PAOLA ANGON INAUGURA JUNTO A LAS FAMILIAS LA FERIA DE CHOLULA 2023"}]},{"@type":"WebSite","@id":"https:\/\/www.aliadospuebla.com\/#website","url":"https:\/\/www.aliadospuebla.com\/","name":"AliadosPuebla","description":"La informaci\u00f3n en tus manos","potentialAction":[{"@type":"SearchAction","target":{"@type":"EntryPoint","urlTemplate":"https:\/\/www.aliadospuebla.com\/?s={search_term_string}"},"query-input":{"@type":"PropertyValueSpecification","valueRequired":true,"valueName":"search_term_string"}}],"inLanguage":"es"},{"@type":"Person","@id":"https:\/\/www.aliadospuebla.com\/#\/schema\/person\/5da7dd09320bd4f392b710017ed5f8ad","name":"Aliados17","image":{"@type":"ImageObject","inLanguage":"es","@id":"https:\/\/www.aliadospuebla.com\/web2017\/wp-content\/uploads\/2025\/03\/cropped-para-perfil-8-anos-1-96x96.jpg","url":"https:\/\/www.aliadospuebla.com\/web2017\/wp-content\/uploads\/2025\/03\/cropped-para-perfil-8-anos-1-96x96.jpg","contentUrl":"https:\/\/www.aliadospuebla.com\/web2017\/wp-content\/uploads\/2025\/03\/cropped-para-perfil-8-anos-1-96x96.jpg","caption":"Aliados17"},"sameAs":["https:\/\/www.aliados17.com","https:\/\/www.facebook.com\/Aliados17Pue","https:\/\/x.com\/AliadosPuebla"],"url":"https:\/\/www.aliadospuebla.com\/?author=2"}]}},"views":4,"_links":{"self":[{"href":"https:\/\/www.aliadospuebla.com\/index.php?rest_route=\/wp\/v2\/posts\/82389","targetHints":{"allow":["GET"]}}],"collection":[{"href":"https:\/\/www.aliadospuebla.com\/index.php?rest_route=\/wp\/v2\/posts"}],"about":[{"href":"https:\/\/www.aliadospuebla.com\/index.php?rest_route=\/wp\/v2\/types\/post"}],"author":[{"embeddable":true,"href":"https:\/\/www.aliadospuebla.com\/index.php?rest_route=\/wp\/v2\/users\/2"}],"replies":[{"embeddable":true,"href":"https:\/\/www.aliadospuebla.com\/index.php?rest_route=%2Fwp%2Fv2%2Fcomments&post=82389"}],"version-history":[{"count":1,"href":"https:\/\/www.aliadospuebla.com\/index.php?rest_route=\/wp\/v2\/posts\/82389\/revisions"}],"predecessor-version":[{"id":82391,"href":"https:\/\/www.aliadospuebla.com\/index.php?rest_route=\/wp\/v2\/posts\/82389\/revisions\/82391"}],"wp:featuredmedia":[{"embeddable":true,"href":"https:\/\/www.aliadospuebla.com\/index.php?rest_route=\/wp\/v2\/media\/82390"}],"wp:attachment":[{"href":"https:\/\/www.aliadospuebla.com\/index.php?rest_route=%2Fwp%2Fv2%2Fmedia&parent=82389"}],"wp:term":[{"taxonomy":"category","embeddable":true,"href":"https:\/\/www.aliadospuebla.com\/index.php?rest_route=%2Fwp%2Fv2%2Fcategories&post=82389"},{"taxonomy":"post_tag","embeddable":true,"href":"https:\/\/www.aliadospuebla.com\/index.php?rest_route=%2Fwp%2Fv2%2Ftags&post=82389"}],"curies":[{"name":"wp","href":"https:\/\/api.w.org\/{rel}","templated":true}]}}