{"id":82378,"date":"2023-09-01T20:04:29","date_gmt":"2023-09-02T02:04:29","guid":{"rendered":"https:\/\/www.aliados17.com\/?p=82378"},"modified":"2023-09-01T20:04:29","modified_gmt":"2023-09-02T02:04:29","slug":"la-unidad-prevalecio-en-proceso-de-seleccion-del-fam-comite-organizador","status":"publish","type":"post","link":"https:\/\/www.aliadospuebla.com\/?p=82378","title":{"rendered":"LA UNIDAD PREVALECI\u00d3 EN PROCESO DE SELECCI\u00d3N DEL FAM: COMIT\u00c9 ORGANIZADOR"},"content":{"rendered":"<p>El Comit\u00e9 Organizador del Frente Amplio por M\u00e9xico (FAM) en Puebla dio a conocer que la consulta ciudadana a celebrarse el pr\u00f3ximo 3 de septiembre de 2023 se suspende debido a que existe una coordinadora de unidad. En su lugar habr\u00e1 festejos en M\u00e9xico y el resto del pa\u00eds por la entrega de constancia a X\u00f3chitl G\u00e1lvez Ruiz como ganadora del proceso, en el caso de la capital de Puebla se realizar\u00e1 en la explanada del Parque Ju\u00e1rez, a las 10:00 horas.<\/p>\n<p>Juan Pablo Mir\u00f3n Thome, especialista electoral del Comit\u00e9 del Comit\u00e9 Organizador, detall\u00f3 que fueron validados los registro de 122 mil 902 poblanas y poblanos que confiaron en el proceso democr\u00e1tico y transparente que llev\u00f3 a cabo el Frente.<\/p>\n<p>Por su parte Ana Mar\u00eda Balc\u00e1zar, representante de Sociedad Civil M\u00e9xico e integrante del Comit\u00e9 Organizador, celebr\u00f3 que este proceso permitiera la participaci\u00f3n de los ciudadanos y fueran ellos quienes decidieran qui\u00e9n ser\u00e1 la responsable para construir el Frente Amplio por M\u00e9xico, lo que consider\u00f3 digno de festejar este domingo.<\/p>\n<p>Tambi\u00e9n se llevar\u00e1n a cabo celebraciones en los municipios de Acatl\u00e1n, Ajalpan, Amozoc, Atlixco, Chalchicomula de Sesma, Chichiquila, Chignahuapan, Chignautla, Coronango, Coxcatl\u00e1n, Cuautlancingo, Guadalupe Victoria, Huauchinango, Huejotzingo, Hueytamalco, Huitziltepec, Iz\u00facar de Matamoros, Libres, Palmar de Bravo, San Andr\u00e9s Cholula, San Jos\u00e9 Miahuatl\u00e1n, San Mart\u00edn Texmelucan, San Pedro Cholula, San Salvador el Seco, Santiago Miahuatl\u00e1n, Tecali de Herrera, Tehuac\u00e1n, Tepeaca, Teziutl\u00e1n, Tlacotepec de Benito Ju\u00e1rez, Tochimilco, Vicente Guerrero, Xicotepec, Xiutetelco, Zacapoaxtla y Zacatl\u00e1n.<\/p>\n<p>En la conferencia de medios participaron Juan Pablo Mir\u00f3n Thome, como especialista electoral del Comit\u00e9 y los representantes de las organizaciones de la sociedad civil; Ana Mar\u00eda Balc\u00e1zar, de Sociedad Civil M\u00e9xico; Alec Youshimats, del Frente C\u00edvico Nacional. Como representantes de los partidos asistieron Jorge Moya Hern\u00e1ndez, de Acci\u00f3n Nacional; Jos\u00e9 Luis Carranza Magallanes, del Partido Revolucionario Institucional y Carlos Villalvazo Giorgana, del Partido de la Revoluci\u00f3n Democr\u00e1tica.<\/p>\n","protected":false},"excerpt":{"rendered":"<p>El Comit\u00e9 Organizador del Frente Amplio por M\u00e9xico (FAM) en Puebla dio a conocer que la consulta ciudadana a celebrarse el pr\u00f3ximo 3 de septiembre de 2023 se suspende debido a que existe una coordinadora de unidad. En su lugar habr\u00e1 festejos en M\u00e9xico y el resto del pa\u00eds por la entrega de constancia a X\u00f3chitl G\u00e1lvez Ruiz como ganadora del proceso, en el caso de la capital de Puebla se realizar\u00e1 en la explanada del Parque Ju\u00e1rez, a las 10:00 horas. Juan Pablo Mir\u00f3n Thome, especialista electoral del Comit\u00e9 del Comit\u00e9 Organizador, detall\u00f3 que fueron validados los registro de 122 mil 902 poblanas y poblanos que confiaron en el proceso democr\u00e1tico y transparente que llev\u00f3 a cabo el Frente. Por su parte Ana Mar\u00eda&hellip;<\/p>\n<p class=\"excerpt-more\"><a class=\"blog-excerpt button\" href=\"https:\/\/www.aliadospuebla.com\/?p=82378\">Leer m\u00e1s&#8230;<\/a><\/p>\n","protected":false},"author":2,"featured_media":82379,"comment_status":"open","ping_status":"open","sticky":false,"template":"","format":"standard","meta":{"_monsterinsights_skip_tracking":false,"footnotes":""},"categories":[6],"tags":[11026,10636,8056,13914,45,4282,72,17715,13795,13718,18203,13635,14143],"class_list":["post-82378","post","type-post","status-publish","format-standard","has-post-thumbnail","hentry","category-politica","tag-ciudad-de-puebla","tag-estado-de-puebla","tag-gobierno-de-puebla","tag-politica-de-puebla","tag-pri","tag-pri-puebla","tag-puebla","tag-puebla-estado","tag-puebla-gobierno","tag-puebla-politica","tag-puebla-pri","tag-puebla-universidades","tag-universidades-de-puebla"],"yoast_head":"<!-- This site is optimized with the Yoast SEO plugin v28.4 - https:\/\/yoast.com\/product\/yoast-seo-wordpress\/ -->\n<title>LA UNIDAD PREVALECI\u00d3 EN PROCESO DE SELECCI\u00d3N DEL FAM: COMIT\u00c9 ORGANIZADOR - AliadosPuebla<\/title>\n<meta name=\"robots\" content=\"index, follow, max-snippet:-1, max-image-preview:large, max-video-preview:-1\" \/>\n<link rel=\"canonical\" href=\"https:\/\/www.aliadospuebla.com\/?p=82378\" \/>\n<meta property=\"og:locale\" content=\"es_ES\" \/>\n<meta property=\"og:type\" content=\"article\" \/>\n<meta property=\"og:title\" content=\"LA UNIDAD PREVALECI\u00d3 EN PROCESO DE SELECCI\u00d3N DEL FAM: COMIT\u00c9 ORGANIZADOR - AliadosPuebla\" \/>\n<meta property=\"og:description\" content=\"El Comit\u00e9 Organizador del Frente Amplio por M\u00e9xico (FAM) en Puebla dio a conocer que la consulta ciudadana a celebrarse el pr\u00f3ximo 3 de septiembre de 2023 se suspende debido a que existe una coordinadora de unidad. En su lugar habr\u00e1 festejos en M\u00e9xico y el resto del pa\u00eds por la entrega de constancia a X\u00f3chitl G\u00e1lvez Ruiz como ganadora del proceso, en el caso de la capital de Puebla se realizar\u00e1 en la explanada del Parque Ju\u00e1rez, a las 10:00 horas. Juan Pablo Mir\u00f3n Thome, especialista electoral del Comit\u00e9 del Comit\u00e9 Organizador, detall\u00f3 que fueron validados los registro de 122 mil 902 poblanas y poblanos que confiaron en el proceso democr\u00e1tico y transparente que llev\u00f3 a cabo el Frente. Por su parte Ana Mar\u00eda&hellip;Leer m\u00e1s...\" \/>\n<meta property=\"og:url\" content=\"https:\/\/www.aliadospuebla.com\/?p=82378\" \/>\n<meta property=\"og:site_name\" content=\"AliadosPuebla\" \/>\n<meta property=\"article:author\" content=\"https:\/\/www.facebook.com\/Aliados17Pue\" \/>\n<meta property=\"article:published_time\" content=\"2023-09-02T02:04:29+00:00\" \/>\n<meta property=\"og:image\" content=\"https:\/\/www.aliadospuebla.com\/web2017\/wp-content\/uploads\/2023\/09\/88.jpg\" \/>\n\t<meta property=\"og:image:width\" content=\"600\" \/>\n\t<meta property=\"og:image:height\" content=\"450\" \/>\n\t<meta property=\"og:image:type\" content=\"image\/jpeg\" \/>\n<meta name=\"author\" content=\"Aliados17\" \/>\n<meta name=\"twitter:card\" content=\"summary_large_image\" \/>\n<meta name=\"twitter:creator\" content=\"@AliadosPuebla\" \/>\n<meta name=\"twitter:label1\" content=\"Escrito por\" \/>\n\t<meta name=\"twitter:data1\" content=\"Aliados17\" \/>\n\t<meta name=\"twitter:label2\" content=\"Tiempo de lectura\" \/>\n\t<meta name=\"twitter:data2\" content=\"2 minutos\" \/>\n<script type=\"application\/ld+json\" class=\"yoast-schema-graph\">{\"@context\":\"https:\\\/\\\/schema.org\",\"@graph\":[{\"@type\":\"Article\",\"@id\":\"https:\\\/\\\/www.aliadospuebla.com\\\/?p=82378#article\",\"isPartOf\":{\"@id\":\"https:\\\/\\\/www.aliadospuebla.com\\\/?p=82378\"},\"author\":{\"name\":\"Aliados17\",\"@id\":\"https:\\\/\\\/www.aliadospuebla.com\\\/#\\\/schema\\\/person\\\/5da7dd09320bd4f392b710017ed5f8ad\"},\"headline\":\"LA UNIDAD PREVALECI\u00d3 EN PROCESO DE SELECCI\u00d3N DEL FAM: COMIT\u00c9 ORGANIZADOR\",\"datePublished\":\"2023-09-02T02:04:29+00:00\",\"mainEntityOfPage\":{\"@id\":\"https:\\\/\\\/www.aliadospuebla.com\\\/?p=82378\"},\"wordCount\":354,\"commentCount\":0,\"image\":{\"@id\":\"https:\\\/\\\/www.aliadospuebla.com\\\/?p=82378#primaryimage\"},\"thumbnailUrl\":\"https:\\\/\\\/www.aliadospuebla.com\\\/web2017\\\/wp-content\\\/uploads\\\/2023\\\/09\\\/88.jpg\",\"keywords\":[\"CIUDAD DE PUEBLA\",\"ESTADO DE PUEBLA\",\"GOBIERNO DE PUEBLA\",\"Politica de Puebla\",\"PRI\",\"PRI PUEBLA\",\"Puebla\",\"Puebla estado\",\"Puebla gobierno\",\"puebla politica\",\"Puebla PRI\",\"Puebla Universidades\",\"Universidades de Puebla\"],\"articleSection\":[\"Pol\u00edtica\"],\"inLanguage\":\"es\",\"potentialAction\":[{\"@type\":\"CommentAction\",\"name\":\"Comment\",\"target\":[\"https:\\\/\\\/www.aliadospuebla.com\\\/?p=82378#respond\"]}]},{\"@type\":\"WebPage\",\"@id\":\"https:\\\/\\\/www.aliadospuebla.com\\\/?p=82378\",\"url\":\"https:\\\/\\\/www.aliadospuebla.com\\\/?p=82378\",\"name\":\"LA UNIDAD PREVALECI\u00d3 EN PROCESO DE SELECCI\u00d3N DEL FAM: COMIT\u00c9 ORGANIZADOR - AliadosPuebla\",\"isPartOf\":{\"@id\":\"https:\\\/\\\/www.aliadospuebla.com\\\/#website\"},\"primaryImageOfPage\":{\"@id\":\"https:\\\/\\\/www.aliadospuebla.com\\\/?p=82378#primaryimage\"},\"image\":{\"@id\":\"https:\\\/\\\/www.aliadospuebla.com\\\/?p=82378#primaryimage\"},\"thumbnailUrl\":\"https:\\\/\\\/www.aliadospuebla.com\\\/web2017\\\/wp-content\\\/uploads\\\/2023\\\/09\\\/88.jpg\",\"datePublished\":\"2023-09-02T02:04:29+00:00\",\"author\":{\"@id\":\"https:\\\/\\\/www.aliadospuebla.com\\\/#\\\/schema\\\/person\\\/5da7dd09320bd4f392b710017ed5f8ad\"},\"breadcrumb\":{\"@id\":\"https:\\\/\\\/www.aliadospuebla.com\\\/?p=82378#breadcrumb\"},\"inLanguage\":\"es\",\"potentialAction\":[{\"@type\":\"ReadAction\",\"target\":[\"https:\\\/\\\/www.aliadospuebla.com\\\/?p=82378\"]}]},{\"@type\":\"ImageObject\",\"inLanguage\":\"es\",\"@id\":\"https:\\\/\\\/www.aliadospuebla.com\\\/?p=82378#primaryimage\",\"url\":\"https:\\\/\\\/www.aliadospuebla.com\\\/web2017\\\/wp-content\\\/uploads\\\/2023\\\/09\\\/88.jpg\",\"contentUrl\":\"https:\\\/\\\/www.aliadospuebla.com\\\/web2017\\\/wp-content\\\/uploads\\\/2023\\\/09\\\/88.jpg\",\"width\":600,\"height\":450},{\"@type\":\"BreadcrumbList\",\"@id\":\"https:\\\/\\\/www.aliadospuebla.com\\\/?p=82378#breadcrumb\",\"itemListElement\":[{\"@type\":\"ListItem\",\"position\":1,\"name\":\"Portada\",\"item\":\"https:\\\/\\\/www.aliadospuebla.com\\\/\"},{\"@type\":\"ListItem\",\"position\":2,\"name\":\"LA UNIDAD PREVALECI\u00d3 EN PROCESO DE SELECCI\u00d3N DEL FAM: COMIT\u00c9 ORGANIZADOR\"}]},{\"@type\":\"WebSite\",\"@id\":\"https:\\\/\\\/www.aliadospuebla.com\\\/#website\",\"url\":\"https:\\\/\\\/www.aliadospuebla.com\\\/\",\"name\":\"AliadosPuebla\",\"description\":\"La informaci\u00f3n en tus manos\",\"potentialAction\":[{\"@type\":\"SearchAction\",\"target\":{\"@type\":\"EntryPoint\",\"urlTemplate\":\"https:\\\/\\\/www.aliadospuebla.com\\\/?s={search_term_string}\"},\"query-input\":{\"@type\":\"PropertyValueSpecification\",\"valueRequired\":true,\"valueName\":\"search_term_string\"}}],\"inLanguage\":\"es\"},{\"@type\":\"Person\",\"@id\":\"https:\\\/\\\/www.aliadospuebla.com\\\/#\\\/schema\\\/person\\\/5da7dd09320bd4f392b710017ed5f8ad\",\"name\":\"Aliados17\",\"image\":{\"@type\":\"ImageObject\",\"inLanguage\":\"es\",\"@id\":\"https:\\\/\\\/www.aliadospuebla.com\\\/web2017\\\/wp-content\\\/uploads\\\/2025\\\/03\\\/cropped-para-perfil-8-anos-1-96x96.jpg\",\"url\":\"https:\\\/\\\/www.aliadospuebla.com\\\/web2017\\\/wp-content\\\/uploads\\\/2025\\\/03\\\/cropped-para-perfil-8-anos-1-96x96.jpg\",\"contentUrl\":\"https:\\\/\\\/www.aliadospuebla.com\\\/web2017\\\/wp-content\\\/uploads\\\/2025\\\/03\\\/cropped-para-perfil-8-anos-1-96x96.jpg\",\"caption\":\"Aliados17\"},\"sameAs\":[\"https:\\\/\\\/www.aliados17.com\",\"https:\\\/\\\/www.facebook.com\\\/Aliados17Pue\",\"https:\\\/\\\/x.com\\\/AliadosPuebla\"],\"url\":\"https:\\\/\\\/www.aliadospuebla.com\\\/?author=2\"}]}<\/script>\n<!-- \/ Yoast SEO plugin. -->","yoast_head_json":{"title":"LA UNIDAD PREVALECI\u00d3 EN PROCESO DE SELECCI\u00d3N DEL FAM: COMIT\u00c9 ORGANIZADOR - AliadosPuebla","robots":{"index":"index","follow":"follow","max-snippet":"max-snippet:-1","max-image-preview":"max-image-preview:large","max-video-preview":"max-video-preview:-1"},"canonical":"https:\/\/www.aliadospuebla.com\/?p=82378","og_locale":"es_ES","og_type":"article","og_title":"LA UNIDAD PREVALECI\u00d3 EN PROCESO DE SELECCI\u00d3N DEL FAM: COMIT\u00c9 ORGANIZADOR - AliadosPuebla","og_description":"El Comit\u00e9 Organizador del Frente Amplio por M\u00e9xico (FAM) en Puebla dio a conocer que la consulta ciudadana a celebrarse el pr\u00f3ximo 3 de septiembre de 2023 se suspende debido a que existe una coordinadora de unidad. En su lugar habr\u00e1 festejos en M\u00e9xico y el resto del pa\u00eds por la entrega de constancia a X\u00f3chitl G\u00e1lvez Ruiz como ganadora del proceso, en el caso de la capital de Puebla se realizar\u00e1 en la explanada del Parque Ju\u00e1rez, a las 10:00 horas. Juan Pablo Mir\u00f3n Thome, especialista electoral del Comit\u00e9 del Comit\u00e9 Organizador, detall\u00f3 que fueron validados los registro de 122 mil 902 poblanas y poblanos que confiaron en el proceso democr\u00e1tico y transparente que llev\u00f3 a cabo el Frente. Por su parte Ana Mar\u00eda&hellip;Leer m\u00e1s...","og_url":"https:\/\/www.aliadospuebla.com\/?p=82378","og_site_name":"AliadosPuebla","article_author":"https:\/\/www.facebook.com\/Aliados17Pue","article_published_time":"2023-09-02T02:04:29+00:00","og_image":[{"width":600,"height":450,"url":"https:\/\/www.aliadospuebla.com\/web2017\/wp-content\/uploads\/2023\/09\/88.jpg","type":"image\/jpeg"}],"author":"Aliados17","twitter_card":"summary_large_image","twitter_creator":"@AliadosPuebla","twitter_misc":{"Escrito por":"Aliados17","Tiempo de lectura":"2 minutos"},"schema":{"@context":"https:\/\/schema.org","@graph":[{"@type":"Article","@id":"https:\/\/www.aliadospuebla.com\/?p=82378#article","isPartOf":{"@id":"https:\/\/www.aliadospuebla.com\/?p=82378"},"author":{"name":"Aliados17","@id":"https:\/\/www.aliadospuebla.com\/#\/schema\/person\/5da7dd09320bd4f392b710017ed5f8ad"},"headline":"LA UNIDAD PREVALECI\u00d3 EN PROCESO DE SELECCI\u00d3N DEL FAM: COMIT\u00c9 ORGANIZADOR","datePublished":"2023-09-02T02:04:29+00:00","mainEntityOfPage":{"@id":"https:\/\/www.aliadospuebla.com\/?p=82378"},"wordCount":354,"commentCount":0,"image":{"@id":"https:\/\/www.aliadospuebla.com\/?p=82378#primaryimage"},"thumbnailUrl":"https:\/\/www.aliadospuebla.com\/web2017\/wp-content\/uploads\/2023\/09\/88.jpg","keywords":["CIUDAD DE PUEBLA","ESTADO DE PUEBLA","GOBIERNO DE PUEBLA","Politica de Puebla","PRI","PRI PUEBLA","Puebla","Puebla estado","Puebla gobierno","puebla politica","Puebla PRI","Puebla Universidades","Universidades de Puebla"],"articleSection":["Pol\u00edtica"],"inLanguage":"es","potentialAction":[{"@type":"CommentAction","name":"Comment","target":["https:\/\/www.aliadospuebla.com\/?p=82378#respond"]}]},{"@type":"WebPage","@id":"https:\/\/www.aliadospuebla.com\/?p=82378","url":"https:\/\/www.aliadospuebla.com\/?p=82378","name":"LA UNIDAD PREVALECI\u00d3 EN PROCESO DE SELECCI\u00d3N DEL FAM: COMIT\u00c9 ORGANIZADOR - AliadosPuebla","isPartOf":{"@id":"https:\/\/www.aliadospuebla.com\/#website"},"primaryImageOfPage":{"@id":"https:\/\/www.aliadospuebla.com\/?p=82378#primaryimage"},"image":{"@id":"https:\/\/www.aliadospuebla.com\/?p=82378#primaryimage"},"thumbnailUrl":"https:\/\/www.aliadospuebla.com\/web2017\/wp-content\/uploads\/2023\/09\/88.jpg","datePublished":"2023-09-02T02:04:29+00:00","author":{"@id":"https:\/\/www.aliadospuebla.com\/#\/schema\/person\/5da7dd09320bd4f392b710017ed5f8ad"},"breadcrumb":{"@id":"https:\/\/www.aliadospuebla.com\/?p=82378#breadcrumb"},"inLanguage":"es","potentialAction":[{"@type":"ReadAction","target":["https:\/\/www.aliadospuebla.com\/?p=82378"]}]},{"@type":"ImageObject","inLanguage":"es","@id":"https:\/\/www.aliadospuebla.com\/?p=82378#primaryimage","url":"https:\/\/www.aliadospuebla.com\/web2017\/wp-content\/uploads\/2023\/09\/88.jpg","contentUrl":"https:\/\/www.aliadospuebla.com\/web2017\/wp-content\/uploads\/2023\/09\/88.jpg","width":600,"height":450},{"@type":"BreadcrumbList","@id":"https:\/\/www.aliadospuebla.com\/?p=82378#breadcrumb","itemListElement":[{"@type":"ListItem","position":1,"name":"Portada","item":"https:\/\/www.aliadospuebla.com\/"},{"@type":"ListItem","position":2,"name":"LA UNIDAD PREVALECI\u00d3 EN PROCESO DE SELECCI\u00d3N DEL FAM: COMIT\u00c9 ORGANIZADOR"}]},{"@type":"WebSite","@id":"https:\/\/www.aliadospuebla.com\/#website","url":"https:\/\/www.aliadospuebla.com\/","name":"AliadosPuebla","description":"La informaci\u00f3n en tus manos","potentialAction":[{"@type":"SearchAction","target":{"@type":"EntryPoint","urlTemplate":"https:\/\/www.aliadospuebla.com\/?s={search_term_string}"},"query-input":{"@type":"PropertyValueSpecification","valueRequired":true,"valueName":"search_term_string"}}],"inLanguage":"es"},{"@type":"Person","@id":"https:\/\/www.aliadospuebla.com\/#\/schema\/person\/5da7dd09320bd4f392b710017ed5f8ad","name":"Aliados17","image":{"@type":"ImageObject","inLanguage":"es","@id":"https:\/\/www.aliadospuebla.com\/web2017\/wp-content\/uploads\/2025\/03\/cropped-para-perfil-8-anos-1-96x96.jpg","url":"https:\/\/www.aliadospuebla.com\/web2017\/wp-content\/uploads\/2025\/03\/cropped-para-perfil-8-anos-1-96x96.jpg","contentUrl":"https:\/\/www.aliadospuebla.com\/web2017\/wp-content\/uploads\/2025\/03\/cropped-para-perfil-8-anos-1-96x96.jpg","caption":"Aliados17"},"sameAs":["https:\/\/www.aliados17.com","https:\/\/www.facebook.com\/Aliados17Pue","https:\/\/x.com\/AliadosPuebla"],"url":"https:\/\/www.aliadospuebla.com\/?author=2"}]}},"views":13,"_links":{"self":[{"href":"https:\/\/www.aliadospuebla.com\/index.php?rest_route=\/wp\/v2\/posts\/82378","targetHints":{"allow":["GET"]}}],"collection":[{"href":"https:\/\/www.aliadospuebla.com\/index.php?rest_route=\/wp\/v2\/posts"}],"about":[{"href":"https:\/\/www.aliadospuebla.com\/index.php?rest_route=\/wp\/v2\/types\/post"}],"author":[{"embeddable":true,"href":"https:\/\/www.aliadospuebla.com\/index.php?rest_route=\/wp\/v2\/users\/2"}],"replies":[{"embeddable":true,"href":"https:\/\/www.aliadospuebla.com\/index.php?rest_route=%2Fwp%2Fv2%2Fcomments&post=82378"}],"version-history":[{"count":1,"href":"https:\/\/www.aliadospuebla.com\/index.php?rest_route=\/wp\/v2\/posts\/82378\/revisions"}],"predecessor-version":[{"id":82382,"href":"https:\/\/www.aliadospuebla.com\/index.php?rest_route=\/wp\/v2\/posts\/82378\/revisions\/82382"}],"wp:featuredmedia":[{"embeddable":true,"href":"https:\/\/www.aliadospuebla.com\/index.php?rest_route=\/wp\/v2\/media\/82379"}],"wp:attachment":[{"href":"https:\/\/www.aliadospuebla.com\/index.php?rest_route=%2Fwp%2Fv2%2Fmedia&parent=82378"}],"wp:term":[{"taxonomy":"category","embeddable":true,"href":"https:\/\/www.aliadospuebla.com\/index.php?rest_route=%2Fwp%2Fv2%2Fcategories&post=82378"},{"taxonomy":"post_tag","embeddable":true,"href":"https:\/\/www.aliadospuebla.com\/index.php?rest_route=%2Fwp%2Fv2%2Ftags&post=82378"}],"curies":[{"name":"wp","href":"https:\/\/api.w.org\/{rel}","templated":true}]}}