{"id":82228,"date":"2023-08-28T21:40:18","date_gmt":"2023-08-29T03:40:18","guid":{"rendered":"https:\/\/www.aliados17.com\/?p=82228"},"modified":"2023-08-28T21:40:18","modified_gmt":"2023-08-29T03:40:18","slug":"edhali-irrumpe-en-la-4t-para-la-alcaldia","status":"publish","type":"post","link":"https:\/\/www.aliadospuebla.com\/?p=82228","title":{"rendered":"Edhal\u00ed irrumpe en la 4T para la alcald\u00eda"},"content":{"rendered":"<h4>Al rato no digan que no se los dije a tiempo:<\/h4>\n<p>Edhal\u00ed Moreno C\u00edntora entra oficialmente a partir de hoy a \u201cla encuesta\u201d,<\/p>\n<p>a la contienda pues, por la candidatura a la presidencia municipal de Puebla por la 4T.<br \/>\nElla es Presidenta del Consejo Coordinador de Mujeres Empresarias, Cap\u00edtulo Puebla.<br \/>\nTampoco es una ocurrencia ni de ella, ni de De Buena Fuente.<br \/>\nSu trayectoria empresarial y acad\u00e9mica le avalan.<br \/>\nPor ejemplo, es la segunda mujer mexicana galardonada por la Universidad de Hardvard: En el a\u00f1o 2012, recibi\u00f3 el Premio al Primer Lugar en el Concurso \u201cMicroeconomics of Competitiveness\u201d.<br \/>\nTiene licenciatura en Negocios Internacionales, maestr\u00eda en Administraci\u00f3n de Empresas y doctorado en Desarrollo Econ\u00f3mico y Sectorial Estrat\u00e9gico. Su trabajo social ha sido a trav\u00e9s del rotarismo y otras instituciones.<br \/>\nBueno, pues Edhal\u00ed ya lleg\u00f3, ya est\u00e1 aqu\u00ed.<br \/>\nEntra a la competencia con otros personajes que ha dicho: Yo quiero.<br \/>\nLibertad Aguirre, ex regidora de MORENA.<br \/>\nNora Merino, diputada del PT.<br \/>\nAntonio L\u00f3pez, diputado del PT.<br \/>\nAlejandro Carvajal, diputado federal de MORENA.<br \/>\nAlguien que lo insinu\u00f3:<br \/>\nPepe Chedraui.<br \/>\nUna a quien observan:<br \/>\nOlivia Salom\u00f3n, Secretaria de Econom\u00eda.<br \/>\nA cualquiera de ellas\/ellos les espera en la ooootra esquina:<br \/>\nAna Tere Aranda.<br \/>\nMario Riestra.<br \/>\nPunto.<br \/>\nHe dicho y he escrito.<br \/>\n\u2026<\/p>\n<p>Nuevo gobierno. Nuevo SICOM<br \/>\nEl relanzamiento de SICOM es parte del nuevo gobierno vanguardista, responsable,<\/p>\n<p>eficiente y moderno de Sergio Salom\u00f3n C\u00e9spedes Peregrina.<br \/>\nEs la nueva visi\u00f3n que a la comunicaci\u00f3n social, le ha dado su coordinador de Comunicaci\u00f3n y Agenda Digital, Alex Su\u00e1rez. Una nueva forma que integra a los poblanos con su gobierno.<br \/>\nEl nuevo SICOM (Sistema de Informaci\u00f3n y Comunicaci\u00f3n) tambi\u00e9n es producto del compromiso de un profesional, su Coordinador Pedro G\u00f3mez.<br \/>\nSICOM vivir\u00e1 una nueva \u00e9poca:<br \/>\nEl noticiario matutino de televisi\u00f3n<\/p>\n<p>a cargo de H\u00e9ctor Rodrigo Ort\u00edz.<br \/>\nEl nocturno con Paulo Yolatl y Alma Trujillo.<br \/>\nEl programa de la Secretar\u00eda de Desarrollo Rural con Martha Berra.<br \/>\nEl de bienestar animal con Sandra Ort\u00edz.<br \/>\nPor supuesto el enriquecimiento de las producciones y programas<\/p>\n<p>con el uso de la tecnolog\u00eda, la inteligencia artificial y el talento del equipo y personal del SICOM.<br \/>\nPuebla transita por una nueva \u00e9poca.<br \/>\nPor si alguien dudaba que Dios nos castig\u00f3, pero ya nos perdon\u00f3 desde el 13\/12.<br \/>\nPunto.<br \/>\nHe escrito.<br \/>\n\u2026<\/p>\n<p>Nadia con X\u00f3chitl, aqu\u00ed y all\u00e1<br \/>\nSumada intensamente a la campa\u00f1a de X\u00f3chitl G\u00e1lvez, se encuentra la Senadora Nadia Navarro.<br \/>\nEstuvo en el Foro de M\u00e9rida en apoyo a su compa\u00f1era Senadora por el PAN, quien pretende ser la candidata presidencial del Frente Va por M\u00e9xico.<br \/>\nSumando fuerza con Marko Cort\u00e9s y Cecilia Patr\u00f3n, presidente y secretaria general de Acci\u00f3n Nacional, tanto en Yucat\u00e1n como en otra plazas la Senadora poblana intensifica su apoyo entre los X\u00f3chiltLovers.<br \/>\nNadia \u201cposte\u00f3\u201d: \u201cGracias por inspirarnos. Nada detendr\u00e1 nuestro trabajo y pasi\u00f3n por un M\u00e9xico mejor.<br \/>\n\u201cDebemos romper el techo de cristal de la participaci\u00f3n de las mujeres en la pol\u00edtica\u201d.<br \/>\nPunto.<br \/>\n\u2026<\/p>\n<p>Ni Obama<br \/>\nQu\u00e9 tal que para Chiapas la 4T mandar\u00e1 a una mujer como candidata a gobernadora. Que en Puebla es hombre, no lo cambia, ni Obama.<br \/>\n\u2026<\/p>\n<p>El Verdugo<br \/>\n\u00bfQui\u00e9n quiere quedar fuera del presupuesto y las posiciones de la 4T? Nadie. Todas y todos van aceptar manjares o migajas. El Verdugo dice: N\u00f3mina mata dignidad.<br \/>\n\u2026<\/p>\n<p>De Buena Fuente, no es la mejor columna pol\u00edtica, pero tiene\u2026 a los mejores lectores.<br \/>\ncmaciaspalma@yahoo.com.mx<br \/>\n@cmaciaspalma<br \/>\nFB: Carlos Macias Palma<\/p>\n","protected":false},"excerpt":{"rendered":"<p>Al rato no digan que no se los dije a tiempo: Edhal\u00ed Moreno C\u00edntora entra oficialmente a partir de hoy a \u201cla encuesta\u201d, a la contienda pues, por la candidatura a la presidencia municipal de Puebla por la 4T. Ella es Presidenta del Consejo Coordinador de Mujeres Empresarias, Cap\u00edtulo Puebla. Tampoco es una ocurrencia ni de ella, ni de De Buena Fuente. Su trayectoria empresarial y acad\u00e9mica le avalan. Por ejemplo, es la segunda mujer mexicana galardonada por la Universidad de Hardvard: En el a\u00f1o 2012, recibi\u00f3 el Premio al Primer Lugar en el Concurso \u201cMicroeconomics of Competitiveness\u201d. Tiene licenciatura en Negocios Internacionales, maestr\u00eda en Administraci\u00f3n de Empresas y doctorado en Desarrollo Econ\u00f3mico y Sectorial Estrat\u00e9gico. Su trabajo social ha sido a trav\u00e9s del rotarismo&hellip;<\/p>\n<p class=\"excerpt-more\"><a class=\"blog-excerpt button\" href=\"https:\/\/www.aliadospuebla.com\/?p=82228\">Leer m\u00e1s&#8230;<\/a><\/p>\n","protected":false},"author":2,"featured_media":82229,"comment_status":"open","ping_status":"open","sticky":false,"template":"","format":"standard","meta":{"_monsterinsights_skip_tracking":false,"footnotes":""},"categories":[9],"tags":[10006,19631,2294,9881,10666,22298],"class_list":["post-82228","post","type-post","status-publish","format-standard","has-post-thumbnail","hentry","category-columnas","tag-4t","tag-edhali-moreno-cintora","tag-encuesta","tag-olivia-salomon","tag-sergio-salomon-cespedes-peregrina","tag-sicom"],"yoast_head":"<!-- This site is optimized with the Yoast SEO plugin v28.3 - https:\/\/yoast.com\/product\/yoast-seo-wordpress\/ -->\n<title>Edhal\u00ed irrumpe en la 4T para la alcald\u00eda - AliadosPuebla<\/title>\n<meta name=\"robots\" content=\"index, follow, max-snippet:-1, max-image-preview:large, max-video-preview:-1\" \/>\n<link rel=\"canonical\" href=\"https:\/\/www.aliadospuebla.com\/?p=82228\" \/>\n<meta property=\"og:locale\" content=\"es_ES\" \/>\n<meta property=\"og:type\" content=\"article\" \/>\n<meta property=\"og:title\" content=\"Edhal\u00ed irrumpe en la 4T para la alcald\u00eda - AliadosPuebla\" \/>\n<meta property=\"og:description\" content=\"Al rato no digan que no se los dije a tiempo: Edhal\u00ed Moreno C\u00edntora entra oficialmente a partir de hoy a \u201cla encuesta\u201d, a la contienda pues, por la candidatura a la presidencia municipal de Puebla por la 4T. Ella es Presidenta del Consejo Coordinador de Mujeres Empresarias, Cap\u00edtulo Puebla. Tampoco es una ocurrencia ni de ella, ni de De Buena Fuente. Su trayectoria empresarial y acad\u00e9mica le avalan. Por ejemplo, es la segunda mujer mexicana galardonada por la Universidad de Hardvard: En el a\u00f1o 2012, recibi\u00f3 el Premio al Primer Lugar en el Concurso \u201cMicroeconomics of Competitiveness\u201d. Tiene licenciatura en Negocios Internacionales, maestr\u00eda en Administraci\u00f3n de Empresas y doctorado en Desarrollo Econ\u00f3mico y Sectorial Estrat\u00e9gico. Su trabajo social ha sido a trav\u00e9s del rotarismo&hellip;Leer m\u00e1s...\" \/>\n<meta property=\"og:url\" content=\"https:\/\/www.aliadospuebla.com\/?p=82228\" \/>\n<meta property=\"og:site_name\" content=\"AliadosPuebla\" \/>\n<meta property=\"article:author\" content=\"https:\/\/www.facebook.com\/Aliados17Pue\" \/>\n<meta property=\"article:published_time\" content=\"2023-08-29T03:40:18+00:00\" \/>\n<meta property=\"og:image\" content=\"https:\/\/www.aliadospuebla.com\/web2017\/wp-content\/uploads\/2023\/08\/71.jpg\" \/>\n\t<meta property=\"og:image:width\" content=\"600\" \/>\n\t<meta property=\"og:image:height\" content=\"450\" \/>\n\t<meta property=\"og:image:type\" content=\"image\/jpeg\" \/>\n<meta name=\"author\" content=\"Aliados17\" \/>\n<meta name=\"twitter:card\" content=\"summary_large_image\" \/>\n<meta name=\"twitter:creator\" content=\"@AliadosPuebla\" \/>\n<meta name=\"twitter:label1\" content=\"Escrito por\" \/>\n\t<meta name=\"twitter:data1\" content=\"Aliados17\" \/>\n\t<meta name=\"twitter:label2\" content=\"Tiempo de lectura\" \/>\n\t<meta name=\"twitter:data2\" content=\"3 minutos\" \/>\n<script type=\"application\/ld+json\" class=\"yoast-schema-graph\">{\"@context\":\"https:\\\/\\\/schema.org\",\"@graph\":[{\"@type\":\"Article\",\"@id\":\"https:\\\/\\\/www.aliadospuebla.com\\\/?p=82228#article\",\"isPartOf\":{\"@id\":\"https:\\\/\\\/www.aliadospuebla.com\\\/?p=82228\"},\"author\":{\"name\":\"Aliados17\",\"@id\":\"https:\\\/\\\/www.aliadospuebla.com\\\/#\\\/schema\\\/person\\\/5da7dd09320bd4f392b710017ed5f8ad\"},\"headline\":\"Edhal\u00ed irrumpe en la 4T para la alcald\u00eda\",\"datePublished\":\"2023-08-29T03:40:18+00:00\",\"mainEntityOfPage\":{\"@id\":\"https:\\\/\\\/www.aliadospuebla.com\\\/?p=82228\"},\"wordCount\":617,\"commentCount\":0,\"image\":{\"@id\":\"https:\\\/\\\/www.aliadospuebla.com\\\/?p=82228#primaryimage\"},\"thumbnailUrl\":\"https:\\\/\\\/www.aliadospuebla.com\\\/web2017\\\/wp-content\\\/uploads\\\/2023\\\/08\\\/71.jpg\",\"keywords\":[\"4T\",\"Edhal\u00ed Moreno Cintora\",\"ENCUESTA\",\"Olivia salom\u00f3n\",\"Sergio Salom\u00f3n C\u00e9spedes Peregrina\",\"SICOM\"],\"articleSection\":[\"Columnas\"],\"inLanguage\":\"es\",\"potentialAction\":[{\"@type\":\"CommentAction\",\"name\":\"Comment\",\"target\":[\"https:\\\/\\\/www.aliadospuebla.com\\\/?p=82228#respond\"]}]},{\"@type\":\"WebPage\",\"@id\":\"https:\\\/\\\/www.aliadospuebla.com\\\/?p=82228\",\"url\":\"https:\\\/\\\/www.aliadospuebla.com\\\/?p=82228\",\"name\":\"Edhal\u00ed irrumpe en la 4T para la alcald\u00eda - AliadosPuebla\",\"isPartOf\":{\"@id\":\"https:\\\/\\\/www.aliadospuebla.com\\\/#website\"},\"primaryImageOfPage\":{\"@id\":\"https:\\\/\\\/www.aliadospuebla.com\\\/?p=82228#primaryimage\"},\"image\":{\"@id\":\"https:\\\/\\\/www.aliadospuebla.com\\\/?p=82228#primaryimage\"},\"thumbnailUrl\":\"https:\\\/\\\/www.aliadospuebla.com\\\/web2017\\\/wp-content\\\/uploads\\\/2023\\\/08\\\/71.jpg\",\"datePublished\":\"2023-08-29T03:40:18+00:00\",\"author\":{\"@id\":\"https:\\\/\\\/www.aliadospuebla.com\\\/#\\\/schema\\\/person\\\/5da7dd09320bd4f392b710017ed5f8ad\"},\"breadcrumb\":{\"@id\":\"https:\\\/\\\/www.aliadospuebla.com\\\/?p=82228#breadcrumb\"},\"inLanguage\":\"es\",\"potentialAction\":[{\"@type\":\"ReadAction\",\"target\":[\"https:\\\/\\\/www.aliadospuebla.com\\\/?p=82228\"]}]},{\"@type\":\"ImageObject\",\"inLanguage\":\"es\",\"@id\":\"https:\\\/\\\/www.aliadospuebla.com\\\/?p=82228#primaryimage\",\"url\":\"https:\\\/\\\/www.aliadospuebla.com\\\/web2017\\\/wp-content\\\/uploads\\\/2023\\\/08\\\/71.jpg\",\"contentUrl\":\"https:\\\/\\\/www.aliadospuebla.com\\\/web2017\\\/wp-content\\\/uploads\\\/2023\\\/08\\\/71.jpg\",\"width\":600,\"height\":450},{\"@type\":\"BreadcrumbList\",\"@id\":\"https:\\\/\\\/www.aliadospuebla.com\\\/?p=82228#breadcrumb\",\"itemListElement\":[{\"@type\":\"ListItem\",\"position\":1,\"name\":\"Portada\",\"item\":\"https:\\\/\\\/www.aliadospuebla.com\\\/\"},{\"@type\":\"ListItem\",\"position\":2,\"name\":\"Edhal\u00ed irrumpe en la 4T para la alcald\u00eda\"}]},{\"@type\":\"WebSite\",\"@id\":\"https:\\\/\\\/www.aliadospuebla.com\\\/#website\",\"url\":\"https:\\\/\\\/www.aliadospuebla.com\\\/\",\"name\":\"AliadosPuebla\",\"description\":\"La informaci\u00f3n en tus manos\",\"potentialAction\":[{\"@type\":\"SearchAction\",\"target\":{\"@type\":\"EntryPoint\",\"urlTemplate\":\"https:\\\/\\\/www.aliadospuebla.com\\\/?s={search_term_string}\"},\"query-input\":{\"@type\":\"PropertyValueSpecification\",\"valueRequired\":true,\"valueName\":\"search_term_string\"}}],\"inLanguage\":\"es\"},{\"@type\":\"Person\",\"@id\":\"https:\\\/\\\/www.aliadospuebla.com\\\/#\\\/schema\\\/person\\\/5da7dd09320bd4f392b710017ed5f8ad\",\"name\":\"Aliados17\",\"image\":{\"@type\":\"ImageObject\",\"inLanguage\":\"es\",\"@id\":\"https:\\\/\\\/www.aliadospuebla.com\\\/web2017\\\/wp-content\\\/uploads\\\/2025\\\/03\\\/cropped-para-perfil-8-anos-1-96x96.jpg\",\"url\":\"https:\\\/\\\/www.aliadospuebla.com\\\/web2017\\\/wp-content\\\/uploads\\\/2025\\\/03\\\/cropped-para-perfil-8-anos-1-96x96.jpg\",\"contentUrl\":\"https:\\\/\\\/www.aliadospuebla.com\\\/web2017\\\/wp-content\\\/uploads\\\/2025\\\/03\\\/cropped-para-perfil-8-anos-1-96x96.jpg\",\"caption\":\"Aliados17\"},\"sameAs\":[\"https:\\\/\\\/www.aliados17.com\",\"https:\\\/\\\/www.facebook.com\\\/Aliados17Pue\",\"https:\\\/\\\/x.com\\\/AliadosPuebla\"],\"url\":\"https:\\\/\\\/www.aliadospuebla.com\\\/?author=2\"}]}<\/script>\n<!-- \/ Yoast SEO plugin. -->","yoast_head_json":{"title":"Edhal\u00ed irrumpe en la 4T para la alcald\u00eda - AliadosPuebla","robots":{"index":"index","follow":"follow","max-snippet":"max-snippet:-1","max-image-preview":"max-image-preview:large","max-video-preview":"max-video-preview:-1"},"canonical":"https:\/\/www.aliadospuebla.com\/?p=82228","og_locale":"es_ES","og_type":"article","og_title":"Edhal\u00ed irrumpe en la 4T para la alcald\u00eda - AliadosPuebla","og_description":"Al rato no digan que no se los dije a tiempo: Edhal\u00ed Moreno C\u00edntora entra oficialmente a partir de hoy a \u201cla encuesta\u201d, a la contienda pues, por la candidatura a la presidencia municipal de Puebla por la 4T. Ella es Presidenta del Consejo Coordinador de Mujeres Empresarias, Cap\u00edtulo Puebla. Tampoco es una ocurrencia ni de ella, ni de De Buena Fuente. Su trayectoria empresarial y acad\u00e9mica le avalan. Por ejemplo, es la segunda mujer mexicana galardonada por la Universidad de Hardvard: En el a\u00f1o 2012, recibi\u00f3 el Premio al Primer Lugar en el Concurso \u201cMicroeconomics of Competitiveness\u201d. Tiene licenciatura en Negocios Internacionales, maestr\u00eda en Administraci\u00f3n de Empresas y doctorado en Desarrollo Econ\u00f3mico y Sectorial Estrat\u00e9gico. Su trabajo social ha sido a trav\u00e9s del rotarismo&hellip;Leer m\u00e1s...","og_url":"https:\/\/www.aliadospuebla.com\/?p=82228","og_site_name":"AliadosPuebla","article_author":"https:\/\/www.facebook.com\/Aliados17Pue","article_published_time":"2023-08-29T03:40:18+00:00","og_image":[{"width":600,"height":450,"url":"https:\/\/www.aliadospuebla.com\/web2017\/wp-content\/uploads\/2023\/08\/71.jpg","type":"image\/jpeg"}],"author":"Aliados17","twitter_card":"summary_large_image","twitter_creator":"@AliadosPuebla","twitter_misc":{"Escrito por":"Aliados17","Tiempo de lectura":"3 minutos"},"schema":{"@context":"https:\/\/schema.org","@graph":[{"@type":"Article","@id":"https:\/\/www.aliadospuebla.com\/?p=82228#article","isPartOf":{"@id":"https:\/\/www.aliadospuebla.com\/?p=82228"},"author":{"name":"Aliados17","@id":"https:\/\/www.aliadospuebla.com\/#\/schema\/person\/5da7dd09320bd4f392b710017ed5f8ad"},"headline":"Edhal\u00ed irrumpe en la 4T para la alcald\u00eda","datePublished":"2023-08-29T03:40:18+00:00","mainEntityOfPage":{"@id":"https:\/\/www.aliadospuebla.com\/?p=82228"},"wordCount":617,"commentCount":0,"image":{"@id":"https:\/\/www.aliadospuebla.com\/?p=82228#primaryimage"},"thumbnailUrl":"https:\/\/www.aliadospuebla.com\/web2017\/wp-content\/uploads\/2023\/08\/71.jpg","keywords":["4T","Edhal\u00ed Moreno Cintora","ENCUESTA","Olivia salom\u00f3n","Sergio Salom\u00f3n C\u00e9spedes Peregrina","SICOM"],"articleSection":["Columnas"],"inLanguage":"es","potentialAction":[{"@type":"CommentAction","name":"Comment","target":["https:\/\/www.aliadospuebla.com\/?p=82228#respond"]}]},{"@type":"WebPage","@id":"https:\/\/www.aliadospuebla.com\/?p=82228","url":"https:\/\/www.aliadospuebla.com\/?p=82228","name":"Edhal\u00ed irrumpe en la 4T para la alcald\u00eda - AliadosPuebla","isPartOf":{"@id":"https:\/\/www.aliadospuebla.com\/#website"},"primaryImageOfPage":{"@id":"https:\/\/www.aliadospuebla.com\/?p=82228#primaryimage"},"image":{"@id":"https:\/\/www.aliadospuebla.com\/?p=82228#primaryimage"},"thumbnailUrl":"https:\/\/www.aliadospuebla.com\/web2017\/wp-content\/uploads\/2023\/08\/71.jpg","datePublished":"2023-08-29T03:40:18+00:00","author":{"@id":"https:\/\/www.aliadospuebla.com\/#\/schema\/person\/5da7dd09320bd4f392b710017ed5f8ad"},"breadcrumb":{"@id":"https:\/\/www.aliadospuebla.com\/?p=82228#breadcrumb"},"inLanguage":"es","potentialAction":[{"@type":"ReadAction","target":["https:\/\/www.aliadospuebla.com\/?p=82228"]}]},{"@type":"ImageObject","inLanguage":"es","@id":"https:\/\/www.aliadospuebla.com\/?p=82228#primaryimage","url":"https:\/\/www.aliadospuebla.com\/web2017\/wp-content\/uploads\/2023\/08\/71.jpg","contentUrl":"https:\/\/www.aliadospuebla.com\/web2017\/wp-content\/uploads\/2023\/08\/71.jpg","width":600,"height":450},{"@type":"BreadcrumbList","@id":"https:\/\/www.aliadospuebla.com\/?p=82228#breadcrumb","itemListElement":[{"@type":"ListItem","position":1,"name":"Portada","item":"https:\/\/www.aliadospuebla.com\/"},{"@type":"ListItem","position":2,"name":"Edhal\u00ed irrumpe en la 4T para la alcald\u00eda"}]},{"@type":"WebSite","@id":"https:\/\/www.aliadospuebla.com\/#website","url":"https:\/\/www.aliadospuebla.com\/","name":"AliadosPuebla","description":"La informaci\u00f3n en tus manos","potentialAction":[{"@type":"SearchAction","target":{"@type":"EntryPoint","urlTemplate":"https:\/\/www.aliadospuebla.com\/?s={search_term_string}"},"query-input":{"@type":"PropertyValueSpecification","valueRequired":true,"valueName":"search_term_string"}}],"inLanguage":"es"},{"@type":"Person","@id":"https:\/\/www.aliadospuebla.com\/#\/schema\/person\/5da7dd09320bd4f392b710017ed5f8ad","name":"Aliados17","image":{"@type":"ImageObject","inLanguage":"es","@id":"https:\/\/www.aliadospuebla.com\/web2017\/wp-content\/uploads\/2025\/03\/cropped-para-perfil-8-anos-1-96x96.jpg","url":"https:\/\/www.aliadospuebla.com\/web2017\/wp-content\/uploads\/2025\/03\/cropped-para-perfil-8-anos-1-96x96.jpg","contentUrl":"https:\/\/www.aliadospuebla.com\/web2017\/wp-content\/uploads\/2025\/03\/cropped-para-perfil-8-anos-1-96x96.jpg","caption":"Aliados17"},"sameAs":["https:\/\/www.aliados17.com","https:\/\/www.facebook.com\/Aliados17Pue","https:\/\/x.com\/AliadosPuebla"],"url":"https:\/\/www.aliadospuebla.com\/?author=2"}]}},"views":11,"_links":{"self":[{"href":"https:\/\/www.aliadospuebla.com\/index.php?rest_route=\/wp\/v2\/posts\/82228","targetHints":{"allow":["GET"]}}],"collection":[{"href":"https:\/\/www.aliadospuebla.com\/index.php?rest_route=\/wp\/v2\/posts"}],"about":[{"href":"https:\/\/www.aliadospuebla.com\/index.php?rest_route=\/wp\/v2\/types\/post"}],"author":[{"embeddable":true,"href":"https:\/\/www.aliadospuebla.com\/index.php?rest_route=\/wp\/v2\/users\/2"}],"replies":[{"embeddable":true,"href":"https:\/\/www.aliadospuebla.com\/index.php?rest_route=%2Fwp%2Fv2%2Fcomments&post=82228"}],"version-history":[{"count":1,"href":"https:\/\/www.aliadospuebla.com\/index.php?rest_route=\/wp\/v2\/posts\/82228\/revisions"}],"predecessor-version":[{"id":82230,"href":"https:\/\/www.aliadospuebla.com\/index.php?rest_route=\/wp\/v2\/posts\/82228\/revisions\/82230"}],"wp:featuredmedia":[{"embeddable":true,"href":"https:\/\/www.aliadospuebla.com\/index.php?rest_route=\/wp\/v2\/media\/82229"}],"wp:attachment":[{"href":"https:\/\/www.aliadospuebla.com\/index.php?rest_route=%2Fwp%2Fv2%2Fmedia&parent=82228"}],"wp:term":[{"taxonomy":"category","embeddable":true,"href":"https:\/\/www.aliadospuebla.com\/index.php?rest_route=%2Fwp%2Fv2%2Fcategories&post=82228"},{"taxonomy":"post_tag","embeddable":true,"href":"https:\/\/www.aliadospuebla.com\/index.php?rest_route=%2Fwp%2Fv2%2Ftags&post=82228"}],"curies":[{"name":"wp","href":"https:\/\/api.w.org\/{rel}","templated":true}]}}