{"id":81701,"date":"2023-08-10T11:17:36","date_gmt":"2023-08-10T17:17:36","guid":{"rendered":"https:\/\/www.aliados17.com\/?p=81701"},"modified":"2023-08-10T11:17:36","modified_gmt":"2023-08-10T17:17:36","slug":"suma-julio-huerta-apoyo-de-transportistas-en-favor-del-proyecto-de-claudia-sheinbaum","status":"publish","type":"post","link":"https:\/\/www.aliadospuebla.com\/?p=81701","title":{"rendered":"SUMA JULIO HUERTA APOYO DE TRANSPORTISTAS EN FAVOR DEL PROYECTO DE CLAUDIA SHEINBAUM"},"content":{"rendered":"<p>El coordinador del proyecto pol\u00edtico de Claudia Sheinbaum en Puebla, Julio Huerta, se reuni\u00f3 con transportistas en el municipio de Atlixco,<\/p>\n<p>donde refrend\u00f3 el compromiso de los gobiernos de la Cuarta Transformaci\u00f3n con este importante sector.<\/p>\n<p>Agradeci\u00f3 la invitaci\u00f3n por parte de los liderazgos, al tiempo de reconocer su disposici\u00f3n para que el di\u00e1logo sea el mejor m\u00e9todo por el que<\/p>\n<p>puedan generar un verdadero proyecto que sume mejorar sus condiciones.<\/p>\n<p>Asever\u00f3 que Atlixco es una de las rutas m\u00e1s importantes de Puebla para los transportistas, debido a su ubicaci\u00f3n, por lo que celebr\u00f3 que el<\/p>\n<p>encuentro haya tenido lugar en este municipio.<\/p>\n<p>Asegur\u00f3 que, como transportistas, tienen mucho que aportar al proyecto de naci\u00f3n de Claudia Sheinbaum y todas las inquietudes y<\/p>\n<p>propuestas que tengan ser\u00e1n hechas llegar hasta ella para que, cuando sea la primera presidenta de M\u00e9xico, las atienda de manera puntual.<\/p>\n<p>Destac\u00f3 que Claudia Sheinbaum tiene un profundo agradecimiento y compromiso con Puebla, pues su gente la ha recibido como un ning\u00fan<\/p>\n<p>otro estado de la Rep\u00fablica, unidad que pidi\u00f3 se mantenga en la encuesta que se llevar\u00e1 a cabo del 28 de agosto al 3 de septiembre y hacerla<\/p>\n<p>quien abandere y d\u00e9 continuidad a la 4T en M\u00e9xico.<\/p>\n<p>Comparti\u00f3 que, debido a que es un perfil completo, adem\u00e1s de ser cercana al presidente, Andr\u00e9s Manuel L\u00f3pez Obrador, y ser una luchadora<\/p>\n<p>de izquierda, es la mejor de las aspiraciones y garantizar\u00e1 la continuidad y la consolidaci\u00f3n de la Cuarta Transformaci\u00f3n en M\u00e9xico.<\/p>\n<p>Por otro lado, una vez que Claudia Sheinbaum sea elegida la coordinadora y abandere las causas de Morena a nivel nacional, coment\u00f3 que<\/p>\n<p>lanzar\u00e1n la convocatoria para elegir al coordinador de los Comit\u00e9s de Defensa de la 4T para el estado, en el que se registrar\u00e1, para lo cual<\/p>\n<p>pidi\u00f3 respetuosamente su apoyo, en pro de garantizar mejores condiciones para Puebla y M\u00e9xico.<\/p>\n<p>Por su parte, H\u00e9ctor Castillo, l\u00edder de Transportistas Unidos de Atlixco y \u00a0Dolly Maldonado, delegada transportista de Cholula, refrendaron el<\/p>\n<p>compromiso del sector con los gobiernos de la Cuarta Transformaci\u00f3n y con los buenos representantes de los mismos.<\/p>\n<p>Derivado de lo anterior, confiaron en que Claudia Sheinbaum y Julio Huerta conforman el mejor equipo para M\u00e9xico y Puebla, pues<\/p>\n<p>representan los ideales de la 4T, garantizando que los gobiernos cercanos, sensibles y que trabajan en pro de los transportistas, contin\u00faen.<\/p>\n","protected":false},"excerpt":{"rendered":"<p>El coordinador del proyecto pol\u00edtico de Claudia Sheinbaum en Puebla, Julio Huerta, se reuni\u00f3 con transportistas en el municipio de Atlixco, donde refrend\u00f3 el compromiso de los gobiernos de la Cuarta Transformaci\u00f3n con este importante sector. Agradeci\u00f3 la invitaci\u00f3n por parte de los liderazgos, al tiempo de reconocer su disposici\u00f3n para que el di\u00e1logo sea el mejor m\u00e9todo por el que puedan generar un verdadero proyecto que sume mejorar sus condiciones. Asever\u00f3 que Atlixco es una de las rutas m\u00e1s importantes de Puebla para los transportistas, debido a su ubicaci\u00f3n, por lo que celebr\u00f3 que el encuentro haya tenido lugar en este municipio. Asegur\u00f3 que, como transportistas, tienen mucho que aportar al proyecto de naci\u00f3n de Claudia Sheinbaum y todas las inquietudes y propuestas que&hellip;<\/p>\n<p class=\"excerpt-more\"><a class=\"blog-excerpt button\" href=\"https:\/\/www.aliadospuebla.com\/?p=81701\">Leer m\u00e1s&#8230;<\/a><\/p>\n","protected":false},"author":2,"featured_media":81702,"comment_status":"open","ping_status":"open","sticky":false,"template":"","format":"standard","meta":{"_monsterinsights_skip_tracking":false,"footnotes":""},"categories":[6],"tags":[11026,22173,8056,16327,13188,72,18489,13795],"class_list":["post-81701","post","type-post","status-publish","format-standard","has-post-thumbnail","hentry","category-politica","tag-ciudad-de-puebla","tag-diputado-de-puebla","tag-gobierno-de-puebla","tag-julio-huerta","tag-politica-puebla","tag-puebla","tag-puebla-diputado","tag-puebla-gobierno"],"yoast_head":"<!-- This site is optimized with the Yoast SEO plugin v28.4 - https:\/\/yoast.com\/product\/yoast-seo-wordpress\/ -->\n<title>SUMA JULIO HUERTA APOYO DE TRANSPORTISTAS EN FAVOR DEL PROYECTO DE CLAUDIA SHEINBAUM - AliadosPuebla<\/title>\n<meta name=\"robots\" content=\"index, follow, max-snippet:-1, max-image-preview:large, max-video-preview:-1\" \/>\n<link rel=\"canonical\" href=\"https:\/\/www.aliadospuebla.com\/?p=81701\" \/>\n<meta property=\"og:locale\" content=\"es_ES\" \/>\n<meta property=\"og:type\" content=\"article\" \/>\n<meta property=\"og:title\" content=\"SUMA JULIO HUERTA APOYO DE TRANSPORTISTAS EN FAVOR DEL PROYECTO DE CLAUDIA SHEINBAUM - AliadosPuebla\" \/>\n<meta property=\"og:description\" content=\"El coordinador del proyecto pol\u00edtico de Claudia Sheinbaum en Puebla, Julio Huerta, se reuni\u00f3 con transportistas en el municipio de Atlixco, donde refrend\u00f3 el compromiso de los gobiernos de la Cuarta Transformaci\u00f3n con este importante sector. Agradeci\u00f3 la invitaci\u00f3n por parte de los liderazgos, al tiempo de reconocer su disposici\u00f3n para que el di\u00e1logo sea el mejor m\u00e9todo por el que puedan generar un verdadero proyecto que sume mejorar sus condiciones. Asever\u00f3 que Atlixco es una de las rutas m\u00e1s importantes de Puebla para los transportistas, debido a su ubicaci\u00f3n, por lo que celebr\u00f3 que el encuentro haya tenido lugar en este municipio. Asegur\u00f3 que, como transportistas, tienen mucho que aportar al proyecto de naci\u00f3n de Claudia Sheinbaum y todas las inquietudes y propuestas que&hellip;Leer m\u00e1s...\" \/>\n<meta property=\"og:url\" content=\"https:\/\/www.aliadospuebla.com\/?p=81701\" \/>\n<meta property=\"og:site_name\" content=\"AliadosPuebla\" \/>\n<meta property=\"article:author\" content=\"https:\/\/www.facebook.com\/Aliados17Pue\" \/>\n<meta property=\"article:published_time\" content=\"2023-08-10T17:17:36+00:00\" \/>\n<meta property=\"og:image\" content=\"https:\/\/www.aliadospuebla.com\/web2017\/wp-content\/uploads\/2023\/08\/1.jpg\" \/>\n\t<meta property=\"og:image:width\" content=\"600\" \/>\n\t<meta property=\"og:image:height\" content=\"450\" \/>\n\t<meta property=\"og:image:type\" content=\"image\/jpeg\" \/>\n<meta name=\"author\" content=\"Aliados17\" \/>\n<meta name=\"twitter:card\" content=\"summary_large_image\" \/>\n<meta name=\"twitter:creator\" content=\"@AliadosPuebla\" \/>\n<meta name=\"twitter:label1\" content=\"Escrito por\" \/>\n\t<meta name=\"twitter:data1\" content=\"Aliados17\" \/>\n\t<meta name=\"twitter:label2\" content=\"Tiempo de lectura\" \/>\n\t<meta name=\"twitter:data2\" content=\"2 minutos\" \/>\n<script type=\"application\/ld+json\" class=\"yoast-schema-graph\">{\"@context\":\"https:\\\/\\\/schema.org\",\"@graph\":[{\"@type\":\"Article\",\"@id\":\"https:\\\/\\\/www.aliadospuebla.com\\\/?p=81701#article\",\"isPartOf\":{\"@id\":\"https:\\\/\\\/www.aliadospuebla.com\\\/?p=81701\"},\"author\":{\"name\":\"Aliados17\",\"@id\":\"https:\\\/\\\/www.aliadospuebla.com\\\/#\\\/schema\\\/person\\\/5da7dd09320bd4f392b710017ed5f8ad\"},\"headline\":\"SUMA JULIO HUERTA APOYO DE TRANSPORTISTAS EN FAVOR DEL PROYECTO DE CLAUDIA SHEINBAUM\",\"datePublished\":\"2023-08-10T17:17:36+00:00\",\"mainEntityOfPage\":{\"@id\":\"https:\\\/\\\/www.aliadospuebla.com\\\/?p=81701\"},\"wordCount\":430,\"commentCount\":0,\"image\":{\"@id\":\"https:\\\/\\\/www.aliadospuebla.com\\\/?p=81701#primaryimage\"},\"thumbnailUrl\":\"https:\\\/\\\/www.aliadospuebla.com\\\/web2017\\\/wp-content\\\/uploads\\\/2023\\\/08\\\/1.jpg\",\"keywords\":[\"CIUDAD DE PUEBLA\",\"Diputado de Puebla\",\"GOBIERNO DE PUEBLA\",\"Julio Huerta\",\"Politica Puebla\",\"Puebla\",\"Puebla Diputado\",\"Puebla gobierno\"],\"articleSection\":[\"Pol\u00edtica\"],\"inLanguage\":\"es\",\"potentialAction\":[{\"@type\":\"CommentAction\",\"name\":\"Comment\",\"target\":[\"https:\\\/\\\/www.aliadospuebla.com\\\/?p=81701#respond\"]}]},{\"@type\":\"WebPage\",\"@id\":\"https:\\\/\\\/www.aliadospuebla.com\\\/?p=81701\",\"url\":\"https:\\\/\\\/www.aliadospuebla.com\\\/?p=81701\",\"name\":\"SUMA JULIO HUERTA APOYO DE TRANSPORTISTAS EN FAVOR DEL PROYECTO DE CLAUDIA SHEINBAUM - AliadosPuebla\",\"isPartOf\":{\"@id\":\"https:\\\/\\\/www.aliadospuebla.com\\\/#website\"},\"primaryImageOfPage\":{\"@id\":\"https:\\\/\\\/www.aliadospuebla.com\\\/?p=81701#primaryimage\"},\"image\":{\"@id\":\"https:\\\/\\\/www.aliadospuebla.com\\\/?p=81701#primaryimage\"},\"thumbnailUrl\":\"https:\\\/\\\/www.aliadospuebla.com\\\/web2017\\\/wp-content\\\/uploads\\\/2023\\\/08\\\/1.jpg\",\"datePublished\":\"2023-08-10T17:17:36+00:00\",\"author\":{\"@id\":\"https:\\\/\\\/www.aliadospuebla.com\\\/#\\\/schema\\\/person\\\/5da7dd09320bd4f392b710017ed5f8ad\"},\"breadcrumb\":{\"@id\":\"https:\\\/\\\/www.aliadospuebla.com\\\/?p=81701#breadcrumb\"},\"inLanguage\":\"es\",\"potentialAction\":[{\"@type\":\"ReadAction\",\"target\":[\"https:\\\/\\\/www.aliadospuebla.com\\\/?p=81701\"]}]},{\"@type\":\"ImageObject\",\"inLanguage\":\"es\",\"@id\":\"https:\\\/\\\/www.aliadospuebla.com\\\/?p=81701#primaryimage\",\"url\":\"https:\\\/\\\/www.aliadospuebla.com\\\/web2017\\\/wp-content\\\/uploads\\\/2023\\\/08\\\/1.jpg\",\"contentUrl\":\"https:\\\/\\\/www.aliadospuebla.com\\\/web2017\\\/wp-content\\\/uploads\\\/2023\\\/08\\\/1.jpg\",\"width\":600,\"height\":450},{\"@type\":\"BreadcrumbList\",\"@id\":\"https:\\\/\\\/www.aliadospuebla.com\\\/?p=81701#breadcrumb\",\"itemListElement\":[{\"@type\":\"ListItem\",\"position\":1,\"name\":\"Portada\",\"item\":\"https:\\\/\\\/www.aliadospuebla.com\\\/\"},{\"@type\":\"ListItem\",\"position\":2,\"name\":\"SUMA JULIO HUERTA APOYO DE TRANSPORTISTAS EN FAVOR DEL PROYECTO DE CLAUDIA SHEINBAUM\"}]},{\"@type\":\"WebSite\",\"@id\":\"https:\\\/\\\/www.aliadospuebla.com\\\/#website\",\"url\":\"https:\\\/\\\/www.aliadospuebla.com\\\/\",\"name\":\"AliadosPuebla\",\"description\":\"La informaci\u00f3n en tus manos\",\"potentialAction\":[{\"@type\":\"SearchAction\",\"target\":{\"@type\":\"EntryPoint\",\"urlTemplate\":\"https:\\\/\\\/www.aliadospuebla.com\\\/?s={search_term_string}\"},\"query-input\":{\"@type\":\"PropertyValueSpecification\",\"valueRequired\":true,\"valueName\":\"search_term_string\"}}],\"inLanguage\":\"es\"},{\"@type\":\"Person\",\"@id\":\"https:\\\/\\\/www.aliadospuebla.com\\\/#\\\/schema\\\/person\\\/5da7dd09320bd4f392b710017ed5f8ad\",\"name\":\"Aliados17\",\"image\":{\"@type\":\"ImageObject\",\"inLanguage\":\"es\",\"@id\":\"https:\\\/\\\/www.aliadospuebla.com\\\/web2017\\\/wp-content\\\/uploads\\\/2025\\\/03\\\/cropped-para-perfil-8-anos-1-96x96.jpg\",\"url\":\"https:\\\/\\\/www.aliadospuebla.com\\\/web2017\\\/wp-content\\\/uploads\\\/2025\\\/03\\\/cropped-para-perfil-8-anos-1-96x96.jpg\",\"contentUrl\":\"https:\\\/\\\/www.aliadospuebla.com\\\/web2017\\\/wp-content\\\/uploads\\\/2025\\\/03\\\/cropped-para-perfil-8-anos-1-96x96.jpg\",\"caption\":\"Aliados17\"},\"sameAs\":[\"https:\\\/\\\/www.aliados17.com\",\"https:\\\/\\\/www.facebook.com\\\/Aliados17Pue\",\"https:\\\/\\\/x.com\\\/AliadosPuebla\"],\"url\":\"https:\\\/\\\/www.aliadospuebla.com\\\/?author=2\"}]}<\/script>\n<!-- \/ Yoast SEO plugin. -->","yoast_head_json":{"title":"SUMA JULIO HUERTA APOYO DE TRANSPORTISTAS EN FAVOR DEL PROYECTO DE CLAUDIA SHEINBAUM - AliadosPuebla","robots":{"index":"index","follow":"follow","max-snippet":"max-snippet:-1","max-image-preview":"max-image-preview:large","max-video-preview":"max-video-preview:-1"},"canonical":"https:\/\/www.aliadospuebla.com\/?p=81701","og_locale":"es_ES","og_type":"article","og_title":"SUMA JULIO HUERTA APOYO DE TRANSPORTISTAS EN FAVOR DEL PROYECTO DE CLAUDIA SHEINBAUM - AliadosPuebla","og_description":"El coordinador del proyecto pol\u00edtico de Claudia Sheinbaum en Puebla, Julio Huerta, se reuni\u00f3 con transportistas en el municipio de Atlixco, donde refrend\u00f3 el compromiso de los gobiernos de la Cuarta Transformaci\u00f3n con este importante sector. Agradeci\u00f3 la invitaci\u00f3n por parte de los liderazgos, al tiempo de reconocer su disposici\u00f3n para que el di\u00e1logo sea el mejor m\u00e9todo por el que puedan generar un verdadero proyecto que sume mejorar sus condiciones. Asever\u00f3 que Atlixco es una de las rutas m\u00e1s importantes de Puebla para los transportistas, debido a su ubicaci\u00f3n, por lo que celebr\u00f3 que el encuentro haya tenido lugar en este municipio. Asegur\u00f3 que, como transportistas, tienen mucho que aportar al proyecto de naci\u00f3n de Claudia Sheinbaum y todas las inquietudes y propuestas que&hellip;Leer m\u00e1s...","og_url":"https:\/\/www.aliadospuebla.com\/?p=81701","og_site_name":"AliadosPuebla","article_author":"https:\/\/www.facebook.com\/Aliados17Pue","article_published_time":"2023-08-10T17:17:36+00:00","og_image":[{"width":600,"height":450,"url":"https:\/\/www.aliadospuebla.com\/web2017\/wp-content\/uploads\/2023\/08\/1.jpg","type":"image\/jpeg"}],"author":"Aliados17","twitter_card":"summary_large_image","twitter_creator":"@AliadosPuebla","twitter_misc":{"Escrito por":"Aliados17","Tiempo de lectura":"2 minutos"},"schema":{"@context":"https:\/\/schema.org","@graph":[{"@type":"Article","@id":"https:\/\/www.aliadospuebla.com\/?p=81701#article","isPartOf":{"@id":"https:\/\/www.aliadospuebla.com\/?p=81701"},"author":{"name":"Aliados17","@id":"https:\/\/www.aliadospuebla.com\/#\/schema\/person\/5da7dd09320bd4f392b710017ed5f8ad"},"headline":"SUMA JULIO HUERTA APOYO DE TRANSPORTISTAS EN FAVOR DEL PROYECTO DE CLAUDIA SHEINBAUM","datePublished":"2023-08-10T17:17:36+00:00","mainEntityOfPage":{"@id":"https:\/\/www.aliadospuebla.com\/?p=81701"},"wordCount":430,"commentCount":0,"image":{"@id":"https:\/\/www.aliadospuebla.com\/?p=81701#primaryimage"},"thumbnailUrl":"https:\/\/www.aliadospuebla.com\/web2017\/wp-content\/uploads\/2023\/08\/1.jpg","keywords":["CIUDAD DE PUEBLA","Diputado de Puebla","GOBIERNO DE PUEBLA","Julio Huerta","Politica Puebla","Puebla","Puebla Diputado","Puebla gobierno"],"articleSection":["Pol\u00edtica"],"inLanguage":"es","potentialAction":[{"@type":"CommentAction","name":"Comment","target":["https:\/\/www.aliadospuebla.com\/?p=81701#respond"]}]},{"@type":"WebPage","@id":"https:\/\/www.aliadospuebla.com\/?p=81701","url":"https:\/\/www.aliadospuebla.com\/?p=81701","name":"SUMA JULIO HUERTA APOYO DE TRANSPORTISTAS EN FAVOR DEL PROYECTO DE CLAUDIA SHEINBAUM - AliadosPuebla","isPartOf":{"@id":"https:\/\/www.aliadospuebla.com\/#website"},"primaryImageOfPage":{"@id":"https:\/\/www.aliadospuebla.com\/?p=81701#primaryimage"},"image":{"@id":"https:\/\/www.aliadospuebla.com\/?p=81701#primaryimage"},"thumbnailUrl":"https:\/\/www.aliadospuebla.com\/web2017\/wp-content\/uploads\/2023\/08\/1.jpg","datePublished":"2023-08-10T17:17:36+00:00","author":{"@id":"https:\/\/www.aliadospuebla.com\/#\/schema\/person\/5da7dd09320bd4f392b710017ed5f8ad"},"breadcrumb":{"@id":"https:\/\/www.aliadospuebla.com\/?p=81701#breadcrumb"},"inLanguage":"es","potentialAction":[{"@type":"ReadAction","target":["https:\/\/www.aliadospuebla.com\/?p=81701"]}]},{"@type":"ImageObject","inLanguage":"es","@id":"https:\/\/www.aliadospuebla.com\/?p=81701#primaryimage","url":"https:\/\/www.aliadospuebla.com\/web2017\/wp-content\/uploads\/2023\/08\/1.jpg","contentUrl":"https:\/\/www.aliadospuebla.com\/web2017\/wp-content\/uploads\/2023\/08\/1.jpg","width":600,"height":450},{"@type":"BreadcrumbList","@id":"https:\/\/www.aliadospuebla.com\/?p=81701#breadcrumb","itemListElement":[{"@type":"ListItem","position":1,"name":"Portada","item":"https:\/\/www.aliadospuebla.com\/"},{"@type":"ListItem","position":2,"name":"SUMA JULIO HUERTA APOYO DE TRANSPORTISTAS EN FAVOR DEL PROYECTO DE CLAUDIA SHEINBAUM"}]},{"@type":"WebSite","@id":"https:\/\/www.aliadospuebla.com\/#website","url":"https:\/\/www.aliadospuebla.com\/","name":"AliadosPuebla","description":"La informaci\u00f3n en tus manos","potentialAction":[{"@type":"SearchAction","target":{"@type":"EntryPoint","urlTemplate":"https:\/\/www.aliadospuebla.com\/?s={search_term_string}"},"query-input":{"@type":"PropertyValueSpecification","valueRequired":true,"valueName":"search_term_string"}}],"inLanguage":"es"},{"@type":"Person","@id":"https:\/\/www.aliadospuebla.com\/#\/schema\/person\/5da7dd09320bd4f392b710017ed5f8ad","name":"Aliados17","image":{"@type":"ImageObject","inLanguage":"es","@id":"https:\/\/www.aliadospuebla.com\/web2017\/wp-content\/uploads\/2025\/03\/cropped-para-perfil-8-anos-1-96x96.jpg","url":"https:\/\/www.aliadospuebla.com\/web2017\/wp-content\/uploads\/2025\/03\/cropped-para-perfil-8-anos-1-96x96.jpg","contentUrl":"https:\/\/www.aliadospuebla.com\/web2017\/wp-content\/uploads\/2025\/03\/cropped-para-perfil-8-anos-1-96x96.jpg","caption":"Aliados17"},"sameAs":["https:\/\/www.aliados17.com","https:\/\/www.facebook.com\/Aliados17Pue","https:\/\/x.com\/AliadosPuebla"],"url":"https:\/\/www.aliadospuebla.com\/?author=2"}]}},"views":9,"_links":{"self":[{"href":"https:\/\/www.aliadospuebla.com\/index.php?rest_route=\/wp\/v2\/posts\/81701","targetHints":{"allow":["GET"]}}],"collection":[{"href":"https:\/\/www.aliadospuebla.com\/index.php?rest_route=\/wp\/v2\/posts"}],"about":[{"href":"https:\/\/www.aliadospuebla.com\/index.php?rest_route=\/wp\/v2\/types\/post"}],"author":[{"embeddable":true,"href":"https:\/\/www.aliadospuebla.com\/index.php?rest_route=\/wp\/v2\/users\/2"}],"replies":[{"embeddable":true,"href":"https:\/\/www.aliadospuebla.com\/index.php?rest_route=%2Fwp%2Fv2%2Fcomments&post=81701"}],"version-history":[{"count":1,"href":"https:\/\/www.aliadospuebla.com\/index.php?rest_route=\/wp\/v2\/posts\/81701\/revisions"}],"predecessor-version":[{"id":81703,"href":"https:\/\/www.aliadospuebla.com\/index.php?rest_route=\/wp\/v2\/posts\/81701\/revisions\/81703"}],"wp:featuredmedia":[{"embeddable":true,"href":"https:\/\/www.aliadospuebla.com\/index.php?rest_route=\/wp\/v2\/media\/81702"}],"wp:attachment":[{"href":"https:\/\/www.aliadospuebla.com\/index.php?rest_route=%2Fwp%2Fv2%2Fmedia&parent=81701"}],"wp:term":[{"taxonomy":"category","embeddable":true,"href":"https:\/\/www.aliadospuebla.com\/index.php?rest_route=%2Fwp%2Fv2%2Fcategories&post=81701"},{"taxonomy":"post_tag","embeddable":true,"href":"https:\/\/www.aliadospuebla.com\/index.php?rest_route=%2Fwp%2Fv2%2Ftags&post=81701"}],"curies":[{"name":"wp","href":"https:\/\/api.w.org\/{rel}","templated":true}]}}