{"id":81654,"date":"2023-08-08T07:19:43","date_gmt":"2023-08-08T13:19:43","guid":{"rendered":"https:\/\/www.aliados17.com\/?p=81654"},"modified":"2023-08-08T07:19:43","modified_gmt":"2023-08-08T13:19:43","slug":"anuncia-gobierno-de-cholula-cierre-de-estacionamiento-de-la-concordia-por-montaje-de-feria","status":"publish","type":"post","link":"https:\/\/www.aliadospuebla.com\/?p=81654","title":{"rendered":"ANUNCIA GOBIERNO DE CHOLULA CIERRE DE ESTACIONAMIENTO DE LA CONCORDIA POR MONTAJE DE FERIA"},"content":{"rendered":"<h4>Permanecer\u00e1 sin servicio desde el 14 de agosto, hasta el t\u00e9rmino de los festejos y posterior desmontaje.<\/h4>\n<p>Como cada a\u00f1o, San Pedro Cholula<\/p>\n<p>se prepara para vivir su tradicional<\/p>\n<p>Feria del 1 al 17 de septiembre; por ello,<\/p>\n<p>el Gobierno Municipal que encabeza Paola Angon Silva comenzar\u00e1 con las adecuaciones necesarias para que los espacios est\u00e9n listos en tiempo y forma.<\/p>\n<p>&nbsp;<\/p>\n<p>Ante ello, se informa a la ciudadan\u00eda que,<\/p>\n<p>a partir del pr\u00f3ximo lunes 14 de agosto<\/p>\n<p>-y hasta el t\u00e9rmino de la Feria y posterior desmontaje-, el estacionamiento de Plaza<\/p>\n<p>de la Concordia permanecer\u00e1 cerrado.<\/p>\n<p>&nbsp;<\/p>\n<p>Esto, con la finalidad de comenzar la instalaci\u00f3n de los domos e infraestructura necesaria para dar cabida de forma segura<\/p>\n<p>a los espacios comerciales, de artesan\u00edas, entretenimiento y culturales propios<\/p>\n<p>de este evento.<\/p>\n<p>&nbsp;<\/p>\n<p>Asimismo, se recuerda a la ciudadan\u00eda y visitantes que el servicio de Parqu\u00edmetros continuar\u00e1 operando de manera regular,<\/p>\n<p>por lo que cualquier duda se les invita a acercarse a las oficinas ubicadas<\/p>\n<p>en Casa del Pueblo (2 norte #403, colonia Centro), de domingo a mi\u00e9rcoles de 8 a 20 horas y de jueves a s\u00e1bado de 8 a 21 horas.<\/p>\n<p>&nbsp;<\/p>\n<p>De esta manera, el Gobierno Municipal agradece la comprensi\u00f3n y colaboraci\u00f3n<\/p>\n<p>de la ciudadan\u00eda, mientras se prepara<\/p>\n<p>para llevar a cabo esta fiesta, que es de<\/p>\n<p>las m\u00e1s esperadas por la poblaci\u00f3n en general, misma que dejar\u00e1 importantes beneficios econ\u00f3micos para el comercio<\/p>\n<p>local a trav\u00e9s de la llegada de m\u00e1s visitantes.<\/p>\n","protected":false},"excerpt":{"rendered":"<p>Permanecer\u00e1 sin servicio desde el 14 de agosto, hasta el t\u00e9rmino de los festejos y posterior desmontaje. Como cada a\u00f1o, San Pedro Cholula se prepara para vivir su tradicional Feria del 1 al 17 de septiembre; por ello, el Gobierno Municipal que encabeza Paola Angon Silva comenzar\u00e1 con las adecuaciones necesarias para que los espacios est\u00e9n listos en tiempo y forma. &nbsp; Ante ello, se informa a la ciudadan\u00eda que, a partir del pr\u00f3ximo lunes 14 de agosto -y hasta el t\u00e9rmino de la Feria y posterior desmontaje-, el estacionamiento de Plaza de la Concordia permanecer\u00e1 cerrado. &nbsp; Esto, con la finalidad de comenzar la instalaci\u00f3n de los domos e infraestructura necesaria para dar cabida de forma segura a los espacios comerciales, de artesan\u00edas, entretenimiento&hellip;<\/p>\n<p class=\"excerpt-more\"><a class=\"blog-excerpt button\" href=\"https:\/\/www.aliadospuebla.com\/?p=81654\">Leer m\u00e1s&#8230;<\/a><\/p>\n","protected":false},"author":2,"featured_media":81655,"comment_status":"open","ping_status":"open","sticky":false,"template":"","format":"standard","meta":{"_monsterinsights_skip_tracking":false,"footnotes":""},"categories":[4],"tags":[22161,3908,15797,1337,8071,387,22162],"class_list":["post-81654","post","type-post","status-publish","format-standard","has-post-thumbnail","hentry","category-municipios","tag-espacios-comerciales","tag-feria","tag-paola-angon","tag-parquimetros","tag-plaza-de-la-concordia","tag-san-pedro-cholula","tag-somos"],"yoast_head":"<!-- This site is optimized with the Yoast SEO plugin v28.4 - https:\/\/yoast.com\/product\/yoast-seo-wordpress\/ -->\n<title>ANUNCIA GOBIERNO DE CHOLULA CIERRE DE ESTACIONAMIENTO DE LA CONCORDIA POR MONTAJE DE FERIA - AliadosPuebla<\/title>\n<meta name=\"robots\" content=\"index, follow, max-snippet:-1, max-image-preview:large, max-video-preview:-1\" \/>\n<link rel=\"canonical\" href=\"https:\/\/www.aliadospuebla.com\/?p=81654\" \/>\n<meta property=\"og:locale\" content=\"es_ES\" \/>\n<meta property=\"og:type\" content=\"article\" \/>\n<meta property=\"og:title\" content=\"ANUNCIA GOBIERNO DE CHOLULA CIERRE DE ESTACIONAMIENTO DE LA CONCORDIA POR MONTAJE DE FERIA - AliadosPuebla\" \/>\n<meta property=\"og:description\" content=\"Permanecer\u00e1 sin servicio desde el 14 de agosto, hasta el t\u00e9rmino de los festejos y posterior desmontaje. Como cada a\u00f1o, San Pedro Cholula se prepara para vivir su tradicional Feria del 1 al 17 de septiembre; por ello, el Gobierno Municipal que encabeza Paola Angon Silva comenzar\u00e1 con las adecuaciones necesarias para que los espacios est\u00e9n listos en tiempo y forma. &nbsp; Ante ello, se informa a la ciudadan\u00eda que, a partir del pr\u00f3ximo lunes 14 de agosto -y hasta el t\u00e9rmino de la Feria y posterior desmontaje-, el estacionamiento de Plaza de la Concordia permanecer\u00e1 cerrado. &nbsp; Esto, con la finalidad de comenzar la instalaci\u00f3n de los domos e infraestructura necesaria para dar cabida de forma segura a los espacios comerciales, de artesan\u00edas, entretenimiento&hellip;Leer m\u00e1s...\" \/>\n<meta property=\"og:url\" content=\"https:\/\/www.aliadospuebla.com\/?p=81654\" \/>\n<meta property=\"og:site_name\" content=\"AliadosPuebla\" \/>\n<meta property=\"article:author\" content=\"https:\/\/www.facebook.com\/Aliados17Pue\" \/>\n<meta property=\"article:published_time\" content=\"2023-08-08T13:19:43+00:00\" \/>\n<meta property=\"og:image\" content=\"https:\/\/www.aliadospuebla.com\/web2017\/wp-content\/uploads\/2023\/08\/PSX_20230808_071911.jpg\" \/>\n\t<meta property=\"og:image:width\" content=\"600\" \/>\n\t<meta property=\"og:image:height\" content=\"600\" \/>\n\t<meta property=\"og:image:type\" content=\"image\/jpeg\" \/>\n<meta name=\"author\" content=\"Aliados17\" \/>\n<meta name=\"twitter:card\" content=\"summary_large_image\" \/>\n<meta name=\"twitter:creator\" content=\"@AliadosPuebla\" \/>\n<meta name=\"twitter:label1\" content=\"Escrito por\" \/>\n\t<meta name=\"twitter:data1\" content=\"Aliados17\" \/>\n\t<meta name=\"twitter:label2\" content=\"Tiempo de lectura\" \/>\n\t<meta name=\"twitter:data2\" content=\"2 minutos\" \/>\n<script type=\"application\/ld+json\" class=\"yoast-schema-graph\">{\"@context\":\"https:\\\/\\\/schema.org\",\"@graph\":[{\"@type\":\"Article\",\"@id\":\"https:\\\/\\\/www.aliadospuebla.com\\\/?p=81654#article\",\"isPartOf\":{\"@id\":\"https:\\\/\\\/www.aliadospuebla.com\\\/?p=81654\"},\"author\":{\"name\":\"Aliados17\",\"@id\":\"https:\\\/\\\/www.aliadospuebla.com\\\/#\\\/schema\\\/person\\\/5da7dd09320bd4f392b710017ed5f8ad\"},\"headline\":\"ANUNCIA GOBIERNO DE CHOLULA CIERRE DE ESTACIONAMIENTO DE LA CONCORDIA POR MONTAJE DE FERIA\",\"datePublished\":\"2023-08-08T13:19:43+00:00\",\"mainEntityOfPage\":{\"@id\":\"https:\\\/\\\/www.aliadospuebla.com\\\/?p=81654\"},\"wordCount\":269,\"commentCount\":0,\"image\":{\"@id\":\"https:\\\/\\\/www.aliadospuebla.com\\\/?p=81654#primaryimage\"},\"thumbnailUrl\":\"https:\\\/\\\/www.aliadospuebla.com\\\/web2017\\\/wp-content\\\/uploads\\\/2023\\\/08\\\/PSX_20230808_071911.jpg\",\"keywords\":[\"espacios comerciales\",\"FERIA\",\"PAOLA ANGON\",\"PARQU\u00cdMETROS\",\"PLAZA DE LA CONCORDIA\",\"SAN PEDRO CHOLULA\",\"somos\"],\"articleSection\":[\"Municipios\"],\"inLanguage\":\"es\",\"potentialAction\":[{\"@type\":\"CommentAction\",\"name\":\"Comment\",\"target\":[\"https:\\\/\\\/www.aliadospuebla.com\\\/?p=81654#respond\"]}]},{\"@type\":\"WebPage\",\"@id\":\"https:\\\/\\\/www.aliadospuebla.com\\\/?p=81654\",\"url\":\"https:\\\/\\\/www.aliadospuebla.com\\\/?p=81654\",\"name\":\"ANUNCIA GOBIERNO DE CHOLULA CIERRE DE ESTACIONAMIENTO DE LA CONCORDIA POR MONTAJE DE FERIA - AliadosPuebla\",\"isPartOf\":{\"@id\":\"https:\\\/\\\/www.aliadospuebla.com\\\/#website\"},\"primaryImageOfPage\":{\"@id\":\"https:\\\/\\\/www.aliadospuebla.com\\\/?p=81654#primaryimage\"},\"image\":{\"@id\":\"https:\\\/\\\/www.aliadospuebla.com\\\/?p=81654#primaryimage\"},\"thumbnailUrl\":\"https:\\\/\\\/www.aliadospuebla.com\\\/web2017\\\/wp-content\\\/uploads\\\/2023\\\/08\\\/PSX_20230808_071911.jpg\",\"datePublished\":\"2023-08-08T13:19:43+00:00\",\"author\":{\"@id\":\"https:\\\/\\\/www.aliadospuebla.com\\\/#\\\/schema\\\/person\\\/5da7dd09320bd4f392b710017ed5f8ad\"},\"breadcrumb\":{\"@id\":\"https:\\\/\\\/www.aliadospuebla.com\\\/?p=81654#breadcrumb\"},\"inLanguage\":\"es\",\"potentialAction\":[{\"@type\":\"ReadAction\",\"target\":[\"https:\\\/\\\/www.aliadospuebla.com\\\/?p=81654\"]}]},{\"@type\":\"ImageObject\",\"inLanguage\":\"es\",\"@id\":\"https:\\\/\\\/www.aliadospuebla.com\\\/?p=81654#primaryimage\",\"url\":\"https:\\\/\\\/www.aliadospuebla.com\\\/web2017\\\/wp-content\\\/uploads\\\/2023\\\/08\\\/PSX_20230808_071911.jpg\",\"contentUrl\":\"https:\\\/\\\/www.aliadospuebla.com\\\/web2017\\\/wp-content\\\/uploads\\\/2023\\\/08\\\/PSX_20230808_071911.jpg\",\"width\":600,\"height\":600},{\"@type\":\"BreadcrumbList\",\"@id\":\"https:\\\/\\\/www.aliadospuebla.com\\\/?p=81654#breadcrumb\",\"itemListElement\":[{\"@type\":\"ListItem\",\"position\":1,\"name\":\"Portada\",\"item\":\"https:\\\/\\\/www.aliadospuebla.com\\\/\"},{\"@type\":\"ListItem\",\"position\":2,\"name\":\"ANUNCIA GOBIERNO DE CHOLULA CIERRE DE ESTACIONAMIENTO DE LA CONCORDIA POR MONTAJE DE FERIA\"}]},{\"@type\":\"WebSite\",\"@id\":\"https:\\\/\\\/www.aliadospuebla.com\\\/#website\",\"url\":\"https:\\\/\\\/www.aliadospuebla.com\\\/\",\"name\":\"AliadosPuebla\",\"description\":\"La informaci\u00f3n en tus manos\",\"potentialAction\":[{\"@type\":\"SearchAction\",\"target\":{\"@type\":\"EntryPoint\",\"urlTemplate\":\"https:\\\/\\\/www.aliadospuebla.com\\\/?s={search_term_string}\"},\"query-input\":{\"@type\":\"PropertyValueSpecification\",\"valueRequired\":true,\"valueName\":\"search_term_string\"}}],\"inLanguage\":\"es\"},{\"@type\":\"Person\",\"@id\":\"https:\\\/\\\/www.aliadospuebla.com\\\/#\\\/schema\\\/person\\\/5da7dd09320bd4f392b710017ed5f8ad\",\"name\":\"Aliados17\",\"image\":{\"@type\":\"ImageObject\",\"inLanguage\":\"es\",\"@id\":\"https:\\\/\\\/www.aliadospuebla.com\\\/web2017\\\/wp-content\\\/uploads\\\/2025\\\/03\\\/cropped-para-perfil-8-anos-1-96x96.jpg\",\"url\":\"https:\\\/\\\/www.aliadospuebla.com\\\/web2017\\\/wp-content\\\/uploads\\\/2025\\\/03\\\/cropped-para-perfil-8-anos-1-96x96.jpg\",\"contentUrl\":\"https:\\\/\\\/www.aliadospuebla.com\\\/web2017\\\/wp-content\\\/uploads\\\/2025\\\/03\\\/cropped-para-perfil-8-anos-1-96x96.jpg\",\"caption\":\"Aliados17\"},\"sameAs\":[\"https:\\\/\\\/www.aliados17.com\",\"https:\\\/\\\/www.facebook.com\\\/Aliados17Pue\",\"https:\\\/\\\/x.com\\\/AliadosPuebla\"],\"url\":\"https:\\\/\\\/www.aliadospuebla.com\\\/?author=2\"}]}<\/script>\n<!-- \/ Yoast SEO plugin. -->","yoast_head_json":{"title":"ANUNCIA GOBIERNO DE CHOLULA CIERRE DE ESTACIONAMIENTO DE LA CONCORDIA POR MONTAJE DE FERIA - AliadosPuebla","robots":{"index":"index","follow":"follow","max-snippet":"max-snippet:-1","max-image-preview":"max-image-preview:large","max-video-preview":"max-video-preview:-1"},"canonical":"https:\/\/www.aliadospuebla.com\/?p=81654","og_locale":"es_ES","og_type":"article","og_title":"ANUNCIA GOBIERNO DE CHOLULA CIERRE DE ESTACIONAMIENTO DE LA CONCORDIA POR MONTAJE DE FERIA - AliadosPuebla","og_description":"Permanecer\u00e1 sin servicio desde el 14 de agosto, hasta el t\u00e9rmino de los festejos y posterior desmontaje. Como cada a\u00f1o, San Pedro Cholula se prepara para vivir su tradicional Feria del 1 al 17 de septiembre; por ello, el Gobierno Municipal que encabeza Paola Angon Silva comenzar\u00e1 con las adecuaciones necesarias para que los espacios est\u00e9n listos en tiempo y forma. &nbsp; Ante ello, se informa a la ciudadan\u00eda que, a partir del pr\u00f3ximo lunes 14 de agosto -y hasta el t\u00e9rmino de la Feria y posterior desmontaje-, el estacionamiento de Plaza de la Concordia permanecer\u00e1 cerrado. &nbsp; Esto, con la finalidad de comenzar la instalaci\u00f3n de los domos e infraestructura necesaria para dar cabida de forma segura a los espacios comerciales, de artesan\u00edas, entretenimiento&hellip;Leer m\u00e1s...","og_url":"https:\/\/www.aliadospuebla.com\/?p=81654","og_site_name":"AliadosPuebla","article_author":"https:\/\/www.facebook.com\/Aliados17Pue","article_published_time":"2023-08-08T13:19:43+00:00","og_image":[{"width":600,"height":600,"url":"https:\/\/www.aliadospuebla.com\/web2017\/wp-content\/uploads\/2023\/08\/PSX_20230808_071911.jpg","type":"image\/jpeg"}],"author":"Aliados17","twitter_card":"summary_large_image","twitter_creator":"@AliadosPuebla","twitter_misc":{"Escrito por":"Aliados17","Tiempo de lectura":"2 minutos"},"schema":{"@context":"https:\/\/schema.org","@graph":[{"@type":"Article","@id":"https:\/\/www.aliadospuebla.com\/?p=81654#article","isPartOf":{"@id":"https:\/\/www.aliadospuebla.com\/?p=81654"},"author":{"name":"Aliados17","@id":"https:\/\/www.aliadospuebla.com\/#\/schema\/person\/5da7dd09320bd4f392b710017ed5f8ad"},"headline":"ANUNCIA GOBIERNO DE CHOLULA CIERRE DE ESTACIONAMIENTO DE LA CONCORDIA POR MONTAJE DE FERIA","datePublished":"2023-08-08T13:19:43+00:00","mainEntityOfPage":{"@id":"https:\/\/www.aliadospuebla.com\/?p=81654"},"wordCount":269,"commentCount":0,"image":{"@id":"https:\/\/www.aliadospuebla.com\/?p=81654#primaryimage"},"thumbnailUrl":"https:\/\/www.aliadospuebla.com\/web2017\/wp-content\/uploads\/2023\/08\/PSX_20230808_071911.jpg","keywords":["espacios comerciales","FERIA","PAOLA ANGON","PARQU\u00cdMETROS","PLAZA DE LA CONCORDIA","SAN PEDRO CHOLULA","somos"],"articleSection":["Municipios"],"inLanguage":"es","potentialAction":[{"@type":"CommentAction","name":"Comment","target":["https:\/\/www.aliadospuebla.com\/?p=81654#respond"]}]},{"@type":"WebPage","@id":"https:\/\/www.aliadospuebla.com\/?p=81654","url":"https:\/\/www.aliadospuebla.com\/?p=81654","name":"ANUNCIA GOBIERNO DE CHOLULA CIERRE DE ESTACIONAMIENTO DE LA CONCORDIA POR MONTAJE DE FERIA - AliadosPuebla","isPartOf":{"@id":"https:\/\/www.aliadospuebla.com\/#website"},"primaryImageOfPage":{"@id":"https:\/\/www.aliadospuebla.com\/?p=81654#primaryimage"},"image":{"@id":"https:\/\/www.aliadospuebla.com\/?p=81654#primaryimage"},"thumbnailUrl":"https:\/\/www.aliadospuebla.com\/web2017\/wp-content\/uploads\/2023\/08\/PSX_20230808_071911.jpg","datePublished":"2023-08-08T13:19:43+00:00","author":{"@id":"https:\/\/www.aliadospuebla.com\/#\/schema\/person\/5da7dd09320bd4f392b710017ed5f8ad"},"breadcrumb":{"@id":"https:\/\/www.aliadospuebla.com\/?p=81654#breadcrumb"},"inLanguage":"es","potentialAction":[{"@type":"ReadAction","target":["https:\/\/www.aliadospuebla.com\/?p=81654"]}]},{"@type":"ImageObject","inLanguage":"es","@id":"https:\/\/www.aliadospuebla.com\/?p=81654#primaryimage","url":"https:\/\/www.aliadospuebla.com\/web2017\/wp-content\/uploads\/2023\/08\/PSX_20230808_071911.jpg","contentUrl":"https:\/\/www.aliadospuebla.com\/web2017\/wp-content\/uploads\/2023\/08\/PSX_20230808_071911.jpg","width":600,"height":600},{"@type":"BreadcrumbList","@id":"https:\/\/www.aliadospuebla.com\/?p=81654#breadcrumb","itemListElement":[{"@type":"ListItem","position":1,"name":"Portada","item":"https:\/\/www.aliadospuebla.com\/"},{"@type":"ListItem","position":2,"name":"ANUNCIA GOBIERNO DE CHOLULA CIERRE DE ESTACIONAMIENTO DE LA CONCORDIA POR MONTAJE DE FERIA"}]},{"@type":"WebSite","@id":"https:\/\/www.aliadospuebla.com\/#website","url":"https:\/\/www.aliadospuebla.com\/","name":"AliadosPuebla","description":"La informaci\u00f3n en tus manos","potentialAction":[{"@type":"SearchAction","target":{"@type":"EntryPoint","urlTemplate":"https:\/\/www.aliadospuebla.com\/?s={search_term_string}"},"query-input":{"@type":"PropertyValueSpecification","valueRequired":true,"valueName":"search_term_string"}}],"inLanguage":"es"},{"@type":"Person","@id":"https:\/\/www.aliadospuebla.com\/#\/schema\/person\/5da7dd09320bd4f392b710017ed5f8ad","name":"Aliados17","image":{"@type":"ImageObject","inLanguage":"es","@id":"https:\/\/www.aliadospuebla.com\/web2017\/wp-content\/uploads\/2025\/03\/cropped-para-perfil-8-anos-1-96x96.jpg","url":"https:\/\/www.aliadospuebla.com\/web2017\/wp-content\/uploads\/2025\/03\/cropped-para-perfil-8-anos-1-96x96.jpg","contentUrl":"https:\/\/www.aliadospuebla.com\/web2017\/wp-content\/uploads\/2025\/03\/cropped-para-perfil-8-anos-1-96x96.jpg","caption":"Aliados17"},"sameAs":["https:\/\/www.aliados17.com","https:\/\/www.facebook.com\/Aliados17Pue","https:\/\/x.com\/AliadosPuebla"],"url":"https:\/\/www.aliadospuebla.com\/?author=2"}]}},"views":16,"_links":{"self":[{"href":"https:\/\/www.aliadospuebla.com\/index.php?rest_route=\/wp\/v2\/posts\/81654","targetHints":{"allow":["GET"]}}],"collection":[{"href":"https:\/\/www.aliadospuebla.com\/index.php?rest_route=\/wp\/v2\/posts"}],"about":[{"href":"https:\/\/www.aliadospuebla.com\/index.php?rest_route=\/wp\/v2\/types\/post"}],"author":[{"embeddable":true,"href":"https:\/\/www.aliadospuebla.com\/index.php?rest_route=\/wp\/v2\/users\/2"}],"replies":[{"embeddable":true,"href":"https:\/\/www.aliadospuebla.com\/index.php?rest_route=%2Fwp%2Fv2%2Fcomments&post=81654"}],"version-history":[{"count":1,"href":"https:\/\/www.aliadospuebla.com\/index.php?rest_route=\/wp\/v2\/posts\/81654\/revisions"}],"predecessor-version":[{"id":81656,"href":"https:\/\/www.aliadospuebla.com\/index.php?rest_route=\/wp\/v2\/posts\/81654\/revisions\/81656"}],"wp:featuredmedia":[{"embeddable":true,"href":"https:\/\/www.aliadospuebla.com\/index.php?rest_route=\/wp\/v2\/media\/81655"}],"wp:attachment":[{"href":"https:\/\/www.aliadospuebla.com\/index.php?rest_route=%2Fwp%2Fv2%2Fmedia&parent=81654"}],"wp:term":[{"taxonomy":"category","embeddable":true,"href":"https:\/\/www.aliadospuebla.com\/index.php?rest_route=%2Fwp%2Fv2%2Fcategories&post=81654"},{"taxonomy":"post_tag","embeddable":true,"href":"https:\/\/www.aliadospuebla.com\/index.php?rest_route=%2Fwp%2Fv2%2Ftags&post=81654"}],"curies":[{"name":"wp","href":"https:\/\/api.w.org\/{rel}","templated":true}]}}